{"id":61308,"date":"2024-02-10T12:46:02","date_gmt":"2024-02-10T12:46:02","guid":{"rendered":"https:\/\/www.africa-press.net\/cameroun\/politique\/cameroun-le-president-paul-biya-sadresse-aux-jeunes-ce-10-fevrier"},"modified":"2024-02-12T13:04:08","modified_gmt":"2024-02-12T13:04:08","slug":"cameroun-le-president-paul-biya-sadresse-aux-jeunes-ce-10-fevrier","status":"publish","type":"post","link":"https:\/\/www.africa-press.net\/cameroun\/politique\/cameroun-le-president-paul-biya-sadresse-aux-jeunes-ce-10-fevrier","title":{"rendered":"Cameroun : le pr\u00e9sident Paul Biya s\u2019adresse aux jeunes ce 10 f\u00e9vrier"},"content":{"rendered":"<p><span style=\"color: #ff6600\"><strong>Africa-Press &#8211; Cameroun. <\/strong><\/span><b>Les jeunes camerounais s\u2019appre\u0302tent a\u0300 suivre le contenu du message pre\u0301sidentiel a\u0300 leur endroit en cette veille de la fe\u0302te de la jeunesse 2024.<\/b><\/p>\n<p>A l\u2019occasion de la 58e\u0300 e\u0301dition de la fe\u0302te de la jeunesse du 11 fe\u0301vrier 2024, le pre\u0301sident Paul Biya s\u2019adresse a\u0300 ses jeunes compatriotes dans quelques heures. Le traditionnel message du 10 fe\u0301vrier est l\u2019unique occasion au cours de l\u2019anne\u0301e civile ou\u0300 le chef de l\u2019Etat parle a\u0300 tous les jeunes camerounais dans un message particulier. Lorsqu\u2019il sera 20h au Cameroun, le public jeune va de\u0301couvrir les actions que le chef de l\u2019Etat pre\u0301voit en sa faveur au cours de l\u2019anne\u0301e 2024.<\/p>\n<p>Le 10 fe\u0301vrier 2023, le pre\u0301sident Paul Biya se re\u0301fe\u0301rant au contexte mondial marque\u0301 par des crises, demandait aux jeunes de ne pas ce\u0301der au de\u0301couragement. Comme un pe\u0300re, le chef de l\u2019Etat a recommande\u0301 l\u2019auto-emploi aux jeunes comme solution pour re\u0301sorber la proble\u0301matique du cho\u0302mage.<\/p>\n<p>\u00ab Armez-vous de votre intelligence, de votre sagesse, de votre de\u0301termination, de vos compe\u0301tences et de vos talents pour relever les de\u0301fis du pre\u0301sent et du futur. L\u2019e\u0301ducation, j\u2019ai de\u0301ja\u0300 eu l\u2019occasion de vous le dire, est a\u0300 cet e\u0301gard incontournable. A quoi vous servirait-il d\u2019e\u0302tre talentueux si vous n\u2019e\u0302tes pas organise\u0301 ? A quoi vous servirait-il d\u2019e\u0302tre intelligent si vous vous de\u0301couragez face a\u0300 la premie\u0300re difficulte\u0301 ? \u00bb, encourageait le chef de l\u2019Etat.<\/p>\n<p>Ce 10 fe\u0301vrier 2024, le message sera de\u0301livre\u0301 dans un contexte de crises persistantes dans le monde. Aussi, l\u2019inflation ge\u0301ne\u0301ralise\u0301e qui de\u0301coulera de la hausse des prix du carburant, la sortie pre\u0301mature\u0301e des Lions indomptables a\u0300 la CAN 2023 en Co\u0302te d\u2019Ivoire, le cho\u0302mage et les interventions des uns et des autres de\u0301crie\u0301es sur les re\u0301seaux sociaux, sont des sujets qui touchent a\u0300 la jeunesse camerounaise. L\u2019on ne saurait oublier les difficulte\u0301s d\u2019acce\u0300s a\u0300 la terre, les difficulte\u0301s de cre\u0301ation des entreprises. Le message pre\u0301sidentiel re\u0301serverait des surprises ce soir.<\/p>\n<p><strong>Pour plus d&rsquo;informations et d&rsquo;analyses sur la <a href=\"https:\/\/www.africa-press.net\/cameroun\">Cameroun<\/a>, suivez <a href=\"https:\/\/www.africa-press.net\/\">Africa-Press<\/a><\/strong><\/p>\n","protected":false},"excerpt":{"rendered":"<p>Africa-Press &#8211; Cameroun. Les jeunes camerounais s\u2019appre\u0302tent a\u0300 suivre le contenu du message pre\u0301sidentiel a\u0300 leur endroit en cette veille de la fe\u0302te de la jeunesse 2024. A l\u2019occasion de la 58e\u0300 e\u0301dition de la fe\u0302te de la jeunesse du 11 fe\u0301vrier 2024, le pre\u0301sident Paul Biya s\u2019adresse a\u0300 ses jeunes compatriotes dans quelques heures. [&hellip;]<\/p>\n","protected":false},"author":82,"featured_media":61307,"comment_status":"open","ping_status":"closed","sticky":false,"template":"","format":"standard","meta":{"footnotes":""},"categories":[2,10],"tags":[36,50,49],"class_list":["post-61308","post","type-post","status-publish","format-standard","has-post-thumbnail","hentry","category-politique","category-toutes-les-actualites","tag-africa-press","tag-africa-press-cameroun","tag-cameroun"],"yoast_head":"<!-- This site is optimized with the Yoast SEO Premium plugin v26.1 (Yoast SEO v27.0) - https:\/\/yoast.com\/product\/yoast-seo-premium-wordpress\/ -->\n<title>Cameroun : le pr\u00e9sident Paul Biya s\u2019adresse aux jeunes ce 10 f\u00e9vrier - Cameroun<\/title>\n<meta name=\"description\" content=\"Les jeunes camerounais s\u2019appre\u0302tent a\u0300 suivre le contenu du message pre\u0301sidentiel a\u0300 leur endroit en cette veille de ...\" \/>\n<meta name=\"robots\" content=\"index, follow, max-snippet:-1, max-image-preview:large, max-video-preview:-1\" \/>\n<link rel=\"canonical\" href=\"https:\/\/www.africa-press.net\/cameroun\/politique\/cameroun-le-president-paul-biya-sadresse-aux-jeunes-ce-10-fevrier\" \/>\n<meta property=\"og:locale\" content=\"fr_FR\" \/>\n<meta property=\"og:type\" content=\"article\" \/>\n<meta property=\"og:title\" content=\"Cameroun : le pr\u00e9sident Paul Biya s\u2019adresse aux jeunes ce 10 f\u00e9vrier\" \/>\n<meta property=\"og:description\" content=\"Les jeunes camerounais s\u2019appre\u0302tent a\u0300 suivre le contenu du message pre\u0301sidentiel a\u0300 leur endroit en cette veille de ...\" \/>\n<meta property=\"og:url\" content=\"https:\/\/www.africa-press.net\/cameroun\/politique\/cameroun-le-president-paul-biya-sadresse-aux-jeunes-ce-10-fevrier\" \/>\n<meta property=\"og:site_name\" content=\"Cameroun\" \/>\n<meta property=\"article:published_time\" content=\"2024-02-10T12:46:02+00:00\" \/>\n<meta property=\"article:modified_time\" content=\"2024-02-12T13:04:08+00:00\" \/>\n<meta property=\"og:image\" content=\"https:\/\/static.africa-press.net\/cameroun\/sites\/57\/2024\/02\/sm_1707730348.752409.jpg\" \/>\n\t<meta property=\"og:image:width\" content=\"780\" \/>\n\t<meta property=\"og:image:height\" content=\"440\" \/>\n\t<meta property=\"og:image:type\" content=\"image\/jpeg\" \/>\n<meta name=\"author\" content=\"cfeditorfr\" \/>\n<meta name=\"twitter:card\" content=\"summary_large_image\" \/>\n<meta name=\"twitter:label1\" content=\"\u00c9crit par\" \/>\n\t<meta name=\"twitter:data1\" content=\"cfeditorfr\" \/>\n\t<meta name=\"twitter:label2\" content=\"Dur\u00e9e de lecture estim\u00e9e\" \/>\n\t<meta name=\"twitter:data2\" content=\"2 minutes\" \/>\n<script type=\"application\/ld+json\" class=\"yoast-schema-graph\">{\"@context\":\"https:\/\/schema.org\",\"@graph\":[{\"@type\":\"Article\",\"@id\":\"https:\/\/www.africa-press.net\/cameroun\/politique\/cameroun-le-president-paul-biya-sadresse-aux-jeunes-ce-10-fevrier#article\",\"isPartOf\":{\"@id\":\"https:\/\/www.africa-press.net\/cameroun\/politique\/cameroun-le-president-paul-biya-sadresse-aux-jeunes-ce-10-fevrier\"},\"author\":{\"name\":\"cfeditorfr\",\"@id\":\"https:\/\/www.africa-press.net\/cameroun\/#\/schema\/person\/2b1cf3cd81a31e3cd26889ca66d677f1\"},\"headline\":\"Cameroun : le pr\u00e9sident Paul Biya s\u2019adresse aux jeunes ce 10 f\u00e9vrier\",\"datePublished\":\"2024-02-10T12:46:02+00:00\",\"dateModified\":\"2024-02-12T13:04:08+00:00\",\"mainEntityOfPage\":{\"@id\":\"https:\/\/www.africa-press.net\/cameroun\/politique\/cameroun-le-president-paul-biya-sadresse-aux-jeunes-ce-10-fevrier\"},\"wordCount\":407,\"commentCount\":0,\"image\":{\"@id\":\"https:\/\/www.africa-press.net\/cameroun\/politique\/cameroun-le-president-paul-biya-sadresse-aux-jeunes-ce-10-fevrier#primaryimage\"},\"thumbnailUrl\":\"https:\/\/static.africa-press.net\/cameroun\/sites\/57\/2024\/02\/sm_1707730348.752409.jpg\",\"keywords\":[\"Africa Press\",\"Africa Press-Cameroun\",\"Cameroun\"],\"articleSection\":[\"Politique\",\"Toutes les actualit\u00e9s\"],\"inLanguage\":\"fr-FR\",\"potentialAction\":[{\"@type\":\"CommentAction\",\"name\":\"Comment\",\"target\":[\"https:\/\/www.africa-press.net\/cameroun\/politique\/cameroun-le-president-paul-biya-sadresse-aux-jeunes-ce-10-fevrier#respond\"]}]},{\"@type\":\"WebPage\",\"@id\":\"https:\/\/www.africa-press.net\/cameroun\/politique\/cameroun-le-president-paul-biya-sadresse-aux-jeunes-ce-10-fevrier\",\"url\":\"https:\/\/www.africa-press.net\/cameroun\/politique\/cameroun-le-president-paul-biya-sadresse-aux-jeunes-ce-10-fevrier\",\"name\":\"Cameroun : le pr\u00e9sident Paul Biya s\u2019adresse aux jeunes ce 10 f\u00e9vrier - Cameroun\",\"isPartOf\":{\"@id\":\"https:\/\/www.africa-press.net\/cameroun\/#website\"},\"primaryImageOfPage\":{\"@id\":\"https:\/\/www.africa-press.net\/cameroun\/politique\/cameroun-le-president-paul-biya-sadresse-aux-jeunes-ce-10-fevrier#primaryimage\"},\"image\":{\"@id\":\"https:\/\/www.africa-press.net\/cameroun\/politique\/cameroun-le-president-paul-biya-sadresse-aux-jeunes-ce-10-fevrier#primaryimage\"},\"thumbnailUrl\":\"https:\/\/static.africa-press.net\/cameroun\/sites\/57\/2024\/02\/sm_1707730348.752409.jpg\",\"datePublished\":\"2024-02-10T12:46:02+00:00\",\"dateModified\":\"2024-02-12T13:04:08+00:00\",\"author\":{\"@id\":\"https:\/\/www.africa-press.net\/cameroun\/#\/schema\/person\/2b1cf3cd81a31e3cd26889ca66d677f1\"},\"description\":\"Les jeunes camerounais s\u2019appre\u0302tent a\u0300 suivre le contenu du message pre\u0301sidentiel a\u0300 leur endroit en cette veille de ...\",\"breadcrumb\":{\"@id\":\"https:\/\/www.africa-press.net\/cameroun\/politique\/cameroun-le-president-paul-biya-sadresse-aux-jeunes-ce-10-fevrier#breadcrumb\"},\"inLanguage\":\"fr-FR\",\"potentialAction\":[{\"@type\":\"ReadAction\",\"target\":[\"https:\/\/www.africa-press.net\/cameroun\/politique\/cameroun-le-president-paul-biya-sadresse-aux-jeunes-ce-10-fevrier\"]}]},{\"@type\":\"ImageObject\",\"inLanguage\":\"fr-FR\",\"@id\":\"https:\/\/www.africa-press.net\/cameroun\/politique\/cameroun-le-president-paul-biya-sadresse-aux-jeunes-ce-10-fevrier#primaryimage\",\"url\":\"https:\/\/static.africa-press.net\/cameroun\/sites\/57\/2024\/02\/sm_1707730348.752409.jpg\",\"contentUrl\":\"https:\/\/static.africa-press.net\/cameroun\/sites\/57\/2024\/02\/sm_1707730348.752409.jpg\",\"width\":780,\"height\":440,\"caption\":\"Cameroun : le pr\u00e9sident Paul Biya s\u2019adresse aux jeunes ce 10 f\u00e9vrier\"},{\"@type\":\"BreadcrumbList\",\"@id\":\"https:\/\/www.africa-press.net\/cameroun\/politique\/cameroun-le-president-paul-biya-sadresse-aux-jeunes-ce-10-fevrier#breadcrumb\",\"itemListElement\":[{\"@type\":\"ListItem\",\"position\":1,\"name\":\"Accueil\",\"item\":\"https:\/\/www.africa-press.net\/cameroun\/\"},{\"@type\":\"ListItem\",\"position\":2,\"name\":\"Cameroun : le pr\u00e9sident Paul Biya s\u2019adresse aux jeunes ce 10 f\u00e9vrier\"}]},{\"@type\":\"WebSite\",\"@id\":\"https:\/\/www.africa-press.net\/cameroun\/#website\",\"url\":\"https:\/\/www.africa-press.net\/cameroun\/\",\"name\":\"Cameroun\",\"description\":\"Just another Africa News Agency Sites site\",\"potentialAction\":[{\"@type\":\"SearchAction\",\"target\":{\"@type\":\"EntryPoint\",\"urlTemplate\":\"https:\/\/www.africa-press.net\/cameroun\/?s={search_term_string}\"},\"query-input\":{\"@type\":\"PropertyValueSpecification\",\"valueRequired\":true,\"valueName\":\"search_term_string\"}}],\"inLanguage\":\"fr-FR\"},{\"@type\":\"Person\",\"@id\":\"https:\/\/www.africa-press.net\/cameroun\/#\/schema\/person\/2b1cf3cd81a31e3cd26889ca66d677f1\",\"name\":\"cfeditorfr\"}]}<\/script>\n<!-- \/ Yoast SEO Premium plugin. -->","yoast_head_json":{"title":"Cameroun : le pr\u00e9sident Paul Biya s\u2019adresse aux jeunes ce 10 f\u00e9vrier - Cameroun","description":"Les jeunes camerounais s\u2019appre\u0302tent a\u0300 suivre le contenu du message pre\u0301sidentiel a\u0300 leur endroit en cette veille de ...","robots":{"index":"index","follow":"follow","max-snippet":"max-snippet:-1","max-image-preview":"max-image-preview:large","max-video-preview":"max-video-preview:-1"},"canonical":"https:\/\/www.africa-press.net\/cameroun\/politique\/cameroun-le-president-paul-biya-sadresse-aux-jeunes-ce-10-fevrier","og_locale":"fr_FR","og_type":"article","og_title":"Cameroun : le pr\u00e9sident Paul Biya s\u2019adresse aux jeunes ce 10 f\u00e9vrier","og_description":"Les jeunes camerounais s\u2019appre\u0302tent a\u0300 suivre le contenu du message pre\u0301sidentiel a\u0300 leur endroit en cette veille de ...","og_url":"https:\/\/www.africa-press.net\/cameroun\/politique\/cameroun-le-president-paul-biya-sadresse-aux-jeunes-ce-10-fevrier","og_site_name":"Cameroun","article_published_time":"2024-02-10T12:46:02+00:00","article_modified_time":"2024-02-12T13:04:08+00:00","og_image":[{"width":780,"height":440,"url":"https:\/\/static.africa-press.net\/cameroun\/sites\/57\/2024\/02\/sm_1707730348.752409.jpg","type":"image\/jpeg"}],"author":"cfeditorfr","twitter_card":"summary_large_image","twitter_misc":{"\u00c9crit par":"cfeditorfr","Dur\u00e9e de lecture estim\u00e9e":"2 minutes"},"schema":{"@context":"https:\/\/schema.org","@graph":[{"@type":"Article","@id":"https:\/\/www.africa-press.net\/cameroun\/politique\/cameroun-le-president-paul-biya-sadresse-aux-jeunes-ce-10-fevrier#article","isPartOf":{"@id":"https:\/\/www.africa-press.net\/cameroun\/politique\/cameroun-le-president-paul-biya-sadresse-aux-jeunes-ce-10-fevrier"},"author":{"name":"cfeditorfr","@id":"https:\/\/www.africa-press.net\/cameroun\/#\/schema\/person\/2b1cf3cd81a31e3cd26889ca66d677f1"},"headline":"Cameroun : le pr\u00e9sident Paul Biya s\u2019adresse aux jeunes ce 10 f\u00e9vrier","datePublished":"2024-02-10T12:46:02+00:00","dateModified":"2024-02-12T13:04:08+00:00","mainEntityOfPage":{"@id":"https:\/\/www.africa-press.net\/cameroun\/politique\/cameroun-le-president-paul-biya-sadresse-aux-jeunes-ce-10-fevrier"},"wordCount":407,"commentCount":0,"image":{"@id":"https:\/\/www.africa-press.net\/cameroun\/politique\/cameroun-le-president-paul-biya-sadresse-aux-jeunes-ce-10-fevrier#primaryimage"},"thumbnailUrl":"https:\/\/static.africa-press.net\/cameroun\/sites\/57\/2024\/02\/sm_1707730348.752409.jpg","keywords":["Africa Press","Africa Press-Cameroun","Cameroun"],"articleSection":["Politique","Toutes les actualit\u00e9s"],"inLanguage":"fr-FR","potentialAction":[{"@type":"CommentAction","name":"Comment","target":["https:\/\/www.africa-press.net\/cameroun\/politique\/cameroun-le-president-paul-biya-sadresse-aux-jeunes-ce-10-fevrier#respond"]}]},{"@type":"WebPage","@id":"https:\/\/www.africa-press.net\/cameroun\/politique\/cameroun-le-president-paul-biya-sadresse-aux-jeunes-ce-10-fevrier","url":"https:\/\/www.africa-press.net\/cameroun\/politique\/cameroun-le-president-paul-biya-sadresse-aux-jeunes-ce-10-fevrier","name":"Cameroun : le pr\u00e9sident Paul Biya s\u2019adresse aux jeunes ce 10 f\u00e9vrier - Cameroun","isPartOf":{"@id":"https:\/\/www.africa-press.net\/cameroun\/#website"},"primaryImageOfPage":{"@id":"https:\/\/www.africa-press.net\/cameroun\/politique\/cameroun-le-president-paul-biya-sadresse-aux-jeunes-ce-10-fevrier#primaryimage"},"image":{"@id":"https:\/\/www.africa-press.net\/cameroun\/politique\/cameroun-le-president-paul-biya-sadresse-aux-jeunes-ce-10-fevrier#primaryimage"},"thumbnailUrl":"https:\/\/static.africa-press.net\/cameroun\/sites\/57\/2024\/02\/sm_1707730348.752409.jpg","datePublished":"2024-02-10T12:46:02+00:00","dateModified":"2024-02-12T13:04:08+00:00","author":{"@id":"https:\/\/www.africa-press.net\/cameroun\/#\/schema\/person\/2b1cf3cd81a31e3cd26889ca66d677f1"},"description":"Les jeunes camerounais s\u2019appre\u0302tent a\u0300 suivre le contenu du message pre\u0301sidentiel a\u0300 leur endroit en cette veille de ...","breadcrumb":{"@id":"https:\/\/www.africa-press.net\/cameroun\/politique\/cameroun-le-president-paul-biya-sadresse-aux-jeunes-ce-10-fevrier#breadcrumb"},"inLanguage":"fr-FR","potentialAction":[{"@type":"ReadAction","target":["https:\/\/www.africa-press.net\/cameroun\/politique\/cameroun-le-president-paul-biya-sadresse-aux-jeunes-ce-10-fevrier"]}]},{"@type":"ImageObject","inLanguage":"fr-FR","@id":"https:\/\/www.africa-press.net\/cameroun\/politique\/cameroun-le-president-paul-biya-sadresse-aux-jeunes-ce-10-fevrier#primaryimage","url":"https:\/\/static.africa-press.net\/cameroun\/sites\/57\/2024\/02\/sm_1707730348.752409.jpg","contentUrl":"https:\/\/static.africa-press.net\/cameroun\/sites\/57\/2024\/02\/sm_1707730348.752409.jpg","width":780,"height":440,"caption":"Cameroun : le pr\u00e9sident Paul Biya s\u2019adresse aux jeunes ce 10 f\u00e9vrier"},{"@type":"BreadcrumbList","@id":"https:\/\/www.africa-press.net\/cameroun\/politique\/cameroun-le-president-paul-biya-sadresse-aux-jeunes-ce-10-fevrier#breadcrumb","itemListElement":[{"@type":"ListItem","position":1,"name":"Accueil","item":"https:\/\/www.africa-press.net\/cameroun\/"},{"@type":"ListItem","position":2,"name":"Cameroun : le pr\u00e9sident Paul Biya s\u2019adresse aux jeunes ce 10 f\u00e9vrier"}]},{"@type":"WebSite","@id":"https:\/\/www.africa-press.net\/cameroun\/#website","url":"https:\/\/www.africa-press.net\/cameroun\/","name":"Cameroun","description":"Just another Africa News Agency Sites site","potentialAction":[{"@type":"SearchAction","target":{"@type":"EntryPoint","urlTemplate":"https:\/\/www.africa-press.net\/cameroun\/?s={search_term_string}"},"query-input":{"@type":"PropertyValueSpecification","valueRequired":true,"valueName":"search_term_string"}}],"inLanguage":"fr-FR"},{"@type":"Person","@id":"https:\/\/www.africa-press.net\/cameroun\/#\/schema\/person\/2b1cf3cd81a31e3cd26889ca66d677f1","name":"cfeditorfr"}]}},"_links":{"self":[{"href":"https:\/\/www.africa-press.net\/cameroun\/wp-json\/wp\/v2\/posts\/61308","targetHints":{"allow":["GET"]}}],"collection":[{"href":"https:\/\/www.africa-press.net\/cameroun\/wp-json\/wp\/v2\/posts"}],"about":[{"href":"https:\/\/www.africa-press.net\/cameroun\/wp-json\/wp\/v2\/types\/post"}],"author":[{"embeddable":true,"href":"https:\/\/www.africa-press.net\/cameroun\/wp-json\/wp\/v2\/users\/82"}],"replies":[{"embeddable":true,"href":"https:\/\/www.africa-press.net\/cameroun\/wp-json\/wp\/v2\/comments?post=61308"}],"version-history":[{"count":0,"href":"https:\/\/www.africa-press.net\/cameroun\/wp-json\/wp\/v2\/posts\/61308\/revisions"}],"wp:featuredmedia":[{"embeddable":true,"href":"https:\/\/www.africa-press.net\/cameroun\/wp-json\/wp\/v2\/media\/61307"}],"wp:attachment":[{"href":"https:\/\/www.africa-press.net\/cameroun\/wp-json\/wp\/v2\/media?parent=61308"}],"wp:term":[{"taxonomy":"category","embeddable":true,"href":"https:\/\/www.africa-press.net\/cameroun\/wp-json\/wp\/v2\/categories?post=61308"},{"taxonomy":"post_tag","embeddable":true,"href":"https:\/\/www.africa-press.net\/cameroun\/wp-json\/wp\/v2\/tags?post=61308"}],"curies":[{"name":"wp","href":"https:\/\/api.w.org\/{rel}","templated":true}]}}