{"id":6131,"date":"2021-06-23T16:23:59","date_gmt":"2021-06-23T16:23:59","guid":{"rendered":"https:\/\/www.africa-press.net\/cameroun\/politique\/un-mort-et-plusieurs-blesses-dans-lattaque-du-domicile-du-sous-prefet-de-balikumbat"},"modified":"2021-06-23T20:09:10","modified_gmt":"2021-06-23T20:09:10","slug":"un-mort-et-plusieurs-blesses-dans-lattaque-du-domicile-du-sous-prefet-de-balikumbat","status":"publish","type":"post","link":"https:\/\/www.africa-press.net\/cameroun\/politique\/un-mort-et-plusieurs-blesses-dans-lattaque-du-domicile-du-sous-prefet-de-balikumbat","title":{"rendered":"Un mort et plusieurs bless\u00e9s dans l&rsquo;attaque du domicile du Sous-pr\u00e9fet de Balikumbat"},"content":{"rendered":"<p><span style=\"color: #ff6600\"><strong><a href=\"https:\/\/www.africa-press.net\/\">Africa-Press<\/a> &#8211; <a href=\"https:\/\/www.africa-press.net\/cameroun\">Cameroun<\/a>. <\/strong><\/span>\u2022 Un civil a \u00e9t\u00e9 tu\u00e9 lors de attaque men\u00e9e dans la matin\u00e9e du mardi 22 juin 2021<\/p>\n<p>\u2022 Un v\u00e9hicule militaire de secours a atterri sur une Engin Explosif Improvis\u00e9<\/p>\n<p>\u2022 Deux gendarmes sont gri\u00e8vement bless\u00e9s<\/p>\n<p>Un civil a \u00e9t\u00e9 tu\u00e9 lors d&rsquo;une attaque men\u00e9e par les combattants s\u00e9cessionnistes ambazoniens sur la r\u00e9sidence du Sous-pr\u00e9fet de Balikumbat dans la r\u00e9gion du Nord-ouest.<\/p>\n<p>Selon les premiers recoupements de la r\u00e9daction de CamerounWeb, les s\u00e9cessionnistes arm\u00e9s ont attaqu\u00e9 la r\u00e9sidence t\u00f4t le mardi 22 juin 2021, vers 3 heures du matin. Ils ont emport\u00e9 un casque et des munitions.<\/p>\n<p>L\u2019on apprend aussi qu\u2019un v\u00e9hicule militaire de secours a atterri sur une Engin Explosif Improvis\u00e9 (EEI), blessant gri\u00e8vement deux gendarmes.<\/p>\n<p>Cette attaque survient apr\u00e8s un week-end sanglant qui a entrain\u00e9 la mort de plusieurs \u00e9l\u00e9ments de l\u2019arm\u00e9e camerounaise et l\u2019enl\u00e8vement de 06 six d\u00e9l\u00e9gu\u00e9s d\u00e9partementaux dont un a \u00e9t\u00e9 ex\u00e9cut\u00e9 par le \u00ab\u00a0General 10 Kobo\u00a0\u00bb. Ceci a conduit les autorit\u00e9s s\u00e9curitaires \u00e0 d\u00e9cider du d\u00e9ploiement ce mardi des renforts dans le d\u00e9partement de Ngoketunja situ\u00e9 dans la r\u00e9gion du Nord-Ouest.<\/p>\n<p>Compos\u00e9 de camions remplis de plusieurs dizaines de militaires et de chars de guerre, ce renfort, selon une source s\u00e9curitaire digne de foi, a pour objectif de neutraliser les groupes s\u00e9cessionnistes qui s\u00e9vissent dans la r\u00e9gion. Le chef de guerre s\u00e9paratiste \u00ab G\u00e9n\u00e9ral No Pity \u00bb et son groupe seraient les principales cibles de l\u2019arm\u00e9e.<\/p>\n<p>Lors de l\u2019Op\u00e9ration \u00ab Klean Kumbo \u00bb, le G\u00e9n\u00e9ral Nka Val\u00e8re n\u2019a pas manqu\u00e9 de souligner le danger que repr\u00e9sentent le \u00ab G\u00e9n\u00e9ral No Pity \u00bb et ses hommes dans la r\u00e9gion et a promis les neutraliser.<\/p>\n<p>\u00ab Il y a un individu qu\u2019on appelle NO PITY qui, profitant donc de ces n\u00e9gligences que ce soit \u00e0 Laissin, Galim, Menfu et autres, m\u00eame mode op\u00e9ratoire; il semble que les hommes ont baiss\u00e9 la garde, la nuit ils se retrouvent avec les femmes au poste; on vient, on les tue, on prend les armes, on les brandit sur les r\u00e9seaux sociaux, on commence \u00e0 croire que ce sont les grands guerriers. Ce Monsieur reste une cible prioritaire; je vous ai dit ainsi que les Isubu, Capo et autres.\u00bb a-t-il d\u00e9clar\u00e9 devant ses apr\u00e8s la mort de plusieurs soldats.<\/p>\n","protected":false},"excerpt":{"rendered":"<p>Africa-Press &#8211; Cameroun. \u2022 Un civil a \u00e9t\u00e9 tu\u00e9 lors de attaque men\u00e9e dans la matin\u00e9e du mardi 22 juin 2021 \u2022 Un v\u00e9hicule militaire de secours a atterri sur une Engin Explosif Improvis\u00e9 \u2022 Deux gendarmes sont gri\u00e8vement bless\u00e9s Un civil a \u00e9t\u00e9 tu\u00e9 lors d&rsquo;une attaque men\u00e9e par les combattants s\u00e9cessionnistes ambazoniens sur [&hellip;]<\/p>\n","protected":false},"author":82,"featured_media":6130,"comment_status":"open","ping_status":"closed","sticky":false,"template":"","format":"standard","meta":{"footnotes":""},"categories":[11,2,10],"tags":[36,50,49],"class_list":["post-6131","post","type-post","status-publish","format-standard","has-post-thumbnail","hentry","category-homepage-french","category-politique","category-toutes-les-actualites","tag-africa-press","tag-africa-press-cameroun","tag-cameroun"],"yoast_head":"<!-- This site is optimized with the Yoast SEO Premium plugin v26.1 (Yoast SEO v27.0) - https:\/\/yoast.com\/product\/yoast-seo-premium-wordpress\/ -->\n<title>Un mort et plusieurs bless\u00e9s dans l&#039;attaque du domicile du Sous-pr\u00e9fet de Balikumbat - Cameroun<\/title>\n<meta name=\"description\" content=\"\u2022 Un civil a \u00e9t\u00e9 tu\u00e9 lors de attaque men\u00e9e dans la matin\u00e9e du mardi 22 juin 2021 \u2022 Un v\u00e9hicule militaire de secours a a ...\" \/>\n<meta name=\"robots\" content=\"index, follow, max-snippet:-1, max-image-preview:large, max-video-preview:-1\" \/>\n<link rel=\"canonical\" href=\"https:\/\/www.africa-press.net\/cameroun\/politique\/un-mort-et-plusieurs-blesses-dans-lattaque-du-domicile-du-sous-prefet-de-balikumbat\" \/>\n<meta property=\"og:locale\" content=\"fr_FR\" \/>\n<meta property=\"og:type\" content=\"article\" \/>\n<meta property=\"og:title\" content=\"Un mort et plusieurs bless\u00e9s dans l&#039;attaque du domicile du Sous-pr\u00e9fet de Balikumbat\" \/>\n<meta property=\"og:description\" content=\"\u2022 Un civil a \u00e9t\u00e9 tu\u00e9 lors de attaque men\u00e9e dans la matin\u00e9e du mardi 22 juin 2021 \u2022 Un v\u00e9hicule militaire de secours a a ...\" \/>\n<meta property=\"og:url\" content=\"https:\/\/www.africa-press.net\/cameroun\/politique\/un-mort-et-plusieurs-blesses-dans-lattaque-du-domicile-du-sous-prefet-de-balikumbat\" \/>\n<meta property=\"og:site_name\" content=\"Cameroun\" \/>\n<meta property=\"article:published_time\" content=\"2021-06-23T16:23:59+00:00\" \/>\n<meta property=\"article:modified_time\" content=\"2021-06-23T20:09:10+00:00\" \/>\n<meta property=\"og:image\" content=\"https:\/\/static.africa-press.net\/cameroun\/sites\/57\/2021\/06\/img-60d394cfb5858.jpg\" \/>\n\t<meta property=\"og:image:width\" content=\"885\" \/>\n\t<meta property=\"og:image:height\" content=\"588\" \/>\n\t<meta property=\"og:image:type\" content=\"image\/jpeg\" \/>\n<meta name=\"author\" content=\"cfeditorfr\" \/>\n<meta name=\"twitter:card\" content=\"summary_large_image\" \/>\n<meta name=\"twitter:label1\" content=\"\u00c9crit par\" \/>\n\t<meta name=\"twitter:data1\" content=\"cfeditorfr\" \/>\n\t<meta name=\"twitter:label2\" content=\"Dur\u00e9e de lecture estim\u00e9e\" \/>\n\t<meta name=\"twitter:data2\" content=\"2 minutes\" \/>\n<script type=\"application\/ld+json\" class=\"yoast-schema-graph\">{\"@context\":\"https:\/\/schema.org\",\"@graph\":[{\"@type\":\"Article\",\"@id\":\"https:\/\/www.africa-press.net\/cameroun\/politique\/un-mort-et-plusieurs-blesses-dans-lattaque-du-domicile-du-sous-prefet-de-balikumbat#article\",\"isPartOf\":{\"@id\":\"https:\/\/www.africa-press.net\/cameroun\/politique\/un-mort-et-plusieurs-blesses-dans-lattaque-du-domicile-du-sous-prefet-de-balikumbat\"},\"author\":{\"name\":\"cfeditorfr\",\"@id\":\"https:\/\/www.africa-press.net\/cameroun\/#\/schema\/person\/2b1cf3cd81a31e3cd26889ca66d677f1\"},\"headline\":\"Un mort et plusieurs bless\u00e9s dans l&rsquo;attaque du domicile du Sous-pr\u00e9fet de Balikumbat\",\"datePublished\":\"2021-06-23T16:23:59+00:00\",\"dateModified\":\"2021-06-23T20:09:10+00:00\",\"mainEntityOfPage\":{\"@id\":\"https:\/\/www.africa-press.net\/cameroun\/politique\/un-mort-et-plusieurs-blesses-dans-lattaque-du-domicile-du-sous-prefet-de-balikumbat\"},\"wordCount\":432,\"commentCount\":0,\"image\":{\"@id\":\"https:\/\/www.africa-press.net\/cameroun\/politique\/un-mort-et-plusieurs-blesses-dans-lattaque-du-domicile-du-sous-prefet-de-balikumbat#primaryimage\"},\"thumbnailUrl\":\"https:\/\/static.africa-press.net\/cameroun\/sites\/57\/2021\/06\/img-60d394cfb5858.jpg\",\"keywords\":[\"Africa Press\",\"Africa Press-Cameroun\",\"Cameroun\"],\"articleSection\":[\"homepage-french\",\"Politique\",\"Toutes les actualit\u00e9s\"],\"inLanguage\":\"fr-FR\",\"potentialAction\":[{\"@type\":\"CommentAction\",\"name\":\"Comment\",\"target\":[\"https:\/\/www.africa-press.net\/cameroun\/politique\/un-mort-et-plusieurs-blesses-dans-lattaque-du-domicile-du-sous-prefet-de-balikumbat#respond\"]}]},{\"@type\":\"WebPage\",\"@id\":\"https:\/\/www.africa-press.net\/cameroun\/politique\/un-mort-et-plusieurs-blesses-dans-lattaque-du-domicile-du-sous-prefet-de-balikumbat\",\"url\":\"https:\/\/www.africa-press.net\/cameroun\/politique\/un-mort-et-plusieurs-blesses-dans-lattaque-du-domicile-du-sous-prefet-de-balikumbat\",\"name\":\"Un mort et plusieurs bless\u00e9s dans l'attaque du domicile du Sous-pr\u00e9fet de Balikumbat - Cameroun\",\"isPartOf\":{\"@id\":\"https:\/\/www.africa-press.net\/cameroun\/#website\"},\"primaryImageOfPage\":{\"@id\":\"https:\/\/www.africa-press.net\/cameroun\/politique\/un-mort-et-plusieurs-blesses-dans-lattaque-du-domicile-du-sous-prefet-de-balikumbat#primaryimage\"},\"image\":{\"@id\":\"https:\/\/www.africa-press.net\/cameroun\/politique\/un-mort-et-plusieurs-blesses-dans-lattaque-du-domicile-du-sous-prefet-de-balikumbat#primaryimage\"},\"thumbnailUrl\":\"https:\/\/static.africa-press.net\/cameroun\/sites\/57\/2021\/06\/img-60d394cfb5858.jpg\",\"datePublished\":\"2021-06-23T16:23:59+00:00\",\"dateModified\":\"2021-06-23T20:09:10+00:00\",\"author\":{\"@id\":\"https:\/\/www.africa-press.net\/cameroun\/#\/schema\/person\/2b1cf3cd81a31e3cd26889ca66d677f1\"},\"description\":\"\u2022 Un civil a \u00e9t\u00e9 tu\u00e9 lors de attaque men\u00e9e dans la matin\u00e9e du mardi 22 juin 2021 \u2022 Un v\u00e9hicule militaire de secours a a ...\",\"breadcrumb\":{\"@id\":\"https:\/\/www.africa-press.net\/cameroun\/politique\/un-mort-et-plusieurs-blesses-dans-lattaque-du-domicile-du-sous-prefet-de-balikumbat#breadcrumb\"},\"inLanguage\":\"fr-FR\",\"potentialAction\":[{\"@type\":\"ReadAction\",\"target\":[\"https:\/\/www.africa-press.net\/cameroun\/politique\/un-mort-et-plusieurs-blesses-dans-lattaque-du-domicile-du-sous-prefet-de-balikumbat\"]}]},{\"@type\":\"ImageObject\",\"inLanguage\":\"fr-FR\",\"@id\":\"https:\/\/www.africa-press.net\/cameroun\/politique\/un-mort-et-plusieurs-blesses-dans-lattaque-du-domicile-du-sous-prefet-de-balikumbat#primaryimage\",\"url\":\"https:\/\/static.africa-press.net\/cameroun\/sites\/57\/2021\/06\/img-60d394cfb5858.jpg\",\"contentUrl\":\"https:\/\/static.africa-press.net\/cameroun\/sites\/57\/2021\/06\/img-60d394cfb5858.jpg\",\"width\":885,\"height\":588,\"caption\":\"Un mort et plusieurs bless\u00e9s dans l'attaque du domicile du Sous-pr\u00e9fet de Balikumbat\"},{\"@type\":\"BreadcrumbList\",\"@id\":\"https:\/\/www.africa-press.net\/cameroun\/politique\/un-mort-et-plusieurs-blesses-dans-lattaque-du-domicile-du-sous-prefet-de-balikumbat#breadcrumb\",\"itemListElement\":[{\"@type\":\"ListItem\",\"position\":1,\"name\":\"Accueil\",\"item\":\"https:\/\/www.africa-press.net\/cameroun\/\"},{\"@type\":\"ListItem\",\"position\":2,\"name\":\"Un mort et plusieurs bless\u00e9s dans l&#8217;attaque du domicile du Sous-pr\u00e9fet de Balikumbat\"}]},{\"@type\":\"WebSite\",\"@id\":\"https:\/\/www.africa-press.net\/cameroun\/#website\",\"url\":\"https:\/\/www.africa-press.net\/cameroun\/\",\"name\":\"Cameroun\",\"description\":\"Just another Africa News Agency Sites site\",\"potentialAction\":[{\"@type\":\"SearchAction\",\"target\":{\"@type\":\"EntryPoint\",\"urlTemplate\":\"https:\/\/www.africa-press.net\/cameroun\/?s={search_term_string}\"},\"query-input\":{\"@type\":\"PropertyValueSpecification\",\"valueRequired\":true,\"valueName\":\"search_term_string\"}}],\"inLanguage\":\"fr-FR\"},{\"@type\":\"Person\",\"@id\":\"https:\/\/www.africa-press.net\/cameroun\/#\/schema\/person\/2b1cf3cd81a31e3cd26889ca66d677f1\",\"name\":\"cfeditorfr\"}]}<\/script>\n<!-- \/ Yoast SEO Premium plugin. -->","yoast_head_json":{"title":"Un mort et plusieurs bless\u00e9s dans l'attaque du domicile du Sous-pr\u00e9fet de Balikumbat - Cameroun","description":"\u2022 Un civil a \u00e9t\u00e9 tu\u00e9 lors de attaque men\u00e9e dans la matin\u00e9e du mardi 22 juin 2021 \u2022 Un v\u00e9hicule militaire de secours a a ...","robots":{"index":"index","follow":"follow","max-snippet":"max-snippet:-1","max-image-preview":"max-image-preview:large","max-video-preview":"max-video-preview:-1"},"canonical":"https:\/\/www.africa-press.net\/cameroun\/politique\/un-mort-et-plusieurs-blesses-dans-lattaque-du-domicile-du-sous-prefet-de-balikumbat","og_locale":"fr_FR","og_type":"article","og_title":"Un mort et plusieurs bless\u00e9s dans l'attaque du domicile du Sous-pr\u00e9fet de Balikumbat","og_description":"\u2022 Un civil a \u00e9t\u00e9 tu\u00e9 lors de attaque men\u00e9e dans la matin\u00e9e du mardi 22 juin 2021 \u2022 Un v\u00e9hicule militaire de secours a a ...","og_url":"https:\/\/www.africa-press.net\/cameroun\/politique\/un-mort-et-plusieurs-blesses-dans-lattaque-du-domicile-du-sous-prefet-de-balikumbat","og_site_name":"Cameroun","article_published_time":"2021-06-23T16:23:59+00:00","article_modified_time":"2021-06-23T20:09:10+00:00","og_image":[{"width":885,"height":588,"url":"https:\/\/static.africa-press.net\/cameroun\/sites\/57\/2021\/06\/img-60d394cfb5858.jpg","type":"image\/jpeg"}],"author":"cfeditorfr","twitter_card":"summary_large_image","twitter_misc":{"\u00c9crit par":"cfeditorfr","Dur\u00e9e de lecture estim\u00e9e":"2 minutes"},"schema":{"@context":"https:\/\/schema.org","@graph":[{"@type":"Article","@id":"https:\/\/www.africa-press.net\/cameroun\/politique\/un-mort-et-plusieurs-blesses-dans-lattaque-du-domicile-du-sous-prefet-de-balikumbat#article","isPartOf":{"@id":"https:\/\/www.africa-press.net\/cameroun\/politique\/un-mort-et-plusieurs-blesses-dans-lattaque-du-domicile-du-sous-prefet-de-balikumbat"},"author":{"name":"cfeditorfr","@id":"https:\/\/www.africa-press.net\/cameroun\/#\/schema\/person\/2b1cf3cd81a31e3cd26889ca66d677f1"},"headline":"Un mort et plusieurs bless\u00e9s dans l&rsquo;attaque du domicile du Sous-pr\u00e9fet de Balikumbat","datePublished":"2021-06-23T16:23:59+00:00","dateModified":"2021-06-23T20:09:10+00:00","mainEntityOfPage":{"@id":"https:\/\/www.africa-press.net\/cameroun\/politique\/un-mort-et-plusieurs-blesses-dans-lattaque-du-domicile-du-sous-prefet-de-balikumbat"},"wordCount":432,"commentCount":0,"image":{"@id":"https:\/\/www.africa-press.net\/cameroun\/politique\/un-mort-et-plusieurs-blesses-dans-lattaque-du-domicile-du-sous-prefet-de-balikumbat#primaryimage"},"thumbnailUrl":"https:\/\/static.africa-press.net\/cameroun\/sites\/57\/2021\/06\/img-60d394cfb5858.jpg","keywords":["Africa Press","Africa Press-Cameroun","Cameroun"],"articleSection":["homepage-french","Politique","Toutes les actualit\u00e9s"],"inLanguage":"fr-FR","potentialAction":[{"@type":"CommentAction","name":"Comment","target":["https:\/\/www.africa-press.net\/cameroun\/politique\/un-mort-et-plusieurs-blesses-dans-lattaque-du-domicile-du-sous-prefet-de-balikumbat#respond"]}]},{"@type":"WebPage","@id":"https:\/\/www.africa-press.net\/cameroun\/politique\/un-mort-et-plusieurs-blesses-dans-lattaque-du-domicile-du-sous-prefet-de-balikumbat","url":"https:\/\/www.africa-press.net\/cameroun\/politique\/un-mort-et-plusieurs-blesses-dans-lattaque-du-domicile-du-sous-prefet-de-balikumbat","name":"Un mort et plusieurs bless\u00e9s dans l'attaque du domicile du Sous-pr\u00e9fet de Balikumbat - Cameroun","isPartOf":{"@id":"https:\/\/www.africa-press.net\/cameroun\/#website"},"primaryImageOfPage":{"@id":"https:\/\/www.africa-press.net\/cameroun\/politique\/un-mort-et-plusieurs-blesses-dans-lattaque-du-domicile-du-sous-prefet-de-balikumbat#primaryimage"},"image":{"@id":"https:\/\/www.africa-press.net\/cameroun\/politique\/un-mort-et-plusieurs-blesses-dans-lattaque-du-domicile-du-sous-prefet-de-balikumbat#primaryimage"},"thumbnailUrl":"https:\/\/static.africa-press.net\/cameroun\/sites\/57\/2021\/06\/img-60d394cfb5858.jpg","datePublished":"2021-06-23T16:23:59+00:00","dateModified":"2021-06-23T20:09:10+00:00","author":{"@id":"https:\/\/www.africa-press.net\/cameroun\/#\/schema\/person\/2b1cf3cd81a31e3cd26889ca66d677f1"},"description":"\u2022 Un civil a \u00e9t\u00e9 tu\u00e9 lors de attaque men\u00e9e dans la matin\u00e9e du mardi 22 juin 2021 \u2022 Un v\u00e9hicule militaire de secours a a ...","breadcrumb":{"@id":"https:\/\/www.africa-press.net\/cameroun\/politique\/un-mort-et-plusieurs-blesses-dans-lattaque-du-domicile-du-sous-prefet-de-balikumbat#breadcrumb"},"inLanguage":"fr-FR","potentialAction":[{"@type":"ReadAction","target":["https:\/\/www.africa-press.net\/cameroun\/politique\/un-mort-et-plusieurs-blesses-dans-lattaque-du-domicile-du-sous-prefet-de-balikumbat"]}]},{"@type":"ImageObject","inLanguage":"fr-FR","@id":"https:\/\/www.africa-press.net\/cameroun\/politique\/un-mort-et-plusieurs-blesses-dans-lattaque-du-domicile-du-sous-prefet-de-balikumbat#primaryimage","url":"https:\/\/static.africa-press.net\/cameroun\/sites\/57\/2021\/06\/img-60d394cfb5858.jpg","contentUrl":"https:\/\/static.africa-press.net\/cameroun\/sites\/57\/2021\/06\/img-60d394cfb5858.jpg","width":885,"height":588,"caption":"Un mort et plusieurs bless\u00e9s dans l'attaque du domicile du Sous-pr\u00e9fet de Balikumbat"},{"@type":"BreadcrumbList","@id":"https:\/\/www.africa-press.net\/cameroun\/politique\/un-mort-et-plusieurs-blesses-dans-lattaque-du-domicile-du-sous-prefet-de-balikumbat#breadcrumb","itemListElement":[{"@type":"ListItem","position":1,"name":"Accueil","item":"https:\/\/www.africa-press.net\/cameroun\/"},{"@type":"ListItem","position":2,"name":"Un mort et plusieurs bless\u00e9s dans l&#8217;attaque du domicile du Sous-pr\u00e9fet de Balikumbat"}]},{"@type":"WebSite","@id":"https:\/\/www.africa-press.net\/cameroun\/#website","url":"https:\/\/www.africa-press.net\/cameroun\/","name":"Cameroun","description":"Just another Africa News Agency Sites site","potentialAction":[{"@type":"SearchAction","target":{"@type":"EntryPoint","urlTemplate":"https:\/\/www.africa-press.net\/cameroun\/?s={search_term_string}"},"query-input":{"@type":"PropertyValueSpecification","valueRequired":true,"valueName":"search_term_string"}}],"inLanguage":"fr-FR"},{"@type":"Person","@id":"https:\/\/www.africa-press.net\/cameroun\/#\/schema\/person\/2b1cf3cd81a31e3cd26889ca66d677f1","name":"cfeditorfr"}]}},"_links":{"self":[{"href":"https:\/\/www.africa-press.net\/cameroun\/wp-json\/wp\/v2\/posts\/6131","targetHints":{"allow":["GET"]}}],"collection":[{"href":"https:\/\/www.africa-press.net\/cameroun\/wp-json\/wp\/v2\/posts"}],"about":[{"href":"https:\/\/www.africa-press.net\/cameroun\/wp-json\/wp\/v2\/types\/post"}],"author":[{"embeddable":true,"href":"https:\/\/www.africa-press.net\/cameroun\/wp-json\/wp\/v2\/users\/82"}],"replies":[{"embeddable":true,"href":"https:\/\/www.africa-press.net\/cameroun\/wp-json\/wp\/v2\/comments?post=6131"}],"version-history":[{"count":0,"href":"https:\/\/www.africa-press.net\/cameroun\/wp-json\/wp\/v2\/posts\/6131\/revisions"}],"wp:featuredmedia":[{"embeddable":true,"href":"https:\/\/www.africa-press.net\/cameroun\/wp-json\/wp\/v2\/media\/6130"}],"wp:attachment":[{"href":"https:\/\/www.africa-press.net\/cameroun\/wp-json\/wp\/v2\/media?parent=6131"}],"wp:term":[{"taxonomy":"category","embeddable":true,"href":"https:\/\/www.africa-press.net\/cameroun\/wp-json\/wp\/v2\/categories?post=6131"},{"taxonomy":"post_tag","embeddable":true,"href":"https:\/\/www.africa-press.net\/cameroun\/wp-json\/wp\/v2\/tags?post=6131"}],"curies":[{"name":"wp","href":"https:\/\/api.w.org\/{rel}","templated":true}]}}