{"id":61311,"date":"2024-02-10T12:46:24","date_gmt":"2024-02-10T12:46:24","guid":{"rendered":"https:\/\/www.africa-press.net\/cameroun\/politique\/cameroun-paul-biya-decide-de-lorganisation-des-obseques-officielles-pour-joseph-owona"},"modified":"2024-02-12T13:04:33","modified_gmt":"2024-02-12T13:04:33","slug":"cameroun-paul-biya-decide-de-lorganisation-des-obseques-officielles-pour-joseph-owona","status":"publish","type":"post","link":"https:\/\/www.africa-press.net\/cameroun\/politique\/cameroun-paul-biya-decide-de-lorganisation-des-obseques-officielles-pour-joseph-owona","title":{"rendered":"Cameroun : Paul Biya d\u00e9cide de l\u2019organisation des obs\u00e8ques officielles pour Joseph Owona"},"content":{"rendered":"<p><span style=\"color: #ff6600\"><strong>Africa-Press &#8211; Cameroun. <\/strong><\/span><b>Le chef de l\u2019Etat par l\u2019entremise du ministre directeur du Cabinet civil de la pre\u0301sidence de la Re\u0301publique, Samuel Mvondo Ayolo, fixe le de\u0301roulement de ces obse\u0300ques entre le 15 et le 17 fe\u0301vrier 2024.<\/b><\/p>\n<p>Le Pr. Joseph Owona de\u0301ce\u0301de\u0301 le samedi 06 janvier 2024 a\u0300 Bordeaux en France sera inhume\u0301 le samedi 17 fe\u0301vrier 2024 a\u0300 Akom Bikoe dans l\u2019arrondissement de Mvengue. A l\u2019occasion de son de\u0301ce\u0300s, le pre\u0301sident de la Re\u0301publique, Paul Biya, a de\u0301cide\u0301 de l\u2019organisation des obse\u0300ques officielles.<\/p>\n<p>Le programme de ces obse\u0300ques pre\u0301voit le jeudi 15 fe\u0301vrier 2024 la leve\u0301e de corps a\u0300 la morgue de l\u2019ho\u0302pital ge\u0301ne\u0301ral de Yaounde\u0301. Elle sera suivie des hommages constitutionnels et acade\u0301miques au Palais des congre\u0300s, sie\u0300ge du Conseil constitutionnel dont il e\u0301tait membre. Apre\u0300s ces hommages suivront la messe a\u0300 la basilique marie Reine des apo\u0302tres de Mvolye et la veille\u0301e a\u0300 la re\u0301sidence du de\u0301funt au quartier Nkomo a\u0300 Yaounde\u0301.<\/p>\n<p>Le vendredi 16 fe\u0301vrier, le corte\u0300ge fune\u0300bre s\u2019e\u0301branlera pour le village Akom Bikoue dans l\u2019arrondissement de Mvengue, de\u0301partement de l\u2019Oce\u0301an, re\u0301gion du Sud. L\u2019inhumation s\u2019y de\u0301roulera apre\u0300s les ce\u0301re\u0301monies traditionnelles, la messe pontificale, des honneurs militaires.<\/p>\n<p>Joseph Owona e\u0301tait membre du Conseil constitutionnel, membre du Comite\u0301 central du Rassemblement de\u0301mocratique du peuple camerounais (Rdpc). Le patriarche e\u0301tait aussi enseignant e\u0301me\u0301rite des universite\u0301s, ancien membre du gouvernement, ancien dirigent de la fe\u0301de\u0301ration camerounaise de football.<\/p>\n<p><strong>Pour plus d&rsquo;informations et d&rsquo;analyses sur la <a href=\"https:\/\/www.africa-press.net\/cameroun\">Cameroun<\/a>, suivez <a href=\"https:\/\/www.africa-press.net\/\">Africa-Press<\/a><\/strong><\/p>\n","protected":false},"excerpt":{"rendered":"<p>Africa-Press &#8211; Cameroun. Le chef de l\u2019Etat par l\u2019entremise du ministre directeur du Cabinet civil de la pre\u0301sidence de la Re\u0301publique, Samuel Mvondo Ayolo, fixe le de\u0301roulement de ces obse\u0300ques entre le 15 et le 17 fe\u0301vrier 2024. Le Pr. Joseph Owona de\u0301ce\u0301de\u0301 le samedi 06 janvier 2024 a\u0300 Bordeaux en France sera inhume\u0301 le [&hellip;]<\/p>\n","protected":false},"author":82,"featured_media":61309,"comment_status":"open","ping_status":"closed","sticky":false,"template":"","format":"standard","meta":{"footnotes":""},"categories":[2,10],"tags":[36,50,49],"class_list":["post-61311","post","type-post","status-publish","format-standard","has-post-thumbnail","hentry","category-politique","category-toutes-les-actualites","tag-africa-press","tag-africa-press-cameroun","tag-cameroun"],"yoast_head":"<!-- This site is optimized with the Yoast SEO Premium plugin v26.1 (Yoast SEO v27.0) - https:\/\/yoast.com\/product\/yoast-seo-premium-wordpress\/ -->\n<title>Cameroun : Paul Biya d\u00e9cide de l\u2019organisation des obs\u00e8ques officielles pour Joseph Owona - Cameroun<\/title>\n<meta name=\"description\" content=\"Le chef de l\u2019Etat par l\u2019entremise du ministre directeur du Cabinet civil de la pre\u0301sidence de la Re\u0301publique, Samuel ...\" \/>\n<meta name=\"robots\" content=\"index, follow, max-snippet:-1, max-image-preview:large, max-video-preview:-1\" \/>\n<link rel=\"canonical\" href=\"https:\/\/www.africa-press.net\/cameroun\/politique\/cameroun-paul-biya-decide-de-lorganisation-des-obseques-officielles-pour-joseph-owona\" \/>\n<meta property=\"og:locale\" content=\"fr_FR\" \/>\n<meta property=\"og:type\" content=\"article\" \/>\n<meta property=\"og:title\" content=\"Cameroun : Paul Biya d\u00e9cide de l\u2019organisation des obs\u00e8ques officielles pour Joseph Owona\" \/>\n<meta property=\"og:description\" content=\"Le chef de l\u2019Etat par l\u2019entremise du ministre directeur du Cabinet civil de la pre\u0301sidence de la Re\u0301publique, Samuel ...\" \/>\n<meta property=\"og:url\" content=\"https:\/\/www.africa-press.net\/cameroun\/politique\/cameroun-paul-biya-decide-de-lorganisation-des-obseques-officielles-pour-joseph-owona\" \/>\n<meta property=\"og:site_name\" content=\"Cameroun\" \/>\n<meta property=\"article:published_time\" content=\"2024-02-10T12:46:24+00:00\" \/>\n<meta property=\"article:modified_time\" content=\"2024-02-12T13:04:33+00:00\" \/>\n<meta property=\"og:image\" content=\"https:\/\/static.africa-press.net\/cameroun\/sites\/57\/2024\/02\/sm_1707730361.592773.jpg\" \/>\n\t<meta property=\"og:image:width\" content=\"780\" \/>\n\t<meta property=\"og:image:height\" content=\"440\" \/>\n\t<meta property=\"og:image:type\" content=\"image\/jpeg\" \/>\n<meta name=\"author\" content=\"cfeditorfr\" \/>\n<meta name=\"twitter:card\" content=\"summary_large_image\" \/>\n<meta name=\"twitter:label1\" content=\"\u00c9crit par\" \/>\n\t<meta name=\"twitter:data1\" content=\"cfeditorfr\" \/>\n\t<meta name=\"twitter:label2\" content=\"Dur\u00e9e de lecture estim\u00e9e\" \/>\n\t<meta name=\"twitter:data2\" content=\"1 minute\" \/>\n<script type=\"application\/ld+json\" class=\"yoast-schema-graph\">{\"@context\":\"https:\/\/schema.org\",\"@graph\":[{\"@type\":\"Article\",\"@id\":\"https:\/\/www.africa-press.net\/cameroun\/politique\/cameroun-paul-biya-decide-de-lorganisation-des-obseques-officielles-pour-joseph-owona#article\",\"isPartOf\":{\"@id\":\"https:\/\/www.africa-press.net\/cameroun\/politique\/cameroun-paul-biya-decide-de-lorganisation-des-obseques-officielles-pour-joseph-owona\"},\"author\":{\"name\":\"cfeditorfr\",\"@id\":\"https:\/\/www.africa-press.net\/cameroun\/#\/schema\/person\/2b1cf3cd81a31e3cd26889ca66d677f1\"},\"headline\":\"Cameroun : Paul Biya d\u00e9cide de l\u2019organisation des obs\u00e8ques officielles pour Joseph Owona\",\"datePublished\":\"2024-02-10T12:46:24+00:00\",\"dateModified\":\"2024-02-12T13:04:33+00:00\",\"mainEntityOfPage\":{\"@id\":\"https:\/\/www.africa-press.net\/cameroun\/politique\/cameroun-paul-biya-decide-de-lorganisation-des-obseques-officielles-pour-joseph-owona\"},\"wordCount\":307,\"commentCount\":0,\"image\":{\"@id\":\"https:\/\/www.africa-press.net\/cameroun\/politique\/cameroun-paul-biya-decide-de-lorganisation-des-obseques-officielles-pour-joseph-owona#primaryimage\"},\"thumbnailUrl\":\"https:\/\/static.africa-press.net\/cameroun\/sites\/57\/2024\/02\/sm_1707730361.592773.jpg\",\"keywords\":[\"Africa Press\",\"Africa Press-Cameroun\",\"Cameroun\"],\"articleSection\":[\"Politique\",\"Toutes les actualit\u00e9s\"],\"inLanguage\":\"fr-FR\",\"potentialAction\":[{\"@type\":\"CommentAction\",\"name\":\"Comment\",\"target\":[\"https:\/\/www.africa-press.net\/cameroun\/politique\/cameroun-paul-biya-decide-de-lorganisation-des-obseques-officielles-pour-joseph-owona#respond\"]}]},{\"@type\":\"WebPage\",\"@id\":\"https:\/\/www.africa-press.net\/cameroun\/politique\/cameroun-paul-biya-decide-de-lorganisation-des-obseques-officielles-pour-joseph-owona\",\"url\":\"https:\/\/www.africa-press.net\/cameroun\/politique\/cameroun-paul-biya-decide-de-lorganisation-des-obseques-officielles-pour-joseph-owona\",\"name\":\"Cameroun : Paul Biya d\u00e9cide de l\u2019organisation des obs\u00e8ques officielles pour Joseph Owona - Cameroun\",\"isPartOf\":{\"@id\":\"https:\/\/www.africa-press.net\/cameroun\/#website\"},\"primaryImageOfPage\":{\"@id\":\"https:\/\/www.africa-press.net\/cameroun\/politique\/cameroun-paul-biya-decide-de-lorganisation-des-obseques-officielles-pour-joseph-owona#primaryimage\"},\"image\":{\"@id\":\"https:\/\/www.africa-press.net\/cameroun\/politique\/cameroun-paul-biya-decide-de-lorganisation-des-obseques-officielles-pour-joseph-owona#primaryimage\"},\"thumbnailUrl\":\"https:\/\/static.africa-press.net\/cameroun\/sites\/57\/2024\/02\/sm_1707730361.592773.jpg\",\"datePublished\":\"2024-02-10T12:46:24+00:00\",\"dateModified\":\"2024-02-12T13:04:33+00:00\",\"author\":{\"@id\":\"https:\/\/www.africa-press.net\/cameroun\/#\/schema\/person\/2b1cf3cd81a31e3cd26889ca66d677f1\"},\"description\":\"Le chef de l\u2019Etat par l\u2019entremise du ministre directeur du Cabinet civil de la pre\u0301sidence de la Re\u0301publique, Samuel ...\",\"breadcrumb\":{\"@id\":\"https:\/\/www.africa-press.net\/cameroun\/politique\/cameroun-paul-biya-decide-de-lorganisation-des-obseques-officielles-pour-joseph-owona#breadcrumb\"},\"inLanguage\":\"fr-FR\",\"potentialAction\":[{\"@type\":\"ReadAction\",\"target\":[\"https:\/\/www.africa-press.net\/cameroun\/politique\/cameroun-paul-biya-decide-de-lorganisation-des-obseques-officielles-pour-joseph-owona\"]}]},{\"@type\":\"ImageObject\",\"inLanguage\":\"fr-FR\",\"@id\":\"https:\/\/www.africa-press.net\/cameroun\/politique\/cameroun-paul-biya-decide-de-lorganisation-des-obseques-officielles-pour-joseph-owona#primaryimage\",\"url\":\"https:\/\/static.africa-press.net\/cameroun\/sites\/57\/2024\/02\/sm_1707730361.592773.jpg\",\"contentUrl\":\"https:\/\/static.africa-press.net\/cameroun\/sites\/57\/2024\/02\/sm_1707730361.592773.jpg\",\"width\":780,\"height\":440,\"caption\":\"Cameroun : Paul Biya d\u00e9cide de l\u2019organisation des obs\u00e8ques officielles pour Joseph Owona\"},{\"@type\":\"BreadcrumbList\",\"@id\":\"https:\/\/www.africa-press.net\/cameroun\/politique\/cameroun-paul-biya-decide-de-lorganisation-des-obseques-officielles-pour-joseph-owona#breadcrumb\",\"itemListElement\":[{\"@type\":\"ListItem\",\"position\":1,\"name\":\"Accueil\",\"item\":\"https:\/\/www.africa-press.net\/cameroun\/\"},{\"@type\":\"ListItem\",\"position\":2,\"name\":\"Cameroun : Paul Biya d\u00e9cide de l\u2019organisation des obs\u00e8ques officielles pour Joseph Owona\"}]},{\"@type\":\"WebSite\",\"@id\":\"https:\/\/www.africa-press.net\/cameroun\/#website\",\"url\":\"https:\/\/www.africa-press.net\/cameroun\/\",\"name\":\"Cameroun\",\"description\":\"Just another Africa News Agency Sites site\",\"potentialAction\":[{\"@type\":\"SearchAction\",\"target\":{\"@type\":\"EntryPoint\",\"urlTemplate\":\"https:\/\/www.africa-press.net\/cameroun\/?s={search_term_string}\"},\"query-input\":{\"@type\":\"PropertyValueSpecification\",\"valueRequired\":true,\"valueName\":\"search_term_string\"}}],\"inLanguage\":\"fr-FR\"},{\"@type\":\"Person\",\"@id\":\"https:\/\/www.africa-press.net\/cameroun\/#\/schema\/person\/2b1cf3cd81a31e3cd26889ca66d677f1\",\"name\":\"cfeditorfr\"}]}<\/script>\n<!-- \/ Yoast SEO Premium plugin. -->","yoast_head_json":{"title":"Cameroun : Paul Biya d\u00e9cide de l\u2019organisation des obs\u00e8ques officielles pour Joseph Owona - Cameroun","description":"Le chef de l\u2019Etat par l\u2019entremise du ministre directeur du Cabinet civil de la pre\u0301sidence de la Re\u0301publique, Samuel ...","robots":{"index":"index","follow":"follow","max-snippet":"max-snippet:-1","max-image-preview":"max-image-preview:large","max-video-preview":"max-video-preview:-1"},"canonical":"https:\/\/www.africa-press.net\/cameroun\/politique\/cameroun-paul-biya-decide-de-lorganisation-des-obseques-officielles-pour-joseph-owona","og_locale":"fr_FR","og_type":"article","og_title":"Cameroun : Paul Biya d\u00e9cide de l\u2019organisation des obs\u00e8ques officielles pour Joseph Owona","og_description":"Le chef de l\u2019Etat par l\u2019entremise du ministre directeur du Cabinet civil de la pre\u0301sidence de la Re\u0301publique, Samuel ...","og_url":"https:\/\/www.africa-press.net\/cameroun\/politique\/cameroun-paul-biya-decide-de-lorganisation-des-obseques-officielles-pour-joseph-owona","og_site_name":"Cameroun","article_published_time":"2024-02-10T12:46:24+00:00","article_modified_time":"2024-02-12T13:04:33+00:00","og_image":[{"width":780,"height":440,"url":"https:\/\/static.africa-press.net\/cameroun\/sites\/57\/2024\/02\/sm_1707730361.592773.jpg","type":"image\/jpeg"}],"author":"cfeditorfr","twitter_card":"summary_large_image","twitter_misc":{"\u00c9crit par":"cfeditorfr","Dur\u00e9e de lecture estim\u00e9e":"1 minute"},"schema":{"@context":"https:\/\/schema.org","@graph":[{"@type":"Article","@id":"https:\/\/www.africa-press.net\/cameroun\/politique\/cameroun-paul-biya-decide-de-lorganisation-des-obseques-officielles-pour-joseph-owona#article","isPartOf":{"@id":"https:\/\/www.africa-press.net\/cameroun\/politique\/cameroun-paul-biya-decide-de-lorganisation-des-obseques-officielles-pour-joseph-owona"},"author":{"name":"cfeditorfr","@id":"https:\/\/www.africa-press.net\/cameroun\/#\/schema\/person\/2b1cf3cd81a31e3cd26889ca66d677f1"},"headline":"Cameroun : Paul Biya d\u00e9cide de l\u2019organisation des obs\u00e8ques officielles pour Joseph Owona","datePublished":"2024-02-10T12:46:24+00:00","dateModified":"2024-02-12T13:04:33+00:00","mainEntityOfPage":{"@id":"https:\/\/www.africa-press.net\/cameroun\/politique\/cameroun-paul-biya-decide-de-lorganisation-des-obseques-officielles-pour-joseph-owona"},"wordCount":307,"commentCount":0,"image":{"@id":"https:\/\/www.africa-press.net\/cameroun\/politique\/cameroun-paul-biya-decide-de-lorganisation-des-obseques-officielles-pour-joseph-owona#primaryimage"},"thumbnailUrl":"https:\/\/static.africa-press.net\/cameroun\/sites\/57\/2024\/02\/sm_1707730361.592773.jpg","keywords":["Africa Press","Africa Press-Cameroun","Cameroun"],"articleSection":["Politique","Toutes les actualit\u00e9s"],"inLanguage":"fr-FR","potentialAction":[{"@type":"CommentAction","name":"Comment","target":["https:\/\/www.africa-press.net\/cameroun\/politique\/cameroun-paul-biya-decide-de-lorganisation-des-obseques-officielles-pour-joseph-owona#respond"]}]},{"@type":"WebPage","@id":"https:\/\/www.africa-press.net\/cameroun\/politique\/cameroun-paul-biya-decide-de-lorganisation-des-obseques-officielles-pour-joseph-owona","url":"https:\/\/www.africa-press.net\/cameroun\/politique\/cameroun-paul-biya-decide-de-lorganisation-des-obseques-officielles-pour-joseph-owona","name":"Cameroun : Paul Biya d\u00e9cide de l\u2019organisation des obs\u00e8ques officielles pour Joseph Owona - Cameroun","isPartOf":{"@id":"https:\/\/www.africa-press.net\/cameroun\/#website"},"primaryImageOfPage":{"@id":"https:\/\/www.africa-press.net\/cameroun\/politique\/cameroun-paul-biya-decide-de-lorganisation-des-obseques-officielles-pour-joseph-owona#primaryimage"},"image":{"@id":"https:\/\/www.africa-press.net\/cameroun\/politique\/cameroun-paul-biya-decide-de-lorganisation-des-obseques-officielles-pour-joseph-owona#primaryimage"},"thumbnailUrl":"https:\/\/static.africa-press.net\/cameroun\/sites\/57\/2024\/02\/sm_1707730361.592773.jpg","datePublished":"2024-02-10T12:46:24+00:00","dateModified":"2024-02-12T13:04:33+00:00","author":{"@id":"https:\/\/www.africa-press.net\/cameroun\/#\/schema\/person\/2b1cf3cd81a31e3cd26889ca66d677f1"},"description":"Le chef de l\u2019Etat par l\u2019entremise du ministre directeur du Cabinet civil de la pre\u0301sidence de la Re\u0301publique, Samuel ...","breadcrumb":{"@id":"https:\/\/www.africa-press.net\/cameroun\/politique\/cameroun-paul-biya-decide-de-lorganisation-des-obseques-officielles-pour-joseph-owona#breadcrumb"},"inLanguage":"fr-FR","potentialAction":[{"@type":"ReadAction","target":["https:\/\/www.africa-press.net\/cameroun\/politique\/cameroun-paul-biya-decide-de-lorganisation-des-obseques-officielles-pour-joseph-owona"]}]},{"@type":"ImageObject","inLanguage":"fr-FR","@id":"https:\/\/www.africa-press.net\/cameroun\/politique\/cameroun-paul-biya-decide-de-lorganisation-des-obseques-officielles-pour-joseph-owona#primaryimage","url":"https:\/\/static.africa-press.net\/cameroun\/sites\/57\/2024\/02\/sm_1707730361.592773.jpg","contentUrl":"https:\/\/static.africa-press.net\/cameroun\/sites\/57\/2024\/02\/sm_1707730361.592773.jpg","width":780,"height":440,"caption":"Cameroun : Paul Biya d\u00e9cide de l\u2019organisation des obs\u00e8ques officielles pour Joseph Owona"},{"@type":"BreadcrumbList","@id":"https:\/\/www.africa-press.net\/cameroun\/politique\/cameroun-paul-biya-decide-de-lorganisation-des-obseques-officielles-pour-joseph-owona#breadcrumb","itemListElement":[{"@type":"ListItem","position":1,"name":"Accueil","item":"https:\/\/www.africa-press.net\/cameroun\/"},{"@type":"ListItem","position":2,"name":"Cameroun : Paul Biya d\u00e9cide de l\u2019organisation des obs\u00e8ques officielles pour Joseph Owona"}]},{"@type":"WebSite","@id":"https:\/\/www.africa-press.net\/cameroun\/#website","url":"https:\/\/www.africa-press.net\/cameroun\/","name":"Cameroun","description":"Just another Africa News Agency Sites site","potentialAction":[{"@type":"SearchAction","target":{"@type":"EntryPoint","urlTemplate":"https:\/\/www.africa-press.net\/cameroun\/?s={search_term_string}"},"query-input":{"@type":"PropertyValueSpecification","valueRequired":true,"valueName":"search_term_string"}}],"inLanguage":"fr-FR"},{"@type":"Person","@id":"https:\/\/www.africa-press.net\/cameroun\/#\/schema\/person\/2b1cf3cd81a31e3cd26889ca66d677f1","name":"cfeditorfr"}]}},"_links":{"self":[{"href":"https:\/\/www.africa-press.net\/cameroun\/wp-json\/wp\/v2\/posts\/61311","targetHints":{"allow":["GET"]}}],"collection":[{"href":"https:\/\/www.africa-press.net\/cameroun\/wp-json\/wp\/v2\/posts"}],"about":[{"href":"https:\/\/www.africa-press.net\/cameroun\/wp-json\/wp\/v2\/types\/post"}],"author":[{"embeddable":true,"href":"https:\/\/www.africa-press.net\/cameroun\/wp-json\/wp\/v2\/users\/82"}],"replies":[{"embeddable":true,"href":"https:\/\/www.africa-press.net\/cameroun\/wp-json\/wp\/v2\/comments?post=61311"}],"version-history":[{"count":0,"href":"https:\/\/www.africa-press.net\/cameroun\/wp-json\/wp\/v2\/posts\/61311\/revisions"}],"wp:featuredmedia":[{"embeddable":true,"href":"https:\/\/www.africa-press.net\/cameroun\/wp-json\/wp\/v2\/media\/61309"}],"wp:attachment":[{"href":"https:\/\/www.africa-press.net\/cameroun\/wp-json\/wp\/v2\/media?parent=61311"}],"wp:term":[{"taxonomy":"category","embeddable":true,"href":"https:\/\/www.africa-press.net\/cameroun\/wp-json\/wp\/v2\/categories?post=61311"},{"taxonomy":"post_tag","embeddable":true,"href":"https:\/\/www.africa-press.net\/cameroun\/wp-json\/wp\/v2\/tags?post=61311"}],"curies":[{"name":"wp","href":"https:\/\/api.w.org\/{rel}","templated":true}]}}