{"id":61316,"date":"2024-02-10T12:46:40","date_gmt":"2024-02-10T12:46:40","guid":{"rendered":"https:\/\/www.africa-press.net\/cameroun\/politique\/qui-est-yvon-sana-bangui-le-nouveau-gouverneur-de-la-beac"},"modified":"2024-02-12T13:05:14","modified_gmt":"2024-02-12T13:05:14","slug":"qui-est-yvon-sana-bangui-le-nouveau-gouverneur-de-la-beac","status":"publish","type":"post","link":"https:\/\/www.africa-press.net\/cameroun\/economie\/qui-est-yvon-sana-bangui-le-nouveau-gouverneur-de-la-beac","title":{"rendered":"Qui est Yvon Sana Bangui le nouveau gouverneur de la BEAC ?"},"content":{"rendered":"<p><span style=\"color: #ff6600\"><strong>Africa-Press &#8211; Cameroun. <\/strong><\/span><b>Yvon Sana Bangui le nouveau gouverneur de la BEAC a e\u0301te\u0301 nomme\u0301 ce 9 fe\u0301vrier 2024 a\u0300 l\u2019issue d\u2019un sommet virtuel des chefs d\u2019E\u0301tat.<\/b><\/p>\n<p>Abbas Mahamat Tolli n\u2019est plus le gouverneur de la Beac. Le Tchadien a e\u0301te\u0301 remplace\u0301 ce vendredi 9 fe\u0301vrier 2024 sans grande surprise par le Centrafricain Yvon Sana Bangui. Respectant ainsi les statuts de l\u2019institution financie\u0300re.<\/p>\n<p>Car, selon les textes de la BEAC, \u00ab Le gouverneur de la Banque centrale est nomme\u0301 par la Confe\u0301rence des chefs d\u2019E\u0301tat de la Communaute\u0301 E\u0301conomique et Mone\u0301taire de l\u2019Afrique Centrale (Cemac), sur proposition du Comite\u0301 ministe\u0301riel de l\u2019Union Mone\u0301taire d\u2019Afrique centrale (Umac) et apre\u0300s avis conforme du Conseil d\u2019administration de la Beac statuant a\u0300 l\u2019unanimite\u0301 \u00bb.<\/p>\n<p><b>Qui est Sana Bangui ?<\/b><\/p>\n<p>Originaire de la Lobaye, dans le sud-ouest de la RCA, Yvon Sana Bangui, 50 ans, de\u0301bute comme inge\u0301nieur data pour un ope\u0301rateur de te\u0301le\u0301phonie, puis enseigne a\u0300 l\u2019Universite\u0301 de Bangui, avant de rejoindre la BEAC en 2005.<\/p>\n<p>A la Be\u0301ac, il de\u0301bute comme agent d\u2019encadrement supe\u0301rieur. Il va ensuite e\u0302tre chef de service du Centre de compe\u0301tence applicative et technique au sein de la direction de l\u2019informatique et des te\u0301le\u0301communications. Et enfin propulse\u0301 comme directeur des Syste\u0300mes d\u2019informations, une direction sensible pour une institution financie\u0300re sous-re\u0301gionale.<\/p>\n<p>L\u2019opinion de\u0301crit le nouveau gouverneur de la banque centrale de la sous-re\u0301gion comme un personnage rigoureux, qui pratique un management participatif. En 2021, il est promu Directeur central de la comptabilite\u0301, du budget et du contro\u0302le de gestion. A\u0300 ce titre, il est de fait, rapporteur de la Commission budge\u0301taire ge\u0301ne\u0301rale de l\u2019institution sous-re\u0301gionale; il devient ainsi l\u2019interlocuteur des deux organes de contro\u0302le qui sont: le Comite\u0301 d\u2019audit et le Colle\u0300ge des Censeurs.<\/p>\n<p>Au- dela\u0300 de ces multiples responsabilite\u0301s, Yvon Sana Bangui a souvent e\u0301te\u0301 appele\u0301 a\u0300 assurer l\u2019inte\u0301rim d\u2019autres fonctions: a\u0300 la Direction de l\u2019Emission mone\u0301taire et de la Circulation fiduciaire, a\u0300 celle des Syste\u0300mes et moyens de paiement, et parfois comme Directeur ge\u0301ne\u0301ral de l\u2019exploitation. C\u2019est donc un polyvalent capable des adaptations, qui connai\u0302t parfaitement la \u00ab maison Beac \u00bb.<\/p>\n<p><b>Projets<\/b><\/p>\n<p>Yvon Sana Bangui est par ailleurs responsable de divers projets structurants des re\u0301formes de la Beac au rang desquels on peut citer notamment: la gestion des comptes uniques des Tre\u0301sors nationaux ; la re\u0301forme de la programmation mone\u0301taire en zone Cemac; la refonte de la Centrale des risques bancaires de la Cemac et l\u2019e\u0301laboration d\u2019une strate\u0301gie re\u0301gionale d\u2019inclusion financie\u0300re et la mise en place d\u2019un dispositif de suivi et de promotion de l\u2019acce\u0300s aux services financiers dans la Cemac.<\/p>\n<p>Yvon Sana Bangui le nouveau gouverneur de la BEAC he\u0301rite d\u2019une institution en proie a\u0300 des tensions internes si on s\u2019en tient a\u0300 la dernie\u0300re lettre d\u2019Abbas Mahamat Tolli adresse\u0301e aux directeurs ge\u0301ne\u0301raux, vice-gouverneur et secre\u0301taire ge\u0301ne\u0301ral de l\u2019institution. Les membres de la gouvernance ont d\u2019ailleurs e\u0301te\u0301 solennellement e\u0301te\u0301 rappele\u0301s a\u0300 l\u2019ordre par les Chefs d\u2019Etat lors de la Confe\u0301rence extraordinaire ce 9 Fe\u0301vrier 2024.<\/p>\n<p>L\u2019ancien gouverneur d\u2019origine Tchadienne est pour sa part pressenti a\u0300 la Banque africaine de de\u0301veloppement.<\/p>\n<p><strong>Pour plus d&rsquo;informations et d&rsquo;analyses sur la <a href=\"https:\/\/www.africa-press.net\/cameroun\">Cameroun<\/a>, suivez <a href=\"https:\/\/www.africa-press.net\/\">Africa-Press<\/a><\/strong><\/p>\n","protected":false},"excerpt":{"rendered":"<p>Africa-Press &#8211; Cameroun. Yvon Sana Bangui le nouveau gouverneur de la BEAC a e\u0301te\u0301 nomme\u0301 ce 9 fe\u0301vrier 2024 a\u0300 l\u2019issue d\u2019un sommet virtuel des chefs d\u2019E\u0301tat. Abbas Mahamat Tolli n\u2019est plus le gouverneur de la Beac. Le Tchadien a e\u0301te\u0301 remplace\u0301 ce vendredi 9 fe\u0301vrier 2024 sans grande surprise par le Centrafricain Yvon Sana [&hellip;]<\/p>\n","protected":false},"author":82,"featured_media":61315,"comment_status":"open","ping_status":"closed","sticky":false,"template":"","format":"standard","meta":{"footnotes":""},"categories":[3,10],"tags":[36,50,49],"class_list":["post-61316","post","type-post","status-publish","format-standard","has-post-thumbnail","hentry","category-economie","category-toutes-les-actualites","tag-africa-press","tag-africa-press-cameroun","tag-cameroun"],"yoast_head":"<!-- This site is optimized with the Yoast SEO Premium plugin v26.1 (Yoast SEO v27.0) - https:\/\/yoast.com\/product\/yoast-seo-premium-wordpress\/ -->\n<title>Qui est Yvon Sana Bangui le nouveau gouverneur de la BEAC ? - Cameroun<\/title>\n<meta name=\"description\" content=\"Yvon Sana Bangui le nouveau gouverneur de la BEAC a e\u0301te\u0301 nomme\u0301 ce 9 fe\u0301vrier 2024 a\u0300 l\u2019issue d\u2019un sommet virtuel de ...\" \/>\n<meta name=\"robots\" content=\"index, follow, max-snippet:-1, max-image-preview:large, max-video-preview:-1\" \/>\n<link rel=\"canonical\" href=\"https:\/\/www.africa-press.net\/cameroun\/economie\/qui-est-yvon-sana-bangui-le-nouveau-gouverneur-de-la-beac\" \/>\n<meta property=\"og:locale\" content=\"fr_FR\" \/>\n<meta property=\"og:type\" content=\"article\" \/>\n<meta property=\"og:title\" content=\"Qui est Yvon Sana Bangui le nouveau gouverneur de la BEAC ?\" \/>\n<meta property=\"og:description\" content=\"Yvon Sana Bangui le nouveau gouverneur de la BEAC a e\u0301te\u0301 nomme\u0301 ce 9 fe\u0301vrier 2024 a\u0300 l\u2019issue d\u2019un sommet virtuel de ...\" \/>\n<meta property=\"og:url\" content=\"https:\/\/www.africa-press.net\/cameroun\/economie\/qui-est-yvon-sana-bangui-le-nouveau-gouverneur-de-la-beac\" \/>\n<meta property=\"og:site_name\" content=\"Cameroun\" \/>\n<meta property=\"article:published_time\" content=\"2024-02-10T12:46:40+00:00\" \/>\n<meta property=\"article:modified_time\" content=\"2024-02-12T13:05:14+00:00\" \/>\n<meta property=\"og:image\" content=\"https:\/\/static.africa-press.net\/cameroun\/sites\/57\/2024\/02\/sm_1707730393.722679.jpg\" \/>\n\t<meta property=\"og:image:width\" content=\"780\" \/>\n\t<meta property=\"og:image:height\" content=\"440\" \/>\n\t<meta property=\"og:image:type\" content=\"image\/jpeg\" \/>\n<meta name=\"author\" content=\"cfeditorfr\" \/>\n<meta name=\"twitter:card\" content=\"summary_large_image\" \/>\n<meta name=\"twitter:label1\" content=\"\u00c9crit par\" \/>\n\t<meta name=\"twitter:data1\" content=\"cfeditorfr\" \/>\n\t<meta name=\"twitter:label2\" content=\"Dur\u00e9e de lecture estim\u00e9e\" \/>\n\t<meta name=\"twitter:data2\" content=\"3 minutes\" \/>\n<script type=\"application\/ld+json\" class=\"yoast-schema-graph\">{\"@context\":\"https:\/\/schema.org\",\"@graph\":[{\"@type\":\"Article\",\"@id\":\"https:\/\/www.africa-press.net\/cameroun\/economie\/qui-est-yvon-sana-bangui-le-nouveau-gouverneur-de-la-beac#article\",\"isPartOf\":{\"@id\":\"https:\/\/www.africa-press.net\/cameroun\/economie\/qui-est-yvon-sana-bangui-le-nouveau-gouverneur-de-la-beac\"},\"author\":{\"name\":\"cfeditorfr\",\"@id\":\"https:\/\/www.africa-press.net\/cameroun\/#\/schema\/person\/2b1cf3cd81a31e3cd26889ca66d677f1\"},\"headline\":\"Qui est Yvon Sana Bangui le nouveau gouverneur de la BEAC ?\",\"datePublished\":\"2024-02-10T12:46:40+00:00\",\"dateModified\":\"2024-02-12T13:05:14+00:00\",\"mainEntityOfPage\":{\"@id\":\"https:\/\/www.africa-press.net\/cameroun\/economie\/qui-est-yvon-sana-bangui-le-nouveau-gouverneur-de-la-beac\"},\"wordCount\":617,\"commentCount\":0,\"image\":{\"@id\":\"https:\/\/www.africa-press.net\/cameroun\/economie\/qui-est-yvon-sana-bangui-le-nouveau-gouverneur-de-la-beac#primaryimage\"},\"thumbnailUrl\":\"https:\/\/static.africa-press.net\/cameroun\/sites\/57\/2024\/02\/sm_1707730393.722679.jpg\",\"keywords\":[\"Africa Press\",\"Africa Press-Cameroun\",\"Cameroun\"],\"articleSection\":[\"\u00c9conomie\",\"Toutes les actualit\u00e9s\"],\"inLanguage\":\"fr-FR\",\"potentialAction\":[{\"@type\":\"CommentAction\",\"name\":\"Comment\",\"target\":[\"https:\/\/www.africa-press.net\/cameroun\/economie\/qui-est-yvon-sana-bangui-le-nouveau-gouverneur-de-la-beac#respond\"]}]},{\"@type\":\"WebPage\",\"@id\":\"https:\/\/www.africa-press.net\/cameroun\/economie\/qui-est-yvon-sana-bangui-le-nouveau-gouverneur-de-la-beac\",\"url\":\"https:\/\/www.africa-press.net\/cameroun\/economie\/qui-est-yvon-sana-bangui-le-nouveau-gouverneur-de-la-beac\",\"name\":\"Qui est Yvon Sana Bangui le nouveau gouverneur de la BEAC ? - Cameroun\",\"isPartOf\":{\"@id\":\"https:\/\/www.africa-press.net\/cameroun\/#website\"},\"primaryImageOfPage\":{\"@id\":\"https:\/\/www.africa-press.net\/cameroun\/economie\/qui-est-yvon-sana-bangui-le-nouveau-gouverneur-de-la-beac#primaryimage\"},\"image\":{\"@id\":\"https:\/\/www.africa-press.net\/cameroun\/economie\/qui-est-yvon-sana-bangui-le-nouveau-gouverneur-de-la-beac#primaryimage\"},\"thumbnailUrl\":\"https:\/\/static.africa-press.net\/cameroun\/sites\/57\/2024\/02\/sm_1707730393.722679.jpg\",\"datePublished\":\"2024-02-10T12:46:40+00:00\",\"dateModified\":\"2024-02-12T13:05:14+00:00\",\"author\":{\"@id\":\"https:\/\/www.africa-press.net\/cameroun\/#\/schema\/person\/2b1cf3cd81a31e3cd26889ca66d677f1\"},\"description\":\"Yvon Sana Bangui le nouveau gouverneur de la BEAC a e\u0301te\u0301 nomme\u0301 ce 9 fe\u0301vrier 2024 a\u0300 l\u2019issue d\u2019un sommet virtuel de ...\",\"breadcrumb\":{\"@id\":\"https:\/\/www.africa-press.net\/cameroun\/economie\/qui-est-yvon-sana-bangui-le-nouveau-gouverneur-de-la-beac#breadcrumb\"},\"inLanguage\":\"fr-FR\",\"potentialAction\":[{\"@type\":\"ReadAction\",\"target\":[\"https:\/\/www.africa-press.net\/cameroun\/economie\/qui-est-yvon-sana-bangui-le-nouveau-gouverneur-de-la-beac\"]}]},{\"@type\":\"ImageObject\",\"inLanguage\":\"fr-FR\",\"@id\":\"https:\/\/www.africa-press.net\/cameroun\/economie\/qui-est-yvon-sana-bangui-le-nouveau-gouverneur-de-la-beac#primaryimage\",\"url\":\"https:\/\/static.africa-press.net\/cameroun\/sites\/57\/2024\/02\/sm_1707730393.722679.jpg\",\"contentUrl\":\"https:\/\/static.africa-press.net\/cameroun\/sites\/57\/2024\/02\/sm_1707730393.722679.jpg\",\"width\":780,\"height\":440,\"caption\":\"Qui est Yvon Sana Bangui le nouveau gouverneur de la BEAC ?\"},{\"@type\":\"BreadcrumbList\",\"@id\":\"https:\/\/www.africa-press.net\/cameroun\/economie\/qui-est-yvon-sana-bangui-le-nouveau-gouverneur-de-la-beac#breadcrumb\",\"itemListElement\":[{\"@type\":\"ListItem\",\"position\":1,\"name\":\"Accueil\",\"item\":\"https:\/\/www.africa-press.net\/cameroun\/\"},{\"@type\":\"ListItem\",\"position\":2,\"name\":\"Qui est Yvon Sana Bangui le nouveau gouverneur de la BEAC ?\"}]},{\"@type\":\"WebSite\",\"@id\":\"https:\/\/www.africa-press.net\/cameroun\/#website\",\"url\":\"https:\/\/www.africa-press.net\/cameroun\/\",\"name\":\"Cameroun\",\"description\":\"Just another Africa News Agency Sites site\",\"potentialAction\":[{\"@type\":\"SearchAction\",\"target\":{\"@type\":\"EntryPoint\",\"urlTemplate\":\"https:\/\/www.africa-press.net\/cameroun\/?s={search_term_string}\"},\"query-input\":{\"@type\":\"PropertyValueSpecification\",\"valueRequired\":true,\"valueName\":\"search_term_string\"}}],\"inLanguage\":\"fr-FR\"},{\"@type\":\"Person\",\"@id\":\"https:\/\/www.africa-press.net\/cameroun\/#\/schema\/person\/2b1cf3cd81a31e3cd26889ca66d677f1\",\"name\":\"cfeditorfr\"}]}<\/script>\n<!-- \/ Yoast SEO Premium plugin. -->","yoast_head_json":{"title":"Qui est Yvon Sana Bangui le nouveau gouverneur de la BEAC ? - Cameroun","description":"Yvon Sana Bangui le nouveau gouverneur de la BEAC a e\u0301te\u0301 nomme\u0301 ce 9 fe\u0301vrier 2024 a\u0300 l\u2019issue d\u2019un sommet virtuel de ...","robots":{"index":"index","follow":"follow","max-snippet":"max-snippet:-1","max-image-preview":"max-image-preview:large","max-video-preview":"max-video-preview:-1"},"canonical":"https:\/\/www.africa-press.net\/cameroun\/economie\/qui-est-yvon-sana-bangui-le-nouveau-gouverneur-de-la-beac","og_locale":"fr_FR","og_type":"article","og_title":"Qui est Yvon Sana Bangui le nouveau gouverneur de la BEAC ?","og_description":"Yvon Sana Bangui le nouveau gouverneur de la BEAC a e\u0301te\u0301 nomme\u0301 ce 9 fe\u0301vrier 2024 a\u0300 l\u2019issue d\u2019un sommet virtuel de ...","og_url":"https:\/\/www.africa-press.net\/cameroun\/economie\/qui-est-yvon-sana-bangui-le-nouveau-gouverneur-de-la-beac","og_site_name":"Cameroun","article_published_time":"2024-02-10T12:46:40+00:00","article_modified_time":"2024-02-12T13:05:14+00:00","og_image":[{"width":780,"height":440,"url":"https:\/\/static.africa-press.net\/cameroun\/sites\/57\/2024\/02\/sm_1707730393.722679.jpg","type":"image\/jpeg"}],"author":"cfeditorfr","twitter_card":"summary_large_image","twitter_misc":{"\u00c9crit par":"cfeditorfr","Dur\u00e9e de lecture estim\u00e9e":"3 minutes"},"schema":{"@context":"https:\/\/schema.org","@graph":[{"@type":"Article","@id":"https:\/\/www.africa-press.net\/cameroun\/economie\/qui-est-yvon-sana-bangui-le-nouveau-gouverneur-de-la-beac#article","isPartOf":{"@id":"https:\/\/www.africa-press.net\/cameroun\/economie\/qui-est-yvon-sana-bangui-le-nouveau-gouverneur-de-la-beac"},"author":{"name":"cfeditorfr","@id":"https:\/\/www.africa-press.net\/cameroun\/#\/schema\/person\/2b1cf3cd81a31e3cd26889ca66d677f1"},"headline":"Qui est Yvon Sana Bangui le nouveau gouverneur de la BEAC ?","datePublished":"2024-02-10T12:46:40+00:00","dateModified":"2024-02-12T13:05:14+00:00","mainEntityOfPage":{"@id":"https:\/\/www.africa-press.net\/cameroun\/economie\/qui-est-yvon-sana-bangui-le-nouveau-gouverneur-de-la-beac"},"wordCount":617,"commentCount":0,"image":{"@id":"https:\/\/www.africa-press.net\/cameroun\/economie\/qui-est-yvon-sana-bangui-le-nouveau-gouverneur-de-la-beac#primaryimage"},"thumbnailUrl":"https:\/\/static.africa-press.net\/cameroun\/sites\/57\/2024\/02\/sm_1707730393.722679.jpg","keywords":["Africa Press","Africa Press-Cameroun","Cameroun"],"articleSection":["\u00c9conomie","Toutes les actualit\u00e9s"],"inLanguage":"fr-FR","potentialAction":[{"@type":"CommentAction","name":"Comment","target":["https:\/\/www.africa-press.net\/cameroun\/economie\/qui-est-yvon-sana-bangui-le-nouveau-gouverneur-de-la-beac#respond"]}]},{"@type":"WebPage","@id":"https:\/\/www.africa-press.net\/cameroun\/economie\/qui-est-yvon-sana-bangui-le-nouveau-gouverneur-de-la-beac","url":"https:\/\/www.africa-press.net\/cameroun\/economie\/qui-est-yvon-sana-bangui-le-nouveau-gouverneur-de-la-beac","name":"Qui est Yvon Sana Bangui le nouveau gouverneur de la BEAC ? - Cameroun","isPartOf":{"@id":"https:\/\/www.africa-press.net\/cameroun\/#website"},"primaryImageOfPage":{"@id":"https:\/\/www.africa-press.net\/cameroun\/economie\/qui-est-yvon-sana-bangui-le-nouveau-gouverneur-de-la-beac#primaryimage"},"image":{"@id":"https:\/\/www.africa-press.net\/cameroun\/economie\/qui-est-yvon-sana-bangui-le-nouveau-gouverneur-de-la-beac#primaryimage"},"thumbnailUrl":"https:\/\/static.africa-press.net\/cameroun\/sites\/57\/2024\/02\/sm_1707730393.722679.jpg","datePublished":"2024-02-10T12:46:40+00:00","dateModified":"2024-02-12T13:05:14+00:00","author":{"@id":"https:\/\/www.africa-press.net\/cameroun\/#\/schema\/person\/2b1cf3cd81a31e3cd26889ca66d677f1"},"description":"Yvon Sana Bangui le nouveau gouverneur de la BEAC a e\u0301te\u0301 nomme\u0301 ce 9 fe\u0301vrier 2024 a\u0300 l\u2019issue d\u2019un sommet virtuel de ...","breadcrumb":{"@id":"https:\/\/www.africa-press.net\/cameroun\/economie\/qui-est-yvon-sana-bangui-le-nouveau-gouverneur-de-la-beac#breadcrumb"},"inLanguage":"fr-FR","potentialAction":[{"@type":"ReadAction","target":["https:\/\/www.africa-press.net\/cameroun\/economie\/qui-est-yvon-sana-bangui-le-nouveau-gouverneur-de-la-beac"]}]},{"@type":"ImageObject","inLanguage":"fr-FR","@id":"https:\/\/www.africa-press.net\/cameroun\/economie\/qui-est-yvon-sana-bangui-le-nouveau-gouverneur-de-la-beac#primaryimage","url":"https:\/\/static.africa-press.net\/cameroun\/sites\/57\/2024\/02\/sm_1707730393.722679.jpg","contentUrl":"https:\/\/static.africa-press.net\/cameroun\/sites\/57\/2024\/02\/sm_1707730393.722679.jpg","width":780,"height":440,"caption":"Qui est Yvon Sana Bangui le nouveau gouverneur de la BEAC ?"},{"@type":"BreadcrumbList","@id":"https:\/\/www.africa-press.net\/cameroun\/economie\/qui-est-yvon-sana-bangui-le-nouveau-gouverneur-de-la-beac#breadcrumb","itemListElement":[{"@type":"ListItem","position":1,"name":"Accueil","item":"https:\/\/www.africa-press.net\/cameroun\/"},{"@type":"ListItem","position":2,"name":"Qui est Yvon Sana Bangui le nouveau gouverneur de la BEAC ?"}]},{"@type":"WebSite","@id":"https:\/\/www.africa-press.net\/cameroun\/#website","url":"https:\/\/www.africa-press.net\/cameroun\/","name":"Cameroun","description":"Just another Africa News Agency Sites site","potentialAction":[{"@type":"SearchAction","target":{"@type":"EntryPoint","urlTemplate":"https:\/\/www.africa-press.net\/cameroun\/?s={search_term_string}"},"query-input":{"@type":"PropertyValueSpecification","valueRequired":true,"valueName":"search_term_string"}}],"inLanguage":"fr-FR"},{"@type":"Person","@id":"https:\/\/www.africa-press.net\/cameroun\/#\/schema\/person\/2b1cf3cd81a31e3cd26889ca66d677f1","name":"cfeditorfr"}]}},"_links":{"self":[{"href":"https:\/\/www.africa-press.net\/cameroun\/wp-json\/wp\/v2\/posts\/61316","targetHints":{"allow":["GET"]}}],"collection":[{"href":"https:\/\/www.africa-press.net\/cameroun\/wp-json\/wp\/v2\/posts"}],"about":[{"href":"https:\/\/www.africa-press.net\/cameroun\/wp-json\/wp\/v2\/types\/post"}],"author":[{"embeddable":true,"href":"https:\/\/www.africa-press.net\/cameroun\/wp-json\/wp\/v2\/users\/82"}],"replies":[{"embeddable":true,"href":"https:\/\/www.africa-press.net\/cameroun\/wp-json\/wp\/v2\/comments?post=61316"}],"version-history":[{"count":0,"href":"https:\/\/www.africa-press.net\/cameroun\/wp-json\/wp\/v2\/posts\/61316\/revisions"}],"wp:featuredmedia":[{"embeddable":true,"href":"https:\/\/www.africa-press.net\/cameroun\/wp-json\/wp\/v2\/media\/61315"}],"wp:attachment":[{"href":"https:\/\/www.africa-press.net\/cameroun\/wp-json\/wp\/v2\/media?parent=61316"}],"wp:term":[{"taxonomy":"category","embeddable":true,"href":"https:\/\/www.africa-press.net\/cameroun\/wp-json\/wp\/v2\/categories?post=61316"},{"taxonomy":"post_tag","embeddable":true,"href":"https:\/\/www.africa-press.net\/cameroun\/wp-json\/wp\/v2\/tags?post=61316"}],"curies":[{"name":"wp","href":"https:\/\/api.w.org\/{rel}","templated":true}]}}