{"id":61324,"date":"2024-02-12T12:47:06","date_gmt":"2024-02-12T12:47:06","guid":{"rendered":"https:\/\/www.africa-press.net\/cameroun\/politique\/jacques-jonathan-nyemb-jai-ete-confronte-a-la-complexite-de-perpetuer-un-heritage-tout-en-le-fructifiant"},"modified":"2024-02-12T13:06:11","modified_gmt":"2024-02-12T13:06:11","slug":"jacques-jonathan-nyemb-jai-ete-confronte-a-la-complexite-de-perpetuer-un-heritage-tout-en-le-fructifiant","status":"publish","type":"post","link":"https:\/\/www.africa-press.net\/cameroun\/economie\/jacques-jonathan-nyemb-jai-ete-confronte-a-la-complexite-de-perpetuer-un-heritage-tout-en-le-fructifiant","title":{"rendered":"Jacques Jonathan Nyemb : \u00ab J\u2019ai \u00e9t\u00e9 confront\u00e9 \u00e0 la complexit\u00e9 de perp\u00e9tuer un h\u00e9ritage tout en le fructifiant \u00bb"},"content":{"rendered":"<p><span style=\"color: #ff6600\"><strong>Africa-Press &#8211; Cameroun. <\/strong><\/span><b>(Investir au Cameroun) &#8211; Ce 11 fe\u0301vrier 2024, le Cameroun ce\u0301le\u0300bre la 58e e\u0301dition de la fe\u0302te nationale de la jeune sur le the\u0300me: \u00ab Jeunesse, import-substitution et patriotisme e\u0301conomique pour le progre\u0300s du Cameroun \u00bb. A\u0300 l\u2019occasion, Investir au Cameroun a entrepris de donner la parole a\u0300 quelques jeunes. Place a\u0300 Jacques Jonathan Nyemb. A\u0300 biento\u0302t 36 ans, l\u2019ancien porte-parole du patronat camerounais est<\/b> <b>une figure marquante de la jeunesse camerounaise. Il partage son analyse<\/b> <b>des de\u0301fis et opportunite\u0301s de sa ge\u0301ne\u0301ration.<\/b><br \/>\n<b>Investir au Cameroun: Que signifie pour vous e\u0302tre un jeune camerounais aujourd\u2019hui, en particulier apre\u0300s vos e\u0301tudes a\u0300 Harvard et votre choix de revenir au Cameroun pour prendre la te\u0302te de l\u2019entreprise familiale ?<\/b><br \/>\n<b>Jacques Jonathan Nyemb:<\/b> E\u0302tre jeune et Camerounais, pour moi, c\u2019est avant tout incarner les valeurs transmises par ma famille: le patriotisme, la que\u0302te de l\u2019excellence et l\u2019importance du partage. Ces principes m\u2019ont guide\u0301 dans mon parcours, de Harvard jusqu\u2019a\u0300 la de\u0301cision de revenir au Cameroun. Je ressens profonde\u0301ment le devoir de m\u2019engager, de combattre la me\u0301diocrite\u0301 et de redonner espoir a\u0300 notre jeunesse. C\u2019est en impliquant activement cette jeunesse, qui repre\u0301sente pre\u0300s de 66% de notre population, que nous pourrons re\u0301ellement transformer notre pays.<\/p>\n<p>Mon engagement est aussi nourri par une conviction: nous vivons une e\u0301poque de changements majeurs, et c\u2019est en Afrique que se dessineront les contours d\u2019un avenir plus durable. La jeunesse camerounaise a un ro\u0302le crucial a\u0300 jouer dans la construction de ce nouvel avenir, un monde ou\u0300 le respect de la nature et des e\u0302tres vivants est central.<\/p>\n<p>Je ressens profonde\u0301ment le devoir de m\u2019engager, de combattre la me\u0301diocrite\u0301 et de redonner espoir a\u0300 notre jeunesse. C\u2019est en impliquant activement cette jeunesse, qui repre\u0301sente pre\u0300s de 66% de notre population, que nous pourrons re\u0301ellement transformer notre pays.<\/p>\n<p>Enfin, mon expe\u0301rience internationale m\u2019a appris l\u2019importance de l\u2019agilite\u0301 et de l\u2019innovation. Pour apporter un changement durable, il est essentiel de favoriser l\u2019apprentissage continu, la cre\u0301ativite\u0301 et l\u2019e\u0301laboration de nouvelles solutions pour une socie\u0301te\u0301 plus inclusive et solidaire. Une opportunite\u0301 unique se pre\u0301sente a\u0300 la jeunesse africaine, et la jeunesse camerounaise, reconnue pour son inge\u0301niosite\u0301, doit saisir cette chance. Il est temps de mettre en avant une jeunesse camerounaise apprenante, engage\u0301e et patriote, pre\u0302te a\u0300 jouer un ro\u0302le de premier plan dans la renaissance africaine.<\/p>\n<p><b>Investir au Cameroun: Face a\u0300 ceux qui pensent que votre chemin a e\u0301te\u0301 pave\u0301 de facilite\u0301s, comment re\u0301agissez-vous ? Quels ont e\u0301te\u0301 vos de\u0301fis majeurs lorsque vous avez repris l\u2019entreprise familiale au Cameroun<\/b> <b>et comment les avez-vous surmonte\u0301s ?<\/b><br \/>\n<b>Jacques Jonathan Nyemb<\/b>: Je suis profonde\u0301ment reconnaissant envers ma famille et mon pays pour les valeurs et les opportunite\u0301s qu\u2019ils m\u2019ont offertes. Cependant, cette reconnaissance s\u2019accompagne d\u2019une double responsabilite\u0301: re\u0301ussir et transmettre. Comme le dit le proverbe, \u00ab nous n\u2019he\u0301ritons pas de la terre de nos ance\u0302tres, nous l\u2019empruntons a\u0300 nos enfants \u00bb. Cette philosophie guide mon engagement quotidien.<\/p>\n<p>En reprenant l\u2019entreprise familiale, j\u2019ai e\u0301te\u0301 confronte\u0301 a\u0300 la complexite\u0301 de perpe\u0301tuer un he\u0301ritage tout en le fructifiant. Je veux de\u0301montrer que pe\u0301renniser une entreprise familiale peut e\u0302tre un succe\u0300s au Cameroun. Cette ambition m\u2019a amene\u0301 a\u0300 renforcer mon e\u0301thique professionnelle dans un contexte de de\u0301fiance profonde envers le droit et de me\u0301fiance grandissante envers la justice.<\/p>\n<p>Plus que jamais, je suis convaincu de l\u2019importance de mettre notre re\u0301silience, notre \u00ab Hemle\u0300 \u00bb national, non plus seulement au service de notre survie individuelle, mais surtout du bien-e\u0302tre collectif de tous les Camerounais. C\u2019est en relevant ces de\u0301fis avec courage, e\u0301thique et cre\u0301ativite\u0301 que j\u2019aspire a\u0300 contribuer a\u0300 la transformation de notre pays.<\/p>\n<p><b>Investir au Cameroun: En tant que dirigeant d\u2019un des plus importants cabinets d\u2019avocats d\u2019affaires au Cameroun, quels sont les de\u0301fis et opportunite\u0301s que cela repre\u0301sente ? Quelles actions votre cabinet a-t-il entreprises pour impacter positivement le climat des affaires dans le pays ?<\/b><\/p>\n<p>Jacques Jonathan Nyemb: Diriger un cabinet d\u2019avocats d\u2019affaires de cette envergure est a\u0300 la fois un de\u0301fi et une opportunite\u0301 unique d\u2019influencer positivement notre environnement e\u0301conomique. Depuis plus de dix ans, nous nous investissons activement dans la formation juridique. Gra\u0302ce a\u0300 notre collaboration avec l\u2019Universite\u0301 catholique d\u2019Afrique centrale (Ucac), nous avons forme\u0301 plus de trente stagiaires, dont beaucoup sont devenus des professionnels reconnus. Nous proposons re\u0301gulie\u0300rement des cours et ateliers a\u0300 l\u2019universite\u0301, couvrant des sujets varie\u0301s comme la ne\u0301gociation d\u2019affaires ou la gouvernance d\u2019entreprise, et soutenons les clubs e\u0301tudiants pour de\u0301velopper leurs compe\u0301tences en art oratoire et recherche scientifique. Actuellement, nous \u0153uvrons a\u0300 la cre\u0301ation d\u2019un laboratoire en droit des affaires au sein de l\u2019Ucac, qui offrira aux e\u0301tudiants une expe\u0301rience professionnelle concre\u0300te gra\u0302ce a\u0300 des cliniques juridiques.<\/p>\n<p>En paralle\u0300le, notre cabinet a toujours valorise\u0301 la pratique pro-bono. Depuis 1996, nous offrons des services juridiques gratuits ou a\u0300 faible cou\u0302t, notamment aux startups innovantes, en particulier dans le secteur de la fintech. Cette initiative vise a\u0300 soutenir l\u2019inclusion financie\u0300re et a\u0300 promouvoir des pratiques entrepreneuriales responsables et exemplaires.<\/p>\n<p>Il est crucial de saisir cette opportunite\u0301 pour re\u0301orienter notre mode\u0300le e\u0301conomique vers une industrialisation plus collaborative, circulaire et e\u0301cologique. Le secteur prive\u0301 doit jouer un ro\u0302le central dans la cre\u0301ation de chai\u0302nes de valeur endoge\u0300nes, inclusives et inte\u0301gre\u0301es a\u0300 l\u2019e\u0301conomie mondiale.<\/p>\n<p>Nous jouons e\u0301galement un ro\u0302le actif au sein de diverses organisations patronales, essentielles pour ame\u0301liorer le climat des affaires au Cameroun. Au sein du Gicam, nous avons participe\u0301 a\u0300 l\u2019e\u0301laboration du premier Code de bonne gouvernance des entreprises d\u2019Afrique centrale, et j\u2019ai eu l\u2019honneur de pre\u0301sider la Taskforce de\u0301die\u0301e a\u0300 ce projet. Plus re\u0301cemment, nous avons apporte\u0301 notre expertise a\u0300 la cre\u0301ation de la Chambre de commerce europe\u0301enne au Cameroun (Eurocham), de manie\u0300re be\u0301ne\u0301vole.<\/p>\n<p>Notre cabinet est donc profonde\u0301ment engage\u0301 dans la transformation e\u0301conomique du Cameroun, avec une approche citoyenne. Nous sommes re\u0301gulie\u0300rement sollicite\u0301s par des organisations internationales et des entite\u0301s publiques pour contribuer a\u0300 l\u2019e\u0301laboration de plaidoyers et proposer des re\u0301formes pertinentes pour la re\u0301gion de l\u2019Afrique centrale.<\/p>\n<p><b>Investir au Cameroun: Pouvez-vous nous parler de l\u2019impact de votre organisation \u00ab The Okwelians \u00bb sur le leadership des jeunes Camerounais et partager un exemple de succe\u0300s qui illustre comment elle contribue a\u0300 fac\u0327onner l\u2019avenir du pays ?<\/b><\/p>\n<p>Jacques Jonathan Nyemb: Fonde\u0301 en 2020, The Okwelians (tire\u0301 du verbe okwele en duala, qui signifie apprendre) est un Think Do Tank de\u0301die\u0301 a\u0300 l\u2019innovation sociale au Cameroun. Notre mission est de transformer la jeunesse en un acteur cle\u0301 de la transformation durable du pays, en luttant contre la marginalisation, la pauvrete\u0301 et le sous-emploi. Aujourd\u2019hui, The Okwelians rassemble une communaute\u0301 dynamique de plus de 2000 membres re\u0301partis sur quatre continents, tous engage\u0301s a\u0300 ba\u0302tir un Cameroun fier, prospe\u0300re et solidaire.<\/p>\n<p>Chaque anne\u0301e, nous formons environ 250 jeunes leaders a\u0300 travers nos programmes d\u2019excellence, visant a\u0300 cre\u0301er une ge\u0301ne\u0301ration de de\u0301cideurs publics et prive\u0301s pour le Cameroun de demain. Notre laboratoire d\u2019ide\u0301es, s\u2019appuyant sur la recherche-action, re\u0301unit plus de soixante experts pour de\u0301velopper un nouveau paradigme socie\u0301tal axe\u0301 sur la bonne gouvernance, la transformation e\u0301conomique et la cohe\u0301sion sociale. Nos travaux re\u0301cents couvrent des domaines varie\u0301s tels que les villes durables, la concertation communale, le Made in Cameroon, la refondation du patronat, l\u2019employabilite\u0301 des jeunes, la couverture sante\u0301 universelle et le renouvellement du pacte social camerounais.<\/p>\n<p>Un exemple marquant de notre impact est notre engagement dans la transition e\u0301cologique. Nous avons mobilise\u0301 plus de 3000 acteurs publics et prive\u0301s et sensibilise\u0301 pre\u0300s de trois millions de citoyens a\u0300 cette cause. Plus re\u0301cemment, nous avons aide\u0301 plus de 150 agripreneuses a\u0300 structurer une chai\u0302ne de valeurs durable dans la filie\u0300re manioc. Nous aspirons e\u0301galement a\u0300 e\u0301tablir l\u2019Institut Afrique Europe pour l\u2019innovation verte, positionnant ainsi le Cameroun comme un leader mondial en matie\u0300re d\u2019innovation verte.<\/p>\n<p>Notre vision a\u0300 court terme est d\u2019investir davantage le de\u0301bat public pour influencer l\u2019agenda de transformation durable du Cameroun, affirmant ainsi notre ro\u0302le dans la construction d\u2019un avenir meilleur pour notre pays.<\/p>\n<p><b>Investir au Cameroun: Dans le contexte actuel de hausse des prix et des de\u0301fis e\u0301conomiques, notamment la re\u0301cente augmentation du prix du carburant, quel ro\u0302le attribuez-vous au secteur prive\u0301 et spe\u0301cifiquement au patronat pour naviguer et atte\u0301nuer ces de\u0301fis au Cameroun ?<\/b><\/p>\n<p>Jacques Jonathan Nyemb: Nous vivons une pe\u0301riode de mutations ge\u0301opolitiques et e\u0301conomiques sans pre\u0301ce\u0301dent, et l\u2019Afrique, en particulier le Cameroun, ressent fortement ces turbulences. Face a\u0300 cela, il est crucial de saisir cette opportunite\u0301 pour re\u0301orienter notre mode\u0300le e\u0301conomique vers une industrialisation plus collaborative, circulaire et e\u0301cologique.<\/p>\n<p>La crise financie\u0300re de 2008 a souligne\u0301 la ne\u0301cessite\u0301 d\u2019e\u0301voluer d\u2019un E\u0301tat tout-puissant vers un E\u0301tat strate\u0300ge et facilitateur. Dans ce contexte, le secteur prive\u0301 doit jouer un ro\u0302le central dans la cre\u0301ation de chai\u0302nes de valeur endoge\u0300nes, inclusives et inte\u0301gre\u0301es a\u0300 l\u2019e\u0301conomie mondiale.<\/p>\n<p>La diaspora, en tant qu\u2019ambassadrice des patrimoines et savoir-faire camerounais, peut grandement contribuer au rayonnement du Cameroun sur la sce\u0300ne internationale. Il est temps de libe\u0301rer le potentiel du Cameroun en engageant des transformations concre\u0300tes, et cela ne peut se faire sans l\u2019apport de toutes ses forces vives, y compris notre diaspora.<\/p>\n<p>Pour le Cameroun, cela implique de repenser le dialogue entre le secteur public et prive\u0301. Il est essentiel d\u2019e\u0301tablir un cadre de dialogue permanent, inclusif et concerte\u0301, ou\u0300 le secteur prive\u0301 participe activement a\u0300 la de\u0301finition, l\u2019e\u0301laboration, la mise en \u0153uvre et l\u2019e\u0301valuation des politiques publiques. Paralle\u0300lement, une restructuration du secteur prive\u0301 est ne\u0301cessaire, incluant une refondation du patronat, voire une refondation syndicale au sens large.<\/p>\n<p>Je suis convaincu que c\u2019est en adoptant cette approche que le Cameroun pourra s\u2019e\u0301tablir comme une puissance agro-industrielle de premier plan en Afrique et dans le monde. Cela ne\u0301cessite une vision strate\u0301gique claire, une collaboration e\u0301troite entre les secteurs public et prive\u0301, et une politique ambitieuse en matie\u0300re de formation, de recherche et d\u2019innovation.<\/p>\n<p><b>Investir au Cameroun: En tant qu\u2019ancien membre de la diaspora \u00ab utile \u00bb, quelle est votre vision pour renforcer les liens entre la diaspora africaine et le continent, et comment cela se manifeste-t-il dans votre travail au Cameroun ?<\/b><\/p>\n<p>Jacques Jonathan Nyemb: La diaspora a toujours e\u0301te\u0301 une ressource pre\u0301cieuse pour les pays en de\u0301veloppement, et le Cameroun ne fait pas exception. Repre\u0301sentant environ 15% de notre population, avec une tendance a\u0300 l\u2019augmentation, la diaspora camerounaise joue un ro\u0302le crucial dans la transformation sociale, culturelle, e\u0301conomique et politique du pays.<\/p>\n<p>En co-fondant des organisations comme Oser l\u2019Afrique, African Business Lawyers\u2019 Club et l\u2019Association des juristes camerounais de France, j\u2019ai pu constater l\u2019importance de plateformes structure\u0301es pour mobiliser l\u2019engagement des diasporas africaines. Ces plateformes, en collaboration avec les acteurs locaux, sont essentielles pour inte\u0301grer la diaspora dans le tissu social et e\u0301conomique camerounais.<\/p>\n<p>L\u2019inclusion institutionnalise\u0301e de la diaspora est fondamentale pour son implication dans la transformation du Cameroun, notamment sur le plan e\u0301conomique. Il est vital d\u2019orienter les ressources techniques et financie\u0300res de la diaspora vers des initiatives productives, par l\u2019investissement, l\u2019emploi et l\u2019entrepreneuriat. Cela devrait e\u0302tre une priorite\u0301 pour les de\u0301cideurs du pays, avec la mise en place de politiques, programmes et mesures adapte\u0301s.<\/p>\n<p>Par ailleurs, la diaspora, en tant qu\u2019ambassadrice des patrimoines et savoir-faire camerounais, peut grandement contribuer au rayonnement du Cameroun sur la sce\u0300ne internationale. Exploiter ce potentiel ouvrirait de nouvelles voies de coope\u0301ration de\u0301centralise\u0301e, patronale et non-e\u0301tatique au sens large. Il est temps de libe\u0301rer le potentiel du Cameroun en engageant des transformations concre\u0300tes, et cela ne peut se faire sans l\u2019apport de toutes ses forces vives, y compris notre diaspora.<\/p>\n<p><b>Interview re\u0301alise\u0301e par Idriss Linge<\/b><\/p>\n<p><strong>Pour plus d&rsquo;informations et d&rsquo;analyses sur la <a href=\"https:\/\/www.africa-press.net\/cameroun\">Cameroun<\/a>, suivez <a href=\"https:\/\/www.africa-press.net\/\">Africa-Press<\/a><\/strong><\/p>\n","protected":false},"excerpt":{"rendered":"<p>Africa-Press &#8211; Cameroun. (Investir au Cameroun) &#8211; Ce 11 fe\u0301vrier 2024, le Cameroun ce\u0301le\u0300bre la 58e e\u0301dition de la fe\u0302te nationale de la jeune sur le the\u0300me: \u00ab Jeunesse, import-substitution et patriotisme e\u0301conomique pour le progre\u0300s du Cameroun \u00bb. A\u0300 l\u2019occasion, Investir au Cameroun a entrepris de donner la parole a\u0300 quelques jeunes. Place a\u0300 [&hellip;]<\/p>\n","protected":false},"author":82,"featured_media":61323,"comment_status":"open","ping_status":"closed","sticky":false,"template":"","format":"standard","meta":{"footnotes":""},"categories":[3,10],"tags":[36,50,49],"class_list":["post-61324","post","type-post","status-publish","format-standard","has-post-thumbnail","hentry","category-economie","category-toutes-les-actualites","tag-africa-press","tag-africa-press-cameroun","tag-cameroun"],"yoast_head":"<!-- This site is optimized with the Yoast SEO Premium plugin v26.1 (Yoast SEO v27.0) - https:\/\/yoast.com\/product\/yoast-seo-premium-wordpress\/ -->\n<title>Jacques Jonathan Nyemb : \u00ab J\u2019ai \u00e9t\u00e9 confront\u00e9 \u00e0 la complexit\u00e9 de perp\u00e9tuer un h\u00e9ritage tout en le fructifiant \u00bb - Cameroun<\/title>\n<meta name=\"description\" content=\"(Investir au Cameroun) - Ce 11 fe\u0301vrier 2024, le Cameroun ce\u0301le\u0300bre la 58e e\u0301dition de la fe\u0302te nationale de la jeune ...\" \/>\n<meta name=\"robots\" content=\"index, follow, max-snippet:-1, max-image-preview:large, max-video-preview:-1\" \/>\n<link rel=\"canonical\" href=\"https:\/\/www.africa-press.net\/cameroun\/economie\/jacques-jonathan-nyemb-jai-ete-confronte-a-la-complexite-de-perpetuer-un-heritage-tout-en-le-fructifiant\" \/>\n<meta property=\"og:locale\" content=\"fr_FR\" \/>\n<meta property=\"og:type\" content=\"article\" \/>\n<meta property=\"og:title\" content=\"Jacques Jonathan Nyemb : \u00ab J\u2019ai \u00e9t\u00e9 confront\u00e9 \u00e0 la complexit\u00e9 de perp\u00e9tuer un h\u00e9ritage tout en le fructifiant \u00bb\" \/>\n<meta property=\"og:description\" content=\"(Investir au Cameroun) - Ce 11 fe\u0301vrier 2024, le Cameroun ce\u0301le\u0300bre la 58e e\u0301dition de la fe\u0302te nationale de la jeune ...\" \/>\n<meta property=\"og:url\" content=\"https:\/\/www.africa-press.net\/cameroun\/economie\/jacques-jonathan-nyemb-jai-ete-confronte-a-la-complexite-de-perpetuer-un-heritage-tout-en-le-fructifiant\" \/>\n<meta property=\"og:site_name\" content=\"Cameroun\" \/>\n<meta property=\"article:published_time\" content=\"2024-02-12T12:47:06+00:00\" \/>\n<meta property=\"article:modified_time\" content=\"2024-02-12T13:06:11+00:00\" \/>\n<meta property=\"og:image\" content=\"https:\/\/static.africa-press.net\/cameroun\/sites\/57\/2024\/02\/sm_1707730438.916013.jpg\" \/>\n\t<meta property=\"og:image:width\" content=\"720\" \/>\n\t<meta property=\"og:image:height\" content=\"485\" \/>\n\t<meta property=\"og:image:type\" content=\"image\/jpeg\" \/>\n<meta name=\"author\" content=\"cfeditorfr\" \/>\n<meta name=\"twitter:card\" content=\"summary_large_image\" \/>\n<meta name=\"twitter:label1\" content=\"\u00c9crit par\" \/>\n\t<meta name=\"twitter:data1\" content=\"cfeditorfr\" \/>\n\t<meta name=\"twitter:label2\" content=\"Dur\u00e9e de lecture estim\u00e9e\" \/>\n\t<meta name=\"twitter:data2\" content=\"11 minutes\" \/>\n<script type=\"application\/ld+json\" class=\"yoast-schema-graph\">{\"@context\":\"https:\/\/schema.org\",\"@graph\":[{\"@type\":\"Article\",\"@id\":\"https:\/\/www.africa-press.net\/cameroun\/economie\/jacques-jonathan-nyemb-jai-ete-confronte-a-la-complexite-de-perpetuer-un-heritage-tout-en-le-fructifiant#article\",\"isPartOf\":{\"@id\":\"https:\/\/www.africa-press.net\/cameroun\/economie\/jacques-jonathan-nyemb-jai-ete-confronte-a-la-complexite-de-perpetuer-un-heritage-tout-en-le-fructifiant\"},\"author\":{\"name\":\"cfeditorfr\",\"@id\":\"https:\/\/www.africa-press.net\/cameroun\/#\/schema\/person\/2b1cf3cd81a31e3cd26889ca66d677f1\"},\"headline\":\"Jacques Jonathan Nyemb : \u00ab J\u2019ai \u00e9t\u00e9 confront\u00e9 \u00e0 la complexit\u00e9 de perp\u00e9tuer un h\u00e9ritage tout en le fructifiant \u00bb\",\"datePublished\":\"2024-02-12T12:47:06+00:00\",\"dateModified\":\"2024-02-12T13:06:11+00:00\",\"mainEntityOfPage\":{\"@id\":\"https:\/\/www.africa-press.net\/cameroun\/economie\/jacques-jonathan-nyemb-jai-ete-confronte-a-la-complexite-de-perpetuer-un-heritage-tout-en-le-fructifiant\"},\"wordCount\":2201,\"commentCount\":0,\"image\":{\"@id\":\"https:\/\/www.africa-press.net\/cameroun\/economie\/jacques-jonathan-nyemb-jai-ete-confronte-a-la-complexite-de-perpetuer-un-heritage-tout-en-le-fructifiant#primaryimage\"},\"thumbnailUrl\":\"https:\/\/static.africa-press.net\/cameroun\/sites\/57\/2024\/02\/sm_1707730438.916013.jpg\",\"keywords\":[\"Africa Press\",\"Africa Press-Cameroun\",\"Cameroun\"],\"articleSection\":[\"\u00c9conomie\",\"Toutes les actualit\u00e9s\"],\"inLanguage\":\"fr-FR\",\"potentialAction\":[{\"@type\":\"CommentAction\",\"name\":\"Comment\",\"target\":[\"https:\/\/www.africa-press.net\/cameroun\/economie\/jacques-jonathan-nyemb-jai-ete-confronte-a-la-complexite-de-perpetuer-un-heritage-tout-en-le-fructifiant#respond\"]}]},{\"@type\":\"WebPage\",\"@id\":\"https:\/\/www.africa-press.net\/cameroun\/economie\/jacques-jonathan-nyemb-jai-ete-confronte-a-la-complexite-de-perpetuer-un-heritage-tout-en-le-fructifiant\",\"url\":\"https:\/\/www.africa-press.net\/cameroun\/economie\/jacques-jonathan-nyemb-jai-ete-confronte-a-la-complexite-de-perpetuer-un-heritage-tout-en-le-fructifiant\",\"name\":\"Jacques Jonathan Nyemb : \u00ab J\u2019ai \u00e9t\u00e9 confront\u00e9 \u00e0 la complexit\u00e9 de perp\u00e9tuer un h\u00e9ritage tout en le fructifiant \u00bb - Cameroun\",\"isPartOf\":{\"@id\":\"https:\/\/www.africa-press.net\/cameroun\/#website\"},\"primaryImageOfPage\":{\"@id\":\"https:\/\/www.africa-press.net\/cameroun\/economie\/jacques-jonathan-nyemb-jai-ete-confronte-a-la-complexite-de-perpetuer-un-heritage-tout-en-le-fructifiant#primaryimage\"},\"image\":{\"@id\":\"https:\/\/www.africa-press.net\/cameroun\/economie\/jacques-jonathan-nyemb-jai-ete-confronte-a-la-complexite-de-perpetuer-un-heritage-tout-en-le-fructifiant#primaryimage\"},\"thumbnailUrl\":\"https:\/\/static.africa-press.net\/cameroun\/sites\/57\/2024\/02\/sm_1707730438.916013.jpg\",\"datePublished\":\"2024-02-12T12:47:06+00:00\",\"dateModified\":\"2024-02-12T13:06:11+00:00\",\"author\":{\"@id\":\"https:\/\/www.africa-press.net\/cameroun\/#\/schema\/person\/2b1cf3cd81a31e3cd26889ca66d677f1\"},\"description\":\"(Investir au Cameroun) - Ce 11 fe\u0301vrier 2024, le Cameroun ce\u0301le\u0300bre la 58e e\u0301dition de la fe\u0302te nationale de la jeune ...\",\"breadcrumb\":{\"@id\":\"https:\/\/www.africa-press.net\/cameroun\/economie\/jacques-jonathan-nyemb-jai-ete-confronte-a-la-complexite-de-perpetuer-un-heritage-tout-en-le-fructifiant#breadcrumb\"},\"inLanguage\":\"fr-FR\",\"potentialAction\":[{\"@type\":\"ReadAction\",\"target\":[\"https:\/\/www.africa-press.net\/cameroun\/economie\/jacques-jonathan-nyemb-jai-ete-confronte-a-la-complexite-de-perpetuer-un-heritage-tout-en-le-fructifiant\"]}]},{\"@type\":\"ImageObject\",\"inLanguage\":\"fr-FR\",\"@id\":\"https:\/\/www.africa-press.net\/cameroun\/economie\/jacques-jonathan-nyemb-jai-ete-confronte-a-la-complexite-de-perpetuer-un-heritage-tout-en-le-fructifiant#primaryimage\",\"url\":\"https:\/\/static.africa-press.net\/cameroun\/sites\/57\/2024\/02\/sm_1707730438.916013.jpg\",\"contentUrl\":\"https:\/\/static.africa-press.net\/cameroun\/sites\/57\/2024\/02\/sm_1707730438.916013.jpg\",\"width\":720,\"height\":485,\"caption\":\"Jacques Jonathan Nyemb : \u00ab J\u2019ai \u00e9t\u00e9 confront\u00e9 \u00e0 la complexit\u00e9 de perp\u00e9tuer un h\u00e9ritage tout en le fructifiant \u00bb\"},{\"@type\":\"BreadcrumbList\",\"@id\":\"https:\/\/www.africa-press.net\/cameroun\/economie\/jacques-jonathan-nyemb-jai-ete-confronte-a-la-complexite-de-perpetuer-un-heritage-tout-en-le-fructifiant#breadcrumb\",\"itemListElement\":[{\"@type\":\"ListItem\",\"position\":1,\"name\":\"Accueil\",\"item\":\"https:\/\/www.africa-press.net\/cameroun\/\"},{\"@type\":\"ListItem\",\"position\":2,\"name\":\"Jacques Jonathan Nyemb : \u00ab J\u2019ai \u00e9t\u00e9 confront\u00e9 \u00e0 la complexit\u00e9 de perp\u00e9tuer un h\u00e9ritage tout en le fructifiant \u00bb\"}]},{\"@type\":\"WebSite\",\"@id\":\"https:\/\/www.africa-press.net\/cameroun\/#website\",\"url\":\"https:\/\/www.africa-press.net\/cameroun\/\",\"name\":\"Cameroun\",\"description\":\"Just another Africa News Agency Sites site\",\"potentialAction\":[{\"@type\":\"SearchAction\",\"target\":{\"@type\":\"EntryPoint\",\"urlTemplate\":\"https:\/\/www.africa-press.net\/cameroun\/?s={search_term_string}\"},\"query-input\":{\"@type\":\"PropertyValueSpecification\",\"valueRequired\":true,\"valueName\":\"search_term_string\"}}],\"inLanguage\":\"fr-FR\"},{\"@type\":\"Person\",\"@id\":\"https:\/\/www.africa-press.net\/cameroun\/#\/schema\/person\/2b1cf3cd81a31e3cd26889ca66d677f1\",\"name\":\"cfeditorfr\"}]}<\/script>\n<!-- \/ Yoast SEO Premium plugin. -->","yoast_head_json":{"title":"Jacques Jonathan Nyemb : \u00ab J\u2019ai \u00e9t\u00e9 confront\u00e9 \u00e0 la complexit\u00e9 de perp\u00e9tuer un h\u00e9ritage tout en le fructifiant \u00bb - Cameroun","description":"(Investir au Cameroun) - Ce 11 fe\u0301vrier 2024, le Cameroun ce\u0301le\u0300bre la 58e e\u0301dition de la fe\u0302te nationale de la jeune ...","robots":{"index":"index","follow":"follow","max-snippet":"max-snippet:-1","max-image-preview":"max-image-preview:large","max-video-preview":"max-video-preview:-1"},"canonical":"https:\/\/www.africa-press.net\/cameroun\/economie\/jacques-jonathan-nyemb-jai-ete-confronte-a-la-complexite-de-perpetuer-un-heritage-tout-en-le-fructifiant","og_locale":"fr_FR","og_type":"article","og_title":"Jacques Jonathan Nyemb : \u00ab J\u2019ai \u00e9t\u00e9 confront\u00e9 \u00e0 la complexit\u00e9 de perp\u00e9tuer un h\u00e9ritage tout en le fructifiant \u00bb","og_description":"(Investir au Cameroun) - Ce 11 fe\u0301vrier 2024, le Cameroun ce\u0301le\u0300bre la 58e e\u0301dition de la fe\u0302te nationale de la jeune ...","og_url":"https:\/\/www.africa-press.net\/cameroun\/economie\/jacques-jonathan-nyemb-jai-ete-confronte-a-la-complexite-de-perpetuer-un-heritage-tout-en-le-fructifiant","og_site_name":"Cameroun","article_published_time":"2024-02-12T12:47:06+00:00","article_modified_time":"2024-02-12T13:06:11+00:00","og_image":[{"width":720,"height":485,"url":"https:\/\/static.africa-press.net\/cameroun\/sites\/57\/2024\/02\/sm_1707730438.916013.jpg","type":"image\/jpeg"}],"author":"cfeditorfr","twitter_card":"summary_large_image","twitter_misc":{"\u00c9crit par":"cfeditorfr","Dur\u00e9e de lecture estim\u00e9e":"11 minutes"},"schema":{"@context":"https:\/\/schema.org","@graph":[{"@type":"Article","@id":"https:\/\/www.africa-press.net\/cameroun\/economie\/jacques-jonathan-nyemb-jai-ete-confronte-a-la-complexite-de-perpetuer-un-heritage-tout-en-le-fructifiant#article","isPartOf":{"@id":"https:\/\/www.africa-press.net\/cameroun\/economie\/jacques-jonathan-nyemb-jai-ete-confronte-a-la-complexite-de-perpetuer-un-heritage-tout-en-le-fructifiant"},"author":{"name":"cfeditorfr","@id":"https:\/\/www.africa-press.net\/cameroun\/#\/schema\/person\/2b1cf3cd81a31e3cd26889ca66d677f1"},"headline":"Jacques Jonathan Nyemb : \u00ab J\u2019ai \u00e9t\u00e9 confront\u00e9 \u00e0 la complexit\u00e9 de perp\u00e9tuer un h\u00e9ritage tout en le fructifiant \u00bb","datePublished":"2024-02-12T12:47:06+00:00","dateModified":"2024-02-12T13:06:11+00:00","mainEntityOfPage":{"@id":"https:\/\/www.africa-press.net\/cameroun\/economie\/jacques-jonathan-nyemb-jai-ete-confronte-a-la-complexite-de-perpetuer-un-heritage-tout-en-le-fructifiant"},"wordCount":2201,"commentCount":0,"image":{"@id":"https:\/\/www.africa-press.net\/cameroun\/economie\/jacques-jonathan-nyemb-jai-ete-confronte-a-la-complexite-de-perpetuer-un-heritage-tout-en-le-fructifiant#primaryimage"},"thumbnailUrl":"https:\/\/static.africa-press.net\/cameroun\/sites\/57\/2024\/02\/sm_1707730438.916013.jpg","keywords":["Africa Press","Africa Press-Cameroun","Cameroun"],"articleSection":["\u00c9conomie","Toutes les actualit\u00e9s"],"inLanguage":"fr-FR","potentialAction":[{"@type":"CommentAction","name":"Comment","target":["https:\/\/www.africa-press.net\/cameroun\/economie\/jacques-jonathan-nyemb-jai-ete-confronte-a-la-complexite-de-perpetuer-un-heritage-tout-en-le-fructifiant#respond"]}]},{"@type":"WebPage","@id":"https:\/\/www.africa-press.net\/cameroun\/economie\/jacques-jonathan-nyemb-jai-ete-confronte-a-la-complexite-de-perpetuer-un-heritage-tout-en-le-fructifiant","url":"https:\/\/www.africa-press.net\/cameroun\/economie\/jacques-jonathan-nyemb-jai-ete-confronte-a-la-complexite-de-perpetuer-un-heritage-tout-en-le-fructifiant","name":"Jacques Jonathan Nyemb : \u00ab J\u2019ai \u00e9t\u00e9 confront\u00e9 \u00e0 la complexit\u00e9 de perp\u00e9tuer un h\u00e9ritage tout en le fructifiant \u00bb - Cameroun","isPartOf":{"@id":"https:\/\/www.africa-press.net\/cameroun\/#website"},"primaryImageOfPage":{"@id":"https:\/\/www.africa-press.net\/cameroun\/economie\/jacques-jonathan-nyemb-jai-ete-confronte-a-la-complexite-de-perpetuer-un-heritage-tout-en-le-fructifiant#primaryimage"},"image":{"@id":"https:\/\/www.africa-press.net\/cameroun\/economie\/jacques-jonathan-nyemb-jai-ete-confronte-a-la-complexite-de-perpetuer-un-heritage-tout-en-le-fructifiant#primaryimage"},"thumbnailUrl":"https:\/\/static.africa-press.net\/cameroun\/sites\/57\/2024\/02\/sm_1707730438.916013.jpg","datePublished":"2024-02-12T12:47:06+00:00","dateModified":"2024-02-12T13:06:11+00:00","author":{"@id":"https:\/\/www.africa-press.net\/cameroun\/#\/schema\/person\/2b1cf3cd81a31e3cd26889ca66d677f1"},"description":"(Investir au Cameroun) - Ce 11 fe\u0301vrier 2024, le Cameroun ce\u0301le\u0300bre la 58e e\u0301dition de la fe\u0302te nationale de la jeune ...","breadcrumb":{"@id":"https:\/\/www.africa-press.net\/cameroun\/economie\/jacques-jonathan-nyemb-jai-ete-confronte-a-la-complexite-de-perpetuer-un-heritage-tout-en-le-fructifiant#breadcrumb"},"inLanguage":"fr-FR","potentialAction":[{"@type":"ReadAction","target":["https:\/\/www.africa-press.net\/cameroun\/economie\/jacques-jonathan-nyemb-jai-ete-confronte-a-la-complexite-de-perpetuer-un-heritage-tout-en-le-fructifiant"]}]},{"@type":"ImageObject","inLanguage":"fr-FR","@id":"https:\/\/www.africa-press.net\/cameroun\/economie\/jacques-jonathan-nyemb-jai-ete-confronte-a-la-complexite-de-perpetuer-un-heritage-tout-en-le-fructifiant#primaryimage","url":"https:\/\/static.africa-press.net\/cameroun\/sites\/57\/2024\/02\/sm_1707730438.916013.jpg","contentUrl":"https:\/\/static.africa-press.net\/cameroun\/sites\/57\/2024\/02\/sm_1707730438.916013.jpg","width":720,"height":485,"caption":"Jacques Jonathan Nyemb : \u00ab J\u2019ai \u00e9t\u00e9 confront\u00e9 \u00e0 la complexit\u00e9 de perp\u00e9tuer un h\u00e9ritage tout en le fructifiant \u00bb"},{"@type":"BreadcrumbList","@id":"https:\/\/www.africa-press.net\/cameroun\/economie\/jacques-jonathan-nyemb-jai-ete-confronte-a-la-complexite-de-perpetuer-un-heritage-tout-en-le-fructifiant#breadcrumb","itemListElement":[{"@type":"ListItem","position":1,"name":"Accueil","item":"https:\/\/www.africa-press.net\/cameroun\/"},{"@type":"ListItem","position":2,"name":"Jacques Jonathan Nyemb : \u00ab J\u2019ai \u00e9t\u00e9 confront\u00e9 \u00e0 la complexit\u00e9 de perp\u00e9tuer un h\u00e9ritage tout en le fructifiant \u00bb"}]},{"@type":"WebSite","@id":"https:\/\/www.africa-press.net\/cameroun\/#website","url":"https:\/\/www.africa-press.net\/cameroun\/","name":"Cameroun","description":"Just another Africa News Agency Sites site","potentialAction":[{"@type":"SearchAction","target":{"@type":"EntryPoint","urlTemplate":"https:\/\/www.africa-press.net\/cameroun\/?s={search_term_string}"},"query-input":{"@type":"PropertyValueSpecification","valueRequired":true,"valueName":"search_term_string"}}],"inLanguage":"fr-FR"},{"@type":"Person","@id":"https:\/\/www.africa-press.net\/cameroun\/#\/schema\/person\/2b1cf3cd81a31e3cd26889ca66d677f1","name":"cfeditorfr"}]}},"_links":{"self":[{"href":"https:\/\/www.africa-press.net\/cameroun\/wp-json\/wp\/v2\/posts\/61324","targetHints":{"allow":["GET"]}}],"collection":[{"href":"https:\/\/www.africa-press.net\/cameroun\/wp-json\/wp\/v2\/posts"}],"about":[{"href":"https:\/\/www.africa-press.net\/cameroun\/wp-json\/wp\/v2\/types\/post"}],"author":[{"embeddable":true,"href":"https:\/\/www.africa-press.net\/cameroun\/wp-json\/wp\/v2\/users\/82"}],"replies":[{"embeddable":true,"href":"https:\/\/www.africa-press.net\/cameroun\/wp-json\/wp\/v2\/comments?post=61324"}],"version-history":[{"count":0,"href":"https:\/\/www.africa-press.net\/cameroun\/wp-json\/wp\/v2\/posts\/61324\/revisions"}],"wp:featuredmedia":[{"embeddable":true,"href":"https:\/\/www.africa-press.net\/cameroun\/wp-json\/wp\/v2\/media\/61323"}],"wp:attachment":[{"href":"https:\/\/www.africa-press.net\/cameroun\/wp-json\/wp\/v2\/media?parent=61324"}],"wp:term":[{"taxonomy":"category","embeddable":true,"href":"https:\/\/www.africa-press.net\/cameroun\/wp-json\/wp\/v2\/categories?post=61324"},{"taxonomy":"post_tag","embeddable":true,"href":"https:\/\/www.africa-press.net\/cameroun\/wp-json\/wp\/v2\/tags?post=61324"}],"curies":[{"name":"wp","href":"https:\/\/api.w.org\/{rel}","templated":true}]}}