{"id":61330,"date":"2024-02-10T12:47:26","date_gmt":"2024-02-10T12:47:26","guid":{"rendered":"https:\/\/www.africa-press.net\/cameroun\/politique\/le-centrafricain-yvon-sana-bangui-nomme-gouverneur-de-la-beac-pour-les-sept-prochaines-annees"},"modified":"2024-02-12T13:06:51","modified_gmt":"2024-02-12T13:06:51","slug":"le-centrafricain-yvon-sana-bangui-nomme-gouverneur-de-la-beac-pour-les-sept-prochaines-annees","status":"publish","type":"post","link":"https:\/\/www.africa-press.net\/cameroun\/economie\/le-centrafricain-yvon-sana-bangui-nomme-gouverneur-de-la-beac-pour-les-sept-prochaines-annees","title":{"rendered":"Le Centrafricain Yvon Sana Bangui nomm\u00e9 gouverneur de la Beac pour les sept prochaines ann\u00e9es"},"content":{"rendered":"<p><span style=\"color: #ff6600\"><strong>Africa-Press &#8211; Cameroun. <\/strong><\/span>Investir au Cameroun) &#8211; Sans surprise, le Centrafricain Yvon Sana Bangui est le nouveau gouverneur de la Banque des E\u0301tats de l\u2019Afrique centrale (Beac) pour les sept prochaines anne\u0301es, a-t-on appris sur le site officiel de la pre\u0301sidence de la Re\u0301publique du Tchad. Propose\u0301e par le pre\u0301sident centrafricain, Faustin Archange Touadera, suivant le principe de rotation en vigueur dans la Cemac (Cameroun, Centrafrique, Congo, Gabon, Guine\u0301e e\u0301quatoriale et Tchad), sa nomination a e\u0301te\u0301 valide\u0301e, ce 9 fe\u0301vrier 2024, au cours d\u2019une session extraordinaire de la confe\u0301rence des chefs d\u2019E\u0301tat et de gouvernement qui s\u2019est tenue par visioconfe\u0301rence.<\/p>\n<p>A\u0302ge\u0301 de 49 ans, Yvon Sana Bangui succe\u0300de au Tchadien Abbas Mahamat Tolli, arrive\u0301 en fin de mandat depuis le 6 fe\u0301vrier dernier. A\u0300 en croire la pre\u0301sidence tchadienne, Abbas Mahamat Tolli a pour sa part e\u0301te\u0301 adoube\u0301 par les chefs d\u2019E\u0301tat de la Cemac comme candidat au poste de pre\u0301sident de la Banque africaine de de\u0301veloppement (Bad).<\/p>\n<p>Le Centrafricain Yvon Sana Bangui n\u2019est pas un inconnu de la maison. Il y cumule 19 ans d\u2019expe\u0301rience. En fait, il inte\u0300gre la Beac en 2005 en tant qu\u2019agent d\u2019encadrement supe\u0301rieur. Par la suite, il va gravir plusieurs e\u0301chelons avant d\u2019e\u0302tre nomme\u0301 au poste de directeur central des syste\u0300mes informatiques. Une fonction qu\u2019il occupait avant sa de\u0301signation comme gouverneur.<\/p>\n<p>En tant que gouverneur de la Beac, il va assurer la direction de la Banque centrale et sera notamment assiste\u0301 dans ses fonctions par le Tchadien Souleymane Mahamat Djibrine, e\u0301galement nomme\u0301, ce 9 fe\u0301vrier, directeur ge\u0301ne\u0301ral des e\u0301tudes, finances et relations internationales par les chefs d\u2019E\u0301tat.<\/p>\n<p>Cependant, la nomination du secre\u0301taire ge\u0301ne\u0301ral de la Commission bancaire de l\u2019Afrique centrale (Cobac) a e\u0301te\u0301 ajourne\u0301e. Le candidat propose\u0301 par Congo, a\u0300 qui revenait le poste, n\u2019a pas rec\u0327u l\u2019approbation de toute la confe\u0301rence. \u00ab Aussi, a-t-elle de\u0301cide\u0301 d\u2019y surseoir en recommandant au pre\u0301sident de la Cobac de lui pre\u0301senter dans un meilleur de\u0301lai un rapport motive\u0301 et de\u0301taille\u0301 pour de\u0301cision. En attendant, c\u2019est la Centrafrique qui continue a\u0300 assurer ce poste en de\u0301pit du principe de non cumul de responsabilite\u0301s a\u0300 la te\u0302te des institutions de la Cemac par un me\u0302me pays \u00bb, informe la pre\u0301sidence tchadienne.<\/p>\n<p>La de\u0301signation du nouveau gouverneur de la Beac aux tensions ne\u0301es au sein de cette institution a\u0300 la suite de la fin du mandat Tchadien Abbas Mahamat Tolli.<\/p>\n<p><strong>Pour plus d&rsquo;informations et d&rsquo;analyses sur la <a href=\"https:\/\/www.africa-press.net\/cameroun\">Cameroun<\/a>, suivez <a href=\"https:\/\/www.africa-press.net\/\">Africa-Press<\/a><\/strong><\/p>\n","protected":false},"excerpt":{"rendered":"<p>Africa-Press &#8211; Cameroun. Investir au Cameroun) &#8211; Sans surprise, le Centrafricain Yvon Sana Bangui est le nouveau gouverneur de la Banque des E\u0301tats de l\u2019Afrique centrale (Beac) pour les sept prochaines anne\u0301es, a-t-on appris sur le site officiel de la pre\u0301sidence de la Re\u0301publique du Tchad. Propose\u0301e par le pre\u0301sident centrafricain, Faustin Archange Touadera, suivant [&hellip;]<\/p>\n","protected":false},"author":82,"featured_media":61328,"comment_status":"open","ping_status":"closed","sticky":false,"template":"","format":"standard","meta":{"footnotes":""},"categories":[3,10],"tags":[36,50,49],"class_list":["post-61330","post","type-post","status-publish","format-standard","has-post-thumbnail","hentry","category-economie","category-toutes-les-actualites","tag-africa-press","tag-africa-press-cameroun","tag-cameroun"],"yoast_head":"<!-- This site is optimized with the Yoast SEO Premium plugin v26.1 (Yoast SEO v27.0) - https:\/\/yoast.com\/product\/yoast-seo-premium-wordpress\/ -->\n<title>Le Centrafricain Yvon Sana Bangui nomm\u00e9 gouverneur de la Beac pour les sept prochaines ann\u00e9es - Cameroun<\/title>\n<meta name=\"description\" content=\"Investir au Cameroun) - Sans surprise, le Centrafricain Yvon Sana Bangui est le nouveau gouverneur de la Banque des E\u0301ta ...\" \/>\n<meta name=\"robots\" content=\"index, follow, max-snippet:-1, max-image-preview:large, max-video-preview:-1\" \/>\n<link rel=\"canonical\" href=\"https:\/\/www.africa-press.net\/cameroun\/economie\/le-centrafricain-yvon-sana-bangui-nomme-gouverneur-de-la-beac-pour-les-sept-prochaines-annees\" \/>\n<meta property=\"og:locale\" content=\"fr_FR\" \/>\n<meta property=\"og:type\" content=\"article\" \/>\n<meta property=\"og:title\" content=\"Le Centrafricain Yvon Sana Bangui nomm\u00e9 gouverneur de la Beac pour les sept prochaines ann\u00e9es\" \/>\n<meta property=\"og:description\" content=\"Investir au Cameroun) - Sans surprise, le Centrafricain Yvon Sana Bangui est le nouveau gouverneur de la Banque des E\u0301ta ...\" \/>\n<meta property=\"og:url\" content=\"https:\/\/www.africa-press.net\/cameroun\/economie\/le-centrafricain-yvon-sana-bangui-nomme-gouverneur-de-la-beac-pour-les-sept-prochaines-annees\" \/>\n<meta property=\"og:site_name\" content=\"Cameroun\" \/>\n<meta property=\"article:published_time\" content=\"2024-02-10T12:47:26+00:00\" \/>\n<meta property=\"article:modified_time\" content=\"2024-02-12T13:06:51+00:00\" \/>\n<meta property=\"og:image\" content=\"https:\/\/static.africa-press.net\/cameroun\/sites\/57\/2024\/02\/sm_1707730471.363419.jpg\" \/>\n\t<meta property=\"og:image:width\" content=\"720\" \/>\n\t<meta property=\"og:image:height\" content=\"479\" \/>\n\t<meta property=\"og:image:type\" content=\"image\/jpeg\" \/>\n<meta name=\"author\" content=\"cfeditorfr\" \/>\n<meta name=\"twitter:card\" content=\"summary_large_image\" \/>\n<meta name=\"twitter:label1\" content=\"\u00c9crit par\" \/>\n\t<meta name=\"twitter:data1\" content=\"cfeditorfr\" \/>\n\t<meta name=\"twitter:label2\" content=\"Dur\u00e9e de lecture estim\u00e9e\" \/>\n\t<meta name=\"twitter:data2\" content=\"2 minutes\" \/>\n<script type=\"application\/ld+json\" class=\"yoast-schema-graph\">{\"@context\":\"https:\/\/schema.org\",\"@graph\":[{\"@type\":\"Article\",\"@id\":\"https:\/\/www.africa-press.net\/cameroun\/economie\/le-centrafricain-yvon-sana-bangui-nomme-gouverneur-de-la-beac-pour-les-sept-prochaines-annees#article\",\"isPartOf\":{\"@id\":\"https:\/\/www.africa-press.net\/cameroun\/economie\/le-centrafricain-yvon-sana-bangui-nomme-gouverneur-de-la-beac-pour-les-sept-prochaines-annees\"},\"author\":{\"name\":\"cfeditorfr\",\"@id\":\"https:\/\/www.africa-press.net\/cameroun\/#\/schema\/person\/2b1cf3cd81a31e3cd26889ca66d677f1\"},\"headline\":\"Le Centrafricain Yvon Sana Bangui nomm\u00e9 gouverneur de la Beac pour les sept prochaines ann\u00e9es\",\"datePublished\":\"2024-02-10T12:47:26+00:00\",\"dateModified\":\"2024-02-12T13:06:51+00:00\",\"mainEntityOfPage\":{\"@id\":\"https:\/\/www.africa-press.net\/cameroun\/economie\/le-centrafricain-yvon-sana-bangui-nomme-gouverneur-de-la-beac-pour-les-sept-prochaines-annees\"},\"wordCount\":481,\"commentCount\":0,\"image\":{\"@id\":\"https:\/\/www.africa-press.net\/cameroun\/economie\/le-centrafricain-yvon-sana-bangui-nomme-gouverneur-de-la-beac-pour-les-sept-prochaines-annees#primaryimage\"},\"thumbnailUrl\":\"https:\/\/static.africa-press.net\/cameroun\/sites\/57\/2024\/02\/sm_1707730471.363419.jpg\",\"keywords\":[\"Africa Press\",\"Africa Press-Cameroun\",\"Cameroun\"],\"articleSection\":[\"\u00c9conomie\",\"Toutes les actualit\u00e9s\"],\"inLanguage\":\"fr-FR\",\"potentialAction\":[{\"@type\":\"CommentAction\",\"name\":\"Comment\",\"target\":[\"https:\/\/www.africa-press.net\/cameroun\/economie\/le-centrafricain-yvon-sana-bangui-nomme-gouverneur-de-la-beac-pour-les-sept-prochaines-annees#respond\"]}]},{\"@type\":\"WebPage\",\"@id\":\"https:\/\/www.africa-press.net\/cameroun\/economie\/le-centrafricain-yvon-sana-bangui-nomme-gouverneur-de-la-beac-pour-les-sept-prochaines-annees\",\"url\":\"https:\/\/www.africa-press.net\/cameroun\/economie\/le-centrafricain-yvon-sana-bangui-nomme-gouverneur-de-la-beac-pour-les-sept-prochaines-annees\",\"name\":\"Le Centrafricain Yvon Sana Bangui nomm\u00e9 gouverneur de la Beac pour les sept prochaines ann\u00e9es - Cameroun\",\"isPartOf\":{\"@id\":\"https:\/\/www.africa-press.net\/cameroun\/#website\"},\"primaryImageOfPage\":{\"@id\":\"https:\/\/www.africa-press.net\/cameroun\/economie\/le-centrafricain-yvon-sana-bangui-nomme-gouverneur-de-la-beac-pour-les-sept-prochaines-annees#primaryimage\"},\"image\":{\"@id\":\"https:\/\/www.africa-press.net\/cameroun\/economie\/le-centrafricain-yvon-sana-bangui-nomme-gouverneur-de-la-beac-pour-les-sept-prochaines-annees#primaryimage\"},\"thumbnailUrl\":\"https:\/\/static.africa-press.net\/cameroun\/sites\/57\/2024\/02\/sm_1707730471.363419.jpg\",\"datePublished\":\"2024-02-10T12:47:26+00:00\",\"dateModified\":\"2024-02-12T13:06:51+00:00\",\"author\":{\"@id\":\"https:\/\/www.africa-press.net\/cameroun\/#\/schema\/person\/2b1cf3cd81a31e3cd26889ca66d677f1\"},\"description\":\"Investir au Cameroun) - Sans surprise, le Centrafricain Yvon Sana Bangui est le nouveau gouverneur de la Banque des E\u0301ta ...\",\"breadcrumb\":{\"@id\":\"https:\/\/www.africa-press.net\/cameroun\/economie\/le-centrafricain-yvon-sana-bangui-nomme-gouverneur-de-la-beac-pour-les-sept-prochaines-annees#breadcrumb\"},\"inLanguage\":\"fr-FR\",\"potentialAction\":[{\"@type\":\"ReadAction\",\"target\":[\"https:\/\/www.africa-press.net\/cameroun\/economie\/le-centrafricain-yvon-sana-bangui-nomme-gouverneur-de-la-beac-pour-les-sept-prochaines-annees\"]}]},{\"@type\":\"ImageObject\",\"inLanguage\":\"fr-FR\",\"@id\":\"https:\/\/www.africa-press.net\/cameroun\/economie\/le-centrafricain-yvon-sana-bangui-nomme-gouverneur-de-la-beac-pour-les-sept-prochaines-annees#primaryimage\",\"url\":\"https:\/\/static.africa-press.net\/cameroun\/sites\/57\/2024\/02\/sm_1707730471.363419.jpg\",\"contentUrl\":\"https:\/\/static.africa-press.net\/cameroun\/sites\/57\/2024\/02\/sm_1707730471.363419.jpg\",\"width\":720,\"height\":479,\"caption\":\"Le Centrafricain Yvon Sana Bangui nomm\u00e9 gouverneur de la Beac pour les sept prochaines ann\u00e9es\"},{\"@type\":\"BreadcrumbList\",\"@id\":\"https:\/\/www.africa-press.net\/cameroun\/economie\/le-centrafricain-yvon-sana-bangui-nomme-gouverneur-de-la-beac-pour-les-sept-prochaines-annees#breadcrumb\",\"itemListElement\":[{\"@type\":\"ListItem\",\"position\":1,\"name\":\"Accueil\",\"item\":\"https:\/\/www.africa-press.net\/cameroun\/\"},{\"@type\":\"ListItem\",\"position\":2,\"name\":\"Le Centrafricain Yvon Sana Bangui nomm\u00e9 gouverneur de la Beac pour les sept prochaines ann\u00e9es\"}]},{\"@type\":\"WebSite\",\"@id\":\"https:\/\/www.africa-press.net\/cameroun\/#website\",\"url\":\"https:\/\/www.africa-press.net\/cameroun\/\",\"name\":\"Cameroun\",\"description\":\"Just another Africa News Agency Sites site\",\"potentialAction\":[{\"@type\":\"SearchAction\",\"target\":{\"@type\":\"EntryPoint\",\"urlTemplate\":\"https:\/\/www.africa-press.net\/cameroun\/?s={search_term_string}\"},\"query-input\":{\"@type\":\"PropertyValueSpecification\",\"valueRequired\":true,\"valueName\":\"search_term_string\"}}],\"inLanguage\":\"fr-FR\"},{\"@type\":\"Person\",\"@id\":\"https:\/\/www.africa-press.net\/cameroun\/#\/schema\/person\/2b1cf3cd81a31e3cd26889ca66d677f1\",\"name\":\"cfeditorfr\"}]}<\/script>\n<!-- \/ Yoast SEO Premium plugin. -->","yoast_head_json":{"title":"Le Centrafricain Yvon Sana Bangui nomm\u00e9 gouverneur de la Beac pour les sept prochaines ann\u00e9es - Cameroun","description":"Investir au Cameroun) - Sans surprise, le Centrafricain Yvon Sana Bangui est le nouveau gouverneur de la Banque des E\u0301ta ...","robots":{"index":"index","follow":"follow","max-snippet":"max-snippet:-1","max-image-preview":"max-image-preview:large","max-video-preview":"max-video-preview:-1"},"canonical":"https:\/\/www.africa-press.net\/cameroun\/economie\/le-centrafricain-yvon-sana-bangui-nomme-gouverneur-de-la-beac-pour-les-sept-prochaines-annees","og_locale":"fr_FR","og_type":"article","og_title":"Le Centrafricain Yvon Sana Bangui nomm\u00e9 gouverneur de la Beac pour les sept prochaines ann\u00e9es","og_description":"Investir au Cameroun) - Sans surprise, le Centrafricain Yvon Sana Bangui est le nouveau gouverneur de la Banque des E\u0301ta ...","og_url":"https:\/\/www.africa-press.net\/cameroun\/economie\/le-centrafricain-yvon-sana-bangui-nomme-gouverneur-de-la-beac-pour-les-sept-prochaines-annees","og_site_name":"Cameroun","article_published_time":"2024-02-10T12:47:26+00:00","article_modified_time":"2024-02-12T13:06:51+00:00","og_image":[{"width":720,"height":479,"url":"https:\/\/static.africa-press.net\/cameroun\/sites\/57\/2024\/02\/sm_1707730471.363419.jpg","type":"image\/jpeg"}],"author":"cfeditorfr","twitter_card":"summary_large_image","twitter_misc":{"\u00c9crit par":"cfeditorfr","Dur\u00e9e de lecture estim\u00e9e":"2 minutes"},"schema":{"@context":"https:\/\/schema.org","@graph":[{"@type":"Article","@id":"https:\/\/www.africa-press.net\/cameroun\/economie\/le-centrafricain-yvon-sana-bangui-nomme-gouverneur-de-la-beac-pour-les-sept-prochaines-annees#article","isPartOf":{"@id":"https:\/\/www.africa-press.net\/cameroun\/economie\/le-centrafricain-yvon-sana-bangui-nomme-gouverneur-de-la-beac-pour-les-sept-prochaines-annees"},"author":{"name":"cfeditorfr","@id":"https:\/\/www.africa-press.net\/cameroun\/#\/schema\/person\/2b1cf3cd81a31e3cd26889ca66d677f1"},"headline":"Le Centrafricain Yvon Sana Bangui nomm\u00e9 gouverneur de la Beac pour les sept prochaines ann\u00e9es","datePublished":"2024-02-10T12:47:26+00:00","dateModified":"2024-02-12T13:06:51+00:00","mainEntityOfPage":{"@id":"https:\/\/www.africa-press.net\/cameroun\/economie\/le-centrafricain-yvon-sana-bangui-nomme-gouverneur-de-la-beac-pour-les-sept-prochaines-annees"},"wordCount":481,"commentCount":0,"image":{"@id":"https:\/\/www.africa-press.net\/cameroun\/economie\/le-centrafricain-yvon-sana-bangui-nomme-gouverneur-de-la-beac-pour-les-sept-prochaines-annees#primaryimage"},"thumbnailUrl":"https:\/\/static.africa-press.net\/cameroun\/sites\/57\/2024\/02\/sm_1707730471.363419.jpg","keywords":["Africa Press","Africa Press-Cameroun","Cameroun"],"articleSection":["\u00c9conomie","Toutes les actualit\u00e9s"],"inLanguage":"fr-FR","potentialAction":[{"@type":"CommentAction","name":"Comment","target":["https:\/\/www.africa-press.net\/cameroun\/economie\/le-centrafricain-yvon-sana-bangui-nomme-gouverneur-de-la-beac-pour-les-sept-prochaines-annees#respond"]}]},{"@type":"WebPage","@id":"https:\/\/www.africa-press.net\/cameroun\/economie\/le-centrafricain-yvon-sana-bangui-nomme-gouverneur-de-la-beac-pour-les-sept-prochaines-annees","url":"https:\/\/www.africa-press.net\/cameroun\/economie\/le-centrafricain-yvon-sana-bangui-nomme-gouverneur-de-la-beac-pour-les-sept-prochaines-annees","name":"Le Centrafricain Yvon Sana Bangui nomm\u00e9 gouverneur de la Beac pour les sept prochaines ann\u00e9es - Cameroun","isPartOf":{"@id":"https:\/\/www.africa-press.net\/cameroun\/#website"},"primaryImageOfPage":{"@id":"https:\/\/www.africa-press.net\/cameroun\/economie\/le-centrafricain-yvon-sana-bangui-nomme-gouverneur-de-la-beac-pour-les-sept-prochaines-annees#primaryimage"},"image":{"@id":"https:\/\/www.africa-press.net\/cameroun\/economie\/le-centrafricain-yvon-sana-bangui-nomme-gouverneur-de-la-beac-pour-les-sept-prochaines-annees#primaryimage"},"thumbnailUrl":"https:\/\/static.africa-press.net\/cameroun\/sites\/57\/2024\/02\/sm_1707730471.363419.jpg","datePublished":"2024-02-10T12:47:26+00:00","dateModified":"2024-02-12T13:06:51+00:00","author":{"@id":"https:\/\/www.africa-press.net\/cameroun\/#\/schema\/person\/2b1cf3cd81a31e3cd26889ca66d677f1"},"description":"Investir au Cameroun) - Sans surprise, le Centrafricain Yvon Sana Bangui est le nouveau gouverneur de la Banque des E\u0301ta ...","breadcrumb":{"@id":"https:\/\/www.africa-press.net\/cameroun\/economie\/le-centrafricain-yvon-sana-bangui-nomme-gouverneur-de-la-beac-pour-les-sept-prochaines-annees#breadcrumb"},"inLanguage":"fr-FR","potentialAction":[{"@type":"ReadAction","target":["https:\/\/www.africa-press.net\/cameroun\/economie\/le-centrafricain-yvon-sana-bangui-nomme-gouverneur-de-la-beac-pour-les-sept-prochaines-annees"]}]},{"@type":"ImageObject","inLanguage":"fr-FR","@id":"https:\/\/www.africa-press.net\/cameroun\/economie\/le-centrafricain-yvon-sana-bangui-nomme-gouverneur-de-la-beac-pour-les-sept-prochaines-annees#primaryimage","url":"https:\/\/static.africa-press.net\/cameroun\/sites\/57\/2024\/02\/sm_1707730471.363419.jpg","contentUrl":"https:\/\/static.africa-press.net\/cameroun\/sites\/57\/2024\/02\/sm_1707730471.363419.jpg","width":720,"height":479,"caption":"Le Centrafricain Yvon Sana Bangui nomm\u00e9 gouverneur de la Beac pour les sept prochaines ann\u00e9es"},{"@type":"BreadcrumbList","@id":"https:\/\/www.africa-press.net\/cameroun\/economie\/le-centrafricain-yvon-sana-bangui-nomme-gouverneur-de-la-beac-pour-les-sept-prochaines-annees#breadcrumb","itemListElement":[{"@type":"ListItem","position":1,"name":"Accueil","item":"https:\/\/www.africa-press.net\/cameroun\/"},{"@type":"ListItem","position":2,"name":"Le Centrafricain Yvon Sana Bangui nomm\u00e9 gouverneur de la Beac pour les sept prochaines ann\u00e9es"}]},{"@type":"WebSite","@id":"https:\/\/www.africa-press.net\/cameroun\/#website","url":"https:\/\/www.africa-press.net\/cameroun\/","name":"Cameroun","description":"Just another Africa News Agency Sites site","potentialAction":[{"@type":"SearchAction","target":{"@type":"EntryPoint","urlTemplate":"https:\/\/www.africa-press.net\/cameroun\/?s={search_term_string}"},"query-input":{"@type":"PropertyValueSpecification","valueRequired":true,"valueName":"search_term_string"}}],"inLanguage":"fr-FR"},{"@type":"Person","@id":"https:\/\/www.africa-press.net\/cameroun\/#\/schema\/person\/2b1cf3cd81a31e3cd26889ca66d677f1","name":"cfeditorfr"}]}},"_links":{"self":[{"href":"https:\/\/www.africa-press.net\/cameroun\/wp-json\/wp\/v2\/posts\/61330","targetHints":{"allow":["GET"]}}],"collection":[{"href":"https:\/\/www.africa-press.net\/cameroun\/wp-json\/wp\/v2\/posts"}],"about":[{"href":"https:\/\/www.africa-press.net\/cameroun\/wp-json\/wp\/v2\/types\/post"}],"author":[{"embeddable":true,"href":"https:\/\/www.africa-press.net\/cameroun\/wp-json\/wp\/v2\/users\/82"}],"replies":[{"embeddable":true,"href":"https:\/\/www.africa-press.net\/cameroun\/wp-json\/wp\/v2\/comments?post=61330"}],"version-history":[{"count":0,"href":"https:\/\/www.africa-press.net\/cameroun\/wp-json\/wp\/v2\/posts\/61330\/revisions"}],"wp:featuredmedia":[{"embeddable":true,"href":"https:\/\/www.africa-press.net\/cameroun\/wp-json\/wp\/v2\/media\/61328"}],"wp:attachment":[{"href":"https:\/\/www.africa-press.net\/cameroun\/wp-json\/wp\/v2\/media?parent=61330"}],"wp:term":[{"taxonomy":"category","embeddable":true,"href":"https:\/\/www.africa-press.net\/cameroun\/wp-json\/wp\/v2\/categories?post=61330"},{"taxonomy":"post_tag","embeddable":true,"href":"https:\/\/www.africa-press.net\/cameroun\/wp-json\/wp\/v2\/tags?post=61330"}],"curies":[{"name":"wp","href":"https:\/\/api.w.org\/{rel}","templated":true}]}}