{"id":61352,"date":"2024-02-12T22:17:36","date_gmt":"2024-02-12T22:17:36","guid":{"rendered":"https:\/\/www.africa-press.net\/cameroun\/politique\/import-substitution-paul-biya-appelle-les-jeunes-a-sengager-dans-la-production"},"modified":"2024-02-12T22:48:22","modified_gmt":"2024-02-12T22:48:22","slug":"import-substitution-paul-biya-appelle-les-jeunes-a-sengager-dans-la-production","status":"publish","type":"post","link":"https:\/\/www.africa-press.net\/cameroun\/economie\/import-substitution-paul-biya-appelle-les-jeunes-a-sengager-dans-la-production","title":{"rendered":"Import-Substitution : Paul Biya Appelle les Jeunes \u00e0 S\u2019Engager dans la Production"},"content":{"rendered":"<p><span style=\"color: #ff6600\"><strong>Africa-Press &#8211; Cameroun. <\/strong><\/span>Investir au Cameroun) &#8211; A l\u2019occasion de la 58e e\u0301dition de la fe\u0302te de la jeunesse ce\u0301le\u0301bre\u0301e ce 11 fe\u0301vrier 2024 au Cameroun sur le the\u0300me \u00ab Jeunesse, import-substitution et patriotisme e\u0301conomique pour le progre\u0300s du Cameroun \u00bb, Paul Biya appelle les jeunes a\u0300 s\u2019investir dans la production. \u00ab Je vous invite a\u0300 saisir les opportunite\u0301s qu\u2019offre la mise en \u0153uvre du Plan triennal inte\u0301gre\u0301 d\u2019import-substitution 2024-2026, pour vous engager dans des activite\u0301s de production. Elles vous permettront non seulement de vous rendre utiles a\u0300 votre pays, mais aussi de trouver les moyens de subvenir a\u0300 vos besoins \u00bb, a de\u0301clare\u0301 le chef de l\u2019E\u0301tat au cours de son discours a\u0300 la jeunesse le 10 fe\u0301vrier 2024.<\/p>\n<p>En clair, Paul Biya appelle les jeunes a\u0300 s\u2019investir dans la production des biens (riz, mai\u0308s, soja, mil\/sorgho, poisson, meubles, etc.) et services pour limiter les importations. Selon l\u2019Institut national de la statistique (INS), le Cameroun a de\u0301pense\u0301 1325 milliards de FCFA pour importer les biens et services au deuxie\u0300me trimestre 2023. Ce qui correspond a\u0300 une hausse de 274,4 milliards de FCFA (+26,1%) par rapport a\u0300 2022, soit une contribution ne\u0301gative de 4,5 points a\u0300 la croissance du Produit inte\u0301rieur brut (PIB).<\/p>\n<p>Pour inverser la tendance, le chef de l\u2019E\u0301tat a annonce\u0301 un plan triennal inte\u0301gre\u0301 d\u2019import-substitution au cours de son discours de fin d\u2019anne\u0301e le 31 de\u0301cembre 2023. \u00ab Le plan triennal inte\u0301gre\u0301 d\u2019import-substitution pour la pe\u0301riode 2024-2026, que j\u2019ai prescrit au gouvernement, participe e\u0301galement de mon souci de permettre a\u0300 notre pays d\u2019e\u0301conomiser de pre\u0301cieuses ressources. Ce plan, en renforc\u0327ant notre souverainete\u0301 alimentaire, devrait re\u0301duire l\u2019impact ne\u0301gatif des importations sur notre balance commerciale. Le de\u0301ficit y affe\u0301rent est e\u0301value\u0301 a\u0300 un peu plus de 1500 milliards de FCFA par an \u00bb, a indique\u0301 Paul Biya.<\/p>\n<p>En effet, le Cameroun peine encore a\u0300 re\u0301duire les importations pluto\u0302t exponentielles. Pour soutenir sa politique d\u2019import-substitution, lance\u0301e officiellement en 2021, le pays pre\u0301voit de mobiliser 127,5 milliards de FCFA en 2024. Selon le rapport d\u2019exe\u0301cution et de budge\u0301tisation de l\u2019import-substitution 2023-2024 annexe\u0301 au projet de loi de finances 2024, cette enveloppe budge\u0301taire est en hausse de 13 milliards de FCFA (+10%) compare\u0301e aux 114,5 milliards de FCFA de 2023. Mais la volonte\u0301 du gouvernement de re\u0301duire les importations par la production et la consommation locale est encore loin d\u2019atteindre son objectif.<\/p>\n<p>Ce rapport re\u0301ve\u0300le une faible exe\u0301cution financie\u0300re des ressources alloue\u0301es a\u0300 certaines administrations implique\u0301es dans la chaine. Sur une dotation re\u0301vise\u0301e de 114,5 milliards de FCFA en 2023, seuls 62,3 milliards (54,46%) ont e\u0301te\u0301 ordonnance\u0301s fin septembre 2023. Le document rele\u0300ve e\u0301galement des facteurs qui ralentissent l\u2019imple\u0301mentation de la politique d\u2019import-substitution. Il s\u2019agit notamment de l\u2019enclavement des grands bassins agricoles. Pour 2024, le ministe\u0300re des Travaux publics (Mintp) et le ministe\u0300re de l\u2019Agriculture et du De\u0301veloppement rural (Minader) vont respectivement de\u0301dier 7,2 milliards et 3,3 milliards pour soutenir l\u2019import-substitution. Ces fonds serviraient au de\u0301senclavement des bassins de production agricole, industrielle et touristique et le reste, a\u0300 la re\u0301habilitation et l\u2019entretien des routes communales.<\/p>\n<p><b>Fre\u0301de\u0301ric Nonos<\/b><\/p>\n<p><strong>Pour plus d&rsquo;informations et d&rsquo;analyses sur la <a href=\"https:\/\/www.africa-press.net\/cameroun\">Cameroun<\/a>, suivez <a href=\"https:\/\/www.africa-press.net\/\">Africa-Press<\/a><\/strong><\/p>\n","protected":false},"excerpt":{"rendered":"<p>Africa-Press &#8211; Cameroun. Investir au Cameroun) &#8211; A l\u2019occasion de la 58e e\u0301dition de la fe\u0302te de la jeunesse ce\u0301le\u0301bre\u0301e ce 11 fe\u0301vrier 2024 au Cameroun sur le the\u0300me \u00ab Jeunesse, import-substitution et patriotisme e\u0301conomique pour le progre\u0300s du Cameroun \u00bb, Paul Biya appelle les jeunes a\u0300 s\u2019investir dans la production. \u00ab Je vous invite [&hellip;]<\/p>\n","protected":false},"author":82,"featured_media":61351,"comment_status":"open","ping_status":"closed","sticky":false,"template":"","format":"standard","meta":{"footnotes":""},"categories":[3,10],"tags":[36,50,49],"class_list":["post-61352","post","type-post","status-publish","format-standard","has-post-thumbnail","hentry","category-economie","category-toutes-les-actualites","tag-africa-press","tag-africa-press-cameroun","tag-cameroun"],"yoast_head":"<!-- This site is optimized with the Yoast SEO Premium plugin v26.1 (Yoast SEO v27.0) - https:\/\/yoast.com\/product\/yoast-seo-premium-wordpress\/ -->\n<title>Import-Substitution : Paul Biya Appelle les Jeunes \u00e0 S\u2019Engager dans la Production - Cameroun<\/title>\n<meta name=\"description\" content=\"Investir au Cameroun) - A l\u2019occasion de la 58e e\u0301dition de la fe\u0302te de la jeunesse ce\u0301le\u0301bre\u0301e ce 11 fe\u0301vrier 2024 au Ca ...\" \/>\n<meta name=\"robots\" content=\"index, follow, max-snippet:-1, max-image-preview:large, max-video-preview:-1\" \/>\n<link rel=\"canonical\" href=\"https:\/\/www.africa-press.net\/cameroun\/economie\/import-substitution-paul-biya-appelle-les-jeunes-a-sengager-dans-la-production\" \/>\n<meta property=\"og:locale\" content=\"fr_FR\" \/>\n<meta property=\"og:type\" content=\"article\" \/>\n<meta property=\"og:title\" content=\"Import-Substitution : Paul Biya Appelle les Jeunes \u00e0 S\u2019Engager dans la Production\" \/>\n<meta property=\"og:description\" content=\"Investir au Cameroun) - A l\u2019occasion de la 58e e\u0301dition de la fe\u0302te de la jeunesse ce\u0301le\u0301bre\u0301e ce 11 fe\u0301vrier 2024 au Ca ...\" \/>\n<meta property=\"og:url\" content=\"https:\/\/www.africa-press.net\/cameroun\/economie\/import-substitution-paul-biya-appelle-les-jeunes-a-sengager-dans-la-production\" \/>\n<meta property=\"og:site_name\" content=\"Cameroun\" \/>\n<meta property=\"article:published_time\" content=\"2024-02-12T22:17:36+00:00\" \/>\n<meta property=\"article:modified_time\" content=\"2024-02-12T22:48:22+00:00\" \/>\n<meta property=\"og:image\" content=\"https:\/\/static.africa-press.net\/cameroun\/sites\/57\/2024\/02\/sm_1707765300.972114.jpg\" \/>\n\t<meta property=\"og:image:width\" content=\"720\" \/>\n\t<meta property=\"og:image:height\" content=\"479\" \/>\n\t<meta property=\"og:image:type\" content=\"image\/jpeg\" \/>\n<meta name=\"author\" content=\"cfeditorfr\" \/>\n<meta name=\"twitter:card\" content=\"summary_large_image\" \/>\n<meta name=\"twitter:label1\" content=\"\u00c9crit par\" \/>\n\t<meta name=\"twitter:data1\" content=\"cfeditorfr\" \/>\n\t<meta name=\"twitter:label2\" content=\"Dur\u00e9e de lecture estim\u00e9e\" \/>\n\t<meta name=\"twitter:data2\" content=\"3 minutes\" \/>\n<script type=\"application\/ld+json\" class=\"yoast-schema-graph\">{\"@context\":\"https:\/\/schema.org\",\"@graph\":[{\"@type\":\"Article\",\"@id\":\"https:\/\/www.africa-press.net\/cameroun\/economie\/import-substitution-paul-biya-appelle-les-jeunes-a-sengager-dans-la-production#article\",\"isPartOf\":{\"@id\":\"https:\/\/www.africa-press.net\/cameroun\/economie\/import-substitution-paul-biya-appelle-les-jeunes-a-sengager-dans-la-production\"},\"author\":{\"name\":\"cfeditorfr\",\"@id\":\"https:\/\/www.africa-press.net\/cameroun\/#\/schema\/person\/2b1cf3cd81a31e3cd26889ca66d677f1\"},\"headline\":\"Import-Substitution : Paul Biya Appelle les Jeunes \u00e0 S\u2019Engager dans la Production\",\"datePublished\":\"2024-02-12T22:17:36+00:00\",\"dateModified\":\"2024-02-12T22:48:22+00:00\",\"mainEntityOfPage\":{\"@id\":\"https:\/\/www.africa-press.net\/cameroun\/economie\/import-substitution-paul-biya-appelle-les-jeunes-a-sengager-dans-la-production\"},\"wordCount\":584,\"commentCount\":0,\"image\":{\"@id\":\"https:\/\/www.africa-press.net\/cameroun\/economie\/import-substitution-paul-biya-appelle-les-jeunes-a-sengager-dans-la-production#primaryimage\"},\"thumbnailUrl\":\"https:\/\/static.africa-press.net\/cameroun\/sites\/57\/2024\/02\/sm_1707765300.972114.jpg\",\"keywords\":[\"Africa Press\",\"Africa Press-Cameroun\",\"Cameroun\"],\"articleSection\":[\"\u00c9conomie\",\"Toutes les actualit\u00e9s\"],\"inLanguage\":\"fr-FR\",\"potentialAction\":[{\"@type\":\"CommentAction\",\"name\":\"Comment\",\"target\":[\"https:\/\/www.africa-press.net\/cameroun\/economie\/import-substitution-paul-biya-appelle-les-jeunes-a-sengager-dans-la-production#respond\"]}]},{\"@type\":\"WebPage\",\"@id\":\"https:\/\/www.africa-press.net\/cameroun\/economie\/import-substitution-paul-biya-appelle-les-jeunes-a-sengager-dans-la-production\",\"url\":\"https:\/\/www.africa-press.net\/cameroun\/economie\/import-substitution-paul-biya-appelle-les-jeunes-a-sengager-dans-la-production\",\"name\":\"Import-Substitution : Paul Biya Appelle les Jeunes \u00e0 S\u2019Engager dans la Production - Cameroun\",\"isPartOf\":{\"@id\":\"https:\/\/www.africa-press.net\/cameroun\/#website\"},\"primaryImageOfPage\":{\"@id\":\"https:\/\/www.africa-press.net\/cameroun\/economie\/import-substitution-paul-biya-appelle-les-jeunes-a-sengager-dans-la-production#primaryimage\"},\"image\":{\"@id\":\"https:\/\/www.africa-press.net\/cameroun\/economie\/import-substitution-paul-biya-appelle-les-jeunes-a-sengager-dans-la-production#primaryimage\"},\"thumbnailUrl\":\"https:\/\/static.africa-press.net\/cameroun\/sites\/57\/2024\/02\/sm_1707765300.972114.jpg\",\"datePublished\":\"2024-02-12T22:17:36+00:00\",\"dateModified\":\"2024-02-12T22:48:22+00:00\",\"author\":{\"@id\":\"https:\/\/www.africa-press.net\/cameroun\/#\/schema\/person\/2b1cf3cd81a31e3cd26889ca66d677f1\"},\"description\":\"Investir au Cameroun) - A l\u2019occasion de la 58e e\u0301dition de la fe\u0302te de la jeunesse ce\u0301le\u0301bre\u0301e ce 11 fe\u0301vrier 2024 au Ca ...\",\"breadcrumb\":{\"@id\":\"https:\/\/www.africa-press.net\/cameroun\/economie\/import-substitution-paul-biya-appelle-les-jeunes-a-sengager-dans-la-production#breadcrumb\"},\"inLanguage\":\"fr-FR\",\"potentialAction\":[{\"@type\":\"ReadAction\",\"target\":[\"https:\/\/www.africa-press.net\/cameroun\/economie\/import-substitution-paul-biya-appelle-les-jeunes-a-sengager-dans-la-production\"]}]},{\"@type\":\"ImageObject\",\"inLanguage\":\"fr-FR\",\"@id\":\"https:\/\/www.africa-press.net\/cameroun\/economie\/import-substitution-paul-biya-appelle-les-jeunes-a-sengager-dans-la-production#primaryimage\",\"url\":\"https:\/\/static.africa-press.net\/cameroun\/sites\/57\/2024\/02\/sm_1707765300.972114.jpg\",\"contentUrl\":\"https:\/\/static.africa-press.net\/cameroun\/sites\/57\/2024\/02\/sm_1707765300.972114.jpg\",\"width\":720,\"height\":479,\"caption\":\"Import-Substitution : Paul Biya Appelle les Jeunes \u00e0 S\u2019Engager dans la Production\"},{\"@type\":\"BreadcrumbList\",\"@id\":\"https:\/\/www.africa-press.net\/cameroun\/economie\/import-substitution-paul-biya-appelle-les-jeunes-a-sengager-dans-la-production#breadcrumb\",\"itemListElement\":[{\"@type\":\"ListItem\",\"position\":1,\"name\":\"Accueil\",\"item\":\"https:\/\/www.africa-press.net\/cameroun\/\"},{\"@type\":\"ListItem\",\"position\":2,\"name\":\"Import-Substitution : Paul Biya Appelle les Jeunes \u00e0 S\u2019Engager dans la Production\"}]},{\"@type\":\"WebSite\",\"@id\":\"https:\/\/www.africa-press.net\/cameroun\/#website\",\"url\":\"https:\/\/www.africa-press.net\/cameroun\/\",\"name\":\"Cameroun\",\"description\":\"Just another Africa News Agency Sites site\",\"potentialAction\":[{\"@type\":\"SearchAction\",\"target\":{\"@type\":\"EntryPoint\",\"urlTemplate\":\"https:\/\/www.africa-press.net\/cameroun\/?s={search_term_string}\"},\"query-input\":{\"@type\":\"PropertyValueSpecification\",\"valueRequired\":true,\"valueName\":\"search_term_string\"}}],\"inLanguage\":\"fr-FR\"},{\"@type\":\"Person\",\"@id\":\"https:\/\/www.africa-press.net\/cameroun\/#\/schema\/person\/2b1cf3cd81a31e3cd26889ca66d677f1\",\"name\":\"cfeditorfr\"}]}<\/script>\n<!-- \/ Yoast SEO Premium plugin. -->","yoast_head_json":{"title":"Import-Substitution : Paul Biya Appelle les Jeunes \u00e0 S\u2019Engager dans la Production - Cameroun","description":"Investir au Cameroun) - A l\u2019occasion de la 58e e\u0301dition de la fe\u0302te de la jeunesse ce\u0301le\u0301bre\u0301e ce 11 fe\u0301vrier 2024 au Ca ...","robots":{"index":"index","follow":"follow","max-snippet":"max-snippet:-1","max-image-preview":"max-image-preview:large","max-video-preview":"max-video-preview:-1"},"canonical":"https:\/\/www.africa-press.net\/cameroun\/economie\/import-substitution-paul-biya-appelle-les-jeunes-a-sengager-dans-la-production","og_locale":"fr_FR","og_type":"article","og_title":"Import-Substitution : Paul Biya Appelle les Jeunes \u00e0 S\u2019Engager dans la Production","og_description":"Investir au Cameroun) - A l\u2019occasion de la 58e e\u0301dition de la fe\u0302te de la jeunesse ce\u0301le\u0301bre\u0301e ce 11 fe\u0301vrier 2024 au Ca ...","og_url":"https:\/\/www.africa-press.net\/cameroun\/economie\/import-substitution-paul-biya-appelle-les-jeunes-a-sengager-dans-la-production","og_site_name":"Cameroun","article_published_time":"2024-02-12T22:17:36+00:00","article_modified_time":"2024-02-12T22:48:22+00:00","og_image":[{"width":720,"height":479,"url":"https:\/\/static.africa-press.net\/cameroun\/sites\/57\/2024\/02\/sm_1707765300.972114.jpg","type":"image\/jpeg"}],"author":"cfeditorfr","twitter_card":"summary_large_image","twitter_misc":{"\u00c9crit par":"cfeditorfr","Dur\u00e9e de lecture estim\u00e9e":"3 minutes"},"schema":{"@context":"https:\/\/schema.org","@graph":[{"@type":"Article","@id":"https:\/\/www.africa-press.net\/cameroun\/economie\/import-substitution-paul-biya-appelle-les-jeunes-a-sengager-dans-la-production#article","isPartOf":{"@id":"https:\/\/www.africa-press.net\/cameroun\/economie\/import-substitution-paul-biya-appelle-les-jeunes-a-sengager-dans-la-production"},"author":{"name":"cfeditorfr","@id":"https:\/\/www.africa-press.net\/cameroun\/#\/schema\/person\/2b1cf3cd81a31e3cd26889ca66d677f1"},"headline":"Import-Substitution : Paul Biya Appelle les Jeunes \u00e0 S\u2019Engager dans la Production","datePublished":"2024-02-12T22:17:36+00:00","dateModified":"2024-02-12T22:48:22+00:00","mainEntityOfPage":{"@id":"https:\/\/www.africa-press.net\/cameroun\/economie\/import-substitution-paul-biya-appelle-les-jeunes-a-sengager-dans-la-production"},"wordCount":584,"commentCount":0,"image":{"@id":"https:\/\/www.africa-press.net\/cameroun\/economie\/import-substitution-paul-biya-appelle-les-jeunes-a-sengager-dans-la-production#primaryimage"},"thumbnailUrl":"https:\/\/static.africa-press.net\/cameroun\/sites\/57\/2024\/02\/sm_1707765300.972114.jpg","keywords":["Africa Press","Africa Press-Cameroun","Cameroun"],"articleSection":["\u00c9conomie","Toutes les actualit\u00e9s"],"inLanguage":"fr-FR","potentialAction":[{"@type":"CommentAction","name":"Comment","target":["https:\/\/www.africa-press.net\/cameroun\/economie\/import-substitution-paul-biya-appelle-les-jeunes-a-sengager-dans-la-production#respond"]}]},{"@type":"WebPage","@id":"https:\/\/www.africa-press.net\/cameroun\/economie\/import-substitution-paul-biya-appelle-les-jeunes-a-sengager-dans-la-production","url":"https:\/\/www.africa-press.net\/cameroun\/economie\/import-substitution-paul-biya-appelle-les-jeunes-a-sengager-dans-la-production","name":"Import-Substitution : Paul Biya Appelle les Jeunes \u00e0 S\u2019Engager dans la Production - Cameroun","isPartOf":{"@id":"https:\/\/www.africa-press.net\/cameroun\/#website"},"primaryImageOfPage":{"@id":"https:\/\/www.africa-press.net\/cameroun\/economie\/import-substitution-paul-biya-appelle-les-jeunes-a-sengager-dans-la-production#primaryimage"},"image":{"@id":"https:\/\/www.africa-press.net\/cameroun\/economie\/import-substitution-paul-biya-appelle-les-jeunes-a-sengager-dans-la-production#primaryimage"},"thumbnailUrl":"https:\/\/static.africa-press.net\/cameroun\/sites\/57\/2024\/02\/sm_1707765300.972114.jpg","datePublished":"2024-02-12T22:17:36+00:00","dateModified":"2024-02-12T22:48:22+00:00","author":{"@id":"https:\/\/www.africa-press.net\/cameroun\/#\/schema\/person\/2b1cf3cd81a31e3cd26889ca66d677f1"},"description":"Investir au Cameroun) - A l\u2019occasion de la 58e e\u0301dition de la fe\u0302te de la jeunesse ce\u0301le\u0301bre\u0301e ce 11 fe\u0301vrier 2024 au Ca ...","breadcrumb":{"@id":"https:\/\/www.africa-press.net\/cameroun\/economie\/import-substitution-paul-biya-appelle-les-jeunes-a-sengager-dans-la-production#breadcrumb"},"inLanguage":"fr-FR","potentialAction":[{"@type":"ReadAction","target":["https:\/\/www.africa-press.net\/cameroun\/economie\/import-substitution-paul-biya-appelle-les-jeunes-a-sengager-dans-la-production"]}]},{"@type":"ImageObject","inLanguage":"fr-FR","@id":"https:\/\/www.africa-press.net\/cameroun\/economie\/import-substitution-paul-biya-appelle-les-jeunes-a-sengager-dans-la-production#primaryimage","url":"https:\/\/static.africa-press.net\/cameroun\/sites\/57\/2024\/02\/sm_1707765300.972114.jpg","contentUrl":"https:\/\/static.africa-press.net\/cameroun\/sites\/57\/2024\/02\/sm_1707765300.972114.jpg","width":720,"height":479,"caption":"Import-Substitution : Paul Biya Appelle les Jeunes \u00e0 S\u2019Engager dans la Production"},{"@type":"BreadcrumbList","@id":"https:\/\/www.africa-press.net\/cameroun\/economie\/import-substitution-paul-biya-appelle-les-jeunes-a-sengager-dans-la-production#breadcrumb","itemListElement":[{"@type":"ListItem","position":1,"name":"Accueil","item":"https:\/\/www.africa-press.net\/cameroun\/"},{"@type":"ListItem","position":2,"name":"Import-Substitution : Paul Biya Appelle les Jeunes \u00e0 S\u2019Engager dans la Production"}]},{"@type":"WebSite","@id":"https:\/\/www.africa-press.net\/cameroun\/#website","url":"https:\/\/www.africa-press.net\/cameroun\/","name":"Cameroun","description":"Just another Africa News Agency Sites site","potentialAction":[{"@type":"SearchAction","target":{"@type":"EntryPoint","urlTemplate":"https:\/\/www.africa-press.net\/cameroun\/?s={search_term_string}"},"query-input":{"@type":"PropertyValueSpecification","valueRequired":true,"valueName":"search_term_string"}}],"inLanguage":"fr-FR"},{"@type":"Person","@id":"https:\/\/www.africa-press.net\/cameroun\/#\/schema\/person\/2b1cf3cd81a31e3cd26889ca66d677f1","name":"cfeditorfr"}]}},"_links":{"self":[{"href":"https:\/\/www.africa-press.net\/cameroun\/wp-json\/wp\/v2\/posts\/61352","targetHints":{"allow":["GET"]}}],"collection":[{"href":"https:\/\/www.africa-press.net\/cameroun\/wp-json\/wp\/v2\/posts"}],"about":[{"href":"https:\/\/www.africa-press.net\/cameroun\/wp-json\/wp\/v2\/types\/post"}],"author":[{"embeddable":true,"href":"https:\/\/www.africa-press.net\/cameroun\/wp-json\/wp\/v2\/users\/82"}],"replies":[{"embeddable":true,"href":"https:\/\/www.africa-press.net\/cameroun\/wp-json\/wp\/v2\/comments?post=61352"}],"version-history":[{"count":0,"href":"https:\/\/www.africa-press.net\/cameroun\/wp-json\/wp\/v2\/posts\/61352\/revisions"}],"wp:featuredmedia":[{"embeddable":true,"href":"https:\/\/www.africa-press.net\/cameroun\/wp-json\/wp\/v2\/media\/61351"}],"wp:attachment":[{"href":"https:\/\/www.africa-press.net\/cameroun\/wp-json\/wp\/v2\/media?parent=61352"}],"wp:term":[{"taxonomy":"category","embeddable":true,"href":"https:\/\/www.africa-press.net\/cameroun\/wp-json\/wp\/v2\/categories?post=61352"},{"taxonomy":"post_tag","embeddable":true,"href":"https:\/\/www.africa-press.net\/cameroun\/wp-json\/wp\/v2\/tags?post=61352"}],"curies":[{"name":"wp","href":"https:\/\/api.w.org\/{rel}","templated":true}]}}