{"id":61366,"date":"2024-02-13T22:55:18","date_gmt":"2024-02-13T22:55:18","guid":{"rendered":"https:\/\/www.africa-press.net\/cameroun\/politique\/cabral-libii-emet-des-reserves-sur-lalliance-pour-le-changement"},"modified":"2024-02-13T23:17:14","modified_gmt":"2024-02-13T23:17:14","slug":"cabral-libii-emet-des-reserves-sur-lalliance-pour-le-changement","status":"publish","type":"post","link":"https:\/\/www.africa-press.net\/cameroun\/politique\/cabral-libii-emet-des-reserves-sur-lalliance-pour-le-changement","title":{"rendered":"Cabral Libii e\u0301met des re\u0301serves sur l\u2019Alliance pour le changement"},"content":{"rendered":"<p><span style=\"color: #ff6600\"><strong>Africa-Press &#8211; Cameroun. <\/strong><\/span><b>Le pre\u0301sident du parti camerounais pour la re\u0301conciliation nationale salue l\u2019initiative d\u2019une alliance des partis d\u2019opposition dans une correspondance adresse\u0301e a\u0300 Jean Michel Nintcheu.<\/b><\/p>\n<p>Saisi le 21 janvier par l\u2019Alliance pour le changement (APC) coordonne\u0301 par Jean Michel Nintcheu, Cabral Libii re\u0301pond. Le leader du Pcrn juge \u00ab opportune \u00bb l\u2019ide\u0301e de mutualiser les forces de l\u2019opposition. Pour lui, cette alliance constitue un moyen anticipe\u0301 de parvenir a\u0300 \u00ab une transition civile refondatrice de trois a\u0300 cinq ans \u00bb au Cameroun. La mission de ladite transition sera de faire \u00ab l\u2019e\u0301valuation des institutions et de proce\u0301der a\u0300 des re\u0301formes \u00bb. Ce qui donnera la possibilite\u0301 d\u2019e\u0301tablir une \u00ab e\u0301galite\u0301 de chance entre les futurs concurrents au pouvoir \u00bb.<\/p>\n<p>Cependant, le de\u0301pute\u0301 Cabral Libii ne partage pas la de\u0301marche de l\u2019Apc qui a choisi Maurice Kamto comme le candidat que toute l\u2019opposition devrait soutenir a\u0300 la pre\u0301sidentielle de 2025. \u00ab Pluto\u0302t que de pre\u0301senter tout de go un candidat, nous devons d\u2019abord nous entendre sur les principales re\u0301formes a\u0300 faire, ensuite trouver un cheval de bataille dont le profil sera dresse\u0301 de fac\u0327on concerte\u0301e \u00bb. De\u0301signe\u0301 dans ce cadre, le Pcrn soutiendra Maurice Kamto.<\/p>\n<p>Le pre\u0301sident du Pcrn propose d\u2019explorer la de\u0301marche de l\u2019opposition qui avait de\u0301signe\u0301 Ni John Fru Ndi candit de l\u2019alliance en 1992. En plus, l\u2019homme politique exhorte la plateforme de transition de proposer aux Camerounais une de\u0301marche concerte\u0301e de reconstruction du pays et non un projet politique propre a\u0300 une personne ou a\u0300 un parti politique. L\u2019autre action initiale que propose le Pcrn est d\u2019e\u0301laborer un Document d\u2019offre politique de transition refondatrice.<\/p>\n<p><strong>Pour plus d&rsquo;informations et d&rsquo;analyses sur la <a href=\"https:\/\/www.africa-press.net\/cameroun\">Cameroun<\/a>, suivez <a href=\"https:\/\/www.africa-press.net\/\">Africa-Press<\/a><\/strong><\/p>\n","protected":false},"excerpt":{"rendered":"<p>Africa-Press &#8211; Cameroun. Le pre\u0301sident du parti camerounais pour la re\u0301conciliation nationale salue l\u2019initiative d\u2019une alliance des partis d\u2019opposition dans une correspondance adresse\u0301e a\u0300 Jean Michel Nintcheu. Saisi le 21 janvier par l\u2019Alliance pour le changement (APC) coordonne\u0301 par Jean Michel Nintcheu, Cabral Libii re\u0301pond. Le leader du Pcrn juge \u00ab opportune \u00bb l\u2019ide\u0301e de [&hellip;]<\/p>\n","protected":false},"author":82,"featured_media":61365,"comment_status":"open","ping_status":"closed","sticky":false,"template":"","format":"standard","meta":{"footnotes":""},"categories":[2,10],"tags":[36,50,49],"class_list":["post-61366","post","type-post","status-publish","format-standard","has-post-thumbnail","hentry","category-politique","category-toutes-les-actualites","tag-africa-press","tag-africa-press-cameroun","tag-cameroun"],"yoast_head":"<!-- This site is optimized with the Yoast SEO Premium plugin v26.1 (Yoast SEO v27.0) - https:\/\/yoast.com\/product\/yoast-seo-premium-wordpress\/ -->\n<title>Cabral Libii e\u0301met des re\u0301serves sur l\u2019Alliance pour le changement - Cameroun<\/title>\n<meta name=\"description\" content=\"Le pre\u0301sident du parti camerounais pour la re\u0301conciliation nationale salue l\u2019initiative d\u2019une alliance des partis d\u2019o ...\" \/>\n<meta name=\"robots\" content=\"index, follow, max-snippet:-1, max-image-preview:large, max-video-preview:-1\" \/>\n<link rel=\"canonical\" href=\"https:\/\/www.africa-press.net\/cameroun\/politique\/cabral-libii-emet-des-reserves-sur-lalliance-pour-le-changement\" \/>\n<meta property=\"og:locale\" content=\"fr_FR\" \/>\n<meta property=\"og:type\" content=\"article\" \/>\n<meta property=\"og:title\" content=\"Cabral Libii e\u0301met des re\u0301serves sur l\u2019Alliance pour le changement\" \/>\n<meta property=\"og:description\" content=\"Le pre\u0301sident du parti camerounais pour la re\u0301conciliation nationale salue l\u2019initiative d\u2019une alliance des partis d\u2019o ...\" \/>\n<meta property=\"og:url\" content=\"https:\/\/www.africa-press.net\/cameroun\/politique\/cabral-libii-emet-des-reserves-sur-lalliance-pour-le-changement\" \/>\n<meta property=\"og:site_name\" content=\"Cameroun\" \/>\n<meta property=\"article:published_time\" content=\"2024-02-13T22:55:18+00:00\" \/>\n<meta property=\"article:modified_time\" content=\"2024-02-13T23:17:14+00:00\" \/>\n<meta property=\"og:image\" content=\"https:\/\/static.africa-press.net\/cameroun\/sites\/57\/2024\/02\/sm_1707853535.938925.jpg\" \/>\n\t<meta property=\"og:image:width\" content=\"780\" \/>\n\t<meta property=\"og:image:height\" content=\"440\" \/>\n\t<meta property=\"og:image:type\" content=\"image\/jpeg\" \/>\n<meta name=\"author\" content=\"cfeditorfr\" \/>\n<meta name=\"twitter:card\" content=\"summary_large_image\" \/>\n<meta name=\"twitter:label1\" content=\"\u00c9crit par\" \/>\n\t<meta name=\"twitter:data1\" content=\"cfeditorfr\" \/>\n\t<meta name=\"twitter:label2\" content=\"Dur\u00e9e de lecture estim\u00e9e\" \/>\n\t<meta name=\"twitter:data2\" content=\"2 minutes\" \/>\n<script type=\"application\/ld+json\" class=\"yoast-schema-graph\">{\"@context\":\"https:\/\/schema.org\",\"@graph\":[{\"@type\":\"Article\",\"@id\":\"https:\/\/www.africa-press.net\/cameroun\/politique\/cabral-libii-emet-des-reserves-sur-lalliance-pour-le-changement#article\",\"isPartOf\":{\"@id\":\"https:\/\/www.africa-press.net\/cameroun\/politique\/cabral-libii-emet-des-reserves-sur-lalliance-pour-le-changement\"},\"author\":{\"name\":\"cfeditorfr\",\"@id\":\"https:\/\/www.africa-press.net\/cameroun\/#\/schema\/person\/2b1cf3cd81a31e3cd26889ca66d677f1\"},\"headline\":\"Cabral Libii e\u0301met des re\u0301serves sur l\u2019Alliance pour le changement\",\"datePublished\":\"2024-02-13T22:55:18+00:00\",\"dateModified\":\"2024-02-13T23:17:14+00:00\",\"mainEntityOfPage\":{\"@id\":\"https:\/\/www.africa-press.net\/cameroun\/politique\/cabral-libii-emet-des-reserves-sur-lalliance-pour-le-changement\"},\"wordCount\":323,\"commentCount\":0,\"image\":{\"@id\":\"https:\/\/www.africa-press.net\/cameroun\/politique\/cabral-libii-emet-des-reserves-sur-lalliance-pour-le-changement#primaryimage\"},\"thumbnailUrl\":\"https:\/\/static.africa-press.net\/cameroun\/sites\/57\/2024\/02\/sm_1707853535.938925.jpg\",\"keywords\":[\"Africa Press\",\"Africa Press-Cameroun\",\"Cameroun\"],\"articleSection\":[\"Politique\",\"Toutes les actualit\u00e9s\"],\"inLanguage\":\"fr-FR\",\"potentialAction\":[{\"@type\":\"CommentAction\",\"name\":\"Comment\",\"target\":[\"https:\/\/www.africa-press.net\/cameroun\/politique\/cabral-libii-emet-des-reserves-sur-lalliance-pour-le-changement#respond\"]}]},{\"@type\":\"WebPage\",\"@id\":\"https:\/\/www.africa-press.net\/cameroun\/politique\/cabral-libii-emet-des-reserves-sur-lalliance-pour-le-changement\",\"url\":\"https:\/\/www.africa-press.net\/cameroun\/politique\/cabral-libii-emet-des-reserves-sur-lalliance-pour-le-changement\",\"name\":\"Cabral Libii e\u0301met des re\u0301serves sur l\u2019Alliance pour le changement - Cameroun\",\"isPartOf\":{\"@id\":\"https:\/\/www.africa-press.net\/cameroun\/#website\"},\"primaryImageOfPage\":{\"@id\":\"https:\/\/www.africa-press.net\/cameroun\/politique\/cabral-libii-emet-des-reserves-sur-lalliance-pour-le-changement#primaryimage\"},\"image\":{\"@id\":\"https:\/\/www.africa-press.net\/cameroun\/politique\/cabral-libii-emet-des-reserves-sur-lalliance-pour-le-changement#primaryimage\"},\"thumbnailUrl\":\"https:\/\/static.africa-press.net\/cameroun\/sites\/57\/2024\/02\/sm_1707853535.938925.jpg\",\"datePublished\":\"2024-02-13T22:55:18+00:00\",\"dateModified\":\"2024-02-13T23:17:14+00:00\",\"author\":{\"@id\":\"https:\/\/www.africa-press.net\/cameroun\/#\/schema\/person\/2b1cf3cd81a31e3cd26889ca66d677f1\"},\"description\":\"Le pre\u0301sident du parti camerounais pour la re\u0301conciliation nationale salue l\u2019initiative d\u2019une alliance des partis d\u2019o ...\",\"breadcrumb\":{\"@id\":\"https:\/\/www.africa-press.net\/cameroun\/politique\/cabral-libii-emet-des-reserves-sur-lalliance-pour-le-changement#breadcrumb\"},\"inLanguage\":\"fr-FR\",\"potentialAction\":[{\"@type\":\"ReadAction\",\"target\":[\"https:\/\/www.africa-press.net\/cameroun\/politique\/cabral-libii-emet-des-reserves-sur-lalliance-pour-le-changement\"]}]},{\"@type\":\"ImageObject\",\"inLanguage\":\"fr-FR\",\"@id\":\"https:\/\/www.africa-press.net\/cameroun\/politique\/cabral-libii-emet-des-reserves-sur-lalliance-pour-le-changement#primaryimage\",\"url\":\"https:\/\/static.africa-press.net\/cameroun\/sites\/57\/2024\/02\/sm_1707853535.938925.jpg\",\"contentUrl\":\"https:\/\/static.africa-press.net\/cameroun\/sites\/57\/2024\/02\/sm_1707853535.938925.jpg\",\"width\":780,\"height\":440,\"caption\":\"Cabral Libii e\u0301met des re\u0301serves sur l\u2019Alliance pour le changement\"},{\"@type\":\"BreadcrumbList\",\"@id\":\"https:\/\/www.africa-press.net\/cameroun\/politique\/cabral-libii-emet-des-reserves-sur-lalliance-pour-le-changement#breadcrumb\",\"itemListElement\":[{\"@type\":\"ListItem\",\"position\":1,\"name\":\"Accueil\",\"item\":\"https:\/\/www.africa-press.net\/cameroun\/\"},{\"@type\":\"ListItem\",\"position\":2,\"name\":\"Cabral Libii e\u0301met des re\u0301serves sur l\u2019Alliance pour le changement\"}]},{\"@type\":\"WebSite\",\"@id\":\"https:\/\/www.africa-press.net\/cameroun\/#website\",\"url\":\"https:\/\/www.africa-press.net\/cameroun\/\",\"name\":\"Cameroun\",\"description\":\"Just another Africa News Agency Sites site\",\"potentialAction\":[{\"@type\":\"SearchAction\",\"target\":{\"@type\":\"EntryPoint\",\"urlTemplate\":\"https:\/\/www.africa-press.net\/cameroun\/?s={search_term_string}\"},\"query-input\":{\"@type\":\"PropertyValueSpecification\",\"valueRequired\":true,\"valueName\":\"search_term_string\"}}],\"inLanguage\":\"fr-FR\"},{\"@type\":\"Person\",\"@id\":\"https:\/\/www.africa-press.net\/cameroun\/#\/schema\/person\/2b1cf3cd81a31e3cd26889ca66d677f1\",\"name\":\"cfeditorfr\"}]}<\/script>\n<!-- \/ Yoast SEO Premium plugin. -->","yoast_head_json":{"title":"Cabral Libii e\u0301met des re\u0301serves sur l\u2019Alliance pour le changement - Cameroun","description":"Le pre\u0301sident du parti camerounais pour la re\u0301conciliation nationale salue l\u2019initiative d\u2019une alliance des partis d\u2019o ...","robots":{"index":"index","follow":"follow","max-snippet":"max-snippet:-1","max-image-preview":"max-image-preview:large","max-video-preview":"max-video-preview:-1"},"canonical":"https:\/\/www.africa-press.net\/cameroun\/politique\/cabral-libii-emet-des-reserves-sur-lalliance-pour-le-changement","og_locale":"fr_FR","og_type":"article","og_title":"Cabral Libii e\u0301met des re\u0301serves sur l\u2019Alliance pour le changement","og_description":"Le pre\u0301sident du parti camerounais pour la re\u0301conciliation nationale salue l\u2019initiative d\u2019une alliance des partis d\u2019o ...","og_url":"https:\/\/www.africa-press.net\/cameroun\/politique\/cabral-libii-emet-des-reserves-sur-lalliance-pour-le-changement","og_site_name":"Cameroun","article_published_time":"2024-02-13T22:55:18+00:00","article_modified_time":"2024-02-13T23:17:14+00:00","og_image":[{"width":780,"height":440,"url":"https:\/\/static.africa-press.net\/cameroun\/sites\/57\/2024\/02\/sm_1707853535.938925.jpg","type":"image\/jpeg"}],"author":"cfeditorfr","twitter_card":"summary_large_image","twitter_misc":{"\u00c9crit par":"cfeditorfr","Dur\u00e9e de lecture estim\u00e9e":"2 minutes"},"schema":{"@context":"https:\/\/schema.org","@graph":[{"@type":"Article","@id":"https:\/\/www.africa-press.net\/cameroun\/politique\/cabral-libii-emet-des-reserves-sur-lalliance-pour-le-changement#article","isPartOf":{"@id":"https:\/\/www.africa-press.net\/cameroun\/politique\/cabral-libii-emet-des-reserves-sur-lalliance-pour-le-changement"},"author":{"name":"cfeditorfr","@id":"https:\/\/www.africa-press.net\/cameroun\/#\/schema\/person\/2b1cf3cd81a31e3cd26889ca66d677f1"},"headline":"Cabral Libii e\u0301met des re\u0301serves sur l\u2019Alliance pour le changement","datePublished":"2024-02-13T22:55:18+00:00","dateModified":"2024-02-13T23:17:14+00:00","mainEntityOfPage":{"@id":"https:\/\/www.africa-press.net\/cameroun\/politique\/cabral-libii-emet-des-reserves-sur-lalliance-pour-le-changement"},"wordCount":323,"commentCount":0,"image":{"@id":"https:\/\/www.africa-press.net\/cameroun\/politique\/cabral-libii-emet-des-reserves-sur-lalliance-pour-le-changement#primaryimage"},"thumbnailUrl":"https:\/\/static.africa-press.net\/cameroun\/sites\/57\/2024\/02\/sm_1707853535.938925.jpg","keywords":["Africa Press","Africa Press-Cameroun","Cameroun"],"articleSection":["Politique","Toutes les actualit\u00e9s"],"inLanguage":"fr-FR","potentialAction":[{"@type":"CommentAction","name":"Comment","target":["https:\/\/www.africa-press.net\/cameroun\/politique\/cabral-libii-emet-des-reserves-sur-lalliance-pour-le-changement#respond"]}]},{"@type":"WebPage","@id":"https:\/\/www.africa-press.net\/cameroun\/politique\/cabral-libii-emet-des-reserves-sur-lalliance-pour-le-changement","url":"https:\/\/www.africa-press.net\/cameroun\/politique\/cabral-libii-emet-des-reserves-sur-lalliance-pour-le-changement","name":"Cabral Libii e\u0301met des re\u0301serves sur l\u2019Alliance pour le changement - Cameroun","isPartOf":{"@id":"https:\/\/www.africa-press.net\/cameroun\/#website"},"primaryImageOfPage":{"@id":"https:\/\/www.africa-press.net\/cameroun\/politique\/cabral-libii-emet-des-reserves-sur-lalliance-pour-le-changement#primaryimage"},"image":{"@id":"https:\/\/www.africa-press.net\/cameroun\/politique\/cabral-libii-emet-des-reserves-sur-lalliance-pour-le-changement#primaryimage"},"thumbnailUrl":"https:\/\/static.africa-press.net\/cameroun\/sites\/57\/2024\/02\/sm_1707853535.938925.jpg","datePublished":"2024-02-13T22:55:18+00:00","dateModified":"2024-02-13T23:17:14+00:00","author":{"@id":"https:\/\/www.africa-press.net\/cameroun\/#\/schema\/person\/2b1cf3cd81a31e3cd26889ca66d677f1"},"description":"Le pre\u0301sident du parti camerounais pour la re\u0301conciliation nationale salue l\u2019initiative d\u2019une alliance des partis d\u2019o ...","breadcrumb":{"@id":"https:\/\/www.africa-press.net\/cameroun\/politique\/cabral-libii-emet-des-reserves-sur-lalliance-pour-le-changement#breadcrumb"},"inLanguage":"fr-FR","potentialAction":[{"@type":"ReadAction","target":["https:\/\/www.africa-press.net\/cameroun\/politique\/cabral-libii-emet-des-reserves-sur-lalliance-pour-le-changement"]}]},{"@type":"ImageObject","inLanguage":"fr-FR","@id":"https:\/\/www.africa-press.net\/cameroun\/politique\/cabral-libii-emet-des-reserves-sur-lalliance-pour-le-changement#primaryimage","url":"https:\/\/static.africa-press.net\/cameroun\/sites\/57\/2024\/02\/sm_1707853535.938925.jpg","contentUrl":"https:\/\/static.africa-press.net\/cameroun\/sites\/57\/2024\/02\/sm_1707853535.938925.jpg","width":780,"height":440,"caption":"Cabral Libii e\u0301met des re\u0301serves sur l\u2019Alliance pour le changement"},{"@type":"BreadcrumbList","@id":"https:\/\/www.africa-press.net\/cameroun\/politique\/cabral-libii-emet-des-reserves-sur-lalliance-pour-le-changement#breadcrumb","itemListElement":[{"@type":"ListItem","position":1,"name":"Accueil","item":"https:\/\/www.africa-press.net\/cameroun\/"},{"@type":"ListItem","position":2,"name":"Cabral Libii e\u0301met des re\u0301serves sur l\u2019Alliance pour le changement"}]},{"@type":"WebSite","@id":"https:\/\/www.africa-press.net\/cameroun\/#website","url":"https:\/\/www.africa-press.net\/cameroun\/","name":"Cameroun","description":"Just another Africa News Agency Sites site","potentialAction":[{"@type":"SearchAction","target":{"@type":"EntryPoint","urlTemplate":"https:\/\/www.africa-press.net\/cameroun\/?s={search_term_string}"},"query-input":{"@type":"PropertyValueSpecification","valueRequired":true,"valueName":"search_term_string"}}],"inLanguage":"fr-FR"},{"@type":"Person","@id":"https:\/\/www.africa-press.net\/cameroun\/#\/schema\/person\/2b1cf3cd81a31e3cd26889ca66d677f1","name":"cfeditorfr"}]}},"_links":{"self":[{"href":"https:\/\/www.africa-press.net\/cameroun\/wp-json\/wp\/v2\/posts\/61366","targetHints":{"allow":["GET"]}}],"collection":[{"href":"https:\/\/www.africa-press.net\/cameroun\/wp-json\/wp\/v2\/posts"}],"about":[{"href":"https:\/\/www.africa-press.net\/cameroun\/wp-json\/wp\/v2\/types\/post"}],"author":[{"embeddable":true,"href":"https:\/\/www.africa-press.net\/cameroun\/wp-json\/wp\/v2\/users\/82"}],"replies":[{"embeddable":true,"href":"https:\/\/www.africa-press.net\/cameroun\/wp-json\/wp\/v2\/comments?post=61366"}],"version-history":[{"count":0,"href":"https:\/\/www.africa-press.net\/cameroun\/wp-json\/wp\/v2\/posts\/61366\/revisions"}],"wp:featuredmedia":[{"embeddable":true,"href":"https:\/\/www.africa-press.net\/cameroun\/wp-json\/wp\/v2\/media\/61365"}],"wp:attachment":[{"href":"https:\/\/www.africa-press.net\/cameroun\/wp-json\/wp\/v2\/media?parent=61366"}],"wp:term":[{"taxonomy":"category","embeddable":true,"href":"https:\/\/www.africa-press.net\/cameroun\/wp-json\/wp\/v2\/categories?post=61366"},{"taxonomy":"post_tag","embeddable":true,"href":"https:\/\/www.africa-press.net\/cameroun\/wp-json\/wp\/v2\/tags?post=61366"}],"curies":[{"name":"wp","href":"https:\/\/api.w.org\/{rel}","templated":true}]}}