{"id":61368,"date":"2024-02-13T22:55:24","date_gmt":"2024-02-13T22:55:24","guid":{"rendered":"https:\/\/www.africa-press.net\/cameroun\/politique\/presidence-de-la-bad-abbas-tolli-ex-gouverneur-de-la-beac-est-le-premier-candidat-connu"},"modified":"2024-02-13T23:17:51","modified_gmt":"2024-02-13T23:17:51","slug":"presidence-de-la-bad-abbas-tolli-ex-gouverneur-de-la-beac-est-le-premier-candidat-connu","status":"publish","type":"post","link":"https:\/\/www.africa-press.net\/cameroun\/economie\/presidence-de-la-bad-abbas-tolli-ex-gouverneur-de-la-beac-est-le-premier-candidat-connu","title":{"rendered":"Pr\u00e9sidence de la BAD : Abbas Tolli, ex-gouverneur de la BEAC est le premier candidat connu"},"content":{"rendered":"<p><span style=\"color: #ff6600\"><strong>Africa-Press &#8211; Cameroun. <\/strong><\/span><b>Le mandat d\u2019Akinwumi Adesina tend vers sa fin, les pre\u0301tendants se positionnent pour prendre les re\u0302nes de cette institution strate\u0301gique dans un continent en pleine mutation e\u0301conomique.<\/b><\/p>\n<p>Akinwumi Adesina, actuel pre\u0301sident de la Banque africaine de de\u0301veloppement, ache\u0300vera son deuxie\u0300me mandat en 2025. Statutairement, il ne peut se repre\u0301senter, ouvrant ainsi la voie a\u0300 une compe\u0301tition acharne\u0301e entre les candidats aspirant a\u0300 sa succession.<\/p>\n<p>Ayant acheve\u0301 son mandat de sept ans en tant que gouverneur de la Banque des E\u0301tats de l\u2019Afrique centrale (BEAC) le 07 fe\u0301vrier 2024, Abbas Mahamat Tolli est de\u0301sormais le premier a\u0300 officialiser sa candidature pour se mettre a\u0300 la te\u0302te de la BAD.<\/p>\n<p>Lors de la session extraordinaire de la confe\u0301rence des chefs d\u2019E\u0301tat de la Communaute\u0301 e\u0301conomique et mone\u0301taire de l\u2019Afrique centrale (Cemac), tenue le 9 fe\u0301vrier 2024 par visioconfe\u0301rence, les leaders de cette espace communautaire ont valide\u0301 la candidature d\u2019Abbas Mahamat Tolli.<\/p>\n<p>Apre\u0300s avoir obtenu l\u2019aval de la Cemac, Abbas Mahamat Tolli devra conque\u0301rir les voix de la Communaute\u0301 e\u0301conomique des E\u0301tats de l\u2019Afrique centrale (Ceeac). Ce bloc re\u0301gional plus e\u0301tendu, englobant non seulement la Cemac, mais aussi l\u2019Angola, Sao Tome\u0301 et Principe, la RD Congo, le Rwanda et le Burundi, sera un terrain crucial pour sa candidature.<\/p>\n<p>La BAD commencera a\u0300 recevoir les candidatures apre\u0300s les assemble\u0301es de Nairobi en mai prochain. La campagne e\u0301lectorale de\u0301butera en fe\u0301vrier 2025.<\/p>\n<p>Si Abbas Mahamat Tolli est e\u0301lu, il deviendra le premier dirigeant originaire de la Cemac a\u0300 prendre les re\u0302nes de cette institution panafricaine. En 2004, la CEMAC avait fait bloc en faveur du candidat gabonais Casimir Oye\u0301 Mba. Celui-ci avait e\u0301choue\u0301 face au Rwandais Donald Keberuka.<\/p>\n<p><strong>Pour plus d&rsquo;informations et d&rsquo;analyses sur la <a href=\"https:\/\/www.africa-press.net\/cameroun\">Cameroun<\/a>, suivez <a href=\"https:\/\/www.africa-press.net\/\">Africa-Press<\/a><\/strong><\/p>\n","protected":false},"excerpt":{"rendered":"<p>Africa-Press &#8211; Cameroun. Le mandat d\u2019Akinwumi Adesina tend vers sa fin, les pre\u0301tendants se positionnent pour prendre les re\u0302nes de cette institution strate\u0301gique dans un continent en pleine mutation e\u0301conomique. Akinwumi Adesina, actuel pre\u0301sident de la Banque africaine de de\u0301veloppement, ache\u0300vera son deuxie\u0300me mandat en 2025. Statutairement, il ne peut se repre\u0301senter, ouvrant ainsi la [&hellip;]<\/p>\n","protected":false},"author":82,"featured_media":61367,"comment_status":"open","ping_status":"closed","sticky":false,"template":"","format":"standard","meta":{"footnotes":""},"categories":[3,10],"tags":[36,50,49],"class_list":["post-61368","post","type-post","status-publish","format-standard","has-post-thumbnail","hentry","category-economie","category-toutes-les-actualites","tag-africa-press","tag-africa-press-cameroun","tag-cameroun"],"yoast_head":"<!-- This site is optimized with the Yoast SEO Premium plugin v26.1 (Yoast SEO v27.0) - https:\/\/yoast.com\/product\/yoast-seo-premium-wordpress\/ -->\n<title>Pr\u00e9sidence de la BAD : Abbas Tolli, ex-gouverneur de la BEAC est le premier candidat connu - Cameroun<\/title>\n<meta name=\"description\" content=\"Le mandat d\u2019Akinwumi Adesina tend vers sa fin, les pre\u0301tendants se positionnent pour prendre les re\u0302nes de cette inst ...\" \/>\n<meta name=\"robots\" content=\"index, follow, max-snippet:-1, max-image-preview:large, max-video-preview:-1\" \/>\n<link rel=\"canonical\" href=\"https:\/\/www.africa-press.net\/cameroun\/economie\/presidence-de-la-bad-abbas-tolli-ex-gouverneur-de-la-beac-est-le-premier-candidat-connu\" \/>\n<meta property=\"og:locale\" content=\"fr_FR\" \/>\n<meta property=\"og:type\" content=\"article\" \/>\n<meta property=\"og:title\" content=\"Pr\u00e9sidence de la BAD : Abbas Tolli, ex-gouverneur de la BEAC est le premier candidat connu\" \/>\n<meta property=\"og:description\" content=\"Le mandat d\u2019Akinwumi Adesina tend vers sa fin, les pre\u0301tendants se positionnent pour prendre les re\u0302nes de cette inst ...\" \/>\n<meta property=\"og:url\" content=\"https:\/\/www.africa-press.net\/cameroun\/economie\/presidence-de-la-bad-abbas-tolli-ex-gouverneur-de-la-beac-est-le-premier-candidat-connu\" \/>\n<meta property=\"og:site_name\" content=\"Cameroun\" \/>\n<meta property=\"article:published_time\" content=\"2024-02-13T22:55:24+00:00\" \/>\n<meta property=\"article:modified_time\" content=\"2024-02-13T23:17:51+00:00\" \/>\n<meta property=\"og:image\" content=\"https:\/\/static.africa-press.net\/cameroun\/sites\/57\/2024\/02\/sm_1707853559.608046.jpg\" \/>\n\t<meta property=\"og:image:width\" content=\"780\" \/>\n\t<meta property=\"og:image:height\" content=\"440\" \/>\n\t<meta property=\"og:image:type\" content=\"image\/jpeg\" \/>\n<meta name=\"author\" content=\"cfeditorfr\" \/>\n<meta name=\"twitter:card\" content=\"summary_large_image\" \/>\n<meta name=\"twitter:label1\" content=\"\u00c9crit par\" \/>\n\t<meta name=\"twitter:data1\" content=\"cfeditorfr\" \/>\n\t<meta name=\"twitter:label2\" content=\"Dur\u00e9e de lecture estim\u00e9e\" \/>\n\t<meta name=\"twitter:data2\" content=\"2 minutes\" \/>\n<script type=\"application\/ld+json\" class=\"yoast-schema-graph\">{\"@context\":\"https:\/\/schema.org\",\"@graph\":[{\"@type\":\"Article\",\"@id\":\"https:\/\/www.africa-press.net\/cameroun\/economie\/presidence-de-la-bad-abbas-tolli-ex-gouverneur-de-la-beac-est-le-premier-candidat-connu#article\",\"isPartOf\":{\"@id\":\"https:\/\/www.africa-press.net\/cameroun\/economie\/presidence-de-la-bad-abbas-tolli-ex-gouverneur-de-la-beac-est-le-premier-candidat-connu\"},\"author\":{\"name\":\"cfeditorfr\",\"@id\":\"https:\/\/www.africa-press.net\/cameroun\/#\/schema\/person\/2b1cf3cd81a31e3cd26889ca66d677f1\"},\"headline\":\"Pr\u00e9sidence de la BAD : Abbas Tolli, ex-gouverneur de la BEAC est le premier candidat connu\",\"datePublished\":\"2024-02-13T22:55:24+00:00\",\"dateModified\":\"2024-02-13T23:17:51+00:00\",\"mainEntityOfPage\":{\"@id\":\"https:\/\/www.africa-press.net\/cameroun\/economie\/presidence-de-la-bad-abbas-tolli-ex-gouverneur-de-la-beac-est-le-premier-candidat-connu\"},\"wordCount\":340,\"commentCount\":0,\"image\":{\"@id\":\"https:\/\/www.africa-press.net\/cameroun\/economie\/presidence-de-la-bad-abbas-tolli-ex-gouverneur-de-la-beac-est-le-premier-candidat-connu#primaryimage\"},\"thumbnailUrl\":\"https:\/\/static.africa-press.net\/cameroun\/sites\/57\/2024\/02\/sm_1707853559.608046.jpg\",\"keywords\":[\"Africa Press\",\"Africa Press-Cameroun\",\"Cameroun\"],\"articleSection\":[\"\u00c9conomie\",\"Toutes les actualit\u00e9s\"],\"inLanguage\":\"fr-FR\",\"potentialAction\":[{\"@type\":\"CommentAction\",\"name\":\"Comment\",\"target\":[\"https:\/\/www.africa-press.net\/cameroun\/economie\/presidence-de-la-bad-abbas-tolli-ex-gouverneur-de-la-beac-est-le-premier-candidat-connu#respond\"]}]},{\"@type\":\"WebPage\",\"@id\":\"https:\/\/www.africa-press.net\/cameroun\/economie\/presidence-de-la-bad-abbas-tolli-ex-gouverneur-de-la-beac-est-le-premier-candidat-connu\",\"url\":\"https:\/\/www.africa-press.net\/cameroun\/economie\/presidence-de-la-bad-abbas-tolli-ex-gouverneur-de-la-beac-est-le-premier-candidat-connu\",\"name\":\"Pr\u00e9sidence de la BAD : Abbas Tolli, ex-gouverneur de la BEAC est le premier candidat connu - Cameroun\",\"isPartOf\":{\"@id\":\"https:\/\/www.africa-press.net\/cameroun\/#website\"},\"primaryImageOfPage\":{\"@id\":\"https:\/\/www.africa-press.net\/cameroun\/economie\/presidence-de-la-bad-abbas-tolli-ex-gouverneur-de-la-beac-est-le-premier-candidat-connu#primaryimage\"},\"image\":{\"@id\":\"https:\/\/www.africa-press.net\/cameroun\/economie\/presidence-de-la-bad-abbas-tolli-ex-gouverneur-de-la-beac-est-le-premier-candidat-connu#primaryimage\"},\"thumbnailUrl\":\"https:\/\/static.africa-press.net\/cameroun\/sites\/57\/2024\/02\/sm_1707853559.608046.jpg\",\"datePublished\":\"2024-02-13T22:55:24+00:00\",\"dateModified\":\"2024-02-13T23:17:51+00:00\",\"author\":{\"@id\":\"https:\/\/www.africa-press.net\/cameroun\/#\/schema\/person\/2b1cf3cd81a31e3cd26889ca66d677f1\"},\"description\":\"Le mandat d\u2019Akinwumi Adesina tend vers sa fin, les pre\u0301tendants se positionnent pour prendre les re\u0302nes de cette inst ...\",\"breadcrumb\":{\"@id\":\"https:\/\/www.africa-press.net\/cameroun\/economie\/presidence-de-la-bad-abbas-tolli-ex-gouverneur-de-la-beac-est-le-premier-candidat-connu#breadcrumb\"},\"inLanguage\":\"fr-FR\",\"potentialAction\":[{\"@type\":\"ReadAction\",\"target\":[\"https:\/\/www.africa-press.net\/cameroun\/economie\/presidence-de-la-bad-abbas-tolli-ex-gouverneur-de-la-beac-est-le-premier-candidat-connu\"]}]},{\"@type\":\"ImageObject\",\"inLanguage\":\"fr-FR\",\"@id\":\"https:\/\/www.africa-press.net\/cameroun\/economie\/presidence-de-la-bad-abbas-tolli-ex-gouverneur-de-la-beac-est-le-premier-candidat-connu#primaryimage\",\"url\":\"https:\/\/static.africa-press.net\/cameroun\/sites\/57\/2024\/02\/sm_1707853559.608046.jpg\",\"contentUrl\":\"https:\/\/static.africa-press.net\/cameroun\/sites\/57\/2024\/02\/sm_1707853559.608046.jpg\",\"width\":780,\"height\":440,\"caption\":\"Pr\u00e9sidence de la BAD : Abbas Tolli, ex-gouverneur de la BEAC est le premier candidat connu\"},{\"@type\":\"BreadcrumbList\",\"@id\":\"https:\/\/www.africa-press.net\/cameroun\/economie\/presidence-de-la-bad-abbas-tolli-ex-gouverneur-de-la-beac-est-le-premier-candidat-connu#breadcrumb\",\"itemListElement\":[{\"@type\":\"ListItem\",\"position\":1,\"name\":\"Accueil\",\"item\":\"https:\/\/www.africa-press.net\/cameroun\/\"},{\"@type\":\"ListItem\",\"position\":2,\"name\":\"Pr\u00e9sidence de la BAD : Abbas Tolli, ex-gouverneur de la BEAC est le premier candidat connu\"}]},{\"@type\":\"WebSite\",\"@id\":\"https:\/\/www.africa-press.net\/cameroun\/#website\",\"url\":\"https:\/\/www.africa-press.net\/cameroun\/\",\"name\":\"Cameroun\",\"description\":\"Just another Africa News Agency Sites site\",\"potentialAction\":[{\"@type\":\"SearchAction\",\"target\":{\"@type\":\"EntryPoint\",\"urlTemplate\":\"https:\/\/www.africa-press.net\/cameroun\/?s={search_term_string}\"},\"query-input\":{\"@type\":\"PropertyValueSpecification\",\"valueRequired\":true,\"valueName\":\"search_term_string\"}}],\"inLanguage\":\"fr-FR\"},{\"@type\":\"Person\",\"@id\":\"https:\/\/www.africa-press.net\/cameroun\/#\/schema\/person\/2b1cf3cd81a31e3cd26889ca66d677f1\",\"name\":\"cfeditorfr\"}]}<\/script>\n<!-- \/ Yoast SEO Premium plugin. -->","yoast_head_json":{"title":"Pr\u00e9sidence de la BAD : Abbas Tolli, ex-gouverneur de la BEAC est le premier candidat connu - Cameroun","description":"Le mandat d\u2019Akinwumi Adesina tend vers sa fin, les pre\u0301tendants se positionnent pour prendre les re\u0302nes de cette inst ...","robots":{"index":"index","follow":"follow","max-snippet":"max-snippet:-1","max-image-preview":"max-image-preview:large","max-video-preview":"max-video-preview:-1"},"canonical":"https:\/\/www.africa-press.net\/cameroun\/economie\/presidence-de-la-bad-abbas-tolli-ex-gouverneur-de-la-beac-est-le-premier-candidat-connu","og_locale":"fr_FR","og_type":"article","og_title":"Pr\u00e9sidence de la BAD : Abbas Tolli, ex-gouverneur de la BEAC est le premier candidat connu","og_description":"Le mandat d\u2019Akinwumi Adesina tend vers sa fin, les pre\u0301tendants se positionnent pour prendre les re\u0302nes de cette inst ...","og_url":"https:\/\/www.africa-press.net\/cameroun\/economie\/presidence-de-la-bad-abbas-tolli-ex-gouverneur-de-la-beac-est-le-premier-candidat-connu","og_site_name":"Cameroun","article_published_time":"2024-02-13T22:55:24+00:00","article_modified_time":"2024-02-13T23:17:51+00:00","og_image":[{"width":780,"height":440,"url":"https:\/\/static.africa-press.net\/cameroun\/sites\/57\/2024\/02\/sm_1707853559.608046.jpg","type":"image\/jpeg"}],"author":"cfeditorfr","twitter_card":"summary_large_image","twitter_misc":{"\u00c9crit par":"cfeditorfr","Dur\u00e9e de lecture estim\u00e9e":"2 minutes"},"schema":{"@context":"https:\/\/schema.org","@graph":[{"@type":"Article","@id":"https:\/\/www.africa-press.net\/cameroun\/economie\/presidence-de-la-bad-abbas-tolli-ex-gouverneur-de-la-beac-est-le-premier-candidat-connu#article","isPartOf":{"@id":"https:\/\/www.africa-press.net\/cameroun\/economie\/presidence-de-la-bad-abbas-tolli-ex-gouverneur-de-la-beac-est-le-premier-candidat-connu"},"author":{"name":"cfeditorfr","@id":"https:\/\/www.africa-press.net\/cameroun\/#\/schema\/person\/2b1cf3cd81a31e3cd26889ca66d677f1"},"headline":"Pr\u00e9sidence de la BAD : Abbas Tolli, ex-gouverneur de la BEAC est le premier candidat connu","datePublished":"2024-02-13T22:55:24+00:00","dateModified":"2024-02-13T23:17:51+00:00","mainEntityOfPage":{"@id":"https:\/\/www.africa-press.net\/cameroun\/economie\/presidence-de-la-bad-abbas-tolli-ex-gouverneur-de-la-beac-est-le-premier-candidat-connu"},"wordCount":340,"commentCount":0,"image":{"@id":"https:\/\/www.africa-press.net\/cameroun\/economie\/presidence-de-la-bad-abbas-tolli-ex-gouverneur-de-la-beac-est-le-premier-candidat-connu#primaryimage"},"thumbnailUrl":"https:\/\/static.africa-press.net\/cameroun\/sites\/57\/2024\/02\/sm_1707853559.608046.jpg","keywords":["Africa Press","Africa Press-Cameroun","Cameroun"],"articleSection":["\u00c9conomie","Toutes les actualit\u00e9s"],"inLanguage":"fr-FR","potentialAction":[{"@type":"CommentAction","name":"Comment","target":["https:\/\/www.africa-press.net\/cameroun\/economie\/presidence-de-la-bad-abbas-tolli-ex-gouverneur-de-la-beac-est-le-premier-candidat-connu#respond"]}]},{"@type":"WebPage","@id":"https:\/\/www.africa-press.net\/cameroun\/economie\/presidence-de-la-bad-abbas-tolli-ex-gouverneur-de-la-beac-est-le-premier-candidat-connu","url":"https:\/\/www.africa-press.net\/cameroun\/economie\/presidence-de-la-bad-abbas-tolli-ex-gouverneur-de-la-beac-est-le-premier-candidat-connu","name":"Pr\u00e9sidence de la BAD : Abbas Tolli, ex-gouverneur de la BEAC est le premier candidat connu - Cameroun","isPartOf":{"@id":"https:\/\/www.africa-press.net\/cameroun\/#website"},"primaryImageOfPage":{"@id":"https:\/\/www.africa-press.net\/cameroun\/economie\/presidence-de-la-bad-abbas-tolli-ex-gouverneur-de-la-beac-est-le-premier-candidat-connu#primaryimage"},"image":{"@id":"https:\/\/www.africa-press.net\/cameroun\/economie\/presidence-de-la-bad-abbas-tolli-ex-gouverneur-de-la-beac-est-le-premier-candidat-connu#primaryimage"},"thumbnailUrl":"https:\/\/static.africa-press.net\/cameroun\/sites\/57\/2024\/02\/sm_1707853559.608046.jpg","datePublished":"2024-02-13T22:55:24+00:00","dateModified":"2024-02-13T23:17:51+00:00","author":{"@id":"https:\/\/www.africa-press.net\/cameroun\/#\/schema\/person\/2b1cf3cd81a31e3cd26889ca66d677f1"},"description":"Le mandat d\u2019Akinwumi Adesina tend vers sa fin, les pre\u0301tendants se positionnent pour prendre les re\u0302nes de cette inst ...","breadcrumb":{"@id":"https:\/\/www.africa-press.net\/cameroun\/economie\/presidence-de-la-bad-abbas-tolli-ex-gouverneur-de-la-beac-est-le-premier-candidat-connu#breadcrumb"},"inLanguage":"fr-FR","potentialAction":[{"@type":"ReadAction","target":["https:\/\/www.africa-press.net\/cameroun\/economie\/presidence-de-la-bad-abbas-tolli-ex-gouverneur-de-la-beac-est-le-premier-candidat-connu"]}]},{"@type":"ImageObject","inLanguage":"fr-FR","@id":"https:\/\/www.africa-press.net\/cameroun\/economie\/presidence-de-la-bad-abbas-tolli-ex-gouverneur-de-la-beac-est-le-premier-candidat-connu#primaryimage","url":"https:\/\/static.africa-press.net\/cameroun\/sites\/57\/2024\/02\/sm_1707853559.608046.jpg","contentUrl":"https:\/\/static.africa-press.net\/cameroun\/sites\/57\/2024\/02\/sm_1707853559.608046.jpg","width":780,"height":440,"caption":"Pr\u00e9sidence de la BAD : Abbas Tolli, ex-gouverneur de la BEAC est le premier candidat connu"},{"@type":"BreadcrumbList","@id":"https:\/\/www.africa-press.net\/cameroun\/economie\/presidence-de-la-bad-abbas-tolli-ex-gouverneur-de-la-beac-est-le-premier-candidat-connu#breadcrumb","itemListElement":[{"@type":"ListItem","position":1,"name":"Accueil","item":"https:\/\/www.africa-press.net\/cameroun\/"},{"@type":"ListItem","position":2,"name":"Pr\u00e9sidence de la BAD : Abbas Tolli, ex-gouverneur de la BEAC est le premier candidat connu"}]},{"@type":"WebSite","@id":"https:\/\/www.africa-press.net\/cameroun\/#website","url":"https:\/\/www.africa-press.net\/cameroun\/","name":"Cameroun","description":"Just another Africa News Agency Sites site","potentialAction":[{"@type":"SearchAction","target":{"@type":"EntryPoint","urlTemplate":"https:\/\/www.africa-press.net\/cameroun\/?s={search_term_string}"},"query-input":{"@type":"PropertyValueSpecification","valueRequired":true,"valueName":"search_term_string"}}],"inLanguage":"fr-FR"},{"@type":"Person","@id":"https:\/\/www.africa-press.net\/cameroun\/#\/schema\/person\/2b1cf3cd81a31e3cd26889ca66d677f1","name":"cfeditorfr"}]}},"_links":{"self":[{"href":"https:\/\/www.africa-press.net\/cameroun\/wp-json\/wp\/v2\/posts\/61368","targetHints":{"allow":["GET"]}}],"collection":[{"href":"https:\/\/www.africa-press.net\/cameroun\/wp-json\/wp\/v2\/posts"}],"about":[{"href":"https:\/\/www.africa-press.net\/cameroun\/wp-json\/wp\/v2\/types\/post"}],"author":[{"embeddable":true,"href":"https:\/\/www.africa-press.net\/cameroun\/wp-json\/wp\/v2\/users\/82"}],"replies":[{"embeddable":true,"href":"https:\/\/www.africa-press.net\/cameroun\/wp-json\/wp\/v2\/comments?post=61368"}],"version-history":[{"count":0,"href":"https:\/\/www.africa-press.net\/cameroun\/wp-json\/wp\/v2\/posts\/61368\/revisions"}],"wp:featuredmedia":[{"embeddable":true,"href":"https:\/\/www.africa-press.net\/cameroun\/wp-json\/wp\/v2\/media\/61367"}],"wp:attachment":[{"href":"https:\/\/www.africa-press.net\/cameroun\/wp-json\/wp\/v2\/media?parent=61368"}],"wp:term":[{"taxonomy":"category","embeddable":true,"href":"https:\/\/www.africa-press.net\/cameroun\/wp-json\/wp\/v2\/categories?post=61368"},{"taxonomy":"post_tag","embeddable":true,"href":"https:\/\/www.africa-press.net\/cameroun\/wp-json\/wp\/v2\/tags?post=61368"}],"curies":[{"name":"wp","href":"https:\/\/api.w.org\/{rel}","templated":true}]}}