{"id":61374,"date":"2024-02-13T22:55:40","date_gmt":"2024-02-13T22:55:40","guid":{"rendered":"https:\/\/www.africa-press.net\/cameroun\/politique\/paul-biya-condamne-la-tuerie-dune-eleve-de-15-ans-dans-une-attaque-a-nkambe"},"modified":"2024-02-13T23:19:25","modified_gmt":"2024-02-13T23:19:25","slug":"paul-biya-condamne-la-tuerie-dune-eleve-de-15-ans-dans-une-attaque-a-nkambe","status":"publish","type":"post","link":"https:\/\/www.africa-press.net\/cameroun\/toutes-les-actualites\/paul-biya-condamne-la-tuerie-dune-eleve-de-15-ans-dans-une-attaque-a-nkambe","title":{"rendered":"Paul Biya condamne la tuerie d\u2019une e\u0301le\u0300ve de 15 ans dans une attaque a\u0300 Nkambe"},"content":{"rendered":"<p><span style=\"color: #ff6600\"><strong>Africa-Press &#8211; Cameroun. <\/strong><\/span><b>Le pre\u0301sident de la Re\u0301publique s\u2019est exprime\u0301 au lendemain d\u2019une attaque survenue a\u0300 la place des fe\u0302tes de Nkambe\u0300 le 11 fe\u0301vrier 2024.<\/b><\/p>\n<p>L\u2019explosion d\u2019une bombe artisanale a tue\u0301 une e\u0301le\u0300ve dans la ville de Nkambe\u0300, re\u0301gion du Nord-Ouest le dimanche 11 fe\u0301vrier 2024, jour de la ce\u0301le\u0301bration de la 58e\u0300 fe\u0302te de la jeunesse. Environ deux heures apre\u0300s le de\u0301file\u0301 a\u0300 la place des fe\u0302tes, une de\u0301tonation est survenue a\u0300 quelques me\u0300tres de la tribune. Elle n\u2019aura pas e\u0301pargne\u0301 la vie de la jeune e\u0301le\u0300ve. Une quarantaine de blesse\u0301s ont e\u0301te\u0301 conduits a\u0300 l\u2019ho\u0302pital re\u0301gional annexe de Nkambe\u0300.<\/p>\n<p>Suite a\u0300 cette attaque attribue\u0301e aux se\u0301paratistes, le chef de l\u2019Etat a fait une sortie sur les re\u0301seaux sociaux. \u00ab Alors que la Jeunesse camerounaise ce\u0301le\u0301brait le jour qui lui est consacre\u0301, des la\u0302ches criminels ont pose\u0301 un acte odieux a\u0300 Nkambe dans la re\u0301gion du Nord-Ouest. Je condamne fermement cet attentat terroriste. J\u2019adresse mes since\u0300res condole\u0301ances a\u0300 la famille de la jeune Cherish Limnuyu, a\u0302ge\u0301e de 15 ans, e\u0301le\u0300ve au GHS Nwangri, et souhaite un prompt re\u0301tablissement a\u0300 tous les blesse\u0301s \u00bb, s\u2019indigne le pre\u0301sident Paul Biya.<\/p>\n<p>Dans une de\u0301claration, la repre\u0301sentation diplomatique des Etats-Unis au Cameroun exprime son indignation. \u00ab L\u2019ambassade des Etats-Unis condamne avec la plus grande fermete\u0301 l\u2019horrible attentat perpe\u0301tre\u0301 le 11 fe\u0301vrier a\u0300 Nkambe, dans la re\u0301gion du Nord-Ouest, qui a fait au moins un mort et des dizaines de blesse\u0301s graves. Rien ne peut justifier une attaque contre des civils, et des enfants en particulier \u00bb, peut-on lire sur le site de l\u2019institution.<\/p>\n<p>A la suite de la commission de cet acte, les autorite\u0301s administratives et se\u0301curitaires ont ouvert une enque\u0302te. Le gouverneur de la re\u0301gion du Nord-Ouest, Adolphe LELE Lafrique assure que trois suspects sont aux arre\u0302ts et en cours d\u2019exploitation.<\/p>\n<p>Le 11 fe\u0301vrier, fe\u0302te de la jeunesse, est l\u2019un des jours ou\u0300 les se\u0301paratistes commettent des actes de violence presque chaque anne\u0301e depuis le de\u0301but de la crise en 2016. Le 10 fe\u0301vrier 2023, veille de la fe\u0302te de la jeunesse, des hommes arme\u0301s ont fait irruption dans la localite\u0301 de Mondoni pre\u0300s de Tiko dans le Sud-Ouest, ou\u0300 se trouve une vaste plantation de la CDC. Ils ont attaque\u0301 les travailleurs au moment ou\u0300 ils regagnaient leurs domiciles. Cinq personnes ont e\u0301te\u0301 tue\u0301es et 32 autres blesse\u0301es.<\/p>\n<p><strong>Pour plus d&rsquo;informations et d&rsquo;analyses sur la <a href=\"https:\/\/www.africa-press.net\/cameroun\">Cameroun<\/a>, suivez <a href=\"https:\/\/www.africa-press.net\/\">Africa-Press<\/a><\/strong><\/p>\n","protected":false},"excerpt":{"rendered":"<p>Africa-Press &#8211; Cameroun. Le pre\u0301sident de la Re\u0301publique s\u2019est exprime\u0301 au lendemain d\u2019une attaque survenue a\u0300 la place des fe\u0302tes de Nkambe\u0300 le 11 fe\u0301vrier 2024. L\u2019explosion d\u2019une bombe artisanale a tue\u0301 une e\u0301le\u0300ve dans la ville de Nkambe\u0300, re\u0301gion du Nord-Ouest le dimanche 11 fe\u0301vrier 2024, jour de la ce\u0301le\u0301bration de la 58e\u0300 fe\u0302te [&hellip;]<\/p>\n","protected":false},"author":82,"featured_media":61372,"comment_status":"open","ping_status":"closed","sticky":false,"template":"","format":"standard","meta":{"footnotes":""},"categories":[21,10],"tags":[36,50,49],"class_list":["post-61374","post","type-post","status-publish","format-standard","has-post-thumbnail","hentry","category-communaute","category-toutes-les-actualites","tag-africa-press","tag-africa-press-cameroun","tag-cameroun"],"yoast_head":"<!-- This site is optimized with the Yoast SEO Premium plugin v26.1 (Yoast SEO v27.0) - https:\/\/yoast.com\/product\/yoast-seo-premium-wordpress\/ -->\n<title>Paul Biya condamne la tuerie d\u2019une e\u0301le\u0300ve de 15 ans dans une attaque a\u0300 Nkambe - Cameroun<\/title>\n<meta name=\"description\" content=\"Le pre\u0301sident de la Re\u0301publique s\u2019est exprime\u0301 au lendemain d\u2019une attaque survenue a\u0300 la place des fe\u0302tes de Nkambe\u0300 ...\" \/>\n<meta name=\"robots\" content=\"index, follow, max-snippet:-1, max-image-preview:large, max-video-preview:-1\" \/>\n<link rel=\"canonical\" href=\"https:\/\/www.africa-press.net\/cameroun\/toutes-les-actualites\/paul-biya-condamne-la-tuerie-dune-eleve-de-15-ans-dans-une-attaque-a-nkambe\" \/>\n<meta property=\"og:locale\" content=\"fr_FR\" \/>\n<meta property=\"og:type\" content=\"article\" \/>\n<meta property=\"og:title\" content=\"Paul Biya condamne la tuerie d\u2019une e\u0301le\u0300ve de 15 ans dans une attaque a\u0300 Nkambe\" \/>\n<meta property=\"og:description\" content=\"Le pre\u0301sident de la Re\u0301publique s\u2019est exprime\u0301 au lendemain d\u2019une attaque survenue a\u0300 la place des fe\u0302tes de Nkambe\u0300 ...\" \/>\n<meta property=\"og:url\" content=\"https:\/\/www.africa-press.net\/cameroun\/toutes-les-actualites\/paul-biya-condamne-la-tuerie-dune-eleve-de-15-ans-dans-une-attaque-a-nkambe\" \/>\n<meta property=\"og:site_name\" content=\"Cameroun\" \/>\n<meta property=\"article:published_time\" content=\"2024-02-13T22:55:40+00:00\" \/>\n<meta property=\"article:modified_time\" content=\"2024-02-13T23:19:25+00:00\" \/>\n<meta property=\"og:image\" content=\"https:\/\/static.africa-press.net\/cameroun\/sites\/57\/2024\/02\/sm_1707853617.038598.jpg\" \/>\n\t<meta property=\"og:image:width\" content=\"780\" \/>\n\t<meta property=\"og:image:height\" content=\"440\" \/>\n\t<meta property=\"og:image:type\" content=\"image\/jpeg\" \/>\n<meta name=\"author\" content=\"cfeditorfr\" \/>\n<meta name=\"twitter:card\" content=\"summary_large_image\" \/>\n<meta name=\"twitter:label1\" content=\"\u00c9crit par\" \/>\n\t<meta name=\"twitter:data1\" content=\"cfeditorfr\" \/>\n\t<meta name=\"twitter:label2\" content=\"Dur\u00e9e de lecture estim\u00e9e\" \/>\n\t<meta name=\"twitter:data2\" content=\"2 minutes\" \/>\n<script type=\"application\/ld+json\" class=\"yoast-schema-graph\">{\"@context\":\"https:\/\/schema.org\",\"@graph\":[{\"@type\":\"Article\",\"@id\":\"https:\/\/www.africa-press.net\/cameroun\/toutes-les-actualites\/paul-biya-condamne-la-tuerie-dune-eleve-de-15-ans-dans-une-attaque-a-nkambe#article\",\"isPartOf\":{\"@id\":\"https:\/\/www.africa-press.net\/cameroun\/toutes-les-actualites\/paul-biya-condamne-la-tuerie-dune-eleve-de-15-ans-dans-une-attaque-a-nkambe\"},\"author\":{\"name\":\"cfeditorfr\",\"@id\":\"https:\/\/www.africa-press.net\/cameroun\/#\/schema\/person\/2b1cf3cd81a31e3cd26889ca66d677f1\"},\"headline\":\"Paul Biya condamne la tuerie d\u2019une e\u0301le\u0300ve de 15 ans dans une attaque a\u0300 Nkambe\",\"datePublished\":\"2024-02-13T22:55:40+00:00\",\"dateModified\":\"2024-02-13T23:19:25+00:00\",\"mainEntityOfPage\":{\"@id\":\"https:\/\/www.africa-press.net\/cameroun\/toutes-les-actualites\/paul-biya-condamne-la-tuerie-dune-eleve-de-15-ans-dans-une-attaque-a-nkambe\"},\"wordCount\":478,\"commentCount\":0,\"image\":{\"@id\":\"https:\/\/www.africa-press.net\/cameroun\/toutes-les-actualites\/paul-biya-condamne-la-tuerie-dune-eleve-de-15-ans-dans-une-attaque-a-nkambe#primaryimage\"},\"thumbnailUrl\":\"https:\/\/static.africa-press.net\/cameroun\/sites\/57\/2024\/02\/sm_1707853617.038598.jpg\",\"keywords\":[\"Africa Press\",\"Africa Press-Cameroun\",\"Cameroun\"],\"articleSection\":[\"Communaut\u00e9\",\"Toutes les actualit\u00e9s\"],\"inLanguage\":\"fr-FR\",\"potentialAction\":[{\"@type\":\"CommentAction\",\"name\":\"Comment\",\"target\":[\"https:\/\/www.africa-press.net\/cameroun\/toutes-les-actualites\/paul-biya-condamne-la-tuerie-dune-eleve-de-15-ans-dans-une-attaque-a-nkambe#respond\"]}]},{\"@type\":\"WebPage\",\"@id\":\"https:\/\/www.africa-press.net\/cameroun\/toutes-les-actualites\/paul-biya-condamne-la-tuerie-dune-eleve-de-15-ans-dans-une-attaque-a-nkambe\",\"url\":\"https:\/\/www.africa-press.net\/cameroun\/toutes-les-actualites\/paul-biya-condamne-la-tuerie-dune-eleve-de-15-ans-dans-une-attaque-a-nkambe\",\"name\":\"Paul Biya condamne la tuerie d\u2019une e\u0301le\u0300ve de 15 ans dans une attaque a\u0300 Nkambe - Cameroun\",\"isPartOf\":{\"@id\":\"https:\/\/www.africa-press.net\/cameroun\/#website\"},\"primaryImageOfPage\":{\"@id\":\"https:\/\/www.africa-press.net\/cameroun\/toutes-les-actualites\/paul-biya-condamne-la-tuerie-dune-eleve-de-15-ans-dans-une-attaque-a-nkambe#primaryimage\"},\"image\":{\"@id\":\"https:\/\/www.africa-press.net\/cameroun\/toutes-les-actualites\/paul-biya-condamne-la-tuerie-dune-eleve-de-15-ans-dans-une-attaque-a-nkambe#primaryimage\"},\"thumbnailUrl\":\"https:\/\/static.africa-press.net\/cameroun\/sites\/57\/2024\/02\/sm_1707853617.038598.jpg\",\"datePublished\":\"2024-02-13T22:55:40+00:00\",\"dateModified\":\"2024-02-13T23:19:25+00:00\",\"author\":{\"@id\":\"https:\/\/www.africa-press.net\/cameroun\/#\/schema\/person\/2b1cf3cd81a31e3cd26889ca66d677f1\"},\"description\":\"Le pre\u0301sident de la Re\u0301publique s\u2019est exprime\u0301 au lendemain d\u2019une attaque survenue a\u0300 la place des fe\u0302tes de Nkambe\u0300 ...\",\"breadcrumb\":{\"@id\":\"https:\/\/www.africa-press.net\/cameroun\/toutes-les-actualites\/paul-biya-condamne-la-tuerie-dune-eleve-de-15-ans-dans-une-attaque-a-nkambe#breadcrumb\"},\"inLanguage\":\"fr-FR\",\"potentialAction\":[{\"@type\":\"ReadAction\",\"target\":[\"https:\/\/www.africa-press.net\/cameroun\/toutes-les-actualites\/paul-biya-condamne-la-tuerie-dune-eleve-de-15-ans-dans-une-attaque-a-nkambe\"]}]},{\"@type\":\"ImageObject\",\"inLanguage\":\"fr-FR\",\"@id\":\"https:\/\/www.africa-press.net\/cameroun\/toutes-les-actualites\/paul-biya-condamne-la-tuerie-dune-eleve-de-15-ans-dans-une-attaque-a-nkambe#primaryimage\",\"url\":\"https:\/\/static.africa-press.net\/cameroun\/sites\/57\/2024\/02\/sm_1707853617.038598.jpg\",\"contentUrl\":\"https:\/\/static.africa-press.net\/cameroun\/sites\/57\/2024\/02\/sm_1707853617.038598.jpg\",\"width\":780,\"height\":440,\"caption\":\"Paul Biya condamne la tuerie d\u2019une e\u0301le\u0300ve de 15 ans dans une attaque a\u0300 Nkambe\"},{\"@type\":\"BreadcrumbList\",\"@id\":\"https:\/\/www.africa-press.net\/cameroun\/toutes-les-actualites\/paul-biya-condamne-la-tuerie-dune-eleve-de-15-ans-dans-une-attaque-a-nkambe#breadcrumb\",\"itemListElement\":[{\"@type\":\"ListItem\",\"position\":1,\"name\":\"Accueil\",\"item\":\"https:\/\/www.africa-press.net\/cameroun\/\"},{\"@type\":\"ListItem\",\"position\":2,\"name\":\"Paul Biya condamne la tuerie d\u2019une e\u0301le\u0300ve de 15 ans dans une attaque a\u0300 Nkambe\"}]},{\"@type\":\"WebSite\",\"@id\":\"https:\/\/www.africa-press.net\/cameroun\/#website\",\"url\":\"https:\/\/www.africa-press.net\/cameroun\/\",\"name\":\"Cameroun\",\"description\":\"Just another Africa News Agency Sites site\",\"potentialAction\":[{\"@type\":\"SearchAction\",\"target\":{\"@type\":\"EntryPoint\",\"urlTemplate\":\"https:\/\/www.africa-press.net\/cameroun\/?s={search_term_string}\"},\"query-input\":{\"@type\":\"PropertyValueSpecification\",\"valueRequired\":true,\"valueName\":\"search_term_string\"}}],\"inLanguage\":\"fr-FR\"},{\"@type\":\"Person\",\"@id\":\"https:\/\/www.africa-press.net\/cameroun\/#\/schema\/person\/2b1cf3cd81a31e3cd26889ca66d677f1\",\"name\":\"cfeditorfr\"}]}<\/script>\n<!-- \/ Yoast SEO Premium plugin. -->","yoast_head_json":{"title":"Paul Biya condamne la tuerie d\u2019une e\u0301le\u0300ve de 15 ans dans une attaque a\u0300 Nkambe - Cameroun","description":"Le pre\u0301sident de la Re\u0301publique s\u2019est exprime\u0301 au lendemain d\u2019une attaque survenue a\u0300 la place des fe\u0302tes de Nkambe\u0300 ...","robots":{"index":"index","follow":"follow","max-snippet":"max-snippet:-1","max-image-preview":"max-image-preview:large","max-video-preview":"max-video-preview:-1"},"canonical":"https:\/\/www.africa-press.net\/cameroun\/toutes-les-actualites\/paul-biya-condamne-la-tuerie-dune-eleve-de-15-ans-dans-une-attaque-a-nkambe","og_locale":"fr_FR","og_type":"article","og_title":"Paul Biya condamne la tuerie d\u2019une e\u0301le\u0300ve de 15 ans dans une attaque a\u0300 Nkambe","og_description":"Le pre\u0301sident de la Re\u0301publique s\u2019est exprime\u0301 au lendemain d\u2019une attaque survenue a\u0300 la place des fe\u0302tes de Nkambe\u0300 ...","og_url":"https:\/\/www.africa-press.net\/cameroun\/toutes-les-actualites\/paul-biya-condamne-la-tuerie-dune-eleve-de-15-ans-dans-une-attaque-a-nkambe","og_site_name":"Cameroun","article_published_time":"2024-02-13T22:55:40+00:00","article_modified_time":"2024-02-13T23:19:25+00:00","og_image":[{"width":780,"height":440,"url":"https:\/\/static.africa-press.net\/cameroun\/sites\/57\/2024\/02\/sm_1707853617.038598.jpg","type":"image\/jpeg"}],"author":"cfeditorfr","twitter_card":"summary_large_image","twitter_misc":{"\u00c9crit par":"cfeditorfr","Dur\u00e9e de lecture estim\u00e9e":"2 minutes"},"schema":{"@context":"https:\/\/schema.org","@graph":[{"@type":"Article","@id":"https:\/\/www.africa-press.net\/cameroun\/toutes-les-actualites\/paul-biya-condamne-la-tuerie-dune-eleve-de-15-ans-dans-une-attaque-a-nkambe#article","isPartOf":{"@id":"https:\/\/www.africa-press.net\/cameroun\/toutes-les-actualites\/paul-biya-condamne-la-tuerie-dune-eleve-de-15-ans-dans-une-attaque-a-nkambe"},"author":{"name":"cfeditorfr","@id":"https:\/\/www.africa-press.net\/cameroun\/#\/schema\/person\/2b1cf3cd81a31e3cd26889ca66d677f1"},"headline":"Paul Biya condamne la tuerie d\u2019une e\u0301le\u0300ve de 15 ans dans une attaque a\u0300 Nkambe","datePublished":"2024-02-13T22:55:40+00:00","dateModified":"2024-02-13T23:19:25+00:00","mainEntityOfPage":{"@id":"https:\/\/www.africa-press.net\/cameroun\/toutes-les-actualites\/paul-biya-condamne-la-tuerie-dune-eleve-de-15-ans-dans-une-attaque-a-nkambe"},"wordCount":478,"commentCount":0,"image":{"@id":"https:\/\/www.africa-press.net\/cameroun\/toutes-les-actualites\/paul-biya-condamne-la-tuerie-dune-eleve-de-15-ans-dans-une-attaque-a-nkambe#primaryimage"},"thumbnailUrl":"https:\/\/static.africa-press.net\/cameroun\/sites\/57\/2024\/02\/sm_1707853617.038598.jpg","keywords":["Africa Press","Africa Press-Cameroun","Cameroun"],"articleSection":["Communaut\u00e9","Toutes les actualit\u00e9s"],"inLanguage":"fr-FR","potentialAction":[{"@type":"CommentAction","name":"Comment","target":["https:\/\/www.africa-press.net\/cameroun\/toutes-les-actualites\/paul-biya-condamne-la-tuerie-dune-eleve-de-15-ans-dans-une-attaque-a-nkambe#respond"]}]},{"@type":"WebPage","@id":"https:\/\/www.africa-press.net\/cameroun\/toutes-les-actualites\/paul-biya-condamne-la-tuerie-dune-eleve-de-15-ans-dans-une-attaque-a-nkambe","url":"https:\/\/www.africa-press.net\/cameroun\/toutes-les-actualites\/paul-biya-condamne-la-tuerie-dune-eleve-de-15-ans-dans-une-attaque-a-nkambe","name":"Paul Biya condamne la tuerie d\u2019une e\u0301le\u0300ve de 15 ans dans une attaque a\u0300 Nkambe - Cameroun","isPartOf":{"@id":"https:\/\/www.africa-press.net\/cameroun\/#website"},"primaryImageOfPage":{"@id":"https:\/\/www.africa-press.net\/cameroun\/toutes-les-actualites\/paul-biya-condamne-la-tuerie-dune-eleve-de-15-ans-dans-une-attaque-a-nkambe#primaryimage"},"image":{"@id":"https:\/\/www.africa-press.net\/cameroun\/toutes-les-actualites\/paul-biya-condamne-la-tuerie-dune-eleve-de-15-ans-dans-une-attaque-a-nkambe#primaryimage"},"thumbnailUrl":"https:\/\/static.africa-press.net\/cameroun\/sites\/57\/2024\/02\/sm_1707853617.038598.jpg","datePublished":"2024-02-13T22:55:40+00:00","dateModified":"2024-02-13T23:19:25+00:00","author":{"@id":"https:\/\/www.africa-press.net\/cameroun\/#\/schema\/person\/2b1cf3cd81a31e3cd26889ca66d677f1"},"description":"Le pre\u0301sident de la Re\u0301publique s\u2019est exprime\u0301 au lendemain d\u2019une attaque survenue a\u0300 la place des fe\u0302tes de Nkambe\u0300 ...","breadcrumb":{"@id":"https:\/\/www.africa-press.net\/cameroun\/toutes-les-actualites\/paul-biya-condamne-la-tuerie-dune-eleve-de-15-ans-dans-une-attaque-a-nkambe#breadcrumb"},"inLanguage":"fr-FR","potentialAction":[{"@type":"ReadAction","target":["https:\/\/www.africa-press.net\/cameroun\/toutes-les-actualites\/paul-biya-condamne-la-tuerie-dune-eleve-de-15-ans-dans-une-attaque-a-nkambe"]}]},{"@type":"ImageObject","inLanguage":"fr-FR","@id":"https:\/\/www.africa-press.net\/cameroun\/toutes-les-actualites\/paul-biya-condamne-la-tuerie-dune-eleve-de-15-ans-dans-une-attaque-a-nkambe#primaryimage","url":"https:\/\/static.africa-press.net\/cameroun\/sites\/57\/2024\/02\/sm_1707853617.038598.jpg","contentUrl":"https:\/\/static.africa-press.net\/cameroun\/sites\/57\/2024\/02\/sm_1707853617.038598.jpg","width":780,"height":440,"caption":"Paul Biya condamne la tuerie d\u2019une e\u0301le\u0300ve de 15 ans dans une attaque a\u0300 Nkambe"},{"@type":"BreadcrumbList","@id":"https:\/\/www.africa-press.net\/cameroun\/toutes-les-actualites\/paul-biya-condamne-la-tuerie-dune-eleve-de-15-ans-dans-une-attaque-a-nkambe#breadcrumb","itemListElement":[{"@type":"ListItem","position":1,"name":"Accueil","item":"https:\/\/www.africa-press.net\/cameroun\/"},{"@type":"ListItem","position":2,"name":"Paul Biya condamne la tuerie d\u2019une e\u0301le\u0300ve de 15 ans dans une attaque a\u0300 Nkambe"}]},{"@type":"WebSite","@id":"https:\/\/www.africa-press.net\/cameroun\/#website","url":"https:\/\/www.africa-press.net\/cameroun\/","name":"Cameroun","description":"Just another Africa News Agency Sites site","potentialAction":[{"@type":"SearchAction","target":{"@type":"EntryPoint","urlTemplate":"https:\/\/www.africa-press.net\/cameroun\/?s={search_term_string}"},"query-input":{"@type":"PropertyValueSpecification","valueRequired":true,"valueName":"search_term_string"}}],"inLanguage":"fr-FR"},{"@type":"Person","@id":"https:\/\/www.africa-press.net\/cameroun\/#\/schema\/person\/2b1cf3cd81a31e3cd26889ca66d677f1","name":"cfeditorfr"}]}},"_links":{"self":[{"href":"https:\/\/www.africa-press.net\/cameroun\/wp-json\/wp\/v2\/posts\/61374","targetHints":{"allow":["GET"]}}],"collection":[{"href":"https:\/\/www.africa-press.net\/cameroun\/wp-json\/wp\/v2\/posts"}],"about":[{"href":"https:\/\/www.africa-press.net\/cameroun\/wp-json\/wp\/v2\/types\/post"}],"author":[{"embeddable":true,"href":"https:\/\/www.africa-press.net\/cameroun\/wp-json\/wp\/v2\/users\/82"}],"replies":[{"embeddable":true,"href":"https:\/\/www.africa-press.net\/cameroun\/wp-json\/wp\/v2\/comments?post=61374"}],"version-history":[{"count":0,"href":"https:\/\/www.africa-press.net\/cameroun\/wp-json\/wp\/v2\/posts\/61374\/revisions"}],"wp:featuredmedia":[{"embeddable":true,"href":"https:\/\/www.africa-press.net\/cameroun\/wp-json\/wp\/v2\/media\/61372"}],"wp:attachment":[{"href":"https:\/\/www.africa-press.net\/cameroun\/wp-json\/wp\/v2\/media?parent=61374"}],"wp:term":[{"taxonomy":"category","embeddable":true,"href":"https:\/\/www.africa-press.net\/cameroun\/wp-json\/wp\/v2\/categories?post=61374"},{"taxonomy":"post_tag","embeddable":true,"href":"https:\/\/www.africa-press.net\/cameroun\/wp-json\/wp\/v2\/tags?post=61374"}],"curies":[{"name":"wp","href":"https:\/\/api.w.org\/{rel}","templated":true}]}}