{"id":61398,"date":"2024-02-14T21:27:45","date_gmt":"2024-02-14T21:27:45","guid":{"rendered":"https:\/\/www.africa-press.net\/cameroun\/politique\/serge-espoir-matomba-tient-le-gouvernement-pour-responsable-des-coupures-delectricite-au-cameroun"},"modified":"2024-02-15T01:24:54","modified_gmt":"2024-02-15T01:24:54","slug":"serge-espoir-matomba-tient-le-gouvernement-pour-responsable-des-coupures-delectricite-au-cameroun","status":"publish","type":"post","link":"https:\/\/www.africa-press.net\/cameroun\/toutes-les-actualites\/serge-espoir-matomba-tient-le-gouvernement-pour-responsable-des-coupures-delectricite-au-cameroun","title":{"rendered":"Serge Espoir Matomba tient le gouvernement pour responsable des coupures d\u2019\u00e9lectricit\u00e9 au Cameroun"},"content":{"rendered":"<p><span style=\"color: #ff6600\"><strong>Africa-Press &#8211; Cameroun. <\/strong><\/span><b>Le premier secre\u0301taire du Peuple uni pour la re\u0301novation sociale (PURS) accuse l\u2019Etat du Cameroun de n\u2019avoir pas facilite\u0301 le paiement des factures dues par le concessionnaire a\u0300 ses fournisseurs.<\/b><\/p>\n<p>Serge Espoir Matomba a rendu publique une de\u0301claration ce 14 fe\u0301vrier 2024 a\u0300 propos des coupures d\u2019e\u0301lectricite\u0301 dans les 10 re\u0301gions du Cameroun. Voici l\u2019inte\u0301gralite\u0301 du message de l\u2019opposant politique au re\u0301gime de Paul Biya.<\/p>\n<p>\u00ab Aucune ville au Cameroun n\u2019est e\u0301pargne\u0301e par les coupures d\u2019e\u0301lectricite\u0301 qui entrai\u0302nent entre autre, le ralentissement des activite\u0301s de plusieurs unite\u0301s de production et la destruction des biens dans les me\u0301nages.<\/p>\n<p>Quelles sont les raisons connues qui justifient les coupures d\u2019e\u0301lectricite\u0301 intempestives au Cameroun ?<\/p>\n<p>Si la demande en e\u0301nergie au Cameroun est sensiblement de 1500 megawatts, la production elle, est environ de 1000 megawatts, a\u0300 ce gap de 500 megawatts nous rajoutons les pertes dues au transport soit 10%, donc dans le circuit de consommation de l\u2019e\u0301lectricite\u0301 au Cameroun, nous avons environs 900 megawatts injecte\u0301s.<\/p>\n<p>Les centrales thermiques KPDC et DPDC du groupe GLOBELEC qui ont pour objectif de renforcer l\u2019offre de production e\u0301nerge\u0301tique au Cameroun sont en arre\u0302t et e\u0301voquent pour raison: des factures impaye\u0301es de leur principal client qui est ENEO.<\/p>\n<p>ENEO de son co\u0302te\u0301 re\u0301clame des factures impaye\u0301es de centaines de milliards a\u0300 son client qui est l\u2019Etat du Cameroun<\/p>\n<p>Nous savons de quoi il en retourne, pourquoi des mesures pre\u0301visionnelles n\u2019ont pas e\u0301te\u0301 mises en \u0153uvre par les responsables en charge dans le gouvernement de la gestion e\u0301nerge\u0301tique sachant que cette situation perdure depuis plusieurs anne\u0301es ?<\/p>\n<p>C\u2019est pourquoi nous pensons et disons que le principal responsable de la crise e\u0301nerge\u0301tique au Cameroun est son E\u0301tat et son gouvernement qui n\u2019a pas su prendre les mesures ne\u0301cessaires pour faciliter les paiements des factures des fournisseurs.<\/p>\n<p>Dans cette vide\u0301o je partage avec vous mon analyse de la situation e\u0301nerge\u0301tique que traverse depuis quelques temps le Cameroun \u00bb.<\/p>\n<p><strong>Pour plus d&rsquo;informations et d&rsquo;analyses sur la <a href=\"https:\/\/www.africa-press.net\/cameroun\">Cameroun<\/a>, suivez <a href=\"https:\/\/www.africa-press.net\/\">Africa-Press<\/a><\/strong><\/p>\n","protected":false},"excerpt":{"rendered":"<p>Africa-Press &#8211; Cameroun. Le premier secre\u0301taire du Peuple uni pour la re\u0301novation sociale (PURS) accuse l\u2019Etat du Cameroun de n\u2019avoir pas facilite\u0301 le paiement des factures dues par le concessionnaire a\u0300 ses fournisseurs. Serge Espoir Matomba a rendu publique une de\u0301claration ce 14 fe\u0301vrier 2024 a\u0300 propos des coupures d\u2019e\u0301lectricite\u0301 dans les 10 re\u0301gions du [&hellip;]<\/p>\n","protected":false},"author":82,"featured_media":61397,"comment_status":"open","ping_status":"closed","sticky":false,"template":"","format":"standard","meta":{"footnotes":""},"categories":[21,10],"tags":[36,50,49],"class_list":["post-61398","post","type-post","status-publish","format-standard","has-post-thumbnail","hentry","category-communaute","category-toutes-les-actualites","tag-africa-press","tag-africa-press-cameroun","tag-cameroun"],"yoast_head":"<!-- This site is optimized with the Yoast SEO Premium plugin v26.1 (Yoast SEO v27.0) - https:\/\/yoast.com\/product\/yoast-seo-premium-wordpress\/ -->\n<title>Serge Espoir Matomba tient le gouvernement pour responsable des coupures d\u2019\u00e9lectricit\u00e9 au Cameroun - Cameroun<\/title>\n<meta name=\"description\" content=\"Le premier secre\u0301taire du Peuple uni pour la re\u0301novation sociale (PURS) accuse l\u2019Etat du Cameroun de n\u2019avoir pas faci ...\" \/>\n<meta name=\"robots\" content=\"index, follow, max-snippet:-1, max-image-preview:large, max-video-preview:-1\" \/>\n<link rel=\"canonical\" href=\"https:\/\/www.africa-press.net\/cameroun\/toutes-les-actualites\/serge-espoir-matomba-tient-le-gouvernement-pour-responsable-des-coupures-delectricite-au-cameroun\" \/>\n<meta property=\"og:locale\" content=\"fr_FR\" \/>\n<meta property=\"og:type\" content=\"article\" \/>\n<meta property=\"og:title\" content=\"Serge Espoir Matomba tient le gouvernement pour responsable des coupures d\u2019\u00e9lectricit\u00e9 au Cameroun\" \/>\n<meta property=\"og:description\" content=\"Le premier secre\u0301taire du Peuple uni pour la re\u0301novation sociale (PURS) accuse l\u2019Etat du Cameroun de n\u2019avoir pas faci ...\" \/>\n<meta property=\"og:url\" content=\"https:\/\/www.africa-press.net\/cameroun\/toutes-les-actualites\/serge-espoir-matomba-tient-le-gouvernement-pour-responsable-des-coupures-delectricite-au-cameroun\" \/>\n<meta property=\"og:site_name\" content=\"Cameroun\" \/>\n<meta property=\"article:published_time\" content=\"2024-02-14T21:27:45+00:00\" \/>\n<meta property=\"article:modified_time\" content=\"2024-02-15T01:24:54+00:00\" \/>\n<meta property=\"og:image\" content=\"https:\/\/static.africa-press.net\/cameroun\/sites\/57\/2024\/02\/sm_1707947220.30111.jpg\" \/>\n\t<meta property=\"og:image:width\" content=\"780\" \/>\n\t<meta property=\"og:image:height\" content=\"440\" \/>\n\t<meta property=\"og:image:type\" content=\"image\/jpeg\" \/>\n<meta name=\"author\" content=\"cfeditorfr\" \/>\n<meta name=\"twitter:card\" content=\"summary_large_image\" \/>\n<meta name=\"twitter:label1\" content=\"\u00c9crit par\" \/>\n\t<meta name=\"twitter:data1\" content=\"cfeditorfr\" \/>\n\t<meta name=\"twitter:label2\" content=\"Dur\u00e9e de lecture estim\u00e9e\" \/>\n\t<meta name=\"twitter:data2\" content=\"2 minutes\" \/>\n<script type=\"application\/ld+json\" class=\"yoast-schema-graph\">{\"@context\":\"https:\/\/schema.org\",\"@graph\":[{\"@type\":\"Article\",\"@id\":\"https:\/\/www.africa-press.net\/cameroun\/toutes-les-actualites\/serge-espoir-matomba-tient-le-gouvernement-pour-responsable-des-coupures-delectricite-au-cameroun#article\",\"isPartOf\":{\"@id\":\"https:\/\/www.africa-press.net\/cameroun\/toutes-les-actualites\/serge-espoir-matomba-tient-le-gouvernement-pour-responsable-des-coupures-delectricite-au-cameroun\"},\"author\":{\"name\":\"cfeditorfr\",\"@id\":\"https:\/\/www.africa-press.net\/cameroun\/#\/schema\/person\/2b1cf3cd81a31e3cd26889ca66d677f1\"},\"headline\":\"Serge Espoir Matomba tient le gouvernement pour responsable des coupures d\u2019\u00e9lectricit\u00e9 au Cameroun\",\"datePublished\":\"2024-02-14T21:27:45+00:00\",\"dateModified\":\"2024-02-15T01:24:54+00:00\",\"mainEntityOfPage\":{\"@id\":\"https:\/\/www.africa-press.net\/cameroun\/toutes-les-actualites\/serge-espoir-matomba-tient-le-gouvernement-pour-responsable-des-coupures-delectricite-au-cameroun\"},\"wordCount\":387,\"commentCount\":0,\"image\":{\"@id\":\"https:\/\/www.africa-press.net\/cameroun\/toutes-les-actualites\/serge-espoir-matomba-tient-le-gouvernement-pour-responsable-des-coupures-delectricite-au-cameroun#primaryimage\"},\"thumbnailUrl\":\"https:\/\/static.africa-press.net\/cameroun\/sites\/57\/2024\/02\/sm_1707947220.30111.jpg\",\"keywords\":[\"Africa Press\",\"Africa Press-Cameroun\",\"Cameroun\"],\"articleSection\":[\"Communaut\u00e9\",\"Toutes les actualit\u00e9s\"],\"inLanguage\":\"fr-FR\",\"potentialAction\":[{\"@type\":\"CommentAction\",\"name\":\"Comment\",\"target\":[\"https:\/\/www.africa-press.net\/cameroun\/toutes-les-actualites\/serge-espoir-matomba-tient-le-gouvernement-pour-responsable-des-coupures-delectricite-au-cameroun#respond\"]}]},{\"@type\":\"WebPage\",\"@id\":\"https:\/\/www.africa-press.net\/cameroun\/toutes-les-actualites\/serge-espoir-matomba-tient-le-gouvernement-pour-responsable-des-coupures-delectricite-au-cameroun\",\"url\":\"https:\/\/www.africa-press.net\/cameroun\/toutes-les-actualites\/serge-espoir-matomba-tient-le-gouvernement-pour-responsable-des-coupures-delectricite-au-cameroun\",\"name\":\"Serge Espoir Matomba tient le gouvernement pour responsable des coupures d\u2019\u00e9lectricit\u00e9 au Cameroun - Cameroun\",\"isPartOf\":{\"@id\":\"https:\/\/www.africa-press.net\/cameroun\/#website\"},\"primaryImageOfPage\":{\"@id\":\"https:\/\/www.africa-press.net\/cameroun\/toutes-les-actualites\/serge-espoir-matomba-tient-le-gouvernement-pour-responsable-des-coupures-delectricite-au-cameroun#primaryimage\"},\"image\":{\"@id\":\"https:\/\/www.africa-press.net\/cameroun\/toutes-les-actualites\/serge-espoir-matomba-tient-le-gouvernement-pour-responsable-des-coupures-delectricite-au-cameroun#primaryimage\"},\"thumbnailUrl\":\"https:\/\/static.africa-press.net\/cameroun\/sites\/57\/2024\/02\/sm_1707947220.30111.jpg\",\"datePublished\":\"2024-02-14T21:27:45+00:00\",\"dateModified\":\"2024-02-15T01:24:54+00:00\",\"author\":{\"@id\":\"https:\/\/www.africa-press.net\/cameroun\/#\/schema\/person\/2b1cf3cd81a31e3cd26889ca66d677f1\"},\"description\":\"Le premier secre\u0301taire du Peuple uni pour la re\u0301novation sociale (PURS) accuse l\u2019Etat du Cameroun de n\u2019avoir pas faci ...\",\"breadcrumb\":{\"@id\":\"https:\/\/www.africa-press.net\/cameroun\/toutes-les-actualites\/serge-espoir-matomba-tient-le-gouvernement-pour-responsable-des-coupures-delectricite-au-cameroun#breadcrumb\"},\"inLanguage\":\"fr-FR\",\"potentialAction\":[{\"@type\":\"ReadAction\",\"target\":[\"https:\/\/www.africa-press.net\/cameroun\/toutes-les-actualites\/serge-espoir-matomba-tient-le-gouvernement-pour-responsable-des-coupures-delectricite-au-cameroun\"]}]},{\"@type\":\"ImageObject\",\"inLanguage\":\"fr-FR\",\"@id\":\"https:\/\/www.africa-press.net\/cameroun\/toutes-les-actualites\/serge-espoir-matomba-tient-le-gouvernement-pour-responsable-des-coupures-delectricite-au-cameroun#primaryimage\",\"url\":\"https:\/\/static.africa-press.net\/cameroun\/sites\/57\/2024\/02\/sm_1707947220.30111.jpg\",\"contentUrl\":\"https:\/\/static.africa-press.net\/cameroun\/sites\/57\/2024\/02\/sm_1707947220.30111.jpg\",\"width\":780,\"height\":440,\"caption\":\"Serge Espoir Matomba tient le gouvernement pour responsable des coupures d\u2019\u00e9lectricit\u00e9 au Cameroun\"},{\"@type\":\"BreadcrumbList\",\"@id\":\"https:\/\/www.africa-press.net\/cameroun\/toutes-les-actualites\/serge-espoir-matomba-tient-le-gouvernement-pour-responsable-des-coupures-delectricite-au-cameroun#breadcrumb\",\"itemListElement\":[{\"@type\":\"ListItem\",\"position\":1,\"name\":\"Accueil\",\"item\":\"https:\/\/www.africa-press.net\/cameroun\/\"},{\"@type\":\"ListItem\",\"position\":2,\"name\":\"Serge Espoir Matomba tient le gouvernement pour responsable des coupures d\u2019\u00e9lectricit\u00e9 au Cameroun\"}]},{\"@type\":\"WebSite\",\"@id\":\"https:\/\/www.africa-press.net\/cameroun\/#website\",\"url\":\"https:\/\/www.africa-press.net\/cameroun\/\",\"name\":\"Cameroun\",\"description\":\"Just another Africa News Agency Sites site\",\"potentialAction\":[{\"@type\":\"SearchAction\",\"target\":{\"@type\":\"EntryPoint\",\"urlTemplate\":\"https:\/\/www.africa-press.net\/cameroun\/?s={search_term_string}\"},\"query-input\":{\"@type\":\"PropertyValueSpecification\",\"valueRequired\":true,\"valueName\":\"search_term_string\"}}],\"inLanguage\":\"fr-FR\"},{\"@type\":\"Person\",\"@id\":\"https:\/\/www.africa-press.net\/cameroun\/#\/schema\/person\/2b1cf3cd81a31e3cd26889ca66d677f1\",\"name\":\"cfeditorfr\"}]}<\/script>\n<!-- \/ Yoast SEO Premium plugin. -->","yoast_head_json":{"title":"Serge Espoir Matomba tient le gouvernement pour responsable des coupures d\u2019\u00e9lectricit\u00e9 au Cameroun - Cameroun","description":"Le premier secre\u0301taire du Peuple uni pour la re\u0301novation sociale (PURS) accuse l\u2019Etat du Cameroun de n\u2019avoir pas faci ...","robots":{"index":"index","follow":"follow","max-snippet":"max-snippet:-1","max-image-preview":"max-image-preview:large","max-video-preview":"max-video-preview:-1"},"canonical":"https:\/\/www.africa-press.net\/cameroun\/toutes-les-actualites\/serge-espoir-matomba-tient-le-gouvernement-pour-responsable-des-coupures-delectricite-au-cameroun","og_locale":"fr_FR","og_type":"article","og_title":"Serge Espoir Matomba tient le gouvernement pour responsable des coupures d\u2019\u00e9lectricit\u00e9 au Cameroun","og_description":"Le premier secre\u0301taire du Peuple uni pour la re\u0301novation sociale (PURS) accuse l\u2019Etat du Cameroun de n\u2019avoir pas faci ...","og_url":"https:\/\/www.africa-press.net\/cameroun\/toutes-les-actualites\/serge-espoir-matomba-tient-le-gouvernement-pour-responsable-des-coupures-delectricite-au-cameroun","og_site_name":"Cameroun","article_published_time":"2024-02-14T21:27:45+00:00","article_modified_time":"2024-02-15T01:24:54+00:00","og_image":[{"width":780,"height":440,"url":"https:\/\/static.africa-press.net\/cameroun\/sites\/57\/2024\/02\/sm_1707947220.30111.jpg","type":"image\/jpeg"}],"author":"cfeditorfr","twitter_card":"summary_large_image","twitter_misc":{"\u00c9crit par":"cfeditorfr","Dur\u00e9e de lecture estim\u00e9e":"2 minutes"},"schema":{"@context":"https:\/\/schema.org","@graph":[{"@type":"Article","@id":"https:\/\/www.africa-press.net\/cameroun\/toutes-les-actualites\/serge-espoir-matomba-tient-le-gouvernement-pour-responsable-des-coupures-delectricite-au-cameroun#article","isPartOf":{"@id":"https:\/\/www.africa-press.net\/cameroun\/toutes-les-actualites\/serge-espoir-matomba-tient-le-gouvernement-pour-responsable-des-coupures-delectricite-au-cameroun"},"author":{"name":"cfeditorfr","@id":"https:\/\/www.africa-press.net\/cameroun\/#\/schema\/person\/2b1cf3cd81a31e3cd26889ca66d677f1"},"headline":"Serge Espoir Matomba tient le gouvernement pour responsable des coupures d\u2019\u00e9lectricit\u00e9 au Cameroun","datePublished":"2024-02-14T21:27:45+00:00","dateModified":"2024-02-15T01:24:54+00:00","mainEntityOfPage":{"@id":"https:\/\/www.africa-press.net\/cameroun\/toutes-les-actualites\/serge-espoir-matomba-tient-le-gouvernement-pour-responsable-des-coupures-delectricite-au-cameroun"},"wordCount":387,"commentCount":0,"image":{"@id":"https:\/\/www.africa-press.net\/cameroun\/toutes-les-actualites\/serge-espoir-matomba-tient-le-gouvernement-pour-responsable-des-coupures-delectricite-au-cameroun#primaryimage"},"thumbnailUrl":"https:\/\/static.africa-press.net\/cameroun\/sites\/57\/2024\/02\/sm_1707947220.30111.jpg","keywords":["Africa Press","Africa Press-Cameroun","Cameroun"],"articleSection":["Communaut\u00e9","Toutes les actualit\u00e9s"],"inLanguage":"fr-FR","potentialAction":[{"@type":"CommentAction","name":"Comment","target":["https:\/\/www.africa-press.net\/cameroun\/toutes-les-actualites\/serge-espoir-matomba-tient-le-gouvernement-pour-responsable-des-coupures-delectricite-au-cameroun#respond"]}]},{"@type":"WebPage","@id":"https:\/\/www.africa-press.net\/cameroun\/toutes-les-actualites\/serge-espoir-matomba-tient-le-gouvernement-pour-responsable-des-coupures-delectricite-au-cameroun","url":"https:\/\/www.africa-press.net\/cameroun\/toutes-les-actualites\/serge-espoir-matomba-tient-le-gouvernement-pour-responsable-des-coupures-delectricite-au-cameroun","name":"Serge Espoir Matomba tient le gouvernement pour responsable des coupures d\u2019\u00e9lectricit\u00e9 au Cameroun - Cameroun","isPartOf":{"@id":"https:\/\/www.africa-press.net\/cameroun\/#website"},"primaryImageOfPage":{"@id":"https:\/\/www.africa-press.net\/cameroun\/toutes-les-actualites\/serge-espoir-matomba-tient-le-gouvernement-pour-responsable-des-coupures-delectricite-au-cameroun#primaryimage"},"image":{"@id":"https:\/\/www.africa-press.net\/cameroun\/toutes-les-actualites\/serge-espoir-matomba-tient-le-gouvernement-pour-responsable-des-coupures-delectricite-au-cameroun#primaryimage"},"thumbnailUrl":"https:\/\/static.africa-press.net\/cameroun\/sites\/57\/2024\/02\/sm_1707947220.30111.jpg","datePublished":"2024-02-14T21:27:45+00:00","dateModified":"2024-02-15T01:24:54+00:00","author":{"@id":"https:\/\/www.africa-press.net\/cameroun\/#\/schema\/person\/2b1cf3cd81a31e3cd26889ca66d677f1"},"description":"Le premier secre\u0301taire du Peuple uni pour la re\u0301novation sociale (PURS) accuse l\u2019Etat du Cameroun de n\u2019avoir pas faci ...","breadcrumb":{"@id":"https:\/\/www.africa-press.net\/cameroun\/toutes-les-actualites\/serge-espoir-matomba-tient-le-gouvernement-pour-responsable-des-coupures-delectricite-au-cameroun#breadcrumb"},"inLanguage":"fr-FR","potentialAction":[{"@type":"ReadAction","target":["https:\/\/www.africa-press.net\/cameroun\/toutes-les-actualites\/serge-espoir-matomba-tient-le-gouvernement-pour-responsable-des-coupures-delectricite-au-cameroun"]}]},{"@type":"ImageObject","inLanguage":"fr-FR","@id":"https:\/\/www.africa-press.net\/cameroun\/toutes-les-actualites\/serge-espoir-matomba-tient-le-gouvernement-pour-responsable-des-coupures-delectricite-au-cameroun#primaryimage","url":"https:\/\/static.africa-press.net\/cameroun\/sites\/57\/2024\/02\/sm_1707947220.30111.jpg","contentUrl":"https:\/\/static.africa-press.net\/cameroun\/sites\/57\/2024\/02\/sm_1707947220.30111.jpg","width":780,"height":440,"caption":"Serge Espoir Matomba tient le gouvernement pour responsable des coupures d\u2019\u00e9lectricit\u00e9 au Cameroun"},{"@type":"BreadcrumbList","@id":"https:\/\/www.africa-press.net\/cameroun\/toutes-les-actualites\/serge-espoir-matomba-tient-le-gouvernement-pour-responsable-des-coupures-delectricite-au-cameroun#breadcrumb","itemListElement":[{"@type":"ListItem","position":1,"name":"Accueil","item":"https:\/\/www.africa-press.net\/cameroun\/"},{"@type":"ListItem","position":2,"name":"Serge Espoir Matomba tient le gouvernement pour responsable des coupures d\u2019\u00e9lectricit\u00e9 au Cameroun"}]},{"@type":"WebSite","@id":"https:\/\/www.africa-press.net\/cameroun\/#website","url":"https:\/\/www.africa-press.net\/cameroun\/","name":"Cameroun","description":"Just another Africa News Agency Sites site","potentialAction":[{"@type":"SearchAction","target":{"@type":"EntryPoint","urlTemplate":"https:\/\/www.africa-press.net\/cameroun\/?s={search_term_string}"},"query-input":{"@type":"PropertyValueSpecification","valueRequired":true,"valueName":"search_term_string"}}],"inLanguage":"fr-FR"},{"@type":"Person","@id":"https:\/\/www.africa-press.net\/cameroun\/#\/schema\/person\/2b1cf3cd81a31e3cd26889ca66d677f1","name":"cfeditorfr"}]}},"_links":{"self":[{"href":"https:\/\/www.africa-press.net\/cameroun\/wp-json\/wp\/v2\/posts\/61398","targetHints":{"allow":["GET"]}}],"collection":[{"href":"https:\/\/www.africa-press.net\/cameroun\/wp-json\/wp\/v2\/posts"}],"about":[{"href":"https:\/\/www.africa-press.net\/cameroun\/wp-json\/wp\/v2\/types\/post"}],"author":[{"embeddable":true,"href":"https:\/\/www.africa-press.net\/cameroun\/wp-json\/wp\/v2\/users\/82"}],"replies":[{"embeddable":true,"href":"https:\/\/www.africa-press.net\/cameroun\/wp-json\/wp\/v2\/comments?post=61398"}],"version-history":[{"count":0,"href":"https:\/\/www.africa-press.net\/cameroun\/wp-json\/wp\/v2\/posts\/61398\/revisions"}],"wp:featuredmedia":[{"embeddable":true,"href":"https:\/\/www.africa-press.net\/cameroun\/wp-json\/wp\/v2\/media\/61397"}],"wp:attachment":[{"href":"https:\/\/www.africa-press.net\/cameroun\/wp-json\/wp\/v2\/media?parent=61398"}],"wp:term":[{"taxonomy":"category","embeddable":true,"href":"https:\/\/www.africa-press.net\/cameroun\/wp-json\/wp\/v2\/categories?post=61398"},{"taxonomy":"post_tag","embeddable":true,"href":"https:\/\/www.africa-press.net\/cameroun\/wp-json\/wp\/v2\/tags?post=61398"}],"curies":[{"name":"wp","href":"https:\/\/api.w.org\/{rel}","templated":true}]}}