{"id":61414,"date":"2024-02-14T21:28:35","date_gmt":"2024-02-14T21:28:35","guid":{"rendered":"https:\/\/www.africa-press.net\/cameroun\/politique\/cameroun-financement-proparco-octroie-13-milliards-f-a-societe-generale-pour-soutenir-les-pme"},"modified":"2024-02-15T01:31:08","modified_gmt":"2024-02-15T01:31:08","slug":"cameroun-financement-proparco-octroie-13-milliards-f-a-societe-generale-pour-soutenir-les-pme","status":"publish","type":"post","link":"https:\/\/www.africa-press.net\/cameroun\/economie\/cameroun-financement-proparco-octroie-13-milliards-f-a-societe-generale-pour-soutenir-les-pme","title":{"rendered":"Cameroun-financement : Proparco octroie 13 milliards F \u00e0 Soci\u00e9t\u00e9 G\u00e9n\u00e9rale pour soutenir les PME"},"content":{"rendered":"<p><span style=\"color: #ff6600\"><strong>Africa-Press &#8211; Cameroun. <\/strong><\/span><b>Cette nouvelle collaboration entre les deux entite\u0301s permettra de renforcer l\u2019inclusion financie\u0300re et la bancarisation des petites et moyennes entreprises camerounaises.<\/b><\/p>\n<p>Proparco renouvelle son soutien a\u0300 Socie\u0301te\u0301 Ge\u0301ne\u0301rale Cameroun a\u0300 travers une garantie de portefeuille ARIZ de 13 milliards F (20 millions d\u2019euros) afin de soutenir les PME camerounaises pour une e\u0301conomie durable et re\u0301siliente.<\/p>\n<p>Le programme de partage de risques ARIZ du Groupe AFD (Agence franc\u0327aise de de\u0301veloppement) contribue a\u0300 ame\u0301liorer l\u2019acce\u0300s au financement des tre\u0300s petites, petites et moyennes entreprises locales, qui ont bien souvent des difficulte\u0301s a\u0300 re\u0301pondre aux garanties demande\u0301es par des institutions financie\u0300res.<\/p>\n<p>La garantie ARIZ permet ainsi aux banques de re\u0301duire le niveau de su\u0302rete\u0301 exige\u0301, en partageant le risque de cre\u0301dit, et d\u2019e\u0302tre accompagne\u0301es dans le de\u0301veloppement de leurs offres de financement de\u0301die\u0301es aux PME. Ce programme est une traduction concre\u0300te de l\u2019initiative Choose Africa lance\u0301e et de\u0301ploye\u0301e par Proparco depuis 2019 afin d\u2019accompagner la re\u0301volution de l\u2019entrepreneuriat et de l\u2019innovation en Afrique.<\/p>\n<p>Selon Proparco, cette nouvelle garantie de portefeuille permettra d\u2019accompagner les clients PME de Socie\u0301te\u0301 Ge\u0301ne\u0301rale Cameroun, en priorite\u0301 dans des secteurs a\u0300 fort impact e\u0301conomique tels que les transports, l\u2019industrie ou le commerce, dans leur dynamique de croissance.<\/p>\n<p>Ces mesures permettront ainsi de cre\u0301er et de maintenir des emplois tout en soutenant plus de 250 entreprises locales. Elle contribuera en outre aux ODD 1 (E\u0301liminer la pauvrete\u0301 sous toutes ses formes et partout dans le monde), ODD 8 (Travail de\u0301cent et croissance e\u0301conomique) et 10 (ine\u0301galite\u0301s re\u0301duites).<\/p>\n<p>\u00ab Proparco se fe\u0301licite de cette nouvelle collaboration avec Socie\u0301te\u0301 Ge\u0301ne\u0301rale Cameroun, partenaire de longue date du Groupe AFD, et cela, au be\u0301ne\u0301fice des PME camerounaises. Cette nouvelle collaboration permettra de renforcer l\u2019inclusion financie\u0300re et la bancarisation des petites et moyennes entreprises. En soutenant leur de\u0301veloppement gra\u0302ce a\u0300 notre partenaire Socie\u0301te\u0301 Ge\u0301ne\u0301rale Cameroun, nous traduisons en action les ambitions porte\u0301es par Proparco dans le cadre de sa nouvelle strate\u0301gie 2023-2027 en matie\u0300re de soutien a\u0300 l\u2019entrepreneuriat et de re\u0301duction des ine\u0301galite\u0301s socio-e\u0301conomiques \u00bb, se re\u0301jouit <b>Mehdi Tanani, Directeur re\u0301gional de Proparco pour l\u2019Afrique centrale<\/b>.<\/p>\n<p><b>Pour Sterghios Dassarecos, Directeur Ge\u0301ne\u0301ral de Socie\u0301te\u0301 Ge\u0301ne\u0301rale Cameroun<\/b>, \u00ab Cette nouvelle garantie ARIZ permet d\u2019accompagner des entreprises dont l\u2019apport a\u0300 l\u2019e\u0301conomie camerounaise est essentiel, par leur nombre, leur diversite\u0301 et leur immersion dans le tissu productif. Elle mate\u0301rialise le positionnement de Socie\u0301te\u0301 Ge\u0301ne\u0301rale Cameroun en tant qu\u2019acteur majeur du soutien a\u0300 l\u2019e\u0301conomie du pays depuis six de\u0301cennies \u00bb.<\/p>\n<p><strong>Pour plus d&rsquo;informations et d&rsquo;analyses sur la <a href=\"https:\/\/www.africa-press.net\/cameroun\">Cameroun<\/a>, suivez <a href=\"https:\/\/www.africa-press.net\/\">Africa-Press<\/a><\/strong><\/p>\n","protected":false},"excerpt":{"rendered":"<p>Africa-Press &#8211; Cameroun. Cette nouvelle collaboration entre les deux entite\u0301s permettra de renforcer l\u2019inclusion financie\u0300re et la bancarisation des petites et moyennes entreprises camerounaises. Proparco renouvelle son soutien a\u0300 Socie\u0301te\u0301 Ge\u0301ne\u0301rale Cameroun a\u0300 travers une garantie de portefeuille ARIZ de 13 milliards F (20 millions d\u2019euros) afin de soutenir les PME camerounaises pour une e\u0301conomie [&hellip;]<\/p>\n","protected":false},"author":82,"featured_media":61413,"comment_status":"open","ping_status":"closed","sticky":false,"template":"","format":"standard","meta":{"footnotes":""},"categories":[3,10],"tags":[36,50,49],"class_list":["post-61414","post","type-post","status-publish","format-standard","has-post-thumbnail","hentry","category-economie","category-toutes-les-actualites","tag-africa-press","tag-africa-press-cameroun","tag-cameroun"],"yoast_head":"<!-- This site is optimized with the Yoast SEO Premium plugin v26.1 (Yoast SEO v27.0) - https:\/\/yoast.com\/product\/yoast-seo-premium-wordpress\/ -->\n<title>Cameroun-financement : Proparco octroie 13 milliards F \u00e0 Soci\u00e9t\u00e9 G\u00e9n\u00e9rale pour soutenir les PME - Cameroun<\/title>\n<meta name=\"description\" content=\"Cette nouvelle collaboration entre les deux entite\u0301s permettra de renforcer l\u2019inclusion financie\u0300re et la bancarisati ...\" \/>\n<meta name=\"robots\" content=\"index, follow, max-snippet:-1, max-image-preview:large, max-video-preview:-1\" \/>\n<link rel=\"canonical\" href=\"https:\/\/www.africa-press.net\/cameroun\/economie\/cameroun-financement-proparco-octroie-13-milliards-f-a-societe-generale-pour-soutenir-les-pme\" \/>\n<meta property=\"og:locale\" content=\"fr_FR\" \/>\n<meta property=\"og:type\" content=\"article\" \/>\n<meta property=\"og:title\" content=\"Cameroun-financement : Proparco octroie 13 milliards F \u00e0 Soci\u00e9t\u00e9 G\u00e9n\u00e9rale pour soutenir les PME\" \/>\n<meta property=\"og:description\" content=\"Cette nouvelle collaboration entre les deux entite\u0301s permettra de renforcer l\u2019inclusion financie\u0300re et la bancarisati ...\" \/>\n<meta property=\"og:url\" content=\"https:\/\/www.africa-press.net\/cameroun\/economie\/cameroun-financement-proparco-octroie-13-milliards-f-a-societe-generale-pour-soutenir-les-pme\" \/>\n<meta property=\"og:site_name\" content=\"Cameroun\" \/>\n<meta property=\"article:published_time\" content=\"2024-02-14T21:28:35+00:00\" \/>\n<meta property=\"article:modified_time\" content=\"2024-02-15T01:31:08+00:00\" \/>\n<meta property=\"og:image\" content=\"https:\/\/static.africa-press.net\/cameroun\/sites\/57\/2024\/02\/sm_1707947489.028939.jpg\" \/>\n\t<meta property=\"og:image:width\" content=\"780\" \/>\n\t<meta property=\"og:image:height\" content=\"440\" \/>\n\t<meta property=\"og:image:type\" content=\"image\/jpeg\" \/>\n<meta name=\"author\" content=\"cfeditorfr\" \/>\n<meta name=\"twitter:card\" content=\"summary_large_image\" \/>\n<meta name=\"twitter:label1\" content=\"\u00c9crit par\" \/>\n\t<meta name=\"twitter:data1\" content=\"cfeditorfr\" \/>\n\t<meta name=\"twitter:label2\" content=\"Dur\u00e9e de lecture estim\u00e9e\" \/>\n\t<meta name=\"twitter:data2\" content=\"2 minutes\" \/>\n<script type=\"application\/ld+json\" class=\"yoast-schema-graph\">{\"@context\":\"https:\/\/schema.org\",\"@graph\":[{\"@type\":\"Article\",\"@id\":\"https:\/\/www.africa-press.net\/cameroun\/economie\/cameroun-financement-proparco-octroie-13-milliards-f-a-societe-generale-pour-soutenir-les-pme#article\",\"isPartOf\":{\"@id\":\"https:\/\/www.africa-press.net\/cameroun\/economie\/cameroun-financement-proparco-octroie-13-milliards-f-a-societe-generale-pour-soutenir-les-pme\"},\"author\":{\"name\":\"cfeditorfr\",\"@id\":\"https:\/\/www.africa-press.net\/cameroun\/#\/schema\/person\/2b1cf3cd81a31e3cd26889ca66d677f1\"},\"headline\":\"Cameroun-financement : Proparco octroie 13 milliards F \u00e0 Soci\u00e9t\u00e9 G\u00e9n\u00e9rale pour soutenir les PME\",\"datePublished\":\"2024-02-14T21:28:35+00:00\",\"dateModified\":\"2024-02-15T01:31:08+00:00\",\"mainEntityOfPage\":{\"@id\":\"https:\/\/www.africa-press.net\/cameroun\/economie\/cameroun-financement-proparco-octroie-13-milliards-f-a-societe-generale-pour-soutenir-les-pme\"},\"wordCount\":509,\"commentCount\":0,\"image\":{\"@id\":\"https:\/\/www.africa-press.net\/cameroun\/economie\/cameroun-financement-proparco-octroie-13-milliards-f-a-societe-generale-pour-soutenir-les-pme#primaryimage\"},\"thumbnailUrl\":\"https:\/\/static.africa-press.net\/cameroun\/sites\/57\/2024\/02\/sm_1707947489.028939.jpg\",\"keywords\":[\"Africa Press\",\"Africa Press-Cameroun\",\"Cameroun\"],\"articleSection\":[\"\u00c9conomie\",\"Toutes les actualit\u00e9s\"],\"inLanguage\":\"fr-FR\",\"potentialAction\":[{\"@type\":\"CommentAction\",\"name\":\"Comment\",\"target\":[\"https:\/\/www.africa-press.net\/cameroun\/economie\/cameroun-financement-proparco-octroie-13-milliards-f-a-societe-generale-pour-soutenir-les-pme#respond\"]}]},{\"@type\":\"WebPage\",\"@id\":\"https:\/\/www.africa-press.net\/cameroun\/economie\/cameroun-financement-proparco-octroie-13-milliards-f-a-societe-generale-pour-soutenir-les-pme\",\"url\":\"https:\/\/www.africa-press.net\/cameroun\/economie\/cameroun-financement-proparco-octroie-13-milliards-f-a-societe-generale-pour-soutenir-les-pme\",\"name\":\"Cameroun-financement : Proparco octroie 13 milliards F \u00e0 Soci\u00e9t\u00e9 G\u00e9n\u00e9rale pour soutenir les PME - Cameroun\",\"isPartOf\":{\"@id\":\"https:\/\/www.africa-press.net\/cameroun\/#website\"},\"primaryImageOfPage\":{\"@id\":\"https:\/\/www.africa-press.net\/cameroun\/economie\/cameroun-financement-proparco-octroie-13-milliards-f-a-societe-generale-pour-soutenir-les-pme#primaryimage\"},\"image\":{\"@id\":\"https:\/\/www.africa-press.net\/cameroun\/economie\/cameroun-financement-proparco-octroie-13-milliards-f-a-societe-generale-pour-soutenir-les-pme#primaryimage\"},\"thumbnailUrl\":\"https:\/\/static.africa-press.net\/cameroun\/sites\/57\/2024\/02\/sm_1707947489.028939.jpg\",\"datePublished\":\"2024-02-14T21:28:35+00:00\",\"dateModified\":\"2024-02-15T01:31:08+00:00\",\"author\":{\"@id\":\"https:\/\/www.africa-press.net\/cameroun\/#\/schema\/person\/2b1cf3cd81a31e3cd26889ca66d677f1\"},\"description\":\"Cette nouvelle collaboration entre les deux entite\u0301s permettra de renforcer l\u2019inclusion financie\u0300re et la bancarisati ...\",\"breadcrumb\":{\"@id\":\"https:\/\/www.africa-press.net\/cameroun\/economie\/cameroun-financement-proparco-octroie-13-milliards-f-a-societe-generale-pour-soutenir-les-pme#breadcrumb\"},\"inLanguage\":\"fr-FR\",\"potentialAction\":[{\"@type\":\"ReadAction\",\"target\":[\"https:\/\/www.africa-press.net\/cameroun\/economie\/cameroun-financement-proparco-octroie-13-milliards-f-a-societe-generale-pour-soutenir-les-pme\"]}]},{\"@type\":\"ImageObject\",\"inLanguage\":\"fr-FR\",\"@id\":\"https:\/\/www.africa-press.net\/cameroun\/economie\/cameroun-financement-proparco-octroie-13-milliards-f-a-societe-generale-pour-soutenir-les-pme#primaryimage\",\"url\":\"https:\/\/static.africa-press.net\/cameroun\/sites\/57\/2024\/02\/sm_1707947489.028939.jpg\",\"contentUrl\":\"https:\/\/static.africa-press.net\/cameroun\/sites\/57\/2024\/02\/sm_1707947489.028939.jpg\",\"width\":780,\"height\":440,\"caption\":\"Cameroun-financement : Proparco octroie 13 milliards F \u00e0 Soci\u00e9t\u00e9 G\u00e9n\u00e9rale pour soutenir les PME\"},{\"@type\":\"BreadcrumbList\",\"@id\":\"https:\/\/www.africa-press.net\/cameroun\/economie\/cameroun-financement-proparco-octroie-13-milliards-f-a-societe-generale-pour-soutenir-les-pme#breadcrumb\",\"itemListElement\":[{\"@type\":\"ListItem\",\"position\":1,\"name\":\"Accueil\",\"item\":\"https:\/\/www.africa-press.net\/cameroun\/\"},{\"@type\":\"ListItem\",\"position\":2,\"name\":\"Cameroun-financement : Proparco octroie 13 milliards F \u00e0 Soci\u00e9t\u00e9 G\u00e9n\u00e9rale pour soutenir les PME\"}]},{\"@type\":\"WebSite\",\"@id\":\"https:\/\/www.africa-press.net\/cameroun\/#website\",\"url\":\"https:\/\/www.africa-press.net\/cameroun\/\",\"name\":\"Cameroun\",\"description\":\"Just another Africa News Agency Sites site\",\"potentialAction\":[{\"@type\":\"SearchAction\",\"target\":{\"@type\":\"EntryPoint\",\"urlTemplate\":\"https:\/\/www.africa-press.net\/cameroun\/?s={search_term_string}\"},\"query-input\":{\"@type\":\"PropertyValueSpecification\",\"valueRequired\":true,\"valueName\":\"search_term_string\"}}],\"inLanguage\":\"fr-FR\"},{\"@type\":\"Person\",\"@id\":\"https:\/\/www.africa-press.net\/cameroun\/#\/schema\/person\/2b1cf3cd81a31e3cd26889ca66d677f1\",\"name\":\"cfeditorfr\"}]}<\/script>\n<!-- \/ Yoast SEO Premium plugin. -->","yoast_head_json":{"title":"Cameroun-financement : Proparco octroie 13 milliards F \u00e0 Soci\u00e9t\u00e9 G\u00e9n\u00e9rale pour soutenir les PME - Cameroun","description":"Cette nouvelle collaboration entre les deux entite\u0301s permettra de renforcer l\u2019inclusion financie\u0300re et la bancarisati ...","robots":{"index":"index","follow":"follow","max-snippet":"max-snippet:-1","max-image-preview":"max-image-preview:large","max-video-preview":"max-video-preview:-1"},"canonical":"https:\/\/www.africa-press.net\/cameroun\/economie\/cameroun-financement-proparco-octroie-13-milliards-f-a-societe-generale-pour-soutenir-les-pme","og_locale":"fr_FR","og_type":"article","og_title":"Cameroun-financement : Proparco octroie 13 milliards F \u00e0 Soci\u00e9t\u00e9 G\u00e9n\u00e9rale pour soutenir les PME","og_description":"Cette nouvelle collaboration entre les deux entite\u0301s permettra de renforcer l\u2019inclusion financie\u0300re et la bancarisati ...","og_url":"https:\/\/www.africa-press.net\/cameroun\/economie\/cameroun-financement-proparco-octroie-13-milliards-f-a-societe-generale-pour-soutenir-les-pme","og_site_name":"Cameroun","article_published_time":"2024-02-14T21:28:35+00:00","article_modified_time":"2024-02-15T01:31:08+00:00","og_image":[{"width":780,"height":440,"url":"https:\/\/static.africa-press.net\/cameroun\/sites\/57\/2024\/02\/sm_1707947489.028939.jpg","type":"image\/jpeg"}],"author":"cfeditorfr","twitter_card":"summary_large_image","twitter_misc":{"\u00c9crit par":"cfeditorfr","Dur\u00e9e de lecture estim\u00e9e":"2 minutes"},"schema":{"@context":"https:\/\/schema.org","@graph":[{"@type":"Article","@id":"https:\/\/www.africa-press.net\/cameroun\/economie\/cameroun-financement-proparco-octroie-13-milliards-f-a-societe-generale-pour-soutenir-les-pme#article","isPartOf":{"@id":"https:\/\/www.africa-press.net\/cameroun\/economie\/cameroun-financement-proparco-octroie-13-milliards-f-a-societe-generale-pour-soutenir-les-pme"},"author":{"name":"cfeditorfr","@id":"https:\/\/www.africa-press.net\/cameroun\/#\/schema\/person\/2b1cf3cd81a31e3cd26889ca66d677f1"},"headline":"Cameroun-financement : Proparco octroie 13 milliards F \u00e0 Soci\u00e9t\u00e9 G\u00e9n\u00e9rale pour soutenir les PME","datePublished":"2024-02-14T21:28:35+00:00","dateModified":"2024-02-15T01:31:08+00:00","mainEntityOfPage":{"@id":"https:\/\/www.africa-press.net\/cameroun\/economie\/cameroun-financement-proparco-octroie-13-milliards-f-a-societe-generale-pour-soutenir-les-pme"},"wordCount":509,"commentCount":0,"image":{"@id":"https:\/\/www.africa-press.net\/cameroun\/economie\/cameroun-financement-proparco-octroie-13-milliards-f-a-societe-generale-pour-soutenir-les-pme#primaryimage"},"thumbnailUrl":"https:\/\/static.africa-press.net\/cameroun\/sites\/57\/2024\/02\/sm_1707947489.028939.jpg","keywords":["Africa Press","Africa Press-Cameroun","Cameroun"],"articleSection":["\u00c9conomie","Toutes les actualit\u00e9s"],"inLanguage":"fr-FR","potentialAction":[{"@type":"CommentAction","name":"Comment","target":["https:\/\/www.africa-press.net\/cameroun\/economie\/cameroun-financement-proparco-octroie-13-milliards-f-a-societe-generale-pour-soutenir-les-pme#respond"]}]},{"@type":"WebPage","@id":"https:\/\/www.africa-press.net\/cameroun\/economie\/cameroun-financement-proparco-octroie-13-milliards-f-a-societe-generale-pour-soutenir-les-pme","url":"https:\/\/www.africa-press.net\/cameroun\/economie\/cameroun-financement-proparco-octroie-13-milliards-f-a-societe-generale-pour-soutenir-les-pme","name":"Cameroun-financement : Proparco octroie 13 milliards F \u00e0 Soci\u00e9t\u00e9 G\u00e9n\u00e9rale pour soutenir les PME - Cameroun","isPartOf":{"@id":"https:\/\/www.africa-press.net\/cameroun\/#website"},"primaryImageOfPage":{"@id":"https:\/\/www.africa-press.net\/cameroun\/economie\/cameroun-financement-proparco-octroie-13-milliards-f-a-societe-generale-pour-soutenir-les-pme#primaryimage"},"image":{"@id":"https:\/\/www.africa-press.net\/cameroun\/economie\/cameroun-financement-proparco-octroie-13-milliards-f-a-societe-generale-pour-soutenir-les-pme#primaryimage"},"thumbnailUrl":"https:\/\/static.africa-press.net\/cameroun\/sites\/57\/2024\/02\/sm_1707947489.028939.jpg","datePublished":"2024-02-14T21:28:35+00:00","dateModified":"2024-02-15T01:31:08+00:00","author":{"@id":"https:\/\/www.africa-press.net\/cameroun\/#\/schema\/person\/2b1cf3cd81a31e3cd26889ca66d677f1"},"description":"Cette nouvelle collaboration entre les deux entite\u0301s permettra de renforcer l\u2019inclusion financie\u0300re et la bancarisati ...","breadcrumb":{"@id":"https:\/\/www.africa-press.net\/cameroun\/economie\/cameroun-financement-proparco-octroie-13-milliards-f-a-societe-generale-pour-soutenir-les-pme#breadcrumb"},"inLanguage":"fr-FR","potentialAction":[{"@type":"ReadAction","target":["https:\/\/www.africa-press.net\/cameroun\/economie\/cameroun-financement-proparco-octroie-13-milliards-f-a-societe-generale-pour-soutenir-les-pme"]}]},{"@type":"ImageObject","inLanguage":"fr-FR","@id":"https:\/\/www.africa-press.net\/cameroun\/economie\/cameroun-financement-proparco-octroie-13-milliards-f-a-societe-generale-pour-soutenir-les-pme#primaryimage","url":"https:\/\/static.africa-press.net\/cameroun\/sites\/57\/2024\/02\/sm_1707947489.028939.jpg","contentUrl":"https:\/\/static.africa-press.net\/cameroun\/sites\/57\/2024\/02\/sm_1707947489.028939.jpg","width":780,"height":440,"caption":"Cameroun-financement : Proparco octroie 13 milliards F \u00e0 Soci\u00e9t\u00e9 G\u00e9n\u00e9rale pour soutenir les PME"},{"@type":"BreadcrumbList","@id":"https:\/\/www.africa-press.net\/cameroun\/economie\/cameroun-financement-proparco-octroie-13-milliards-f-a-societe-generale-pour-soutenir-les-pme#breadcrumb","itemListElement":[{"@type":"ListItem","position":1,"name":"Accueil","item":"https:\/\/www.africa-press.net\/cameroun\/"},{"@type":"ListItem","position":2,"name":"Cameroun-financement : Proparco octroie 13 milliards F \u00e0 Soci\u00e9t\u00e9 G\u00e9n\u00e9rale pour soutenir les PME"}]},{"@type":"WebSite","@id":"https:\/\/www.africa-press.net\/cameroun\/#website","url":"https:\/\/www.africa-press.net\/cameroun\/","name":"Cameroun","description":"Just another Africa News Agency Sites site","potentialAction":[{"@type":"SearchAction","target":{"@type":"EntryPoint","urlTemplate":"https:\/\/www.africa-press.net\/cameroun\/?s={search_term_string}"},"query-input":{"@type":"PropertyValueSpecification","valueRequired":true,"valueName":"search_term_string"}}],"inLanguage":"fr-FR"},{"@type":"Person","@id":"https:\/\/www.africa-press.net\/cameroun\/#\/schema\/person\/2b1cf3cd81a31e3cd26889ca66d677f1","name":"cfeditorfr"}]}},"_links":{"self":[{"href":"https:\/\/www.africa-press.net\/cameroun\/wp-json\/wp\/v2\/posts\/61414","targetHints":{"allow":["GET"]}}],"collection":[{"href":"https:\/\/www.africa-press.net\/cameroun\/wp-json\/wp\/v2\/posts"}],"about":[{"href":"https:\/\/www.africa-press.net\/cameroun\/wp-json\/wp\/v2\/types\/post"}],"author":[{"embeddable":true,"href":"https:\/\/www.africa-press.net\/cameroun\/wp-json\/wp\/v2\/users\/82"}],"replies":[{"embeddable":true,"href":"https:\/\/www.africa-press.net\/cameroun\/wp-json\/wp\/v2\/comments?post=61414"}],"version-history":[{"count":0,"href":"https:\/\/www.africa-press.net\/cameroun\/wp-json\/wp\/v2\/posts\/61414\/revisions"}],"wp:featuredmedia":[{"embeddable":true,"href":"https:\/\/www.africa-press.net\/cameroun\/wp-json\/wp\/v2\/media\/61413"}],"wp:attachment":[{"href":"https:\/\/www.africa-press.net\/cameroun\/wp-json\/wp\/v2\/media?parent=61414"}],"wp:term":[{"taxonomy":"category","embeddable":true,"href":"https:\/\/www.africa-press.net\/cameroun\/wp-json\/wp\/v2\/categories?post=61414"},{"taxonomy":"post_tag","embeddable":true,"href":"https:\/\/www.africa-press.net\/cameroun\/wp-json\/wp\/v2\/tags?post=61414"}],"curies":[{"name":"wp","href":"https:\/\/api.w.org\/{rel}","templated":true}]}}