{"id":61416,"date":"2024-02-14T21:28:42","date_gmt":"2024-02-14T21:28:42","guid":{"rendered":"https:\/\/www.africa-press.net\/cameroun\/politique\/les-chretiens-du-cameroun-entrent-en-careme"},"modified":"2024-02-15T01:31:52","modified_gmt":"2024-02-15T01:31:52","slug":"les-chretiens-du-cameroun-entrent-en-careme","status":"publish","type":"post","link":"https:\/\/www.africa-press.net\/cameroun\/toutes-les-actualites\/les-chretiens-du-cameroun-entrent-en-careme","title":{"rendered":"Les chr\u00e9tiens du Cameroun entrent en car\u00eame"},"content":{"rendered":"<p><span style=\"color: #ff6600\"><strong>Africa-Press &#8211; Cameroun. <\/strong><\/span><b>Ce mercredi des cendres marque le de\u0301but des 40 jours de jeu\u0302ne et de privations qui pre\u0301ce\u0300deront la fe\u0302te de Pa\u0302ques.<\/b><\/p>\n<p>La prie\u0300re le partage et la pe\u0301nitence sont les trois mots qui guident l\u2019action des chre\u0301tiens au cours de la pe\u0301riode de care\u0302me qui s\u2019ouvre ce 14 fe\u0301vrier. Les 40 jours de care\u0302me s\u2019ouvrent ce mercredi par le rituel de l\u2019imposition des cendres. De\u0300s les premie\u0300res messes ce\u0301le\u0301bre\u0301es dans des chapelles ce matin, les fide\u0300les rec\u0327oivent des cendres sur leur front, signe de pe\u0301nitence et appel a\u0300 la conversion. Pour produire un effet positif, cet acte doit s\u2019accompagner de la pratique de la parole de Dieu et du changement inte\u0301rieur.<\/p>\n<p>Le premier jour de care\u0302me, marque\u0301 par le jeu\u0302ne, les chre\u0301tiens prennent diffe\u0301rentes re\u0301solutions a\u0300 observer durant cette pe\u0301riode. Et les membres du clerge\u0301 les orientent. Dans son home\u0301lie a\u0300 la messe de 6h a\u0300 la Paroisse Saint Vincent Pallotti de Nlongkak, le cure\u0301, Mgr Pascal Fanga Mbega, a recommande\u0301 aux fide\u0300les d\u2019observer \u00ab l\u2019abstinence des re\u0301seaux sociaux qui de\u0301truisent la vie des enfants, se\u0301parent les familles et bouleversent la vie en socie\u0301te\u0301 \u00bb. L\u2019autre recommandation du vicaire ge\u0301ne\u0301ral est de pardonner. \u00ab En pardonnant aux autres, on se libe\u0300re soi-me\u0302me \u00bb, a-t-il indique\u0301.<\/p>\n<p>Ces recommandations contextualise\u0301es s\u2019inscrivent aussi dans le cadre du message du pape Franc\u0327ois a\u0300 l\u2019occasion du care\u0302me 2024. Dans ce message le chef de l\u2019Eglise catholique le Pape appelle a\u0300 un Care\u0302me marque\u0301 par la prie\u0300re, le jeu\u0302ne et l\u2019action communautaire. Le Pape recommande que ce moment soit une saison de renouveau, d\u2019espoir et de solidarite\u0301.<\/p>\n<p>Durant cette pe\u0301riode, les fide\u0300les catholiques vont intensifier les prie\u0300res, participer au chemin de croix chaque vendredi ou chaque jour. La semaine sainte qui s\u2019ouvre avec le dimanche des rameaux et de la passion le 24 mars sera marque\u0301e par le Triduum pascal avec la Sainte Ce\u0300ne, la passion du vendredi saint et la veille\u0301e pascale du samedi saint. A la solennite\u0301 de Pa\u0302ques du 29 mars, l\u2019Eglise ce\u0301le\u0300brera la re\u0301surrection du Christ. De\u0300s ce mercredi, la liturgie se fait en violet et le gloria ne sera pas chante\u0301.<\/p>\n<p><strong>Pour plus d&rsquo;informations et d&rsquo;analyses sur la <a href=\"https:\/\/www.africa-press.net\/cameroun\">Cameroun<\/a>, suivez <a href=\"https:\/\/www.africa-press.net\/\">Africa-Press<\/a><\/strong><\/p>\n","protected":false},"excerpt":{"rendered":"<p>Africa-Press &#8211; Cameroun. Ce mercredi des cendres marque le de\u0301but des 40 jours de jeu\u0302ne et de privations qui pre\u0301ce\u0300deront la fe\u0302te de Pa\u0302ques. La prie\u0300re le partage et la pe\u0301nitence sont les trois mots qui guident l\u2019action des chre\u0301tiens au cours de la pe\u0301riode de care\u0302me qui s\u2019ouvre ce 14 fe\u0301vrier. Les 40 jours [&hellip;]<\/p>\n","protected":false},"author":82,"featured_media":61415,"comment_status":"open","ping_status":"closed","sticky":false,"template":"","format":"standard","meta":{"footnotes":""},"categories":[21,10],"tags":[36,50,49],"class_list":["post-61416","post","type-post","status-publish","format-standard","has-post-thumbnail","hentry","category-communaute","category-toutes-les-actualites","tag-africa-press","tag-africa-press-cameroun","tag-cameroun"],"yoast_head":"<!-- This site is optimized with the Yoast SEO Premium plugin v26.1 (Yoast SEO v27.0) - https:\/\/yoast.com\/product\/yoast-seo-premium-wordpress\/ -->\n<title>Les chr\u00e9tiens du Cameroun entrent en car\u00eame - Cameroun<\/title>\n<meta name=\"description\" content=\"Ce mercredi des cendres marque le de\u0301but des 40 jours de jeu\u0302ne et de privations qui pre\u0301ce\u0300deront la fe\u0302te de Pa\u0302que ...\" \/>\n<meta name=\"robots\" content=\"index, follow, max-snippet:-1, max-image-preview:large, max-video-preview:-1\" \/>\n<link rel=\"canonical\" href=\"https:\/\/www.africa-press.net\/cameroun\/toutes-les-actualites\/les-chretiens-du-cameroun-entrent-en-careme\" \/>\n<meta property=\"og:locale\" content=\"fr_FR\" \/>\n<meta property=\"og:type\" content=\"article\" \/>\n<meta property=\"og:title\" content=\"Les chr\u00e9tiens du Cameroun entrent en car\u00eame\" \/>\n<meta property=\"og:description\" content=\"Ce mercredi des cendres marque le de\u0301but des 40 jours de jeu\u0302ne et de privations qui pre\u0301ce\u0300deront la fe\u0302te de Pa\u0302que ...\" \/>\n<meta property=\"og:url\" content=\"https:\/\/www.africa-press.net\/cameroun\/toutes-les-actualites\/les-chretiens-du-cameroun-entrent-en-careme\" \/>\n<meta property=\"og:site_name\" content=\"Cameroun\" \/>\n<meta property=\"article:published_time\" content=\"2024-02-14T21:28:42+00:00\" \/>\n<meta property=\"article:modified_time\" content=\"2024-02-15T01:31:52+00:00\" \/>\n<meta property=\"og:image\" content=\"https:\/\/static.africa-press.net\/cameroun\/sites\/57\/2024\/02\/sm_1707947513.087749.jpg\" \/>\n\t<meta property=\"og:image:width\" content=\"780\" \/>\n\t<meta property=\"og:image:height\" content=\"440\" \/>\n\t<meta property=\"og:image:type\" content=\"image\/jpeg\" \/>\n<meta name=\"author\" content=\"cfeditorfr\" \/>\n<meta name=\"twitter:card\" content=\"summary_large_image\" \/>\n<meta name=\"twitter:label1\" content=\"\u00c9crit par\" \/>\n\t<meta name=\"twitter:data1\" content=\"cfeditorfr\" \/>\n\t<meta name=\"twitter:label2\" content=\"Dur\u00e9e de lecture estim\u00e9e\" \/>\n\t<meta name=\"twitter:data2\" content=\"2 minutes\" \/>\n<script type=\"application\/ld+json\" class=\"yoast-schema-graph\">{\"@context\":\"https:\/\/schema.org\",\"@graph\":[{\"@type\":\"Article\",\"@id\":\"https:\/\/www.africa-press.net\/cameroun\/toutes-les-actualites\/les-chretiens-du-cameroun-entrent-en-careme#article\",\"isPartOf\":{\"@id\":\"https:\/\/www.africa-press.net\/cameroun\/toutes-les-actualites\/les-chretiens-du-cameroun-entrent-en-careme\"},\"author\":{\"name\":\"cfeditorfr\",\"@id\":\"https:\/\/www.africa-press.net\/cameroun\/#\/schema\/person\/2b1cf3cd81a31e3cd26889ca66d677f1\"},\"headline\":\"Les chr\u00e9tiens du Cameroun entrent en car\u00eame\",\"datePublished\":\"2024-02-14T21:28:42+00:00\",\"dateModified\":\"2024-02-15T01:31:52+00:00\",\"mainEntityOfPage\":{\"@id\":\"https:\/\/www.africa-press.net\/cameroun\/toutes-les-actualites\/les-chretiens-du-cameroun-entrent-en-careme\"},\"wordCount\":434,\"commentCount\":0,\"image\":{\"@id\":\"https:\/\/www.africa-press.net\/cameroun\/toutes-les-actualites\/les-chretiens-du-cameroun-entrent-en-careme#primaryimage\"},\"thumbnailUrl\":\"https:\/\/static.africa-press.net\/cameroun\/sites\/57\/2024\/02\/sm_1707947513.087749.jpg\",\"keywords\":[\"Africa Press\",\"Africa Press-Cameroun\",\"Cameroun\"],\"articleSection\":[\"Communaut\u00e9\",\"Toutes les actualit\u00e9s\"],\"inLanguage\":\"fr-FR\",\"potentialAction\":[{\"@type\":\"CommentAction\",\"name\":\"Comment\",\"target\":[\"https:\/\/www.africa-press.net\/cameroun\/toutes-les-actualites\/les-chretiens-du-cameroun-entrent-en-careme#respond\"]}]},{\"@type\":\"WebPage\",\"@id\":\"https:\/\/www.africa-press.net\/cameroun\/toutes-les-actualites\/les-chretiens-du-cameroun-entrent-en-careme\",\"url\":\"https:\/\/www.africa-press.net\/cameroun\/toutes-les-actualites\/les-chretiens-du-cameroun-entrent-en-careme\",\"name\":\"Les chr\u00e9tiens du Cameroun entrent en car\u00eame - Cameroun\",\"isPartOf\":{\"@id\":\"https:\/\/www.africa-press.net\/cameroun\/#website\"},\"primaryImageOfPage\":{\"@id\":\"https:\/\/www.africa-press.net\/cameroun\/toutes-les-actualites\/les-chretiens-du-cameroun-entrent-en-careme#primaryimage\"},\"image\":{\"@id\":\"https:\/\/www.africa-press.net\/cameroun\/toutes-les-actualites\/les-chretiens-du-cameroun-entrent-en-careme#primaryimage\"},\"thumbnailUrl\":\"https:\/\/static.africa-press.net\/cameroun\/sites\/57\/2024\/02\/sm_1707947513.087749.jpg\",\"datePublished\":\"2024-02-14T21:28:42+00:00\",\"dateModified\":\"2024-02-15T01:31:52+00:00\",\"author\":{\"@id\":\"https:\/\/www.africa-press.net\/cameroun\/#\/schema\/person\/2b1cf3cd81a31e3cd26889ca66d677f1\"},\"description\":\"Ce mercredi des cendres marque le de\u0301but des 40 jours de jeu\u0302ne et de privations qui pre\u0301ce\u0300deront la fe\u0302te de Pa\u0302que ...\",\"breadcrumb\":{\"@id\":\"https:\/\/www.africa-press.net\/cameroun\/toutes-les-actualites\/les-chretiens-du-cameroun-entrent-en-careme#breadcrumb\"},\"inLanguage\":\"fr-FR\",\"potentialAction\":[{\"@type\":\"ReadAction\",\"target\":[\"https:\/\/www.africa-press.net\/cameroun\/toutes-les-actualites\/les-chretiens-du-cameroun-entrent-en-careme\"]}]},{\"@type\":\"ImageObject\",\"inLanguage\":\"fr-FR\",\"@id\":\"https:\/\/www.africa-press.net\/cameroun\/toutes-les-actualites\/les-chretiens-du-cameroun-entrent-en-careme#primaryimage\",\"url\":\"https:\/\/static.africa-press.net\/cameroun\/sites\/57\/2024\/02\/sm_1707947513.087749.jpg\",\"contentUrl\":\"https:\/\/static.africa-press.net\/cameroun\/sites\/57\/2024\/02\/sm_1707947513.087749.jpg\",\"width\":780,\"height\":440,\"caption\":\"Les chr\u00e9tiens du Cameroun entrent en car\u00eame\"},{\"@type\":\"BreadcrumbList\",\"@id\":\"https:\/\/www.africa-press.net\/cameroun\/toutes-les-actualites\/les-chretiens-du-cameroun-entrent-en-careme#breadcrumb\",\"itemListElement\":[{\"@type\":\"ListItem\",\"position\":1,\"name\":\"Accueil\",\"item\":\"https:\/\/www.africa-press.net\/cameroun\/\"},{\"@type\":\"ListItem\",\"position\":2,\"name\":\"Les chr\u00e9tiens du Cameroun entrent en car\u00eame\"}]},{\"@type\":\"WebSite\",\"@id\":\"https:\/\/www.africa-press.net\/cameroun\/#website\",\"url\":\"https:\/\/www.africa-press.net\/cameroun\/\",\"name\":\"Cameroun\",\"description\":\"Just another Africa News Agency Sites site\",\"potentialAction\":[{\"@type\":\"SearchAction\",\"target\":{\"@type\":\"EntryPoint\",\"urlTemplate\":\"https:\/\/www.africa-press.net\/cameroun\/?s={search_term_string}\"},\"query-input\":{\"@type\":\"PropertyValueSpecification\",\"valueRequired\":true,\"valueName\":\"search_term_string\"}}],\"inLanguage\":\"fr-FR\"},{\"@type\":\"Person\",\"@id\":\"https:\/\/www.africa-press.net\/cameroun\/#\/schema\/person\/2b1cf3cd81a31e3cd26889ca66d677f1\",\"name\":\"cfeditorfr\"}]}<\/script>\n<!-- \/ Yoast SEO Premium plugin. -->","yoast_head_json":{"title":"Les chr\u00e9tiens du Cameroun entrent en car\u00eame - Cameroun","description":"Ce mercredi des cendres marque le de\u0301but des 40 jours de jeu\u0302ne et de privations qui pre\u0301ce\u0300deront la fe\u0302te de Pa\u0302que ...","robots":{"index":"index","follow":"follow","max-snippet":"max-snippet:-1","max-image-preview":"max-image-preview:large","max-video-preview":"max-video-preview:-1"},"canonical":"https:\/\/www.africa-press.net\/cameroun\/toutes-les-actualites\/les-chretiens-du-cameroun-entrent-en-careme","og_locale":"fr_FR","og_type":"article","og_title":"Les chr\u00e9tiens du Cameroun entrent en car\u00eame","og_description":"Ce mercredi des cendres marque le de\u0301but des 40 jours de jeu\u0302ne et de privations qui pre\u0301ce\u0300deront la fe\u0302te de Pa\u0302que ...","og_url":"https:\/\/www.africa-press.net\/cameroun\/toutes-les-actualites\/les-chretiens-du-cameroun-entrent-en-careme","og_site_name":"Cameroun","article_published_time":"2024-02-14T21:28:42+00:00","article_modified_time":"2024-02-15T01:31:52+00:00","og_image":[{"width":780,"height":440,"url":"https:\/\/static.africa-press.net\/cameroun\/sites\/57\/2024\/02\/sm_1707947513.087749.jpg","type":"image\/jpeg"}],"author":"cfeditorfr","twitter_card":"summary_large_image","twitter_misc":{"\u00c9crit par":"cfeditorfr","Dur\u00e9e de lecture estim\u00e9e":"2 minutes"},"schema":{"@context":"https:\/\/schema.org","@graph":[{"@type":"Article","@id":"https:\/\/www.africa-press.net\/cameroun\/toutes-les-actualites\/les-chretiens-du-cameroun-entrent-en-careme#article","isPartOf":{"@id":"https:\/\/www.africa-press.net\/cameroun\/toutes-les-actualites\/les-chretiens-du-cameroun-entrent-en-careme"},"author":{"name":"cfeditorfr","@id":"https:\/\/www.africa-press.net\/cameroun\/#\/schema\/person\/2b1cf3cd81a31e3cd26889ca66d677f1"},"headline":"Les chr\u00e9tiens du Cameroun entrent en car\u00eame","datePublished":"2024-02-14T21:28:42+00:00","dateModified":"2024-02-15T01:31:52+00:00","mainEntityOfPage":{"@id":"https:\/\/www.africa-press.net\/cameroun\/toutes-les-actualites\/les-chretiens-du-cameroun-entrent-en-careme"},"wordCount":434,"commentCount":0,"image":{"@id":"https:\/\/www.africa-press.net\/cameroun\/toutes-les-actualites\/les-chretiens-du-cameroun-entrent-en-careme#primaryimage"},"thumbnailUrl":"https:\/\/static.africa-press.net\/cameroun\/sites\/57\/2024\/02\/sm_1707947513.087749.jpg","keywords":["Africa Press","Africa Press-Cameroun","Cameroun"],"articleSection":["Communaut\u00e9","Toutes les actualit\u00e9s"],"inLanguage":"fr-FR","potentialAction":[{"@type":"CommentAction","name":"Comment","target":["https:\/\/www.africa-press.net\/cameroun\/toutes-les-actualites\/les-chretiens-du-cameroun-entrent-en-careme#respond"]}]},{"@type":"WebPage","@id":"https:\/\/www.africa-press.net\/cameroun\/toutes-les-actualites\/les-chretiens-du-cameroun-entrent-en-careme","url":"https:\/\/www.africa-press.net\/cameroun\/toutes-les-actualites\/les-chretiens-du-cameroun-entrent-en-careme","name":"Les chr\u00e9tiens du Cameroun entrent en car\u00eame - Cameroun","isPartOf":{"@id":"https:\/\/www.africa-press.net\/cameroun\/#website"},"primaryImageOfPage":{"@id":"https:\/\/www.africa-press.net\/cameroun\/toutes-les-actualites\/les-chretiens-du-cameroun-entrent-en-careme#primaryimage"},"image":{"@id":"https:\/\/www.africa-press.net\/cameroun\/toutes-les-actualites\/les-chretiens-du-cameroun-entrent-en-careme#primaryimage"},"thumbnailUrl":"https:\/\/static.africa-press.net\/cameroun\/sites\/57\/2024\/02\/sm_1707947513.087749.jpg","datePublished":"2024-02-14T21:28:42+00:00","dateModified":"2024-02-15T01:31:52+00:00","author":{"@id":"https:\/\/www.africa-press.net\/cameroun\/#\/schema\/person\/2b1cf3cd81a31e3cd26889ca66d677f1"},"description":"Ce mercredi des cendres marque le de\u0301but des 40 jours de jeu\u0302ne et de privations qui pre\u0301ce\u0300deront la fe\u0302te de Pa\u0302que ...","breadcrumb":{"@id":"https:\/\/www.africa-press.net\/cameroun\/toutes-les-actualites\/les-chretiens-du-cameroun-entrent-en-careme#breadcrumb"},"inLanguage":"fr-FR","potentialAction":[{"@type":"ReadAction","target":["https:\/\/www.africa-press.net\/cameroun\/toutes-les-actualites\/les-chretiens-du-cameroun-entrent-en-careme"]}]},{"@type":"ImageObject","inLanguage":"fr-FR","@id":"https:\/\/www.africa-press.net\/cameroun\/toutes-les-actualites\/les-chretiens-du-cameroun-entrent-en-careme#primaryimage","url":"https:\/\/static.africa-press.net\/cameroun\/sites\/57\/2024\/02\/sm_1707947513.087749.jpg","contentUrl":"https:\/\/static.africa-press.net\/cameroun\/sites\/57\/2024\/02\/sm_1707947513.087749.jpg","width":780,"height":440,"caption":"Les chr\u00e9tiens du Cameroun entrent en car\u00eame"},{"@type":"BreadcrumbList","@id":"https:\/\/www.africa-press.net\/cameroun\/toutes-les-actualites\/les-chretiens-du-cameroun-entrent-en-careme#breadcrumb","itemListElement":[{"@type":"ListItem","position":1,"name":"Accueil","item":"https:\/\/www.africa-press.net\/cameroun\/"},{"@type":"ListItem","position":2,"name":"Les chr\u00e9tiens du Cameroun entrent en car\u00eame"}]},{"@type":"WebSite","@id":"https:\/\/www.africa-press.net\/cameroun\/#website","url":"https:\/\/www.africa-press.net\/cameroun\/","name":"Cameroun","description":"Just another Africa News Agency Sites site","potentialAction":[{"@type":"SearchAction","target":{"@type":"EntryPoint","urlTemplate":"https:\/\/www.africa-press.net\/cameroun\/?s={search_term_string}"},"query-input":{"@type":"PropertyValueSpecification","valueRequired":true,"valueName":"search_term_string"}}],"inLanguage":"fr-FR"},{"@type":"Person","@id":"https:\/\/www.africa-press.net\/cameroun\/#\/schema\/person\/2b1cf3cd81a31e3cd26889ca66d677f1","name":"cfeditorfr"}]}},"_links":{"self":[{"href":"https:\/\/www.africa-press.net\/cameroun\/wp-json\/wp\/v2\/posts\/61416","targetHints":{"allow":["GET"]}}],"collection":[{"href":"https:\/\/www.africa-press.net\/cameroun\/wp-json\/wp\/v2\/posts"}],"about":[{"href":"https:\/\/www.africa-press.net\/cameroun\/wp-json\/wp\/v2\/types\/post"}],"author":[{"embeddable":true,"href":"https:\/\/www.africa-press.net\/cameroun\/wp-json\/wp\/v2\/users\/82"}],"replies":[{"embeddable":true,"href":"https:\/\/www.africa-press.net\/cameroun\/wp-json\/wp\/v2\/comments?post=61416"}],"version-history":[{"count":0,"href":"https:\/\/www.africa-press.net\/cameroun\/wp-json\/wp\/v2\/posts\/61416\/revisions"}],"wp:featuredmedia":[{"embeddable":true,"href":"https:\/\/www.africa-press.net\/cameroun\/wp-json\/wp\/v2\/media\/61415"}],"wp:attachment":[{"href":"https:\/\/www.africa-press.net\/cameroun\/wp-json\/wp\/v2\/media?parent=61416"}],"wp:term":[{"taxonomy":"category","embeddable":true,"href":"https:\/\/www.africa-press.net\/cameroun\/wp-json\/wp\/v2\/categories?post=61416"},{"taxonomy":"post_tag","embeddable":true,"href":"https:\/\/www.africa-press.net\/cameroun\/wp-json\/wp\/v2\/tags?post=61416"}],"curies":[{"name":"wp","href":"https:\/\/api.w.org\/{rel}","templated":true}]}}