{"id":61445,"date":"2024-02-17T22:36:21","date_gmt":"2024-02-17T22:36:21","guid":{"rendered":"https:\/\/www.africa-press.net\/cameroun\/politique\/cameroun-le-tarif-des-transports-pourrait-augmenter-ce-lundi"},"modified":"2024-02-18T16:21:59","modified_gmt":"2024-02-18T16:21:59","slug":"cameroun-le-tarif-des-transports-pourrait-augmenter-ce-lundi","status":"publish","type":"post","link":"https:\/\/www.africa-press.net\/cameroun\/economie\/cameroun-le-tarif-des-transports-pourrait-augmenter-ce-lundi","title":{"rendered":"Cameroun : le tarif des transports pourrait augmenter ce lundi"},"content":{"rendered":"<p><span style=\"color: #ff6600\"><strong>Africa-Press &#8211; Cameroun. <\/strong><\/span><b>Le gouvernement annonce une re\u0301union de concertation avec les syndicats des transporteurs en de\u0301but de semaine.<\/b><\/p>\n<p>Dans une correspondance en date du 16 fe\u0301vrier 2024, le ministre du Commerce invite les pre\u0301sidents des syndicats des transporteurs urbains et interurbains et ceux des associations de de\u0301fense des droits des consommateurs. Luc Magloire Mbarga Atangana les convie a\u0300 une re\u0301union de concertation le lundi 19 fe\u0301vrier a\u0300 09h. la rencontre a lieu au sie\u0300ge de la Caisse de stabilisation des prix des hydrocarbures (Csph) a\u0300 Yaounde\u0301.<\/p>\n<p>Selon le ministre, cette re\u0301union s\u2019inscrit dans le cadre du dialogue permanent et constructif entre le gouvernement et les organisations syndicales. Me\u0302me si la correspondance ne donne aucune pre\u0301cision sur l\u2019ordre du jour, la rencontre annonce\u0301e se tient quelques semaines apre\u0300s l\u2019augmentation des prix des carburants a\u0300 la pompe. Cette hausse a amene\u0301 les transporteurs urbains et interurbains a\u0300 augmenter sans concertations le tarif des transports. Les concertations de lundi vont sans doute arrimer le tarif de transports aux nouveaux prix des carburants.<\/p>\n<p>Dans l\u2019attente de cette augmentation, un arre\u0302te\u0301 du 15 fe\u0301vrier 2023 a e\u0301te\u0301 largement partage\u0301 cette fin de semaine via internet. Ce texte est celui qui a fixe\u0301 les tarifs de transports tel qu\u2019ils doivent s\u2019appliquer jusqu\u2019a\u0300 un nouveau changement.<\/p>\n<p><strong>Pour plus d&rsquo;informations et d&rsquo;analyses sur la <a href=\"https:\/\/www.africa-press.net\/cameroun\">Cameroun<\/a>, suivez <a href=\"https:\/\/www.africa-press.net\/\">Africa-Press<\/a><\/strong><\/p>\n","protected":false},"excerpt":{"rendered":"<p>Africa-Press &#8211; Cameroun. Le gouvernement annonce une re\u0301union de concertation avec les syndicats des transporteurs en de\u0301but de semaine. Dans une correspondance en date du 16 fe\u0301vrier 2024, le ministre du Commerce invite les pre\u0301sidents des syndicats des transporteurs urbains et interurbains et ceux des associations de de\u0301fense des droits des consommateurs. Luc Magloire Mbarga [&hellip;]<\/p>\n","protected":false},"author":82,"featured_media":61444,"comment_status":"open","ping_status":"closed","sticky":false,"template":"","format":"standard","meta":{"footnotes":""},"categories":[3,10],"tags":[36,50,49],"class_list":["post-61445","post","type-post","status-publish","format-standard","has-post-thumbnail","hentry","category-economie","category-toutes-les-actualites","tag-africa-press","tag-africa-press-cameroun","tag-cameroun"],"yoast_head":"<!-- This site is optimized with the Yoast SEO Premium plugin v26.1 (Yoast SEO v27.0) - https:\/\/yoast.com\/product\/yoast-seo-premium-wordpress\/ -->\n<title>Cameroun : le tarif des transports pourrait augmenter ce lundi - Cameroun<\/title>\n<meta name=\"description\" content=\"Le gouvernement annonce une re\u0301union de concertation avec les syndicats des transporteurs en de\u0301but de semaine. ...\" \/>\n<meta name=\"robots\" content=\"index, follow, max-snippet:-1, max-image-preview:large, max-video-preview:-1\" \/>\n<link rel=\"canonical\" href=\"https:\/\/www.africa-press.net\/cameroun\/economie\/cameroun-le-tarif-des-transports-pourrait-augmenter-ce-lundi\" \/>\n<meta property=\"og:locale\" content=\"fr_FR\" \/>\n<meta property=\"og:type\" content=\"article\" \/>\n<meta property=\"og:title\" content=\"Cameroun : le tarif des transports pourrait augmenter ce lundi\" \/>\n<meta property=\"og:description\" content=\"Le gouvernement annonce une re\u0301union de concertation avec les syndicats des transporteurs en de\u0301but de semaine. ...\" \/>\n<meta property=\"og:url\" content=\"https:\/\/www.africa-press.net\/cameroun\/economie\/cameroun-le-tarif-des-transports-pourrait-augmenter-ce-lundi\" \/>\n<meta property=\"og:site_name\" content=\"Cameroun\" \/>\n<meta property=\"article:published_time\" content=\"2024-02-17T22:36:21+00:00\" \/>\n<meta property=\"article:modified_time\" content=\"2024-02-18T16:21:59+00:00\" \/>\n<meta property=\"og:image\" content=\"https:\/\/static.africa-press.net\/cameroun\/sites\/57\/2024\/02\/sm_1708222567.203244.jpg\" \/>\n\t<meta property=\"og:image:width\" content=\"780\" \/>\n\t<meta property=\"og:image:height\" content=\"440\" \/>\n\t<meta property=\"og:image:type\" content=\"image\/jpeg\" \/>\n<meta name=\"author\" content=\"cfeditorfr\" \/>\n<meta name=\"twitter:card\" content=\"summary_large_image\" \/>\n<meta name=\"twitter:label1\" content=\"\u00c9crit par\" \/>\n\t<meta name=\"twitter:data1\" content=\"cfeditorfr\" \/>\n\t<meta name=\"twitter:label2\" content=\"Dur\u00e9e de lecture estim\u00e9e\" \/>\n\t<meta name=\"twitter:data2\" content=\"2 minutes\" \/>\n<script type=\"application\/ld+json\" class=\"yoast-schema-graph\">{\"@context\":\"https:\/\/schema.org\",\"@graph\":[{\"@type\":\"Article\",\"@id\":\"https:\/\/www.africa-press.net\/cameroun\/economie\/cameroun-le-tarif-des-transports-pourrait-augmenter-ce-lundi#article\",\"isPartOf\":{\"@id\":\"https:\/\/www.africa-press.net\/cameroun\/economie\/cameroun-le-tarif-des-transports-pourrait-augmenter-ce-lundi\"},\"author\":{\"name\":\"cfeditorfr\",\"@id\":\"https:\/\/www.africa-press.net\/cameroun\/#\/schema\/person\/2b1cf3cd81a31e3cd26889ca66d677f1\"},\"headline\":\"Cameroun : le tarif des transports pourrait augmenter ce lundi\",\"datePublished\":\"2024-02-17T22:36:21+00:00\",\"dateModified\":\"2024-02-18T16:21:59+00:00\",\"mainEntityOfPage\":{\"@id\":\"https:\/\/www.africa-press.net\/cameroun\/economie\/cameroun-le-tarif-des-transports-pourrait-augmenter-ce-lundi\"},\"wordCount\":249,\"commentCount\":0,\"image\":{\"@id\":\"https:\/\/www.africa-press.net\/cameroun\/economie\/cameroun-le-tarif-des-transports-pourrait-augmenter-ce-lundi#primaryimage\"},\"thumbnailUrl\":\"https:\/\/static.africa-press.net\/cameroun\/sites\/57\/2024\/02\/sm_1708222567.203244.jpg\",\"keywords\":[\"Africa Press\",\"Africa Press-Cameroun\",\"Cameroun\"],\"articleSection\":[\"\u00c9conomie\",\"Toutes les actualit\u00e9s\"],\"inLanguage\":\"fr-FR\",\"potentialAction\":[{\"@type\":\"CommentAction\",\"name\":\"Comment\",\"target\":[\"https:\/\/www.africa-press.net\/cameroun\/economie\/cameroun-le-tarif-des-transports-pourrait-augmenter-ce-lundi#respond\"]}]},{\"@type\":\"WebPage\",\"@id\":\"https:\/\/www.africa-press.net\/cameroun\/economie\/cameroun-le-tarif-des-transports-pourrait-augmenter-ce-lundi\",\"url\":\"https:\/\/www.africa-press.net\/cameroun\/economie\/cameroun-le-tarif-des-transports-pourrait-augmenter-ce-lundi\",\"name\":\"Cameroun : le tarif des transports pourrait augmenter ce lundi - Cameroun\",\"isPartOf\":{\"@id\":\"https:\/\/www.africa-press.net\/cameroun\/#website\"},\"primaryImageOfPage\":{\"@id\":\"https:\/\/www.africa-press.net\/cameroun\/economie\/cameroun-le-tarif-des-transports-pourrait-augmenter-ce-lundi#primaryimage\"},\"image\":{\"@id\":\"https:\/\/www.africa-press.net\/cameroun\/economie\/cameroun-le-tarif-des-transports-pourrait-augmenter-ce-lundi#primaryimage\"},\"thumbnailUrl\":\"https:\/\/static.africa-press.net\/cameroun\/sites\/57\/2024\/02\/sm_1708222567.203244.jpg\",\"datePublished\":\"2024-02-17T22:36:21+00:00\",\"dateModified\":\"2024-02-18T16:21:59+00:00\",\"author\":{\"@id\":\"https:\/\/www.africa-press.net\/cameroun\/#\/schema\/person\/2b1cf3cd81a31e3cd26889ca66d677f1\"},\"description\":\"Le gouvernement annonce une re\u0301union de concertation avec les syndicats des transporteurs en de\u0301but de semaine. ...\",\"breadcrumb\":{\"@id\":\"https:\/\/www.africa-press.net\/cameroun\/economie\/cameroun-le-tarif-des-transports-pourrait-augmenter-ce-lundi#breadcrumb\"},\"inLanguage\":\"fr-FR\",\"potentialAction\":[{\"@type\":\"ReadAction\",\"target\":[\"https:\/\/www.africa-press.net\/cameroun\/economie\/cameroun-le-tarif-des-transports-pourrait-augmenter-ce-lundi\"]}]},{\"@type\":\"ImageObject\",\"inLanguage\":\"fr-FR\",\"@id\":\"https:\/\/www.africa-press.net\/cameroun\/economie\/cameroun-le-tarif-des-transports-pourrait-augmenter-ce-lundi#primaryimage\",\"url\":\"https:\/\/static.africa-press.net\/cameroun\/sites\/57\/2024\/02\/sm_1708222567.203244.jpg\",\"contentUrl\":\"https:\/\/static.africa-press.net\/cameroun\/sites\/57\/2024\/02\/sm_1708222567.203244.jpg\",\"width\":780,\"height\":440,\"caption\":\"Cameroun : le tarif des transports pourrait augmenter ce lundi\"},{\"@type\":\"BreadcrumbList\",\"@id\":\"https:\/\/www.africa-press.net\/cameroun\/economie\/cameroun-le-tarif-des-transports-pourrait-augmenter-ce-lundi#breadcrumb\",\"itemListElement\":[{\"@type\":\"ListItem\",\"position\":1,\"name\":\"Accueil\",\"item\":\"https:\/\/www.africa-press.net\/cameroun\/\"},{\"@type\":\"ListItem\",\"position\":2,\"name\":\"Cameroun : le tarif des transports pourrait augmenter ce lundi\"}]},{\"@type\":\"WebSite\",\"@id\":\"https:\/\/www.africa-press.net\/cameroun\/#website\",\"url\":\"https:\/\/www.africa-press.net\/cameroun\/\",\"name\":\"Cameroun\",\"description\":\"Just another Africa News Agency Sites site\",\"potentialAction\":[{\"@type\":\"SearchAction\",\"target\":{\"@type\":\"EntryPoint\",\"urlTemplate\":\"https:\/\/www.africa-press.net\/cameroun\/?s={search_term_string}\"},\"query-input\":{\"@type\":\"PropertyValueSpecification\",\"valueRequired\":true,\"valueName\":\"search_term_string\"}}],\"inLanguage\":\"fr-FR\"},{\"@type\":\"Person\",\"@id\":\"https:\/\/www.africa-press.net\/cameroun\/#\/schema\/person\/2b1cf3cd81a31e3cd26889ca66d677f1\",\"name\":\"cfeditorfr\"}]}<\/script>\n<!-- \/ Yoast SEO Premium plugin. -->","yoast_head_json":{"title":"Cameroun : le tarif des transports pourrait augmenter ce lundi - Cameroun","description":"Le gouvernement annonce une re\u0301union de concertation avec les syndicats des transporteurs en de\u0301but de semaine. ...","robots":{"index":"index","follow":"follow","max-snippet":"max-snippet:-1","max-image-preview":"max-image-preview:large","max-video-preview":"max-video-preview:-1"},"canonical":"https:\/\/www.africa-press.net\/cameroun\/economie\/cameroun-le-tarif-des-transports-pourrait-augmenter-ce-lundi","og_locale":"fr_FR","og_type":"article","og_title":"Cameroun : le tarif des transports pourrait augmenter ce lundi","og_description":"Le gouvernement annonce une re\u0301union de concertation avec les syndicats des transporteurs en de\u0301but de semaine. ...","og_url":"https:\/\/www.africa-press.net\/cameroun\/economie\/cameroun-le-tarif-des-transports-pourrait-augmenter-ce-lundi","og_site_name":"Cameroun","article_published_time":"2024-02-17T22:36:21+00:00","article_modified_time":"2024-02-18T16:21:59+00:00","og_image":[{"width":780,"height":440,"url":"https:\/\/static.africa-press.net\/cameroun\/sites\/57\/2024\/02\/sm_1708222567.203244.jpg","type":"image\/jpeg"}],"author":"cfeditorfr","twitter_card":"summary_large_image","twitter_misc":{"\u00c9crit par":"cfeditorfr","Dur\u00e9e de lecture estim\u00e9e":"2 minutes"},"schema":{"@context":"https:\/\/schema.org","@graph":[{"@type":"Article","@id":"https:\/\/www.africa-press.net\/cameroun\/economie\/cameroun-le-tarif-des-transports-pourrait-augmenter-ce-lundi#article","isPartOf":{"@id":"https:\/\/www.africa-press.net\/cameroun\/economie\/cameroun-le-tarif-des-transports-pourrait-augmenter-ce-lundi"},"author":{"name":"cfeditorfr","@id":"https:\/\/www.africa-press.net\/cameroun\/#\/schema\/person\/2b1cf3cd81a31e3cd26889ca66d677f1"},"headline":"Cameroun : le tarif des transports pourrait augmenter ce lundi","datePublished":"2024-02-17T22:36:21+00:00","dateModified":"2024-02-18T16:21:59+00:00","mainEntityOfPage":{"@id":"https:\/\/www.africa-press.net\/cameroun\/economie\/cameroun-le-tarif-des-transports-pourrait-augmenter-ce-lundi"},"wordCount":249,"commentCount":0,"image":{"@id":"https:\/\/www.africa-press.net\/cameroun\/economie\/cameroun-le-tarif-des-transports-pourrait-augmenter-ce-lundi#primaryimage"},"thumbnailUrl":"https:\/\/static.africa-press.net\/cameroun\/sites\/57\/2024\/02\/sm_1708222567.203244.jpg","keywords":["Africa Press","Africa Press-Cameroun","Cameroun"],"articleSection":["\u00c9conomie","Toutes les actualit\u00e9s"],"inLanguage":"fr-FR","potentialAction":[{"@type":"CommentAction","name":"Comment","target":["https:\/\/www.africa-press.net\/cameroun\/economie\/cameroun-le-tarif-des-transports-pourrait-augmenter-ce-lundi#respond"]}]},{"@type":"WebPage","@id":"https:\/\/www.africa-press.net\/cameroun\/economie\/cameroun-le-tarif-des-transports-pourrait-augmenter-ce-lundi","url":"https:\/\/www.africa-press.net\/cameroun\/economie\/cameroun-le-tarif-des-transports-pourrait-augmenter-ce-lundi","name":"Cameroun : le tarif des transports pourrait augmenter ce lundi - Cameroun","isPartOf":{"@id":"https:\/\/www.africa-press.net\/cameroun\/#website"},"primaryImageOfPage":{"@id":"https:\/\/www.africa-press.net\/cameroun\/economie\/cameroun-le-tarif-des-transports-pourrait-augmenter-ce-lundi#primaryimage"},"image":{"@id":"https:\/\/www.africa-press.net\/cameroun\/economie\/cameroun-le-tarif-des-transports-pourrait-augmenter-ce-lundi#primaryimage"},"thumbnailUrl":"https:\/\/static.africa-press.net\/cameroun\/sites\/57\/2024\/02\/sm_1708222567.203244.jpg","datePublished":"2024-02-17T22:36:21+00:00","dateModified":"2024-02-18T16:21:59+00:00","author":{"@id":"https:\/\/www.africa-press.net\/cameroun\/#\/schema\/person\/2b1cf3cd81a31e3cd26889ca66d677f1"},"description":"Le gouvernement annonce une re\u0301union de concertation avec les syndicats des transporteurs en de\u0301but de semaine. ...","breadcrumb":{"@id":"https:\/\/www.africa-press.net\/cameroun\/economie\/cameroun-le-tarif-des-transports-pourrait-augmenter-ce-lundi#breadcrumb"},"inLanguage":"fr-FR","potentialAction":[{"@type":"ReadAction","target":["https:\/\/www.africa-press.net\/cameroun\/economie\/cameroun-le-tarif-des-transports-pourrait-augmenter-ce-lundi"]}]},{"@type":"ImageObject","inLanguage":"fr-FR","@id":"https:\/\/www.africa-press.net\/cameroun\/economie\/cameroun-le-tarif-des-transports-pourrait-augmenter-ce-lundi#primaryimage","url":"https:\/\/static.africa-press.net\/cameroun\/sites\/57\/2024\/02\/sm_1708222567.203244.jpg","contentUrl":"https:\/\/static.africa-press.net\/cameroun\/sites\/57\/2024\/02\/sm_1708222567.203244.jpg","width":780,"height":440,"caption":"Cameroun : le tarif des transports pourrait augmenter ce lundi"},{"@type":"BreadcrumbList","@id":"https:\/\/www.africa-press.net\/cameroun\/economie\/cameroun-le-tarif-des-transports-pourrait-augmenter-ce-lundi#breadcrumb","itemListElement":[{"@type":"ListItem","position":1,"name":"Accueil","item":"https:\/\/www.africa-press.net\/cameroun\/"},{"@type":"ListItem","position":2,"name":"Cameroun : le tarif des transports pourrait augmenter ce lundi"}]},{"@type":"WebSite","@id":"https:\/\/www.africa-press.net\/cameroun\/#website","url":"https:\/\/www.africa-press.net\/cameroun\/","name":"Cameroun","description":"Just another Africa News Agency Sites site","potentialAction":[{"@type":"SearchAction","target":{"@type":"EntryPoint","urlTemplate":"https:\/\/www.africa-press.net\/cameroun\/?s={search_term_string}"},"query-input":{"@type":"PropertyValueSpecification","valueRequired":true,"valueName":"search_term_string"}}],"inLanguage":"fr-FR"},{"@type":"Person","@id":"https:\/\/www.africa-press.net\/cameroun\/#\/schema\/person\/2b1cf3cd81a31e3cd26889ca66d677f1","name":"cfeditorfr"}]}},"_links":{"self":[{"href":"https:\/\/www.africa-press.net\/cameroun\/wp-json\/wp\/v2\/posts\/61445","targetHints":{"allow":["GET"]}}],"collection":[{"href":"https:\/\/www.africa-press.net\/cameroun\/wp-json\/wp\/v2\/posts"}],"about":[{"href":"https:\/\/www.africa-press.net\/cameroun\/wp-json\/wp\/v2\/types\/post"}],"author":[{"embeddable":true,"href":"https:\/\/www.africa-press.net\/cameroun\/wp-json\/wp\/v2\/users\/82"}],"replies":[{"embeddable":true,"href":"https:\/\/www.africa-press.net\/cameroun\/wp-json\/wp\/v2\/comments?post=61445"}],"version-history":[{"count":0,"href":"https:\/\/www.africa-press.net\/cameroun\/wp-json\/wp\/v2\/posts\/61445\/revisions"}],"wp:featuredmedia":[{"embeddable":true,"href":"https:\/\/www.africa-press.net\/cameroun\/wp-json\/wp\/v2\/media\/61444"}],"wp:attachment":[{"href":"https:\/\/www.africa-press.net\/cameroun\/wp-json\/wp\/v2\/media?parent=61445"}],"wp:term":[{"taxonomy":"category","embeddable":true,"href":"https:\/\/www.africa-press.net\/cameroun\/wp-json\/wp\/v2\/categories?post=61445"},{"taxonomy":"post_tag","embeddable":true,"href":"https:\/\/www.africa-press.net\/cameroun\/wp-json\/wp\/v2\/tags?post=61445"}],"curies":[{"name":"wp","href":"https:\/\/api.w.org\/{rel}","templated":true}]}}