{"id":61453,"date":"2024-02-16T22:36:45","date_gmt":"2024-02-16T22:36:45","guid":{"rendered":"https:\/\/www.africa-press.net\/cameroun\/politique\/cameroun-vers-une-augmentation-des-prix-de-transports"},"modified":"2024-02-18T16:23:28","modified_gmt":"2024-02-18T16:23:28","slug":"cameroun-vers-une-augmentation-des-prix-de-transports","status":"publish","type":"post","link":"https:\/\/www.africa-press.net\/cameroun\/economie\/cameroun-vers-une-augmentation-des-prix-de-transports","title":{"rendered":"Cameroun : vers une augmentation des prix de transports"},"content":{"rendered":"<p><span style=\"color: #ff6600\"><strong>Africa-Press &#8211; Cameroun. <\/strong><\/span><b>Les dirigeants syndicaux des transports routiers au Cameroun en annulant leur mot d\u2019ordre de gre\u0300ve ont e\u0301galement appele\u0301 a\u0300 une augmentation imme\u0301diate du tarif officiel des transports urbains et interurbains dans le pays.<\/b><\/p>\n<p>Convoque\u0301e par le ministre du Commerce, une concertation a eu lieu le 14 fe\u0301vrier 2024 entre Luc Magloire Mbarga Atangana, la Plateforme des organisations socio-professionnelles des transports et le Groupement des transporteurs terrestres du Cameroun.<\/p>\n<p>Au sortir de ladite re\u0301union, la Plateforme des organisations socio-professionnelles des transports et le Groupement des transporteurs terrestres du Cameroun ont remis au gouvernement, une liste de propositions au titre de mesures d\u2019accompagnement de la hausse des prix des produits pe\u0301troliers a\u0300 la pompe depuis le 3 fe\u0301vrier 2024.<\/p>\n<p>Parmi ces propositions, se trouve \u00ab le re\u0301ajustement urgent des prix et tarifs des transports urbain, pe\u0301riurbain et interurbain, pour prendre en compte l\u2019impact de la revalorisation des prix a\u0300 la pompe sur les cou\u0302ts d\u2019exploitation des socie\u0301te\u0301s du secteur des transports \u00bb.<\/p>\n<p>Il a e\u0301galement e\u0301te\u0301 recommande\u0301 d\u2019augmenter de 15 % les tarifs de transport des marchandises ne\u0301gocie\u0301s d\u2019un commun accord entre les transporteurs et les proprie\u0301taires de marchandises, en fonction de la nature de la cargaison.<\/p>\n<p>Une autre re\u0301union entre les syndicalistes du secteur des transports et le ministre des Transports e\u0301tait pre\u0301vue pour le lundi 19 fe\u0301vrier 2024, afin de finaliser en urgence une concertation lie\u0301e a\u0300 d\u2019autres questions de transport.<\/p>\n<p>D\u2019autres recommandations issues de la re\u0301union comprenaient la re\u0301solution urgente des altercations entre les transporteurs et les forces de l\u2019ordre aux postes de contro\u0302le, l\u2019examen des taxes et droits de douane pre\u0301leve\u0301s lors de l\u2019importation de pie\u0300ces de rechange, l\u2019autorisation de circuler avec des rec\u0327us de documents d\u2019immatriculation de ve\u0301hicules, et la leve\u0301e imme\u0301diate de la gre\u0300ve annonce\u0301e pre\u0301ce\u0301demment par les transporteurs en rejoignant les efforts de concertation initie\u0301s par le gouvernement.<\/p>\n<p>En me\u0301moire, la re\u0301union intervenait pre\u0300s de deux semaines apre\u0300s que le gouvernement ait augmente\u0301 le prix de l\u2019essence de 730 FCFA a\u0300 840 FCFA et celui du diesel de 728 FCFA a\u0300 828 FCFA. Cette mesure, e\u0301voque\u0301e plus to\u0302t par le pre\u0301sident Paul Biya le 31 de\u0301cembre, a e\u0301te\u0301 tre\u0300s critique\u0301e pour son potentiel d\u2019aggravation des difficulte\u0301s e\u0301conomiques des Camerounais.<\/p>\n<p><strong>Pour plus d&rsquo;informations et d&rsquo;analyses sur la <a href=\"https:\/\/www.africa-press.net\/cameroun\">Cameroun<\/a>, suivez <a href=\"https:\/\/www.africa-press.net\/\">Africa-Press<\/a><\/strong><\/p>\n","protected":false},"excerpt":{"rendered":"<p>Africa-Press &#8211; Cameroun. Les dirigeants syndicaux des transports routiers au Cameroun en annulant leur mot d\u2019ordre de gre\u0300ve ont e\u0301galement appele\u0301 a\u0300 une augmentation imme\u0301diate du tarif officiel des transports urbains et interurbains dans le pays. Convoque\u0301e par le ministre du Commerce, une concertation a eu lieu le 14 fe\u0301vrier 2024 entre Luc Magloire Mbarga [&hellip;]<\/p>\n","protected":false},"author":82,"featured_media":61452,"comment_status":"open","ping_status":"closed","sticky":false,"template":"","format":"standard","meta":{"footnotes":""},"categories":[3,10],"tags":[36,50,49],"class_list":["post-61453","post","type-post","status-publish","format-standard","has-post-thumbnail","hentry","category-economie","category-toutes-les-actualites","tag-africa-press","tag-africa-press-cameroun","tag-cameroun"],"yoast_head":"<!-- This site is optimized with the Yoast SEO Premium plugin v26.1 (Yoast SEO v27.0) - https:\/\/yoast.com\/product\/yoast-seo-premium-wordpress\/ -->\n<title>Cameroun : vers une augmentation des prix de transports - Cameroun<\/title>\n<meta name=\"description\" content=\"Les dirigeants syndicaux des transports routiers au Cameroun en annulant leur mot d\u2019ordre de gre\u0300ve ont e\u0301galement ap ...\" \/>\n<meta name=\"robots\" content=\"index, follow, max-snippet:-1, max-image-preview:large, max-video-preview:-1\" \/>\n<link rel=\"canonical\" href=\"https:\/\/www.africa-press.net\/cameroun\/economie\/cameroun-vers-une-augmentation-des-prix-de-transports\" \/>\n<meta property=\"og:locale\" content=\"fr_FR\" \/>\n<meta property=\"og:type\" content=\"article\" \/>\n<meta property=\"og:title\" content=\"Cameroun : vers une augmentation des prix de transports\" \/>\n<meta property=\"og:description\" content=\"Les dirigeants syndicaux des transports routiers au Cameroun en annulant leur mot d\u2019ordre de gre\u0300ve ont e\u0301galement ap ...\" \/>\n<meta property=\"og:url\" content=\"https:\/\/www.africa-press.net\/cameroun\/economie\/cameroun-vers-une-augmentation-des-prix-de-transports\" \/>\n<meta property=\"og:site_name\" content=\"Cameroun\" \/>\n<meta property=\"article:published_time\" content=\"2024-02-16T22:36:45+00:00\" \/>\n<meta property=\"article:modified_time\" content=\"2024-02-18T16:23:28+00:00\" \/>\n<meta property=\"og:image\" content=\"https:\/\/static.africa-press.net\/cameroun\/sites\/57\/2024\/02\/sm_1708222719.36749.jpg\" \/>\n\t<meta property=\"og:image:width\" content=\"780\" \/>\n\t<meta property=\"og:image:height\" content=\"440\" \/>\n\t<meta property=\"og:image:type\" content=\"image\/jpeg\" \/>\n<meta name=\"author\" content=\"cfeditorfr\" \/>\n<meta name=\"twitter:card\" content=\"summary_large_image\" \/>\n<meta name=\"twitter:label1\" content=\"\u00c9crit par\" \/>\n\t<meta name=\"twitter:data1\" content=\"cfeditorfr\" \/>\n\t<meta name=\"twitter:label2\" content=\"Dur\u00e9e de lecture estim\u00e9e\" \/>\n\t<meta name=\"twitter:data2\" content=\"2 minutes\" \/>\n<script type=\"application\/ld+json\" class=\"yoast-schema-graph\">{\"@context\":\"https:\/\/schema.org\",\"@graph\":[{\"@type\":\"Article\",\"@id\":\"https:\/\/www.africa-press.net\/cameroun\/economie\/cameroun-vers-une-augmentation-des-prix-de-transports#article\",\"isPartOf\":{\"@id\":\"https:\/\/www.africa-press.net\/cameroun\/economie\/cameroun-vers-une-augmentation-des-prix-de-transports\"},\"author\":{\"name\":\"cfeditorfr\",\"@id\":\"https:\/\/www.africa-press.net\/cameroun\/#\/schema\/person\/2b1cf3cd81a31e3cd26889ca66d677f1\"},\"headline\":\"Cameroun : vers une augmentation des prix de transports\",\"datePublished\":\"2024-02-16T22:36:45+00:00\",\"dateModified\":\"2024-02-18T16:23:28+00:00\",\"mainEntityOfPage\":{\"@id\":\"https:\/\/www.africa-press.net\/cameroun\/economie\/cameroun-vers-une-augmentation-des-prix-de-transports\"},\"wordCount\":439,\"commentCount\":0,\"image\":{\"@id\":\"https:\/\/www.africa-press.net\/cameroun\/economie\/cameroun-vers-une-augmentation-des-prix-de-transports#primaryimage\"},\"thumbnailUrl\":\"https:\/\/static.africa-press.net\/cameroun\/sites\/57\/2024\/02\/sm_1708222719.36749.jpg\",\"keywords\":[\"Africa Press\",\"Africa Press-Cameroun\",\"Cameroun\"],\"articleSection\":[\"\u00c9conomie\",\"Toutes les actualit\u00e9s\"],\"inLanguage\":\"fr-FR\",\"potentialAction\":[{\"@type\":\"CommentAction\",\"name\":\"Comment\",\"target\":[\"https:\/\/www.africa-press.net\/cameroun\/economie\/cameroun-vers-une-augmentation-des-prix-de-transports#respond\"]}]},{\"@type\":\"WebPage\",\"@id\":\"https:\/\/www.africa-press.net\/cameroun\/economie\/cameroun-vers-une-augmentation-des-prix-de-transports\",\"url\":\"https:\/\/www.africa-press.net\/cameroun\/economie\/cameroun-vers-une-augmentation-des-prix-de-transports\",\"name\":\"Cameroun : vers une augmentation des prix de transports - Cameroun\",\"isPartOf\":{\"@id\":\"https:\/\/www.africa-press.net\/cameroun\/#website\"},\"primaryImageOfPage\":{\"@id\":\"https:\/\/www.africa-press.net\/cameroun\/economie\/cameroun-vers-une-augmentation-des-prix-de-transports#primaryimage\"},\"image\":{\"@id\":\"https:\/\/www.africa-press.net\/cameroun\/economie\/cameroun-vers-une-augmentation-des-prix-de-transports#primaryimage\"},\"thumbnailUrl\":\"https:\/\/static.africa-press.net\/cameroun\/sites\/57\/2024\/02\/sm_1708222719.36749.jpg\",\"datePublished\":\"2024-02-16T22:36:45+00:00\",\"dateModified\":\"2024-02-18T16:23:28+00:00\",\"author\":{\"@id\":\"https:\/\/www.africa-press.net\/cameroun\/#\/schema\/person\/2b1cf3cd81a31e3cd26889ca66d677f1\"},\"description\":\"Les dirigeants syndicaux des transports routiers au Cameroun en annulant leur mot d\u2019ordre de gre\u0300ve ont e\u0301galement ap ...\",\"breadcrumb\":{\"@id\":\"https:\/\/www.africa-press.net\/cameroun\/economie\/cameroun-vers-une-augmentation-des-prix-de-transports#breadcrumb\"},\"inLanguage\":\"fr-FR\",\"potentialAction\":[{\"@type\":\"ReadAction\",\"target\":[\"https:\/\/www.africa-press.net\/cameroun\/economie\/cameroun-vers-une-augmentation-des-prix-de-transports\"]}]},{\"@type\":\"ImageObject\",\"inLanguage\":\"fr-FR\",\"@id\":\"https:\/\/www.africa-press.net\/cameroun\/economie\/cameroun-vers-une-augmentation-des-prix-de-transports#primaryimage\",\"url\":\"https:\/\/static.africa-press.net\/cameroun\/sites\/57\/2024\/02\/sm_1708222719.36749.jpg\",\"contentUrl\":\"https:\/\/static.africa-press.net\/cameroun\/sites\/57\/2024\/02\/sm_1708222719.36749.jpg\",\"width\":780,\"height\":440,\"caption\":\"Cameroun : vers une augmentation des prix de transports\"},{\"@type\":\"BreadcrumbList\",\"@id\":\"https:\/\/www.africa-press.net\/cameroun\/economie\/cameroun-vers-une-augmentation-des-prix-de-transports#breadcrumb\",\"itemListElement\":[{\"@type\":\"ListItem\",\"position\":1,\"name\":\"Accueil\",\"item\":\"https:\/\/www.africa-press.net\/cameroun\/\"},{\"@type\":\"ListItem\",\"position\":2,\"name\":\"Cameroun : vers une augmentation des prix de transports\"}]},{\"@type\":\"WebSite\",\"@id\":\"https:\/\/www.africa-press.net\/cameroun\/#website\",\"url\":\"https:\/\/www.africa-press.net\/cameroun\/\",\"name\":\"Cameroun\",\"description\":\"Just another Africa News Agency Sites site\",\"potentialAction\":[{\"@type\":\"SearchAction\",\"target\":{\"@type\":\"EntryPoint\",\"urlTemplate\":\"https:\/\/www.africa-press.net\/cameroun\/?s={search_term_string}\"},\"query-input\":{\"@type\":\"PropertyValueSpecification\",\"valueRequired\":true,\"valueName\":\"search_term_string\"}}],\"inLanguage\":\"fr-FR\"},{\"@type\":\"Person\",\"@id\":\"https:\/\/www.africa-press.net\/cameroun\/#\/schema\/person\/2b1cf3cd81a31e3cd26889ca66d677f1\",\"name\":\"cfeditorfr\"}]}<\/script>\n<!-- \/ Yoast SEO Premium plugin. -->","yoast_head_json":{"title":"Cameroun : vers une augmentation des prix de transports - Cameroun","description":"Les dirigeants syndicaux des transports routiers au Cameroun en annulant leur mot d\u2019ordre de gre\u0300ve ont e\u0301galement ap ...","robots":{"index":"index","follow":"follow","max-snippet":"max-snippet:-1","max-image-preview":"max-image-preview:large","max-video-preview":"max-video-preview:-1"},"canonical":"https:\/\/www.africa-press.net\/cameroun\/economie\/cameroun-vers-une-augmentation-des-prix-de-transports","og_locale":"fr_FR","og_type":"article","og_title":"Cameroun : vers une augmentation des prix de transports","og_description":"Les dirigeants syndicaux des transports routiers au Cameroun en annulant leur mot d\u2019ordre de gre\u0300ve ont e\u0301galement ap ...","og_url":"https:\/\/www.africa-press.net\/cameroun\/economie\/cameroun-vers-une-augmentation-des-prix-de-transports","og_site_name":"Cameroun","article_published_time":"2024-02-16T22:36:45+00:00","article_modified_time":"2024-02-18T16:23:28+00:00","og_image":[{"width":780,"height":440,"url":"https:\/\/static.africa-press.net\/cameroun\/sites\/57\/2024\/02\/sm_1708222719.36749.jpg","type":"image\/jpeg"}],"author":"cfeditorfr","twitter_card":"summary_large_image","twitter_misc":{"\u00c9crit par":"cfeditorfr","Dur\u00e9e de lecture estim\u00e9e":"2 minutes"},"schema":{"@context":"https:\/\/schema.org","@graph":[{"@type":"Article","@id":"https:\/\/www.africa-press.net\/cameroun\/economie\/cameroun-vers-une-augmentation-des-prix-de-transports#article","isPartOf":{"@id":"https:\/\/www.africa-press.net\/cameroun\/economie\/cameroun-vers-une-augmentation-des-prix-de-transports"},"author":{"name":"cfeditorfr","@id":"https:\/\/www.africa-press.net\/cameroun\/#\/schema\/person\/2b1cf3cd81a31e3cd26889ca66d677f1"},"headline":"Cameroun : vers une augmentation des prix de transports","datePublished":"2024-02-16T22:36:45+00:00","dateModified":"2024-02-18T16:23:28+00:00","mainEntityOfPage":{"@id":"https:\/\/www.africa-press.net\/cameroun\/economie\/cameroun-vers-une-augmentation-des-prix-de-transports"},"wordCount":439,"commentCount":0,"image":{"@id":"https:\/\/www.africa-press.net\/cameroun\/economie\/cameroun-vers-une-augmentation-des-prix-de-transports#primaryimage"},"thumbnailUrl":"https:\/\/static.africa-press.net\/cameroun\/sites\/57\/2024\/02\/sm_1708222719.36749.jpg","keywords":["Africa Press","Africa Press-Cameroun","Cameroun"],"articleSection":["\u00c9conomie","Toutes les actualit\u00e9s"],"inLanguage":"fr-FR","potentialAction":[{"@type":"CommentAction","name":"Comment","target":["https:\/\/www.africa-press.net\/cameroun\/economie\/cameroun-vers-une-augmentation-des-prix-de-transports#respond"]}]},{"@type":"WebPage","@id":"https:\/\/www.africa-press.net\/cameroun\/economie\/cameroun-vers-une-augmentation-des-prix-de-transports","url":"https:\/\/www.africa-press.net\/cameroun\/economie\/cameroun-vers-une-augmentation-des-prix-de-transports","name":"Cameroun : vers une augmentation des prix de transports - Cameroun","isPartOf":{"@id":"https:\/\/www.africa-press.net\/cameroun\/#website"},"primaryImageOfPage":{"@id":"https:\/\/www.africa-press.net\/cameroun\/economie\/cameroun-vers-une-augmentation-des-prix-de-transports#primaryimage"},"image":{"@id":"https:\/\/www.africa-press.net\/cameroun\/economie\/cameroun-vers-une-augmentation-des-prix-de-transports#primaryimage"},"thumbnailUrl":"https:\/\/static.africa-press.net\/cameroun\/sites\/57\/2024\/02\/sm_1708222719.36749.jpg","datePublished":"2024-02-16T22:36:45+00:00","dateModified":"2024-02-18T16:23:28+00:00","author":{"@id":"https:\/\/www.africa-press.net\/cameroun\/#\/schema\/person\/2b1cf3cd81a31e3cd26889ca66d677f1"},"description":"Les dirigeants syndicaux des transports routiers au Cameroun en annulant leur mot d\u2019ordre de gre\u0300ve ont e\u0301galement ap ...","breadcrumb":{"@id":"https:\/\/www.africa-press.net\/cameroun\/economie\/cameroun-vers-une-augmentation-des-prix-de-transports#breadcrumb"},"inLanguage":"fr-FR","potentialAction":[{"@type":"ReadAction","target":["https:\/\/www.africa-press.net\/cameroun\/economie\/cameroun-vers-une-augmentation-des-prix-de-transports"]}]},{"@type":"ImageObject","inLanguage":"fr-FR","@id":"https:\/\/www.africa-press.net\/cameroun\/economie\/cameroun-vers-une-augmentation-des-prix-de-transports#primaryimage","url":"https:\/\/static.africa-press.net\/cameroun\/sites\/57\/2024\/02\/sm_1708222719.36749.jpg","contentUrl":"https:\/\/static.africa-press.net\/cameroun\/sites\/57\/2024\/02\/sm_1708222719.36749.jpg","width":780,"height":440,"caption":"Cameroun : vers une augmentation des prix de transports"},{"@type":"BreadcrumbList","@id":"https:\/\/www.africa-press.net\/cameroun\/economie\/cameroun-vers-une-augmentation-des-prix-de-transports#breadcrumb","itemListElement":[{"@type":"ListItem","position":1,"name":"Accueil","item":"https:\/\/www.africa-press.net\/cameroun\/"},{"@type":"ListItem","position":2,"name":"Cameroun : vers une augmentation des prix de transports"}]},{"@type":"WebSite","@id":"https:\/\/www.africa-press.net\/cameroun\/#website","url":"https:\/\/www.africa-press.net\/cameroun\/","name":"Cameroun","description":"Just another Africa News Agency Sites site","potentialAction":[{"@type":"SearchAction","target":{"@type":"EntryPoint","urlTemplate":"https:\/\/www.africa-press.net\/cameroun\/?s={search_term_string}"},"query-input":{"@type":"PropertyValueSpecification","valueRequired":true,"valueName":"search_term_string"}}],"inLanguage":"fr-FR"},{"@type":"Person","@id":"https:\/\/www.africa-press.net\/cameroun\/#\/schema\/person\/2b1cf3cd81a31e3cd26889ca66d677f1","name":"cfeditorfr"}]}},"_links":{"self":[{"href":"https:\/\/www.africa-press.net\/cameroun\/wp-json\/wp\/v2\/posts\/61453","targetHints":{"allow":["GET"]}}],"collection":[{"href":"https:\/\/www.africa-press.net\/cameroun\/wp-json\/wp\/v2\/posts"}],"about":[{"href":"https:\/\/www.africa-press.net\/cameroun\/wp-json\/wp\/v2\/types\/post"}],"author":[{"embeddable":true,"href":"https:\/\/www.africa-press.net\/cameroun\/wp-json\/wp\/v2\/users\/82"}],"replies":[{"embeddable":true,"href":"https:\/\/www.africa-press.net\/cameroun\/wp-json\/wp\/v2\/comments?post=61453"}],"version-history":[{"count":0,"href":"https:\/\/www.africa-press.net\/cameroun\/wp-json\/wp\/v2\/posts\/61453\/revisions"}],"wp:featuredmedia":[{"embeddable":true,"href":"https:\/\/www.africa-press.net\/cameroun\/wp-json\/wp\/v2\/media\/61452"}],"wp:attachment":[{"href":"https:\/\/www.africa-press.net\/cameroun\/wp-json\/wp\/v2\/media?parent=61453"}],"wp:term":[{"taxonomy":"category","embeddable":true,"href":"https:\/\/www.africa-press.net\/cameroun\/wp-json\/wp\/v2\/categories?post=61453"},{"taxonomy":"post_tag","embeddable":true,"href":"https:\/\/www.africa-press.net\/cameroun\/wp-json\/wp\/v2\/tags?post=61453"}],"curies":[{"name":"wp","href":"https:\/\/api.w.org\/{rel}","templated":true}]}}