{"id":61455,"date":"2024-02-16T22:36:50","date_gmt":"2024-02-16T22:36:50","guid":{"rendered":"https:\/\/www.africa-press.net\/cameroun\/politique\/le-senegal-dans-lattente-de-la-nouvelle-date-de-la-presidentielle"},"modified":"2024-02-18T16:23:44","modified_gmt":"2024-02-18T16:23:44","slug":"le-senegal-dans-lattente-de-la-nouvelle-date-de-la-presidentielle","status":"publish","type":"post","link":"https:\/\/www.africa-press.net\/cameroun\/economie\/le-senegal-dans-lattente-de-la-nouvelle-date-de-la-presidentielle","title":{"rendered":"Le S\u00e9n\u00e9gal dans l\u2019attente de la nouvelle date de la pr\u00e9sidentielle"},"content":{"rendered":"<p><span style=\"color: #ff6600\"><strong>Africa-Press &#8211; Cameroun. <\/strong><\/span><b>Le Conseil constitutionnel a annule\u0301 le report de l\u2019e\u0301lection du 25 fe\u0301vrier 2024 et demande aux autorite\u0301s d\u2019organiser le scrutin dans les brefs de\u0301lais.<\/b><\/p>\n<p>Le 15 de\u0301cembre 2024 restera une date historique dans l\u2019histoire politique du Se\u0301ne\u0301gal. Le Conseil constitutionnel au cours d\u2019une se\u0301ance, a annule\u0301 ce jeudi la loi n\u00b04\/2024 validant le report au 15 de\u0301cembre 2024 de la tenue de l\u2019e\u0301lection pre\u0301sidentielle du 25 fe\u0301vrier 2024. Cette loi portant de\u0301rogation de l\u2019article 31 de la Constitution en vigueur au Se\u0301ne\u0301gal, est de\u0301clare\u0301e \u00ab contraire a\u0300 la constitution \u00bb par la de\u0301cision du Conseil constitutionnel. L\u2019institution a par la me\u0302me de\u0301cision, annule\u0301 le de\u0301cret du 03 fe\u0301vrier 2024 portant abrogation du de\u0301cret convoquant le corps e\u0301lectoral pour l\u2019e\u0301lection pre\u0301sidentielle du 25 fe\u0301vrier 2024.<\/p>\n<p>La de\u0301cision du Conseil des sages s\u2019appuie sur l\u2019article 103 de la Constitution qui se\u0301curise certains domaines de la marche de l\u2019Etat des re\u0301visions constitutionnelles opportunistes. Selon cet article, \u00ab la forme re\u0301publicaine de l\u2019Etat, le mode d\u2019e\u0301lection, la dure\u0301e et le nombre de mandats conse\u0301cutifs du Pre\u0301sident de la Re\u0301publique ne peuvent faire l\u2019objet de re\u0301vision \u00bb. Par conse\u0301quent, le mandat de Macky Sall s\u2019achevant le 02 avril prochain, il ne peut lui e\u0302tre accorde\u0301 un temps de plus a\u0300 la pre\u0301sidence de la Re\u0301publique.<\/p>\n<p>De\u0300s lors, le Conseil constitutionnel reconnait l\u2019impossibilite\u0301 de tenir le scrutin le 25 fe\u0301vrier prochain. Ses membres demandent aux autorite\u0301s compe\u0301tentes de fixer la nouvelle date de l\u2019e\u0301lection qui doit se tenir avant la fin du mandat de l\u2019actuel pre\u0301sident, Macky Sall, qui n\u2019est plus en lice. A cet effet, il est probable que la dure\u0301e des campagnes e\u0301lectorales soit raccourcie. La de\u0301cision du Conseil constitutionnel arrive dans un contexte marque\u0301 par des tensions politiques ne\u0301es du report du scrutin pre\u0301sidentiel.<\/p>\n<p><strong>Pour plus d&rsquo;informations et d&rsquo;analyses sur la <a href=\"https:\/\/www.africa-press.net\/cameroun\">Cameroun<\/a>, suivez <a href=\"https:\/\/www.africa-press.net\/\">Africa-Press<\/a><\/strong><\/p>\n","protected":false},"excerpt":{"rendered":"<p>Africa-Press &#8211; Cameroun. Le Conseil constitutionnel a annule\u0301 le report de l\u2019e\u0301lection du 25 fe\u0301vrier 2024 et demande aux autorite\u0301s d\u2019organiser le scrutin dans les brefs de\u0301lais. Le 15 de\u0301cembre 2024 restera une date historique dans l\u2019histoire politique du Se\u0301ne\u0301gal. Le Conseil constitutionnel au cours d\u2019une se\u0301ance, a annule\u0301 ce jeudi la loi n\u00b04\/2024 validant [&hellip;]<\/p>\n","protected":false},"author":82,"featured_media":61454,"comment_status":"open","ping_status":"closed","sticky":false,"template":"","format":"standard","meta":{"footnotes":""},"categories":[3,10],"tags":[36,50,49],"class_list":["post-61455","post","type-post","status-publish","format-standard","has-post-thumbnail","hentry","category-economie","category-toutes-les-actualites","tag-africa-press","tag-africa-press-cameroun","tag-cameroun"],"yoast_head":"<!-- This site is optimized with the Yoast SEO Premium plugin v26.1 (Yoast SEO v27.0) - https:\/\/yoast.com\/product\/yoast-seo-premium-wordpress\/ -->\n<title>Le S\u00e9n\u00e9gal dans l\u2019attente de la nouvelle date de la pr\u00e9sidentielle - Cameroun<\/title>\n<meta name=\"description\" content=\"Le Conseil constitutionnel a annule\u0301 le report de l\u2019e\u0301lection du 25 fe\u0301vrier 2024 et demande aux autorite\u0301s d\u2019organis ...\" \/>\n<meta name=\"robots\" content=\"index, follow, max-snippet:-1, max-image-preview:large, max-video-preview:-1\" \/>\n<link rel=\"canonical\" href=\"https:\/\/www.africa-press.net\/cameroun\/economie\/le-senegal-dans-lattente-de-la-nouvelle-date-de-la-presidentielle\" \/>\n<meta property=\"og:locale\" content=\"fr_FR\" \/>\n<meta property=\"og:type\" content=\"article\" \/>\n<meta property=\"og:title\" content=\"Le S\u00e9n\u00e9gal dans l\u2019attente de la nouvelle date de la pr\u00e9sidentielle\" \/>\n<meta property=\"og:description\" content=\"Le Conseil constitutionnel a annule\u0301 le report de l\u2019e\u0301lection du 25 fe\u0301vrier 2024 et demande aux autorite\u0301s d\u2019organis ...\" \/>\n<meta property=\"og:url\" content=\"https:\/\/www.africa-press.net\/cameroun\/economie\/le-senegal-dans-lattente-de-la-nouvelle-date-de-la-presidentielle\" \/>\n<meta property=\"og:site_name\" content=\"Cameroun\" \/>\n<meta property=\"article:published_time\" content=\"2024-02-16T22:36:50+00:00\" \/>\n<meta property=\"article:modified_time\" content=\"2024-02-18T16:23:44+00:00\" \/>\n<meta property=\"og:image\" content=\"https:\/\/static.africa-press.net\/cameroun\/sites\/57\/2024\/02\/sm_1708222741.796424.jpg\" \/>\n\t<meta property=\"og:image:width\" content=\"780\" \/>\n\t<meta property=\"og:image:height\" content=\"440\" \/>\n\t<meta property=\"og:image:type\" content=\"image\/jpeg\" \/>\n<meta name=\"author\" content=\"cfeditorfr\" \/>\n<meta name=\"twitter:card\" content=\"summary_large_image\" \/>\n<meta name=\"twitter:label1\" content=\"\u00c9crit par\" \/>\n\t<meta name=\"twitter:data1\" content=\"cfeditorfr\" \/>\n\t<meta name=\"twitter:label2\" content=\"Dur\u00e9e de lecture estim\u00e9e\" \/>\n\t<meta name=\"twitter:data2\" content=\"2 minutes\" \/>\n<script type=\"application\/ld+json\" class=\"yoast-schema-graph\">{\"@context\":\"https:\/\/schema.org\",\"@graph\":[{\"@type\":\"Article\",\"@id\":\"https:\/\/www.africa-press.net\/cameroun\/economie\/le-senegal-dans-lattente-de-la-nouvelle-date-de-la-presidentielle#article\",\"isPartOf\":{\"@id\":\"https:\/\/www.africa-press.net\/cameroun\/economie\/le-senegal-dans-lattente-de-la-nouvelle-date-de-la-presidentielle\"},\"author\":{\"name\":\"cfeditorfr\",\"@id\":\"https:\/\/www.africa-press.net\/cameroun\/#\/schema\/person\/2b1cf3cd81a31e3cd26889ca66d677f1\"},\"headline\":\"Le S\u00e9n\u00e9gal dans l\u2019attente de la nouvelle date de la pr\u00e9sidentielle\",\"datePublished\":\"2024-02-16T22:36:50+00:00\",\"dateModified\":\"2024-02-18T16:23:44+00:00\",\"mainEntityOfPage\":{\"@id\":\"https:\/\/www.africa-press.net\/cameroun\/economie\/le-senegal-dans-lattente-de-la-nouvelle-date-de-la-presidentielle\"},\"wordCount\":372,\"commentCount\":0,\"image\":{\"@id\":\"https:\/\/www.africa-press.net\/cameroun\/economie\/le-senegal-dans-lattente-de-la-nouvelle-date-de-la-presidentielle#primaryimage\"},\"thumbnailUrl\":\"https:\/\/static.africa-press.net\/cameroun\/sites\/57\/2024\/02\/sm_1708222741.796424.jpg\",\"keywords\":[\"Africa Press\",\"Africa Press-Cameroun\",\"Cameroun\"],\"articleSection\":[\"\u00c9conomie\",\"Toutes les actualit\u00e9s\"],\"inLanguage\":\"fr-FR\",\"potentialAction\":[{\"@type\":\"CommentAction\",\"name\":\"Comment\",\"target\":[\"https:\/\/www.africa-press.net\/cameroun\/economie\/le-senegal-dans-lattente-de-la-nouvelle-date-de-la-presidentielle#respond\"]}]},{\"@type\":\"WebPage\",\"@id\":\"https:\/\/www.africa-press.net\/cameroun\/economie\/le-senegal-dans-lattente-de-la-nouvelle-date-de-la-presidentielle\",\"url\":\"https:\/\/www.africa-press.net\/cameroun\/economie\/le-senegal-dans-lattente-de-la-nouvelle-date-de-la-presidentielle\",\"name\":\"Le S\u00e9n\u00e9gal dans l\u2019attente de la nouvelle date de la pr\u00e9sidentielle - Cameroun\",\"isPartOf\":{\"@id\":\"https:\/\/www.africa-press.net\/cameroun\/#website\"},\"primaryImageOfPage\":{\"@id\":\"https:\/\/www.africa-press.net\/cameroun\/economie\/le-senegal-dans-lattente-de-la-nouvelle-date-de-la-presidentielle#primaryimage\"},\"image\":{\"@id\":\"https:\/\/www.africa-press.net\/cameroun\/economie\/le-senegal-dans-lattente-de-la-nouvelle-date-de-la-presidentielle#primaryimage\"},\"thumbnailUrl\":\"https:\/\/static.africa-press.net\/cameroun\/sites\/57\/2024\/02\/sm_1708222741.796424.jpg\",\"datePublished\":\"2024-02-16T22:36:50+00:00\",\"dateModified\":\"2024-02-18T16:23:44+00:00\",\"author\":{\"@id\":\"https:\/\/www.africa-press.net\/cameroun\/#\/schema\/person\/2b1cf3cd81a31e3cd26889ca66d677f1\"},\"description\":\"Le Conseil constitutionnel a annule\u0301 le report de l\u2019e\u0301lection du 25 fe\u0301vrier 2024 et demande aux autorite\u0301s d\u2019organis ...\",\"breadcrumb\":{\"@id\":\"https:\/\/www.africa-press.net\/cameroun\/economie\/le-senegal-dans-lattente-de-la-nouvelle-date-de-la-presidentielle#breadcrumb\"},\"inLanguage\":\"fr-FR\",\"potentialAction\":[{\"@type\":\"ReadAction\",\"target\":[\"https:\/\/www.africa-press.net\/cameroun\/economie\/le-senegal-dans-lattente-de-la-nouvelle-date-de-la-presidentielle\"]}]},{\"@type\":\"ImageObject\",\"inLanguage\":\"fr-FR\",\"@id\":\"https:\/\/www.africa-press.net\/cameroun\/economie\/le-senegal-dans-lattente-de-la-nouvelle-date-de-la-presidentielle#primaryimage\",\"url\":\"https:\/\/static.africa-press.net\/cameroun\/sites\/57\/2024\/02\/sm_1708222741.796424.jpg\",\"contentUrl\":\"https:\/\/static.africa-press.net\/cameroun\/sites\/57\/2024\/02\/sm_1708222741.796424.jpg\",\"width\":780,\"height\":440,\"caption\":\"Le S\u00e9n\u00e9gal dans l\u2019attente de la nouvelle date de la pr\u00e9sidentielle\"},{\"@type\":\"BreadcrumbList\",\"@id\":\"https:\/\/www.africa-press.net\/cameroun\/economie\/le-senegal-dans-lattente-de-la-nouvelle-date-de-la-presidentielle#breadcrumb\",\"itemListElement\":[{\"@type\":\"ListItem\",\"position\":1,\"name\":\"Accueil\",\"item\":\"https:\/\/www.africa-press.net\/cameroun\/\"},{\"@type\":\"ListItem\",\"position\":2,\"name\":\"Le S\u00e9n\u00e9gal dans l\u2019attente de la nouvelle date de la pr\u00e9sidentielle\"}]},{\"@type\":\"WebSite\",\"@id\":\"https:\/\/www.africa-press.net\/cameroun\/#website\",\"url\":\"https:\/\/www.africa-press.net\/cameroun\/\",\"name\":\"Cameroun\",\"description\":\"Just another Africa News Agency Sites site\",\"potentialAction\":[{\"@type\":\"SearchAction\",\"target\":{\"@type\":\"EntryPoint\",\"urlTemplate\":\"https:\/\/www.africa-press.net\/cameroun\/?s={search_term_string}\"},\"query-input\":{\"@type\":\"PropertyValueSpecification\",\"valueRequired\":true,\"valueName\":\"search_term_string\"}}],\"inLanguage\":\"fr-FR\"},{\"@type\":\"Person\",\"@id\":\"https:\/\/www.africa-press.net\/cameroun\/#\/schema\/person\/2b1cf3cd81a31e3cd26889ca66d677f1\",\"name\":\"cfeditorfr\"}]}<\/script>\n<!-- \/ Yoast SEO Premium plugin. -->","yoast_head_json":{"title":"Le S\u00e9n\u00e9gal dans l\u2019attente de la nouvelle date de la pr\u00e9sidentielle - Cameroun","description":"Le Conseil constitutionnel a annule\u0301 le report de l\u2019e\u0301lection du 25 fe\u0301vrier 2024 et demande aux autorite\u0301s d\u2019organis ...","robots":{"index":"index","follow":"follow","max-snippet":"max-snippet:-1","max-image-preview":"max-image-preview:large","max-video-preview":"max-video-preview:-1"},"canonical":"https:\/\/www.africa-press.net\/cameroun\/economie\/le-senegal-dans-lattente-de-la-nouvelle-date-de-la-presidentielle","og_locale":"fr_FR","og_type":"article","og_title":"Le S\u00e9n\u00e9gal dans l\u2019attente de la nouvelle date de la pr\u00e9sidentielle","og_description":"Le Conseil constitutionnel a annule\u0301 le report de l\u2019e\u0301lection du 25 fe\u0301vrier 2024 et demande aux autorite\u0301s d\u2019organis ...","og_url":"https:\/\/www.africa-press.net\/cameroun\/economie\/le-senegal-dans-lattente-de-la-nouvelle-date-de-la-presidentielle","og_site_name":"Cameroun","article_published_time":"2024-02-16T22:36:50+00:00","article_modified_time":"2024-02-18T16:23:44+00:00","og_image":[{"width":780,"height":440,"url":"https:\/\/static.africa-press.net\/cameroun\/sites\/57\/2024\/02\/sm_1708222741.796424.jpg","type":"image\/jpeg"}],"author":"cfeditorfr","twitter_card":"summary_large_image","twitter_misc":{"\u00c9crit par":"cfeditorfr","Dur\u00e9e de lecture estim\u00e9e":"2 minutes"},"schema":{"@context":"https:\/\/schema.org","@graph":[{"@type":"Article","@id":"https:\/\/www.africa-press.net\/cameroun\/economie\/le-senegal-dans-lattente-de-la-nouvelle-date-de-la-presidentielle#article","isPartOf":{"@id":"https:\/\/www.africa-press.net\/cameroun\/economie\/le-senegal-dans-lattente-de-la-nouvelle-date-de-la-presidentielle"},"author":{"name":"cfeditorfr","@id":"https:\/\/www.africa-press.net\/cameroun\/#\/schema\/person\/2b1cf3cd81a31e3cd26889ca66d677f1"},"headline":"Le S\u00e9n\u00e9gal dans l\u2019attente de la nouvelle date de la pr\u00e9sidentielle","datePublished":"2024-02-16T22:36:50+00:00","dateModified":"2024-02-18T16:23:44+00:00","mainEntityOfPage":{"@id":"https:\/\/www.africa-press.net\/cameroun\/economie\/le-senegal-dans-lattente-de-la-nouvelle-date-de-la-presidentielle"},"wordCount":372,"commentCount":0,"image":{"@id":"https:\/\/www.africa-press.net\/cameroun\/economie\/le-senegal-dans-lattente-de-la-nouvelle-date-de-la-presidentielle#primaryimage"},"thumbnailUrl":"https:\/\/static.africa-press.net\/cameroun\/sites\/57\/2024\/02\/sm_1708222741.796424.jpg","keywords":["Africa Press","Africa Press-Cameroun","Cameroun"],"articleSection":["\u00c9conomie","Toutes les actualit\u00e9s"],"inLanguage":"fr-FR","potentialAction":[{"@type":"CommentAction","name":"Comment","target":["https:\/\/www.africa-press.net\/cameroun\/economie\/le-senegal-dans-lattente-de-la-nouvelle-date-de-la-presidentielle#respond"]}]},{"@type":"WebPage","@id":"https:\/\/www.africa-press.net\/cameroun\/economie\/le-senegal-dans-lattente-de-la-nouvelle-date-de-la-presidentielle","url":"https:\/\/www.africa-press.net\/cameroun\/economie\/le-senegal-dans-lattente-de-la-nouvelle-date-de-la-presidentielle","name":"Le S\u00e9n\u00e9gal dans l\u2019attente de la nouvelle date de la pr\u00e9sidentielle - Cameroun","isPartOf":{"@id":"https:\/\/www.africa-press.net\/cameroun\/#website"},"primaryImageOfPage":{"@id":"https:\/\/www.africa-press.net\/cameroun\/economie\/le-senegal-dans-lattente-de-la-nouvelle-date-de-la-presidentielle#primaryimage"},"image":{"@id":"https:\/\/www.africa-press.net\/cameroun\/economie\/le-senegal-dans-lattente-de-la-nouvelle-date-de-la-presidentielle#primaryimage"},"thumbnailUrl":"https:\/\/static.africa-press.net\/cameroun\/sites\/57\/2024\/02\/sm_1708222741.796424.jpg","datePublished":"2024-02-16T22:36:50+00:00","dateModified":"2024-02-18T16:23:44+00:00","author":{"@id":"https:\/\/www.africa-press.net\/cameroun\/#\/schema\/person\/2b1cf3cd81a31e3cd26889ca66d677f1"},"description":"Le Conseil constitutionnel a annule\u0301 le report de l\u2019e\u0301lection du 25 fe\u0301vrier 2024 et demande aux autorite\u0301s d\u2019organis ...","breadcrumb":{"@id":"https:\/\/www.africa-press.net\/cameroun\/economie\/le-senegal-dans-lattente-de-la-nouvelle-date-de-la-presidentielle#breadcrumb"},"inLanguage":"fr-FR","potentialAction":[{"@type":"ReadAction","target":["https:\/\/www.africa-press.net\/cameroun\/economie\/le-senegal-dans-lattente-de-la-nouvelle-date-de-la-presidentielle"]}]},{"@type":"ImageObject","inLanguage":"fr-FR","@id":"https:\/\/www.africa-press.net\/cameroun\/economie\/le-senegal-dans-lattente-de-la-nouvelle-date-de-la-presidentielle#primaryimage","url":"https:\/\/static.africa-press.net\/cameroun\/sites\/57\/2024\/02\/sm_1708222741.796424.jpg","contentUrl":"https:\/\/static.africa-press.net\/cameroun\/sites\/57\/2024\/02\/sm_1708222741.796424.jpg","width":780,"height":440,"caption":"Le S\u00e9n\u00e9gal dans l\u2019attente de la nouvelle date de la pr\u00e9sidentielle"},{"@type":"BreadcrumbList","@id":"https:\/\/www.africa-press.net\/cameroun\/economie\/le-senegal-dans-lattente-de-la-nouvelle-date-de-la-presidentielle#breadcrumb","itemListElement":[{"@type":"ListItem","position":1,"name":"Accueil","item":"https:\/\/www.africa-press.net\/cameroun\/"},{"@type":"ListItem","position":2,"name":"Le S\u00e9n\u00e9gal dans l\u2019attente de la nouvelle date de la pr\u00e9sidentielle"}]},{"@type":"WebSite","@id":"https:\/\/www.africa-press.net\/cameroun\/#website","url":"https:\/\/www.africa-press.net\/cameroun\/","name":"Cameroun","description":"Just another Africa News Agency Sites site","potentialAction":[{"@type":"SearchAction","target":{"@type":"EntryPoint","urlTemplate":"https:\/\/www.africa-press.net\/cameroun\/?s={search_term_string}"},"query-input":{"@type":"PropertyValueSpecification","valueRequired":true,"valueName":"search_term_string"}}],"inLanguage":"fr-FR"},{"@type":"Person","@id":"https:\/\/www.africa-press.net\/cameroun\/#\/schema\/person\/2b1cf3cd81a31e3cd26889ca66d677f1","name":"cfeditorfr"}]}},"_links":{"self":[{"href":"https:\/\/www.africa-press.net\/cameroun\/wp-json\/wp\/v2\/posts\/61455","targetHints":{"allow":["GET"]}}],"collection":[{"href":"https:\/\/www.africa-press.net\/cameroun\/wp-json\/wp\/v2\/posts"}],"about":[{"href":"https:\/\/www.africa-press.net\/cameroun\/wp-json\/wp\/v2\/types\/post"}],"author":[{"embeddable":true,"href":"https:\/\/www.africa-press.net\/cameroun\/wp-json\/wp\/v2\/users\/82"}],"replies":[{"embeddable":true,"href":"https:\/\/www.africa-press.net\/cameroun\/wp-json\/wp\/v2\/comments?post=61455"}],"version-history":[{"count":0,"href":"https:\/\/www.africa-press.net\/cameroun\/wp-json\/wp\/v2\/posts\/61455\/revisions"}],"wp:featuredmedia":[{"embeddable":true,"href":"https:\/\/www.africa-press.net\/cameroun\/wp-json\/wp\/v2\/media\/61454"}],"wp:attachment":[{"href":"https:\/\/www.africa-press.net\/cameroun\/wp-json\/wp\/v2\/media?parent=61455"}],"wp:term":[{"taxonomy":"category","embeddable":true,"href":"https:\/\/www.africa-press.net\/cameroun\/wp-json\/wp\/v2\/categories?post=61455"},{"taxonomy":"post_tag","embeddable":true,"href":"https:\/\/www.africa-press.net\/cameroun\/wp-json\/wp\/v2\/tags?post=61455"}],"curies":[{"name":"wp","href":"https:\/\/api.w.org\/{rel}","templated":true}]}}