{"id":61457,"date":"2024-02-16T22:36:57","date_gmt":"2024-02-16T22:36:57","guid":{"rendered":"https:\/\/www.africa-press.net\/cameroun\/politique\/cameroun-route-kumba-ekondo-titi-le-ministre-des-travaux-publics-evalue-les-progres-realises"},"modified":"2024-02-18T16:24:04","modified_gmt":"2024-02-18T16:24:04","slug":"cameroun-route-kumba-ekondo-titi-le-ministre-des-travaux-publics-evalue-les-progres-realises","status":"publish","type":"post","link":"https:\/\/www.africa-press.net\/cameroun\/economie\/cameroun-route-kumba-ekondo-titi-le-ministre-des-travaux-publics-evalue-les-progres-realises","title":{"rendered":"Cameroun : route Kumba-Ekondo Titi, le ministre des Travaux publics \u00e9value les progr\u00e8s r\u00e9alis\u00e9s"},"content":{"rendered":"<p><span style=\"color: #ff6600\"><strong>Africa-Press &#8211; Cameroun. <\/strong><\/span><b>Le ministre Nganou Djoumessi a annonce\u0301 de nouvelles mesures au cours d\u2019une re\u0301union d\u2019e\u0301valuation qu\u2019il a pre\u0301side\u0301 le 14 fe\u0301vrier 2024.<\/b><\/p>\n<p>Les travaux de la route de 60 km reliant <b>Kumba<\/b> a\u0300 <b>Ekondo Titi<\/b> dans la re\u0301gion du <b>Sud-Ouest<\/b> vont connaitre une acce\u0301le\u0301ration. Cette acce\u0301le\u0301ration sera facilite\u0301e par les soldats du Bataillon d\u2019Intervention Rapide (<b>BIR<\/b>) qui sont a\u0300 pied d\u2019\u0153uvre pour sa re\u0301alisation.<\/p>\n<p>C\u2019est ce qui ressort d\u2019une re\u0301union d\u2019e\u0301valuation qu\u2019a tenu le ministre des Travaux publics le 14 fe\u0301vrier dernier au sein de son de\u0301partement ministe\u0301riel. Conscient de l\u2019importance du projet, le ministre <b>Emmanuel Nganou Djoumessi<\/b>, a souligne\u0301 la ne\u0301cessite\u0301 de reprendre et d\u2019acce\u0301le\u0301rer le projet.<\/p>\n<p>Depuis plusieurs anne\u0301es, le chantier routier a subi de nombreuses interruptions dues a\u0300 la crise se\u0301curitaire qui se\u0301vit dans la re\u0301gion du Sud-Ouest. Un constat souligne\u0301 lors de l\u2019examen de l\u2019e\u0301tat d\u2019avancement de la construction de la route.<\/p>\n<p>Le projet de construction, qui a de\u0301bute\u0301 en 2017, s\u2019inscrit dans le cadre du plan d\u2019urgence du pays. Il fait e\u0301galement partie de la route Loum-Kumba-Ekondo Titi-Mundemba-Akwa-frontie\u0300re du Nige\u0301ria. Le cou\u0302t des travaux est estime\u0301 a\u0300 40 601 372 000 francs CFA.<\/p>\n<p><strong>Pour plus d&rsquo;informations et d&rsquo;analyses sur la <a href=\"https:\/\/www.africa-press.net\/cameroun\">Cameroun<\/a>, suivez <a href=\"https:\/\/www.africa-press.net\/\">Africa-Press<\/a><\/strong><\/p>\n","protected":false},"excerpt":{"rendered":"<p>Africa-Press &#8211; Cameroun. Le ministre Nganou Djoumessi a annonce\u0301 de nouvelles mesures au cours d\u2019une re\u0301union d\u2019e\u0301valuation qu\u2019il a pre\u0301side\u0301 le 14 fe\u0301vrier 2024. Les travaux de la route de 60 km reliant Kumba a\u0300 Ekondo Titi dans la re\u0301gion du Sud-Ouest vont connaitre une acce\u0301le\u0301ration. Cette acce\u0301le\u0301ration sera facilite\u0301e par les soldats du Bataillon [&hellip;]<\/p>\n","protected":false},"author":82,"featured_media":61456,"comment_status":"open","ping_status":"closed","sticky":false,"template":"","format":"standard","meta":{"footnotes":""},"categories":[3,10],"tags":[36,50,49],"class_list":["post-61457","post","type-post","status-publish","format-standard","has-post-thumbnail","hentry","category-economie","category-toutes-les-actualites","tag-africa-press","tag-africa-press-cameroun","tag-cameroun"],"yoast_head":"<!-- This site is optimized with the Yoast SEO Premium plugin v26.1 (Yoast SEO v27.0) - https:\/\/yoast.com\/product\/yoast-seo-premium-wordpress\/ -->\n<title>Cameroun : route Kumba-Ekondo Titi, le ministre des Travaux publics \u00e9value les progr\u00e8s r\u00e9alis\u00e9s - Cameroun<\/title>\n<meta name=\"description\" content=\"Le ministre Nganou Djoumessi a annonce\u0301 de nouvelles mesures au cours d\u2019une re\u0301union d\u2019e\u0301valuation qu\u2019il a pre\u0301side\u0301 ...\" \/>\n<meta name=\"robots\" content=\"index, follow, max-snippet:-1, max-image-preview:large, max-video-preview:-1\" \/>\n<link rel=\"canonical\" href=\"https:\/\/www.africa-press.net\/cameroun\/economie\/cameroun-route-kumba-ekondo-titi-le-ministre-des-travaux-publics-evalue-les-progres-realises\" \/>\n<meta property=\"og:locale\" content=\"fr_FR\" \/>\n<meta property=\"og:type\" content=\"article\" \/>\n<meta property=\"og:title\" content=\"Cameroun : route Kumba-Ekondo Titi, le ministre des Travaux publics \u00e9value les progr\u00e8s r\u00e9alis\u00e9s\" \/>\n<meta property=\"og:description\" content=\"Le ministre Nganou Djoumessi a annonce\u0301 de nouvelles mesures au cours d\u2019une re\u0301union d\u2019e\u0301valuation qu\u2019il a pre\u0301side\u0301 ...\" \/>\n<meta property=\"og:url\" content=\"https:\/\/www.africa-press.net\/cameroun\/economie\/cameroun-route-kumba-ekondo-titi-le-ministre-des-travaux-publics-evalue-les-progres-realises\" \/>\n<meta property=\"og:site_name\" content=\"Cameroun\" \/>\n<meta property=\"article:published_time\" content=\"2024-02-16T22:36:57+00:00\" \/>\n<meta property=\"article:modified_time\" content=\"2024-02-18T16:24:04+00:00\" \/>\n<meta property=\"og:image\" content=\"https:\/\/static.africa-press.net\/cameroun\/sites\/57\/2024\/02\/sm_1708222765.929888.jpg\" \/>\n\t<meta property=\"og:image:width\" content=\"780\" \/>\n\t<meta property=\"og:image:height\" content=\"440\" \/>\n\t<meta property=\"og:image:type\" content=\"image\/jpeg\" \/>\n<meta name=\"author\" content=\"cfeditorfr\" \/>\n<meta name=\"twitter:card\" content=\"summary_large_image\" \/>\n<meta name=\"twitter:label1\" content=\"\u00c9crit par\" \/>\n\t<meta name=\"twitter:data1\" content=\"cfeditorfr\" \/>\n\t<meta name=\"twitter:label2\" content=\"Dur\u00e9e de lecture estim\u00e9e\" \/>\n\t<meta name=\"twitter:data2\" content=\"1 minute\" \/>\n<script type=\"application\/ld+json\" class=\"yoast-schema-graph\">{\"@context\":\"https:\/\/schema.org\",\"@graph\":[{\"@type\":\"Article\",\"@id\":\"https:\/\/www.africa-press.net\/cameroun\/economie\/cameroun-route-kumba-ekondo-titi-le-ministre-des-travaux-publics-evalue-les-progres-realises#article\",\"isPartOf\":{\"@id\":\"https:\/\/www.africa-press.net\/cameroun\/economie\/cameroun-route-kumba-ekondo-titi-le-ministre-des-travaux-publics-evalue-les-progres-realises\"},\"author\":{\"name\":\"cfeditorfr\",\"@id\":\"https:\/\/www.africa-press.net\/cameroun\/#\/schema\/person\/2b1cf3cd81a31e3cd26889ca66d677f1\"},\"headline\":\"Cameroun : route Kumba-Ekondo Titi, le ministre des Travaux publics \u00e9value les progr\u00e8s r\u00e9alis\u00e9s\",\"datePublished\":\"2024-02-16T22:36:57+00:00\",\"dateModified\":\"2024-02-18T16:24:04+00:00\",\"mainEntityOfPage\":{\"@id\":\"https:\/\/www.africa-press.net\/cameroun\/economie\/cameroun-route-kumba-ekondo-titi-le-ministre-des-travaux-publics-evalue-les-progres-realises\"},\"wordCount\":254,\"commentCount\":0,\"image\":{\"@id\":\"https:\/\/www.africa-press.net\/cameroun\/economie\/cameroun-route-kumba-ekondo-titi-le-ministre-des-travaux-publics-evalue-les-progres-realises#primaryimage\"},\"thumbnailUrl\":\"https:\/\/static.africa-press.net\/cameroun\/sites\/57\/2024\/02\/sm_1708222765.929888.jpg\",\"keywords\":[\"Africa Press\",\"Africa Press-Cameroun\",\"Cameroun\"],\"articleSection\":[\"\u00c9conomie\",\"Toutes les actualit\u00e9s\"],\"inLanguage\":\"fr-FR\",\"potentialAction\":[{\"@type\":\"CommentAction\",\"name\":\"Comment\",\"target\":[\"https:\/\/www.africa-press.net\/cameroun\/economie\/cameroun-route-kumba-ekondo-titi-le-ministre-des-travaux-publics-evalue-les-progres-realises#respond\"]}]},{\"@type\":\"WebPage\",\"@id\":\"https:\/\/www.africa-press.net\/cameroun\/economie\/cameroun-route-kumba-ekondo-titi-le-ministre-des-travaux-publics-evalue-les-progres-realises\",\"url\":\"https:\/\/www.africa-press.net\/cameroun\/economie\/cameroun-route-kumba-ekondo-titi-le-ministre-des-travaux-publics-evalue-les-progres-realises\",\"name\":\"Cameroun : route Kumba-Ekondo Titi, le ministre des Travaux publics \u00e9value les progr\u00e8s r\u00e9alis\u00e9s - Cameroun\",\"isPartOf\":{\"@id\":\"https:\/\/www.africa-press.net\/cameroun\/#website\"},\"primaryImageOfPage\":{\"@id\":\"https:\/\/www.africa-press.net\/cameroun\/economie\/cameroun-route-kumba-ekondo-titi-le-ministre-des-travaux-publics-evalue-les-progres-realises#primaryimage\"},\"image\":{\"@id\":\"https:\/\/www.africa-press.net\/cameroun\/economie\/cameroun-route-kumba-ekondo-titi-le-ministre-des-travaux-publics-evalue-les-progres-realises#primaryimage\"},\"thumbnailUrl\":\"https:\/\/static.africa-press.net\/cameroun\/sites\/57\/2024\/02\/sm_1708222765.929888.jpg\",\"datePublished\":\"2024-02-16T22:36:57+00:00\",\"dateModified\":\"2024-02-18T16:24:04+00:00\",\"author\":{\"@id\":\"https:\/\/www.africa-press.net\/cameroun\/#\/schema\/person\/2b1cf3cd81a31e3cd26889ca66d677f1\"},\"description\":\"Le ministre Nganou Djoumessi a annonce\u0301 de nouvelles mesures au cours d\u2019une re\u0301union d\u2019e\u0301valuation qu\u2019il a pre\u0301side\u0301 ...\",\"breadcrumb\":{\"@id\":\"https:\/\/www.africa-press.net\/cameroun\/economie\/cameroun-route-kumba-ekondo-titi-le-ministre-des-travaux-publics-evalue-les-progres-realises#breadcrumb\"},\"inLanguage\":\"fr-FR\",\"potentialAction\":[{\"@type\":\"ReadAction\",\"target\":[\"https:\/\/www.africa-press.net\/cameroun\/economie\/cameroun-route-kumba-ekondo-titi-le-ministre-des-travaux-publics-evalue-les-progres-realises\"]}]},{\"@type\":\"ImageObject\",\"inLanguage\":\"fr-FR\",\"@id\":\"https:\/\/www.africa-press.net\/cameroun\/economie\/cameroun-route-kumba-ekondo-titi-le-ministre-des-travaux-publics-evalue-les-progres-realises#primaryimage\",\"url\":\"https:\/\/static.africa-press.net\/cameroun\/sites\/57\/2024\/02\/sm_1708222765.929888.jpg\",\"contentUrl\":\"https:\/\/static.africa-press.net\/cameroun\/sites\/57\/2024\/02\/sm_1708222765.929888.jpg\",\"width\":780,\"height\":440,\"caption\":\"Cameroun : route Kumba-Ekondo Titi, le ministre des Travaux publics \u00e9value les progr\u00e8s r\u00e9alis\u00e9s\"},{\"@type\":\"BreadcrumbList\",\"@id\":\"https:\/\/www.africa-press.net\/cameroun\/economie\/cameroun-route-kumba-ekondo-titi-le-ministre-des-travaux-publics-evalue-les-progres-realises#breadcrumb\",\"itemListElement\":[{\"@type\":\"ListItem\",\"position\":1,\"name\":\"Accueil\",\"item\":\"https:\/\/www.africa-press.net\/cameroun\/\"},{\"@type\":\"ListItem\",\"position\":2,\"name\":\"Cameroun : route Kumba-Ekondo Titi, le ministre des Travaux publics \u00e9value les progr\u00e8s r\u00e9alis\u00e9s\"}]},{\"@type\":\"WebSite\",\"@id\":\"https:\/\/www.africa-press.net\/cameroun\/#website\",\"url\":\"https:\/\/www.africa-press.net\/cameroun\/\",\"name\":\"Cameroun\",\"description\":\"Just another Africa News Agency Sites site\",\"potentialAction\":[{\"@type\":\"SearchAction\",\"target\":{\"@type\":\"EntryPoint\",\"urlTemplate\":\"https:\/\/www.africa-press.net\/cameroun\/?s={search_term_string}\"},\"query-input\":{\"@type\":\"PropertyValueSpecification\",\"valueRequired\":true,\"valueName\":\"search_term_string\"}}],\"inLanguage\":\"fr-FR\"},{\"@type\":\"Person\",\"@id\":\"https:\/\/www.africa-press.net\/cameroun\/#\/schema\/person\/2b1cf3cd81a31e3cd26889ca66d677f1\",\"name\":\"cfeditorfr\"}]}<\/script>\n<!-- \/ Yoast SEO Premium plugin. -->","yoast_head_json":{"title":"Cameroun : route Kumba-Ekondo Titi, le ministre des Travaux publics \u00e9value les progr\u00e8s r\u00e9alis\u00e9s - Cameroun","description":"Le ministre Nganou Djoumessi a annonce\u0301 de nouvelles mesures au cours d\u2019une re\u0301union d\u2019e\u0301valuation qu\u2019il a pre\u0301side\u0301 ...","robots":{"index":"index","follow":"follow","max-snippet":"max-snippet:-1","max-image-preview":"max-image-preview:large","max-video-preview":"max-video-preview:-1"},"canonical":"https:\/\/www.africa-press.net\/cameroun\/economie\/cameroun-route-kumba-ekondo-titi-le-ministre-des-travaux-publics-evalue-les-progres-realises","og_locale":"fr_FR","og_type":"article","og_title":"Cameroun : route Kumba-Ekondo Titi, le ministre des Travaux publics \u00e9value les progr\u00e8s r\u00e9alis\u00e9s","og_description":"Le ministre Nganou Djoumessi a annonce\u0301 de nouvelles mesures au cours d\u2019une re\u0301union d\u2019e\u0301valuation qu\u2019il a pre\u0301side\u0301 ...","og_url":"https:\/\/www.africa-press.net\/cameroun\/economie\/cameroun-route-kumba-ekondo-titi-le-ministre-des-travaux-publics-evalue-les-progres-realises","og_site_name":"Cameroun","article_published_time":"2024-02-16T22:36:57+00:00","article_modified_time":"2024-02-18T16:24:04+00:00","og_image":[{"width":780,"height":440,"url":"https:\/\/static.africa-press.net\/cameroun\/sites\/57\/2024\/02\/sm_1708222765.929888.jpg","type":"image\/jpeg"}],"author":"cfeditorfr","twitter_card":"summary_large_image","twitter_misc":{"\u00c9crit par":"cfeditorfr","Dur\u00e9e de lecture estim\u00e9e":"1 minute"},"schema":{"@context":"https:\/\/schema.org","@graph":[{"@type":"Article","@id":"https:\/\/www.africa-press.net\/cameroun\/economie\/cameroun-route-kumba-ekondo-titi-le-ministre-des-travaux-publics-evalue-les-progres-realises#article","isPartOf":{"@id":"https:\/\/www.africa-press.net\/cameroun\/economie\/cameroun-route-kumba-ekondo-titi-le-ministre-des-travaux-publics-evalue-les-progres-realises"},"author":{"name":"cfeditorfr","@id":"https:\/\/www.africa-press.net\/cameroun\/#\/schema\/person\/2b1cf3cd81a31e3cd26889ca66d677f1"},"headline":"Cameroun : route Kumba-Ekondo Titi, le ministre des Travaux publics \u00e9value les progr\u00e8s r\u00e9alis\u00e9s","datePublished":"2024-02-16T22:36:57+00:00","dateModified":"2024-02-18T16:24:04+00:00","mainEntityOfPage":{"@id":"https:\/\/www.africa-press.net\/cameroun\/economie\/cameroun-route-kumba-ekondo-titi-le-ministre-des-travaux-publics-evalue-les-progres-realises"},"wordCount":254,"commentCount":0,"image":{"@id":"https:\/\/www.africa-press.net\/cameroun\/economie\/cameroun-route-kumba-ekondo-titi-le-ministre-des-travaux-publics-evalue-les-progres-realises#primaryimage"},"thumbnailUrl":"https:\/\/static.africa-press.net\/cameroun\/sites\/57\/2024\/02\/sm_1708222765.929888.jpg","keywords":["Africa Press","Africa Press-Cameroun","Cameroun"],"articleSection":["\u00c9conomie","Toutes les actualit\u00e9s"],"inLanguage":"fr-FR","potentialAction":[{"@type":"CommentAction","name":"Comment","target":["https:\/\/www.africa-press.net\/cameroun\/economie\/cameroun-route-kumba-ekondo-titi-le-ministre-des-travaux-publics-evalue-les-progres-realises#respond"]}]},{"@type":"WebPage","@id":"https:\/\/www.africa-press.net\/cameroun\/economie\/cameroun-route-kumba-ekondo-titi-le-ministre-des-travaux-publics-evalue-les-progres-realises","url":"https:\/\/www.africa-press.net\/cameroun\/economie\/cameroun-route-kumba-ekondo-titi-le-ministre-des-travaux-publics-evalue-les-progres-realises","name":"Cameroun : route Kumba-Ekondo Titi, le ministre des Travaux publics \u00e9value les progr\u00e8s r\u00e9alis\u00e9s - Cameroun","isPartOf":{"@id":"https:\/\/www.africa-press.net\/cameroun\/#website"},"primaryImageOfPage":{"@id":"https:\/\/www.africa-press.net\/cameroun\/economie\/cameroun-route-kumba-ekondo-titi-le-ministre-des-travaux-publics-evalue-les-progres-realises#primaryimage"},"image":{"@id":"https:\/\/www.africa-press.net\/cameroun\/economie\/cameroun-route-kumba-ekondo-titi-le-ministre-des-travaux-publics-evalue-les-progres-realises#primaryimage"},"thumbnailUrl":"https:\/\/static.africa-press.net\/cameroun\/sites\/57\/2024\/02\/sm_1708222765.929888.jpg","datePublished":"2024-02-16T22:36:57+00:00","dateModified":"2024-02-18T16:24:04+00:00","author":{"@id":"https:\/\/www.africa-press.net\/cameroun\/#\/schema\/person\/2b1cf3cd81a31e3cd26889ca66d677f1"},"description":"Le ministre Nganou Djoumessi a annonce\u0301 de nouvelles mesures au cours d\u2019une re\u0301union d\u2019e\u0301valuation qu\u2019il a pre\u0301side\u0301 ...","breadcrumb":{"@id":"https:\/\/www.africa-press.net\/cameroun\/economie\/cameroun-route-kumba-ekondo-titi-le-ministre-des-travaux-publics-evalue-les-progres-realises#breadcrumb"},"inLanguage":"fr-FR","potentialAction":[{"@type":"ReadAction","target":["https:\/\/www.africa-press.net\/cameroun\/economie\/cameroun-route-kumba-ekondo-titi-le-ministre-des-travaux-publics-evalue-les-progres-realises"]}]},{"@type":"ImageObject","inLanguage":"fr-FR","@id":"https:\/\/www.africa-press.net\/cameroun\/economie\/cameroun-route-kumba-ekondo-titi-le-ministre-des-travaux-publics-evalue-les-progres-realises#primaryimage","url":"https:\/\/static.africa-press.net\/cameroun\/sites\/57\/2024\/02\/sm_1708222765.929888.jpg","contentUrl":"https:\/\/static.africa-press.net\/cameroun\/sites\/57\/2024\/02\/sm_1708222765.929888.jpg","width":780,"height":440,"caption":"Cameroun : route Kumba-Ekondo Titi, le ministre des Travaux publics \u00e9value les progr\u00e8s r\u00e9alis\u00e9s"},{"@type":"BreadcrumbList","@id":"https:\/\/www.africa-press.net\/cameroun\/economie\/cameroun-route-kumba-ekondo-titi-le-ministre-des-travaux-publics-evalue-les-progres-realises#breadcrumb","itemListElement":[{"@type":"ListItem","position":1,"name":"Accueil","item":"https:\/\/www.africa-press.net\/cameroun\/"},{"@type":"ListItem","position":2,"name":"Cameroun : route Kumba-Ekondo Titi, le ministre des Travaux publics \u00e9value les progr\u00e8s r\u00e9alis\u00e9s"}]},{"@type":"WebSite","@id":"https:\/\/www.africa-press.net\/cameroun\/#website","url":"https:\/\/www.africa-press.net\/cameroun\/","name":"Cameroun","description":"Just another Africa News Agency Sites site","potentialAction":[{"@type":"SearchAction","target":{"@type":"EntryPoint","urlTemplate":"https:\/\/www.africa-press.net\/cameroun\/?s={search_term_string}"},"query-input":{"@type":"PropertyValueSpecification","valueRequired":true,"valueName":"search_term_string"}}],"inLanguage":"fr-FR"},{"@type":"Person","@id":"https:\/\/www.africa-press.net\/cameroun\/#\/schema\/person\/2b1cf3cd81a31e3cd26889ca66d677f1","name":"cfeditorfr"}]}},"_links":{"self":[{"href":"https:\/\/www.africa-press.net\/cameroun\/wp-json\/wp\/v2\/posts\/61457","targetHints":{"allow":["GET"]}}],"collection":[{"href":"https:\/\/www.africa-press.net\/cameroun\/wp-json\/wp\/v2\/posts"}],"about":[{"href":"https:\/\/www.africa-press.net\/cameroun\/wp-json\/wp\/v2\/types\/post"}],"author":[{"embeddable":true,"href":"https:\/\/www.africa-press.net\/cameroun\/wp-json\/wp\/v2\/users\/82"}],"replies":[{"embeddable":true,"href":"https:\/\/www.africa-press.net\/cameroun\/wp-json\/wp\/v2\/comments?post=61457"}],"version-history":[{"count":0,"href":"https:\/\/www.africa-press.net\/cameroun\/wp-json\/wp\/v2\/posts\/61457\/revisions"}],"wp:featuredmedia":[{"embeddable":true,"href":"https:\/\/www.africa-press.net\/cameroun\/wp-json\/wp\/v2\/media\/61456"}],"wp:attachment":[{"href":"https:\/\/www.africa-press.net\/cameroun\/wp-json\/wp\/v2\/media?parent=61457"}],"wp:term":[{"taxonomy":"category","embeddable":true,"href":"https:\/\/www.africa-press.net\/cameroun\/wp-json\/wp\/v2\/categories?post=61457"},{"taxonomy":"post_tag","embeddable":true,"href":"https:\/\/www.africa-press.net\/cameroun\/wp-json\/wp\/v2\/tags?post=61457"}],"curies":[{"name":"wp","href":"https:\/\/api.w.org\/{rel}","templated":true}]}}