{"id":61461,"date":"2024-02-17T22:37:35","date_gmt":"2024-02-17T22:37:35","guid":{"rendered":"https:\/\/www.africa-press.net\/cameroun\/politique\/afrique-le-cameroun-abrite-des-travaux-visant-a-faciliter-la-transition-ecole-college"},"modified":"2024-02-18T16:24:40","modified_gmt":"2024-02-18T16:24:40","slug":"afrique-le-cameroun-abrite-des-travaux-visant-a-faciliter-la-transition-ecole-college","status":"publish","type":"post","link":"https:\/\/www.africa-press.net\/cameroun\/toutes-les-actualites\/afrique-le-cameroun-abrite-des-travaux-visant-a-faciliter-la-transition-ecole-college","title":{"rendered":"Afrique : le Cameroun abrite des travaux visant \u00e0 faciliter la transition \u00e9cole-coll\u00e8ge"},"content":{"rendered":"<p><span style=\"color: #ff6600\"><strong>Africa-Press &#8211; Cameroun. <\/strong><\/span><b>Les experts de plusieurs pays africains et de la France se re\u0301unissent a\u0300 Yaounde\u0301 du 14 au 16 fe\u0301vrier 2024, pour e\u0301valuer des projets sur la transition e\u0301cole-colle\u0300ge en Afrique.<\/b><\/p>\n<p>A travers le programme Apprendre, l\u2019Agence universitaire de la francophonie (AUF) a lance\u0301 en 2019, un appel a\u0300 projet de recherche en e\u0301ducation sur la the\u0301matique: \u2018\u2019<b>Accompagner le de\u0301veloppement du cycle fondamental: l\u2019enjeu de la transition e\u0301cole-colle\u0300ge<\/b>\u2019\u2019. Un se\u0301minaire est organise\u0301 a\u0300 Yaounde\u0301 du 14 au 16 fe\u0301vrier, pour pre\u0301senter les re\u0301sultats de 9 des 35 projets de recherche. Les responsables en charge de l\u2019e\u0301ducation et des experts du Be\u0301nin, du Tchad, du Togo, de la Co\u0302te d\u2019Ivoire, de la Guine\u0301e et de la Co\u0302te d\u2019Ivoire ont effectue\u0301 le de\u0301placement pour la circonstance.<\/p>\n<p>Afin de trouver des solutions pour ame\u0301liorer les syste\u0300mes e\u0301ducatifs et favoriser la transition e\u0301cole-colle\u0300ge, les chercheurs ont explore\u0301 plusieurs axes. Notamment, les infrastructures, les changements dans les pratiques enseignantes, la pe\u0301dagogie, l\u2019impact de la condition sociale des e\u0301le\u0300ves, la ge\u0301ographie des colle\u0300ges. Aussi la formation et l\u2019existence re\u0301elle des enseignants.<\/p>\n<p>Il s\u2019agit pendant les trois jours de se\u0301minaire, de restituer les axes the\u0301matiques qui permettraient de trouver des pistes pour re\u0301soudre le proble\u0300me qui se pose au niveau de la transition e\u0301cole-colle\u0300ge. Car selon la Banque mondiale, \u00ab on observe qu\u2019au moins trois enfants sur dix ne vont pas a\u0300 l\u2019e\u0301cole secondaire \u00bb, souligne au passage <b>Virginie Dago<\/b>, directrice de l\u2019Agence franc\u0327aise de de\u0301veloppement (AFD) au Cameroun.<\/p>\n<p>Ce se\u0301minaire permet aussi de: \u00ab croiser les regards pour re\u0301fle\u0301chir sur cette question, puisque nous avons des intervenants qui viennent de plusieurs pays d\u2019Afrique \u00bb, note le Pr Alain Kiyindo, directeur re\u0301gional, Afrique centrale et Grands Lacs de l\u2019Agence Universitaire de la Francophonie (AUF). Il ajoute qu\u2019au niveau du Cameroun, son institution a re\u0301alise\u0301 beaucoup d\u2019activite\u0301s. Notamment en renforc\u0327ant les capacite\u0301s des enseignants, en travaillant sur les curricula et en organisant un certain nombre d\u2019e\u0301ve\u0301nements pour renforcer la recherche dans le domaine de l\u2019e\u0301ducation,: \u00ab puisqu\u2019aujourd\u2019hui l\u2019e\u0301ducation est un enjeu majeur, aussi bien pour le Cameroun que pour le continent africain. \u00bb<\/p>\n<p>Le pre\u0301sident du Conseil scientifique du Programme Apprendre, <b>Pr Ibrahima Thioub<\/b>, admet qu\u2019il existe effectivement un proble\u0300me qui empe\u0302che de poursuivre l\u2019e\u0301cole apre\u0300s la classe de CM2. Il e\u0301voque entre autres, explosion de\u0301mographique et d\u2019autres causes techniques et mate\u0301rielles.<\/p>\n<p><strong>Pour plus d&rsquo;informations et d&rsquo;analyses sur la <a href=\"https:\/\/www.africa-press.net\/cameroun\">Cameroun<\/a>, suivez <a href=\"https:\/\/www.africa-press.net\/\">Africa-Press<\/a><\/strong><\/p>\n","protected":false},"excerpt":{"rendered":"<p>Africa-Press &#8211; Cameroun. Les experts de plusieurs pays africains et de la France se re\u0301unissent a\u0300 Yaounde\u0301 du 14 au 16 fe\u0301vrier 2024, pour e\u0301valuer des projets sur la transition e\u0301cole-colle\u0300ge en Afrique. A travers le programme Apprendre, l\u2019Agence universitaire de la francophonie (AUF) a lance\u0301 en 2019, un appel a\u0300 projet de recherche en [&hellip;]<\/p>\n","protected":false},"author":82,"featured_media":61460,"comment_status":"open","ping_status":"closed","sticky":false,"template":"","format":"standard","meta":{"footnotes":""},"categories":[21,10],"tags":[36,50,49],"class_list":["post-61461","post","type-post","status-publish","format-standard","has-post-thumbnail","hentry","category-communaute","category-toutes-les-actualites","tag-africa-press","tag-africa-press-cameroun","tag-cameroun"],"yoast_head":"<!-- This site is optimized with the Yoast SEO Premium plugin v26.1 (Yoast SEO v27.0) - https:\/\/yoast.com\/product\/yoast-seo-premium-wordpress\/ -->\n<title>Afrique : le Cameroun abrite des travaux visant \u00e0 faciliter la transition \u00e9cole-coll\u00e8ge - Cameroun<\/title>\n<meta name=\"description\" content=\"Les experts de plusieurs pays africains et de la France se re\u0301unissent a\u0300 Yaounde\u0301 du 14 au 16 fe\u0301vrier 2024, pour e\u0301 ...\" \/>\n<meta name=\"robots\" content=\"index, follow, max-snippet:-1, max-image-preview:large, max-video-preview:-1\" \/>\n<link rel=\"canonical\" href=\"https:\/\/www.africa-press.net\/cameroun\/toutes-les-actualites\/afrique-le-cameroun-abrite-des-travaux-visant-a-faciliter-la-transition-ecole-college\" \/>\n<meta property=\"og:locale\" content=\"fr_FR\" \/>\n<meta property=\"og:type\" content=\"article\" \/>\n<meta property=\"og:title\" content=\"Afrique : le Cameroun abrite des travaux visant \u00e0 faciliter la transition \u00e9cole-coll\u00e8ge\" \/>\n<meta property=\"og:description\" content=\"Les experts de plusieurs pays africains et de la France se re\u0301unissent a\u0300 Yaounde\u0301 du 14 au 16 fe\u0301vrier 2024, pour e\u0301 ...\" \/>\n<meta property=\"og:url\" content=\"https:\/\/www.africa-press.net\/cameroun\/toutes-les-actualites\/afrique-le-cameroun-abrite-des-travaux-visant-a-faciliter-la-transition-ecole-college\" \/>\n<meta property=\"og:site_name\" content=\"Cameroun\" \/>\n<meta property=\"article:published_time\" content=\"2024-02-17T22:37:35+00:00\" \/>\n<meta property=\"article:modified_time\" content=\"2024-02-18T16:24:40+00:00\" \/>\n<meta property=\"og:image\" content=\"https:\/\/static.africa-press.net\/cameroun\/sites\/57\/2024\/02\/sm_1708222826.756973.jpg\" \/>\n\t<meta property=\"og:image:width\" content=\"780\" \/>\n\t<meta property=\"og:image:height\" content=\"440\" \/>\n\t<meta property=\"og:image:type\" content=\"image\/jpeg\" \/>\n<meta name=\"author\" content=\"cfeditorfr\" \/>\n<meta name=\"twitter:card\" content=\"summary_large_image\" \/>\n<meta name=\"twitter:label1\" content=\"\u00c9crit par\" \/>\n\t<meta name=\"twitter:data1\" content=\"cfeditorfr\" \/>\n\t<meta name=\"twitter:label2\" content=\"Dur\u00e9e de lecture estim\u00e9e\" \/>\n\t<meta name=\"twitter:data2\" content=\"2 minutes\" \/>\n<script type=\"application\/ld+json\" class=\"yoast-schema-graph\">{\"@context\":\"https:\/\/schema.org\",\"@graph\":[{\"@type\":\"Article\",\"@id\":\"https:\/\/www.africa-press.net\/cameroun\/toutes-les-actualites\/afrique-le-cameroun-abrite-des-travaux-visant-a-faciliter-la-transition-ecole-college#article\",\"isPartOf\":{\"@id\":\"https:\/\/www.africa-press.net\/cameroun\/toutes-les-actualites\/afrique-le-cameroun-abrite-des-travaux-visant-a-faciliter-la-transition-ecole-college\"},\"author\":{\"name\":\"cfeditorfr\",\"@id\":\"https:\/\/www.africa-press.net\/cameroun\/#\/schema\/person\/2b1cf3cd81a31e3cd26889ca66d677f1\"},\"headline\":\"Afrique : le Cameroun abrite des travaux visant \u00e0 faciliter la transition \u00e9cole-coll\u00e8ge\",\"datePublished\":\"2024-02-17T22:37:35+00:00\",\"dateModified\":\"2024-02-18T16:24:40+00:00\",\"mainEntityOfPage\":{\"@id\":\"https:\/\/www.africa-press.net\/cameroun\/toutes-les-actualites\/afrique-le-cameroun-abrite-des-travaux-visant-a-faciliter-la-transition-ecole-college\"},\"wordCount\":479,\"commentCount\":0,\"image\":{\"@id\":\"https:\/\/www.africa-press.net\/cameroun\/toutes-les-actualites\/afrique-le-cameroun-abrite-des-travaux-visant-a-faciliter-la-transition-ecole-college#primaryimage\"},\"thumbnailUrl\":\"https:\/\/static.africa-press.net\/cameroun\/sites\/57\/2024\/02\/sm_1708222826.756973.jpg\",\"keywords\":[\"Africa Press\",\"Africa Press-Cameroun\",\"Cameroun\"],\"articleSection\":[\"Communaut\u00e9\",\"Toutes les actualit\u00e9s\"],\"inLanguage\":\"fr-FR\",\"potentialAction\":[{\"@type\":\"CommentAction\",\"name\":\"Comment\",\"target\":[\"https:\/\/www.africa-press.net\/cameroun\/toutes-les-actualites\/afrique-le-cameroun-abrite-des-travaux-visant-a-faciliter-la-transition-ecole-college#respond\"]}]},{\"@type\":\"WebPage\",\"@id\":\"https:\/\/www.africa-press.net\/cameroun\/toutes-les-actualites\/afrique-le-cameroun-abrite-des-travaux-visant-a-faciliter-la-transition-ecole-college\",\"url\":\"https:\/\/www.africa-press.net\/cameroun\/toutes-les-actualites\/afrique-le-cameroun-abrite-des-travaux-visant-a-faciliter-la-transition-ecole-college\",\"name\":\"Afrique : le Cameroun abrite des travaux visant \u00e0 faciliter la transition \u00e9cole-coll\u00e8ge - Cameroun\",\"isPartOf\":{\"@id\":\"https:\/\/www.africa-press.net\/cameroun\/#website\"},\"primaryImageOfPage\":{\"@id\":\"https:\/\/www.africa-press.net\/cameroun\/toutes-les-actualites\/afrique-le-cameroun-abrite-des-travaux-visant-a-faciliter-la-transition-ecole-college#primaryimage\"},\"image\":{\"@id\":\"https:\/\/www.africa-press.net\/cameroun\/toutes-les-actualites\/afrique-le-cameroun-abrite-des-travaux-visant-a-faciliter-la-transition-ecole-college#primaryimage\"},\"thumbnailUrl\":\"https:\/\/static.africa-press.net\/cameroun\/sites\/57\/2024\/02\/sm_1708222826.756973.jpg\",\"datePublished\":\"2024-02-17T22:37:35+00:00\",\"dateModified\":\"2024-02-18T16:24:40+00:00\",\"author\":{\"@id\":\"https:\/\/www.africa-press.net\/cameroun\/#\/schema\/person\/2b1cf3cd81a31e3cd26889ca66d677f1\"},\"description\":\"Les experts de plusieurs pays africains et de la France se re\u0301unissent a\u0300 Yaounde\u0301 du 14 au 16 fe\u0301vrier 2024, pour e\u0301 ...\",\"breadcrumb\":{\"@id\":\"https:\/\/www.africa-press.net\/cameroun\/toutes-les-actualites\/afrique-le-cameroun-abrite-des-travaux-visant-a-faciliter-la-transition-ecole-college#breadcrumb\"},\"inLanguage\":\"fr-FR\",\"potentialAction\":[{\"@type\":\"ReadAction\",\"target\":[\"https:\/\/www.africa-press.net\/cameroun\/toutes-les-actualites\/afrique-le-cameroun-abrite-des-travaux-visant-a-faciliter-la-transition-ecole-college\"]}]},{\"@type\":\"ImageObject\",\"inLanguage\":\"fr-FR\",\"@id\":\"https:\/\/www.africa-press.net\/cameroun\/toutes-les-actualites\/afrique-le-cameroun-abrite-des-travaux-visant-a-faciliter-la-transition-ecole-college#primaryimage\",\"url\":\"https:\/\/static.africa-press.net\/cameroun\/sites\/57\/2024\/02\/sm_1708222826.756973.jpg\",\"contentUrl\":\"https:\/\/static.africa-press.net\/cameroun\/sites\/57\/2024\/02\/sm_1708222826.756973.jpg\",\"width\":780,\"height\":440,\"caption\":\"Afrique : le Cameroun abrite des travaux visant \u00e0 faciliter la transition \u00e9cole-coll\u00e8ge\"},{\"@type\":\"BreadcrumbList\",\"@id\":\"https:\/\/www.africa-press.net\/cameroun\/toutes-les-actualites\/afrique-le-cameroun-abrite-des-travaux-visant-a-faciliter-la-transition-ecole-college#breadcrumb\",\"itemListElement\":[{\"@type\":\"ListItem\",\"position\":1,\"name\":\"Accueil\",\"item\":\"https:\/\/www.africa-press.net\/cameroun\/\"},{\"@type\":\"ListItem\",\"position\":2,\"name\":\"Afrique : le Cameroun abrite des travaux visant \u00e0 faciliter la transition \u00e9cole-coll\u00e8ge\"}]},{\"@type\":\"WebSite\",\"@id\":\"https:\/\/www.africa-press.net\/cameroun\/#website\",\"url\":\"https:\/\/www.africa-press.net\/cameroun\/\",\"name\":\"Cameroun\",\"description\":\"Just another Africa News Agency Sites site\",\"potentialAction\":[{\"@type\":\"SearchAction\",\"target\":{\"@type\":\"EntryPoint\",\"urlTemplate\":\"https:\/\/www.africa-press.net\/cameroun\/?s={search_term_string}\"},\"query-input\":{\"@type\":\"PropertyValueSpecification\",\"valueRequired\":true,\"valueName\":\"search_term_string\"}}],\"inLanguage\":\"fr-FR\"},{\"@type\":\"Person\",\"@id\":\"https:\/\/www.africa-press.net\/cameroun\/#\/schema\/person\/2b1cf3cd81a31e3cd26889ca66d677f1\",\"name\":\"cfeditorfr\"}]}<\/script>\n<!-- \/ Yoast SEO Premium plugin. -->","yoast_head_json":{"title":"Afrique : le Cameroun abrite des travaux visant \u00e0 faciliter la transition \u00e9cole-coll\u00e8ge - Cameroun","description":"Les experts de plusieurs pays africains et de la France se re\u0301unissent a\u0300 Yaounde\u0301 du 14 au 16 fe\u0301vrier 2024, pour e\u0301 ...","robots":{"index":"index","follow":"follow","max-snippet":"max-snippet:-1","max-image-preview":"max-image-preview:large","max-video-preview":"max-video-preview:-1"},"canonical":"https:\/\/www.africa-press.net\/cameroun\/toutes-les-actualites\/afrique-le-cameroun-abrite-des-travaux-visant-a-faciliter-la-transition-ecole-college","og_locale":"fr_FR","og_type":"article","og_title":"Afrique : le Cameroun abrite des travaux visant \u00e0 faciliter la transition \u00e9cole-coll\u00e8ge","og_description":"Les experts de plusieurs pays africains et de la France se re\u0301unissent a\u0300 Yaounde\u0301 du 14 au 16 fe\u0301vrier 2024, pour e\u0301 ...","og_url":"https:\/\/www.africa-press.net\/cameroun\/toutes-les-actualites\/afrique-le-cameroun-abrite-des-travaux-visant-a-faciliter-la-transition-ecole-college","og_site_name":"Cameroun","article_published_time":"2024-02-17T22:37:35+00:00","article_modified_time":"2024-02-18T16:24:40+00:00","og_image":[{"width":780,"height":440,"url":"https:\/\/static.africa-press.net\/cameroun\/sites\/57\/2024\/02\/sm_1708222826.756973.jpg","type":"image\/jpeg"}],"author":"cfeditorfr","twitter_card":"summary_large_image","twitter_misc":{"\u00c9crit par":"cfeditorfr","Dur\u00e9e de lecture estim\u00e9e":"2 minutes"},"schema":{"@context":"https:\/\/schema.org","@graph":[{"@type":"Article","@id":"https:\/\/www.africa-press.net\/cameroun\/toutes-les-actualites\/afrique-le-cameroun-abrite-des-travaux-visant-a-faciliter-la-transition-ecole-college#article","isPartOf":{"@id":"https:\/\/www.africa-press.net\/cameroun\/toutes-les-actualites\/afrique-le-cameroun-abrite-des-travaux-visant-a-faciliter-la-transition-ecole-college"},"author":{"name":"cfeditorfr","@id":"https:\/\/www.africa-press.net\/cameroun\/#\/schema\/person\/2b1cf3cd81a31e3cd26889ca66d677f1"},"headline":"Afrique : le Cameroun abrite des travaux visant \u00e0 faciliter la transition \u00e9cole-coll\u00e8ge","datePublished":"2024-02-17T22:37:35+00:00","dateModified":"2024-02-18T16:24:40+00:00","mainEntityOfPage":{"@id":"https:\/\/www.africa-press.net\/cameroun\/toutes-les-actualites\/afrique-le-cameroun-abrite-des-travaux-visant-a-faciliter-la-transition-ecole-college"},"wordCount":479,"commentCount":0,"image":{"@id":"https:\/\/www.africa-press.net\/cameroun\/toutes-les-actualites\/afrique-le-cameroun-abrite-des-travaux-visant-a-faciliter-la-transition-ecole-college#primaryimage"},"thumbnailUrl":"https:\/\/static.africa-press.net\/cameroun\/sites\/57\/2024\/02\/sm_1708222826.756973.jpg","keywords":["Africa Press","Africa Press-Cameroun","Cameroun"],"articleSection":["Communaut\u00e9","Toutes les actualit\u00e9s"],"inLanguage":"fr-FR","potentialAction":[{"@type":"CommentAction","name":"Comment","target":["https:\/\/www.africa-press.net\/cameroun\/toutes-les-actualites\/afrique-le-cameroun-abrite-des-travaux-visant-a-faciliter-la-transition-ecole-college#respond"]}]},{"@type":"WebPage","@id":"https:\/\/www.africa-press.net\/cameroun\/toutes-les-actualites\/afrique-le-cameroun-abrite-des-travaux-visant-a-faciliter-la-transition-ecole-college","url":"https:\/\/www.africa-press.net\/cameroun\/toutes-les-actualites\/afrique-le-cameroun-abrite-des-travaux-visant-a-faciliter-la-transition-ecole-college","name":"Afrique : le Cameroun abrite des travaux visant \u00e0 faciliter la transition \u00e9cole-coll\u00e8ge - Cameroun","isPartOf":{"@id":"https:\/\/www.africa-press.net\/cameroun\/#website"},"primaryImageOfPage":{"@id":"https:\/\/www.africa-press.net\/cameroun\/toutes-les-actualites\/afrique-le-cameroun-abrite-des-travaux-visant-a-faciliter-la-transition-ecole-college#primaryimage"},"image":{"@id":"https:\/\/www.africa-press.net\/cameroun\/toutes-les-actualites\/afrique-le-cameroun-abrite-des-travaux-visant-a-faciliter-la-transition-ecole-college#primaryimage"},"thumbnailUrl":"https:\/\/static.africa-press.net\/cameroun\/sites\/57\/2024\/02\/sm_1708222826.756973.jpg","datePublished":"2024-02-17T22:37:35+00:00","dateModified":"2024-02-18T16:24:40+00:00","author":{"@id":"https:\/\/www.africa-press.net\/cameroun\/#\/schema\/person\/2b1cf3cd81a31e3cd26889ca66d677f1"},"description":"Les experts de plusieurs pays africains et de la France se re\u0301unissent a\u0300 Yaounde\u0301 du 14 au 16 fe\u0301vrier 2024, pour e\u0301 ...","breadcrumb":{"@id":"https:\/\/www.africa-press.net\/cameroun\/toutes-les-actualites\/afrique-le-cameroun-abrite-des-travaux-visant-a-faciliter-la-transition-ecole-college#breadcrumb"},"inLanguage":"fr-FR","potentialAction":[{"@type":"ReadAction","target":["https:\/\/www.africa-press.net\/cameroun\/toutes-les-actualites\/afrique-le-cameroun-abrite-des-travaux-visant-a-faciliter-la-transition-ecole-college"]}]},{"@type":"ImageObject","inLanguage":"fr-FR","@id":"https:\/\/www.africa-press.net\/cameroun\/toutes-les-actualites\/afrique-le-cameroun-abrite-des-travaux-visant-a-faciliter-la-transition-ecole-college#primaryimage","url":"https:\/\/static.africa-press.net\/cameroun\/sites\/57\/2024\/02\/sm_1708222826.756973.jpg","contentUrl":"https:\/\/static.africa-press.net\/cameroun\/sites\/57\/2024\/02\/sm_1708222826.756973.jpg","width":780,"height":440,"caption":"Afrique : le Cameroun abrite des travaux visant \u00e0 faciliter la transition \u00e9cole-coll\u00e8ge"},{"@type":"BreadcrumbList","@id":"https:\/\/www.africa-press.net\/cameroun\/toutes-les-actualites\/afrique-le-cameroun-abrite-des-travaux-visant-a-faciliter-la-transition-ecole-college#breadcrumb","itemListElement":[{"@type":"ListItem","position":1,"name":"Accueil","item":"https:\/\/www.africa-press.net\/cameroun\/"},{"@type":"ListItem","position":2,"name":"Afrique : le Cameroun abrite des travaux visant \u00e0 faciliter la transition \u00e9cole-coll\u00e8ge"}]},{"@type":"WebSite","@id":"https:\/\/www.africa-press.net\/cameroun\/#website","url":"https:\/\/www.africa-press.net\/cameroun\/","name":"Cameroun","description":"Just another Africa News Agency Sites site","potentialAction":[{"@type":"SearchAction","target":{"@type":"EntryPoint","urlTemplate":"https:\/\/www.africa-press.net\/cameroun\/?s={search_term_string}"},"query-input":{"@type":"PropertyValueSpecification","valueRequired":true,"valueName":"search_term_string"}}],"inLanguage":"fr-FR"},{"@type":"Person","@id":"https:\/\/www.africa-press.net\/cameroun\/#\/schema\/person\/2b1cf3cd81a31e3cd26889ca66d677f1","name":"cfeditorfr"}]}},"_links":{"self":[{"href":"https:\/\/www.africa-press.net\/cameroun\/wp-json\/wp\/v2\/posts\/61461","targetHints":{"allow":["GET"]}}],"collection":[{"href":"https:\/\/www.africa-press.net\/cameroun\/wp-json\/wp\/v2\/posts"}],"about":[{"href":"https:\/\/www.africa-press.net\/cameroun\/wp-json\/wp\/v2\/types\/post"}],"author":[{"embeddable":true,"href":"https:\/\/www.africa-press.net\/cameroun\/wp-json\/wp\/v2\/users\/82"}],"replies":[{"embeddable":true,"href":"https:\/\/www.africa-press.net\/cameroun\/wp-json\/wp\/v2\/comments?post=61461"}],"version-history":[{"count":0,"href":"https:\/\/www.africa-press.net\/cameroun\/wp-json\/wp\/v2\/posts\/61461\/revisions"}],"wp:featuredmedia":[{"embeddable":true,"href":"https:\/\/www.africa-press.net\/cameroun\/wp-json\/wp\/v2\/media\/61460"}],"wp:attachment":[{"href":"https:\/\/www.africa-press.net\/cameroun\/wp-json\/wp\/v2\/media?parent=61461"}],"wp:term":[{"taxonomy":"category","embeddable":true,"href":"https:\/\/www.africa-press.net\/cameroun\/wp-json\/wp\/v2\/categories?post=61461"},{"taxonomy":"post_tag","embeddable":true,"href":"https:\/\/www.africa-press.net\/cameroun\/wp-json\/wp\/v2\/tags?post=61461"}],"curies":[{"name":"wp","href":"https:\/\/api.w.org\/{rel}","templated":true}]}}