{"id":61463,"date":"2024-02-17T22:37:41","date_gmt":"2024-02-17T22:37:41","guid":{"rendered":"https:\/\/www.africa-press.net\/cameroun\/politique\/competence-jean-paul-simo-djonou-nouveau-directeur-general-de-cotco"},"modified":"2024-02-18T16:24:59","modified_gmt":"2024-02-18T16:24:59","slug":"competence-jean-paul-simo-djonou-nouveau-directeur-general-de-cotco","status":"publish","type":"post","link":"https:\/\/www.africa-press.net\/cameroun\/toutes-les-actualites\/competence-jean-paul-simo-djonou-nouveau-directeur-general-de-cotco","title":{"rendered":"Comp\u00e9tence : Jean Paul Simo Djonou, nouveau directeur G\u00e9n\u00e9ral de Cotco"},"content":{"rendered":"<p><span style=\"color: #ff6600\"><strong>Africa-Press &#8211; Cameroun. <\/strong><\/span><b>L\u2019ancien Directeur Ge\u0301ne\u0301ral de la Sonara vient d\u2019e\u0302tre porte\u0301 a\u0300 la te\u0302te de Cameroon Oil Transportation Company (COTCO), en remplacement de Harouna Bako.<\/b><\/p>\n<p>Harouna Bako et Jean Paul Simo Djonou se permutent les fauteuils. De\u0301barque\u0301 de la Sonara, Simo Djonou a he\u0301rite\u0301 de Cotco dont, Harouna Bako a e\u0301te\u0301 enleve\u0301 pour le remplacer a\u0300 la Sonara.<\/p>\n<p>Cependant, les Tchadiens expriment leur de\u0301sapprobation envers cette nomination, en raison du passage controverse\u0301 de Simo Djonou Jean Paul a\u0300 la SONARA. Son mandat a\u0300 la te\u0302te de la SONARA a e\u0301te\u0301 marque\u0301 par des pole\u0301miques, notamment son implication dans le scandale de l\u2019assurance de la SONARA, qui pourrait cou\u0302ter pre\u0300s de 200 milliards de Fcfa a\u0300 l\u2019E\u0301tat camerounais.<\/p>\n<p>La dette en question est ne\u0301e du fait que la Sonara n\u2019e\u0301tait pas assure\u0301e avant l\u2019incendie. Selon les me\u0301dias Jean Paul Simo Djonou attendait les instructions de son mentor, le secre\u0301taire ge\u0301ne\u0301ral de la pre\u0301sidence de la Re\u0301publique, Ferdinand Ngoh Ngoh. L\u2019incendie s\u2019est donc de\u0301clenche\u0301 au moment ou\u0300 l\u2019assurance n\u2019avait pas e\u0301te\u0301 renouvele\u0301e.<\/p>\n<p>En effet, sa candidature suscite l\u2019ire des Tchadiens qui contro\u0302lent l\u2019entreprise a\u0300 hauteur 74,83% contre 25,17% au Cameroun a\u0300 qui e\u0301choit le poste, d\u2019apre\u0300s les statuts vote\u0301s en assemble\u0301e ge\u0301ne\u0301rale a\u0300 Paris le 24 mai 2023 et qui consacrent la rotation a\u0300 cette fonction entre les deux pays.<\/p>\n<p>Dans ce contexte, Jean Paul Simo Djonou est confronte\u0301 a\u0300 d\u2019importants de\u0301fis, notamment la restructuration de l\u2019entreprise et la restauration de la confiance des parties prenantes. La re\u0301ussite de sa mission de\u0301pendra de sa capacite\u0301 a\u0300 naviguer dans ces eaux tumultueuses et a\u0300 instaurer une gestion transparente et responsable au sein de la COTCO.<\/p>\n<p><b>Qui est l\u2019homme?<\/b><\/p>\n<p>Ne\u0301 le 05 de\u0301cembre 1964, Jean-Paul Simo Njonou est originaire du de\u0301partement des Hauts-Plateaux, dans la re\u0301gion de l\u2019Ouest. Diplo\u0302me\u0301 en Droit prive\u0301, Droit des affaires et Droit communautaire, il a occupe\u0301 de hautes fonctions dans l\u2019administration camerounaise. Le nouveau DG de Cotco a e\u0301te\u0301 Pre\u0301sident du conseil d\u2019administration du Port autonome de Kribi ; membre du conseil d\u2019administration d\u2019Electricity Development Corporation (EDC) et membre de la commission spe\u0301ciale des marche\u0301s du Comite\u0301 de pilotage et de suivi des pipelines (CPSP), loge\u0301 a\u0300 la Socie\u0301te\u0301 nationale des hydrocarbures entre-autre fonctions.<\/p>\n<p><strong>Pour plus d&rsquo;informations et d&rsquo;analyses sur la <a href=\"https:\/\/www.africa-press.net\/cameroun\">Cameroun<\/a>, suivez <a href=\"https:\/\/www.africa-press.net\/\">Africa-Press<\/a><\/strong><\/p>\n","protected":false},"excerpt":{"rendered":"<p>Africa-Press &#8211; Cameroun. L\u2019ancien Directeur Ge\u0301ne\u0301ral de la Sonara vient d\u2019e\u0302tre porte\u0301 a\u0300 la te\u0302te de Cameroon Oil Transportation Company (COTCO), en remplacement de Harouna Bako. Harouna Bako et Jean Paul Simo Djonou se permutent les fauteuils. De\u0301barque\u0301 de la Sonara, Simo Djonou a he\u0301rite\u0301 de Cotco dont, Harouna Bako a e\u0301te\u0301 enleve\u0301 pour le [&hellip;]<\/p>\n","protected":false},"author":82,"featured_media":61462,"comment_status":"open","ping_status":"closed","sticky":false,"template":"","format":"standard","meta":{"footnotes":""},"categories":[21,10],"tags":[36,50,49],"class_list":["post-61463","post","type-post","status-publish","format-standard","has-post-thumbnail","hentry","category-communaute","category-toutes-les-actualites","tag-africa-press","tag-africa-press-cameroun","tag-cameroun"],"yoast_head":"<!-- This site is optimized with the Yoast SEO Premium plugin v26.1 (Yoast SEO v27.0) - https:\/\/yoast.com\/product\/yoast-seo-premium-wordpress\/ -->\n<title>Comp\u00e9tence : Jean Paul Simo Djonou, nouveau directeur G\u00e9n\u00e9ral de Cotco - Cameroun<\/title>\n<meta name=\"description\" content=\"L\u2019ancien Directeur Ge\u0301ne\u0301ral de la Sonara vient d\u2019e\u0302tre porte\u0301 a\u0300 la te\u0302te de Cameroon Oil Transportation Company (CO ...\" \/>\n<meta name=\"robots\" content=\"index, follow, max-snippet:-1, max-image-preview:large, max-video-preview:-1\" \/>\n<link rel=\"canonical\" href=\"https:\/\/www.africa-press.net\/cameroun\/toutes-les-actualites\/competence-jean-paul-simo-djonou-nouveau-directeur-general-de-cotco\" \/>\n<meta property=\"og:locale\" content=\"fr_FR\" \/>\n<meta property=\"og:type\" content=\"article\" \/>\n<meta property=\"og:title\" content=\"Comp\u00e9tence : Jean Paul Simo Djonou, nouveau directeur G\u00e9n\u00e9ral de Cotco\" \/>\n<meta property=\"og:description\" content=\"L\u2019ancien Directeur Ge\u0301ne\u0301ral de la Sonara vient d\u2019e\u0302tre porte\u0301 a\u0300 la te\u0302te de Cameroon Oil Transportation Company (CO ...\" \/>\n<meta property=\"og:url\" content=\"https:\/\/www.africa-press.net\/cameroun\/toutes-les-actualites\/competence-jean-paul-simo-djonou-nouveau-directeur-general-de-cotco\" \/>\n<meta property=\"og:site_name\" content=\"Cameroun\" \/>\n<meta property=\"article:published_time\" content=\"2024-02-17T22:37:41+00:00\" \/>\n<meta property=\"article:modified_time\" content=\"2024-02-18T16:24:59+00:00\" \/>\n<meta property=\"og:image\" content=\"https:\/\/static.africa-press.net\/cameroun\/sites\/57\/2024\/02\/sm_1708222852.109335.jpg\" \/>\n\t<meta property=\"og:image:width\" content=\"780\" \/>\n\t<meta property=\"og:image:height\" content=\"440\" \/>\n\t<meta property=\"og:image:type\" content=\"image\/jpeg\" \/>\n<meta name=\"author\" content=\"cfeditorfr\" \/>\n<meta name=\"twitter:card\" content=\"summary_large_image\" \/>\n<meta name=\"twitter:label1\" content=\"\u00c9crit par\" \/>\n\t<meta name=\"twitter:data1\" content=\"cfeditorfr\" \/>\n\t<meta name=\"twitter:label2\" content=\"Dur\u00e9e de lecture estim\u00e9e\" \/>\n\t<meta name=\"twitter:data2\" content=\"2 minutes\" \/>\n<script type=\"application\/ld+json\" class=\"yoast-schema-graph\">{\"@context\":\"https:\/\/schema.org\",\"@graph\":[{\"@type\":\"Article\",\"@id\":\"https:\/\/www.africa-press.net\/cameroun\/toutes-les-actualites\/competence-jean-paul-simo-djonou-nouveau-directeur-general-de-cotco#article\",\"isPartOf\":{\"@id\":\"https:\/\/www.africa-press.net\/cameroun\/toutes-les-actualites\/competence-jean-paul-simo-djonou-nouveau-directeur-general-de-cotco\"},\"author\":{\"name\":\"cfeditorfr\",\"@id\":\"https:\/\/www.africa-press.net\/cameroun\/#\/schema\/person\/2b1cf3cd81a31e3cd26889ca66d677f1\"},\"headline\":\"Comp\u00e9tence : Jean Paul Simo Djonou, nouveau directeur G\u00e9n\u00e9ral de Cotco\",\"datePublished\":\"2024-02-17T22:37:41+00:00\",\"dateModified\":\"2024-02-18T16:24:59+00:00\",\"mainEntityOfPage\":{\"@id\":\"https:\/\/www.africa-press.net\/cameroun\/toutes-les-actualites\/competence-jean-paul-simo-djonou-nouveau-directeur-general-de-cotco\"},\"wordCount\":449,\"commentCount\":0,\"image\":{\"@id\":\"https:\/\/www.africa-press.net\/cameroun\/toutes-les-actualites\/competence-jean-paul-simo-djonou-nouveau-directeur-general-de-cotco#primaryimage\"},\"thumbnailUrl\":\"https:\/\/static.africa-press.net\/cameroun\/sites\/57\/2024\/02\/sm_1708222852.109335.jpg\",\"keywords\":[\"Africa Press\",\"Africa Press-Cameroun\",\"Cameroun\"],\"articleSection\":[\"Communaut\u00e9\",\"Toutes les actualit\u00e9s\"],\"inLanguage\":\"fr-FR\",\"potentialAction\":[{\"@type\":\"CommentAction\",\"name\":\"Comment\",\"target\":[\"https:\/\/www.africa-press.net\/cameroun\/toutes-les-actualites\/competence-jean-paul-simo-djonou-nouveau-directeur-general-de-cotco#respond\"]}]},{\"@type\":\"WebPage\",\"@id\":\"https:\/\/www.africa-press.net\/cameroun\/toutes-les-actualites\/competence-jean-paul-simo-djonou-nouveau-directeur-general-de-cotco\",\"url\":\"https:\/\/www.africa-press.net\/cameroun\/toutes-les-actualites\/competence-jean-paul-simo-djonou-nouveau-directeur-general-de-cotco\",\"name\":\"Comp\u00e9tence : Jean Paul Simo Djonou, nouveau directeur G\u00e9n\u00e9ral de Cotco - Cameroun\",\"isPartOf\":{\"@id\":\"https:\/\/www.africa-press.net\/cameroun\/#website\"},\"primaryImageOfPage\":{\"@id\":\"https:\/\/www.africa-press.net\/cameroun\/toutes-les-actualites\/competence-jean-paul-simo-djonou-nouveau-directeur-general-de-cotco#primaryimage\"},\"image\":{\"@id\":\"https:\/\/www.africa-press.net\/cameroun\/toutes-les-actualites\/competence-jean-paul-simo-djonou-nouveau-directeur-general-de-cotco#primaryimage\"},\"thumbnailUrl\":\"https:\/\/static.africa-press.net\/cameroun\/sites\/57\/2024\/02\/sm_1708222852.109335.jpg\",\"datePublished\":\"2024-02-17T22:37:41+00:00\",\"dateModified\":\"2024-02-18T16:24:59+00:00\",\"author\":{\"@id\":\"https:\/\/www.africa-press.net\/cameroun\/#\/schema\/person\/2b1cf3cd81a31e3cd26889ca66d677f1\"},\"description\":\"L\u2019ancien Directeur Ge\u0301ne\u0301ral de la Sonara vient d\u2019e\u0302tre porte\u0301 a\u0300 la te\u0302te de Cameroon Oil Transportation Company (CO ...\",\"breadcrumb\":{\"@id\":\"https:\/\/www.africa-press.net\/cameroun\/toutes-les-actualites\/competence-jean-paul-simo-djonou-nouveau-directeur-general-de-cotco#breadcrumb\"},\"inLanguage\":\"fr-FR\",\"potentialAction\":[{\"@type\":\"ReadAction\",\"target\":[\"https:\/\/www.africa-press.net\/cameroun\/toutes-les-actualites\/competence-jean-paul-simo-djonou-nouveau-directeur-general-de-cotco\"]}]},{\"@type\":\"ImageObject\",\"inLanguage\":\"fr-FR\",\"@id\":\"https:\/\/www.africa-press.net\/cameroun\/toutes-les-actualites\/competence-jean-paul-simo-djonou-nouveau-directeur-general-de-cotco#primaryimage\",\"url\":\"https:\/\/static.africa-press.net\/cameroun\/sites\/57\/2024\/02\/sm_1708222852.109335.jpg\",\"contentUrl\":\"https:\/\/static.africa-press.net\/cameroun\/sites\/57\/2024\/02\/sm_1708222852.109335.jpg\",\"width\":780,\"height\":440,\"caption\":\"Comp\u00e9tence : Jean Paul Simo Djonou, nouveau directeur G\u00e9n\u00e9ral de Cotco\"},{\"@type\":\"BreadcrumbList\",\"@id\":\"https:\/\/www.africa-press.net\/cameroun\/toutes-les-actualites\/competence-jean-paul-simo-djonou-nouveau-directeur-general-de-cotco#breadcrumb\",\"itemListElement\":[{\"@type\":\"ListItem\",\"position\":1,\"name\":\"Accueil\",\"item\":\"https:\/\/www.africa-press.net\/cameroun\/\"},{\"@type\":\"ListItem\",\"position\":2,\"name\":\"Comp\u00e9tence : Jean Paul Simo Djonou, nouveau directeur G\u00e9n\u00e9ral de Cotco\"}]},{\"@type\":\"WebSite\",\"@id\":\"https:\/\/www.africa-press.net\/cameroun\/#website\",\"url\":\"https:\/\/www.africa-press.net\/cameroun\/\",\"name\":\"Cameroun\",\"description\":\"Just another Africa News Agency Sites site\",\"potentialAction\":[{\"@type\":\"SearchAction\",\"target\":{\"@type\":\"EntryPoint\",\"urlTemplate\":\"https:\/\/www.africa-press.net\/cameroun\/?s={search_term_string}\"},\"query-input\":{\"@type\":\"PropertyValueSpecification\",\"valueRequired\":true,\"valueName\":\"search_term_string\"}}],\"inLanguage\":\"fr-FR\"},{\"@type\":\"Person\",\"@id\":\"https:\/\/www.africa-press.net\/cameroun\/#\/schema\/person\/2b1cf3cd81a31e3cd26889ca66d677f1\",\"name\":\"cfeditorfr\"}]}<\/script>\n<!-- \/ Yoast SEO Premium plugin. -->","yoast_head_json":{"title":"Comp\u00e9tence : Jean Paul Simo Djonou, nouveau directeur G\u00e9n\u00e9ral de Cotco - Cameroun","description":"L\u2019ancien Directeur Ge\u0301ne\u0301ral de la Sonara vient d\u2019e\u0302tre porte\u0301 a\u0300 la te\u0302te de Cameroon Oil Transportation Company (CO ...","robots":{"index":"index","follow":"follow","max-snippet":"max-snippet:-1","max-image-preview":"max-image-preview:large","max-video-preview":"max-video-preview:-1"},"canonical":"https:\/\/www.africa-press.net\/cameroun\/toutes-les-actualites\/competence-jean-paul-simo-djonou-nouveau-directeur-general-de-cotco","og_locale":"fr_FR","og_type":"article","og_title":"Comp\u00e9tence : Jean Paul Simo Djonou, nouveau directeur G\u00e9n\u00e9ral de Cotco","og_description":"L\u2019ancien Directeur Ge\u0301ne\u0301ral de la Sonara vient d\u2019e\u0302tre porte\u0301 a\u0300 la te\u0302te de Cameroon Oil Transportation Company (CO ...","og_url":"https:\/\/www.africa-press.net\/cameroun\/toutes-les-actualites\/competence-jean-paul-simo-djonou-nouveau-directeur-general-de-cotco","og_site_name":"Cameroun","article_published_time":"2024-02-17T22:37:41+00:00","article_modified_time":"2024-02-18T16:24:59+00:00","og_image":[{"width":780,"height":440,"url":"https:\/\/static.africa-press.net\/cameroun\/sites\/57\/2024\/02\/sm_1708222852.109335.jpg","type":"image\/jpeg"}],"author":"cfeditorfr","twitter_card":"summary_large_image","twitter_misc":{"\u00c9crit par":"cfeditorfr","Dur\u00e9e de lecture estim\u00e9e":"2 minutes"},"schema":{"@context":"https:\/\/schema.org","@graph":[{"@type":"Article","@id":"https:\/\/www.africa-press.net\/cameroun\/toutes-les-actualites\/competence-jean-paul-simo-djonou-nouveau-directeur-general-de-cotco#article","isPartOf":{"@id":"https:\/\/www.africa-press.net\/cameroun\/toutes-les-actualites\/competence-jean-paul-simo-djonou-nouveau-directeur-general-de-cotco"},"author":{"name":"cfeditorfr","@id":"https:\/\/www.africa-press.net\/cameroun\/#\/schema\/person\/2b1cf3cd81a31e3cd26889ca66d677f1"},"headline":"Comp\u00e9tence : Jean Paul Simo Djonou, nouveau directeur G\u00e9n\u00e9ral de Cotco","datePublished":"2024-02-17T22:37:41+00:00","dateModified":"2024-02-18T16:24:59+00:00","mainEntityOfPage":{"@id":"https:\/\/www.africa-press.net\/cameroun\/toutes-les-actualites\/competence-jean-paul-simo-djonou-nouveau-directeur-general-de-cotco"},"wordCount":449,"commentCount":0,"image":{"@id":"https:\/\/www.africa-press.net\/cameroun\/toutes-les-actualites\/competence-jean-paul-simo-djonou-nouveau-directeur-general-de-cotco#primaryimage"},"thumbnailUrl":"https:\/\/static.africa-press.net\/cameroun\/sites\/57\/2024\/02\/sm_1708222852.109335.jpg","keywords":["Africa Press","Africa Press-Cameroun","Cameroun"],"articleSection":["Communaut\u00e9","Toutes les actualit\u00e9s"],"inLanguage":"fr-FR","potentialAction":[{"@type":"CommentAction","name":"Comment","target":["https:\/\/www.africa-press.net\/cameroun\/toutes-les-actualites\/competence-jean-paul-simo-djonou-nouveau-directeur-general-de-cotco#respond"]}]},{"@type":"WebPage","@id":"https:\/\/www.africa-press.net\/cameroun\/toutes-les-actualites\/competence-jean-paul-simo-djonou-nouveau-directeur-general-de-cotco","url":"https:\/\/www.africa-press.net\/cameroun\/toutes-les-actualites\/competence-jean-paul-simo-djonou-nouveau-directeur-general-de-cotco","name":"Comp\u00e9tence : Jean Paul Simo Djonou, nouveau directeur G\u00e9n\u00e9ral de Cotco - Cameroun","isPartOf":{"@id":"https:\/\/www.africa-press.net\/cameroun\/#website"},"primaryImageOfPage":{"@id":"https:\/\/www.africa-press.net\/cameroun\/toutes-les-actualites\/competence-jean-paul-simo-djonou-nouveau-directeur-general-de-cotco#primaryimage"},"image":{"@id":"https:\/\/www.africa-press.net\/cameroun\/toutes-les-actualites\/competence-jean-paul-simo-djonou-nouveau-directeur-general-de-cotco#primaryimage"},"thumbnailUrl":"https:\/\/static.africa-press.net\/cameroun\/sites\/57\/2024\/02\/sm_1708222852.109335.jpg","datePublished":"2024-02-17T22:37:41+00:00","dateModified":"2024-02-18T16:24:59+00:00","author":{"@id":"https:\/\/www.africa-press.net\/cameroun\/#\/schema\/person\/2b1cf3cd81a31e3cd26889ca66d677f1"},"description":"L\u2019ancien Directeur Ge\u0301ne\u0301ral de la Sonara vient d\u2019e\u0302tre porte\u0301 a\u0300 la te\u0302te de Cameroon Oil Transportation Company (CO ...","breadcrumb":{"@id":"https:\/\/www.africa-press.net\/cameroun\/toutes-les-actualites\/competence-jean-paul-simo-djonou-nouveau-directeur-general-de-cotco#breadcrumb"},"inLanguage":"fr-FR","potentialAction":[{"@type":"ReadAction","target":["https:\/\/www.africa-press.net\/cameroun\/toutes-les-actualites\/competence-jean-paul-simo-djonou-nouveau-directeur-general-de-cotco"]}]},{"@type":"ImageObject","inLanguage":"fr-FR","@id":"https:\/\/www.africa-press.net\/cameroun\/toutes-les-actualites\/competence-jean-paul-simo-djonou-nouveau-directeur-general-de-cotco#primaryimage","url":"https:\/\/static.africa-press.net\/cameroun\/sites\/57\/2024\/02\/sm_1708222852.109335.jpg","contentUrl":"https:\/\/static.africa-press.net\/cameroun\/sites\/57\/2024\/02\/sm_1708222852.109335.jpg","width":780,"height":440,"caption":"Comp\u00e9tence : Jean Paul Simo Djonou, nouveau directeur G\u00e9n\u00e9ral de Cotco"},{"@type":"BreadcrumbList","@id":"https:\/\/www.africa-press.net\/cameroun\/toutes-les-actualites\/competence-jean-paul-simo-djonou-nouveau-directeur-general-de-cotco#breadcrumb","itemListElement":[{"@type":"ListItem","position":1,"name":"Accueil","item":"https:\/\/www.africa-press.net\/cameroun\/"},{"@type":"ListItem","position":2,"name":"Comp\u00e9tence : Jean Paul Simo Djonou, nouveau directeur G\u00e9n\u00e9ral de Cotco"}]},{"@type":"WebSite","@id":"https:\/\/www.africa-press.net\/cameroun\/#website","url":"https:\/\/www.africa-press.net\/cameroun\/","name":"Cameroun","description":"Just another Africa News Agency Sites site","potentialAction":[{"@type":"SearchAction","target":{"@type":"EntryPoint","urlTemplate":"https:\/\/www.africa-press.net\/cameroun\/?s={search_term_string}"},"query-input":{"@type":"PropertyValueSpecification","valueRequired":true,"valueName":"search_term_string"}}],"inLanguage":"fr-FR"},{"@type":"Person","@id":"https:\/\/www.africa-press.net\/cameroun\/#\/schema\/person\/2b1cf3cd81a31e3cd26889ca66d677f1","name":"cfeditorfr"}]}},"_links":{"self":[{"href":"https:\/\/www.africa-press.net\/cameroun\/wp-json\/wp\/v2\/posts\/61463","targetHints":{"allow":["GET"]}}],"collection":[{"href":"https:\/\/www.africa-press.net\/cameroun\/wp-json\/wp\/v2\/posts"}],"about":[{"href":"https:\/\/www.africa-press.net\/cameroun\/wp-json\/wp\/v2\/types\/post"}],"author":[{"embeddable":true,"href":"https:\/\/www.africa-press.net\/cameroun\/wp-json\/wp\/v2\/users\/82"}],"replies":[{"embeddable":true,"href":"https:\/\/www.africa-press.net\/cameroun\/wp-json\/wp\/v2\/comments?post=61463"}],"version-history":[{"count":0,"href":"https:\/\/www.africa-press.net\/cameroun\/wp-json\/wp\/v2\/posts\/61463\/revisions"}],"wp:featuredmedia":[{"embeddable":true,"href":"https:\/\/www.africa-press.net\/cameroun\/wp-json\/wp\/v2\/media\/61462"}],"wp:attachment":[{"href":"https:\/\/www.africa-press.net\/cameroun\/wp-json\/wp\/v2\/media?parent=61463"}],"wp:term":[{"taxonomy":"category","embeddable":true,"href":"https:\/\/www.africa-press.net\/cameroun\/wp-json\/wp\/v2\/categories?post=61463"},{"taxonomy":"post_tag","embeddable":true,"href":"https:\/\/www.africa-press.net\/cameroun\/wp-json\/wp\/v2\/tags?post=61463"}],"curies":[{"name":"wp","href":"https:\/\/api.w.org\/{rel}","templated":true}]}}