{"id":61479,"date":"2024-02-19T21:21:57","date_gmt":"2024-02-19T21:21:57","guid":{"rendered":"https:\/\/www.africa-press.net\/cameroun\/politique\/les-prix-du-taxi-ont-augmente-officiel"},"modified":"2024-02-20T16:24:05","modified_gmt":"2024-02-20T16:24:05","slug":"les-prix-du-taxi-ont-augmente-officiel","status":"publish","type":"post","link":"https:\/\/www.africa-press.net\/cameroun\/toutes-les-actualites\/les-prix-du-taxi-ont-augmente-officiel","title":{"rendered":"les prix du taxi ont augmente\u0301 (Officiel)"},"content":{"rendered":"<p><span style=\"color: #ff6600\"><strong>Africa-Press &#8211; Cameroun. <\/strong><\/span><b>L\u2019information ressort d\u2019une re\u0301union de concertation entre les acteurs cle\u0301s constituant le secteur ce 19 janvier 2024.<\/b><\/p>\n<p>A\u0300 la suite d\u2019une concertation entre le gouvernement et les organisations des transporteurs le 14 fe\u0301vrier, une liste de propositions a e\u0301te\u0301 remise au Mincommerce. Elle comprenait notamment, un re\u0301ajustement des prix et tarifs des transports urbains, pe\u0301riurbains et interurbains pour tenir compte de l\u2019impact de cette revalorisation sur les cou\u0302ts d\u2019exploitation.<\/p>\n<p>Ce 19 fe\u0301vrier, la de\u0301cision d\u2019une hausse des prix de transports a e\u0301te\u0301 ente\u0301rine\u0301e au cours d\u2019une assise entre le gouvernement, syndicat et associations de de\u0301fense des droits de consommateurs.<\/p>\n<p>En attente d\u2019une formalisation par un arre\u0302te\u0301 du premier ministre, les nouveaux tarifs sont: 350 F pour le ramassage de jour, soit une augmentation de 50 F par rapport au tarif ante\u0301ce\u0301dent et 400 F pour le ramassage de nuit soit la me\u0302me augmentation que de jour. Pour ce qui est du transport interurbain, la tarification est de 16F\/km<\/p>\n<p>Cette exigence de hausse des prix de transport e\u0301manant des transporteurs vise a\u0300 compenser la hausse des prix a\u0300 la pompe de 15% depuis le 3 fe\u0301vrier 2024.<\/p>\n<p>Malgre\u0301 les mesures envisage\u0301es telles que l\u2019augmentation des salaires dans la fonction publique et la revalorisation du Salaire minimum interprofessionnel garanti (SMIG), l\u2019Institut national de la statistique (INS) pre\u0301voit un taux d\u2019inflation de 7% pour l\u2019anne\u0301e 2024, en raison de l\u2019augmentation des prix des produits locaux et des incertitudes ge\u0301opolitiques.<\/p>\n<p><strong>Pour plus d&rsquo;informations et d&rsquo;analyses sur la <a href=\"https:\/\/www.africa-press.net\/cameroun\">Cameroun<\/a>, suivez <a href=\"https:\/\/www.africa-press.net\/\">Africa-Press<\/a><\/strong><\/p>\n","protected":false},"excerpt":{"rendered":"<p>Africa-Press &#8211; Cameroun. L\u2019information ressort d\u2019une re\u0301union de concertation entre les acteurs cle\u0301s constituant le secteur ce 19 janvier 2024. A\u0300 la suite d\u2019une concertation entre le gouvernement et les organisations des transporteurs le 14 fe\u0301vrier, une liste de propositions a e\u0301te\u0301 remise au Mincommerce. Elle comprenait notamment, un re\u0301ajustement des prix et tarifs des [&hellip;]<\/p>\n","protected":false},"author":82,"featured_media":61478,"comment_status":"open","ping_status":"closed","sticky":false,"template":"","format":"standard","meta":{"footnotes":""},"categories":[21,10],"tags":[36,50,49],"class_list":["post-61479","post","type-post","status-publish","format-standard","has-post-thumbnail","hentry","category-communaute","category-toutes-les-actualites","tag-africa-press","tag-africa-press-cameroun","tag-cameroun"],"yoast_head":"<!-- This site is optimized with the Yoast SEO Premium plugin v26.1 (Yoast SEO v27.0) - https:\/\/yoast.com\/product\/yoast-seo-premium-wordpress\/ -->\n<title>les prix du taxi ont augmente\u0301 (Officiel) - Cameroun<\/title>\n<meta name=\"description\" content=\"L\u2019information ressort d\u2019une re\u0301union de concertation entre les acteurs cle\u0301s constituant le secteur ce 19 janvier 202 ...\" \/>\n<meta name=\"robots\" content=\"index, follow, max-snippet:-1, max-image-preview:large, max-video-preview:-1\" \/>\n<link rel=\"canonical\" href=\"https:\/\/www.africa-press.net\/cameroun\/toutes-les-actualites\/les-prix-du-taxi-ont-augmente-officiel\" \/>\n<meta property=\"og:locale\" content=\"fr_FR\" \/>\n<meta property=\"og:type\" content=\"article\" \/>\n<meta property=\"og:title\" content=\"les prix du taxi ont augmente\u0301 (Officiel)\" \/>\n<meta property=\"og:description\" content=\"L\u2019information ressort d\u2019une re\u0301union de concertation entre les acteurs cle\u0301s constituant le secteur ce 19 janvier 202 ...\" \/>\n<meta property=\"og:url\" content=\"https:\/\/www.africa-press.net\/cameroun\/toutes-les-actualites\/les-prix-du-taxi-ont-augmente-officiel\" \/>\n<meta property=\"og:site_name\" content=\"Cameroun\" \/>\n<meta property=\"article:published_time\" content=\"2024-02-19T21:21:57+00:00\" \/>\n<meta property=\"article:modified_time\" content=\"2024-02-20T16:24:05+00:00\" \/>\n<meta property=\"og:image\" content=\"https:\/\/static.africa-press.net\/cameroun\/sites\/57\/2024\/02\/sm_1708392238.295723.jpg\" \/>\n\t<meta property=\"og:image:width\" content=\"780\" \/>\n\t<meta property=\"og:image:height\" content=\"440\" \/>\n\t<meta property=\"og:image:type\" content=\"image\/jpeg\" \/>\n<meta name=\"author\" content=\"cfeditorfr\" \/>\n<meta name=\"twitter:card\" content=\"summary_large_image\" \/>\n<meta name=\"twitter:label1\" content=\"\u00c9crit par\" \/>\n\t<meta name=\"twitter:data1\" content=\"cfeditorfr\" \/>\n\t<meta name=\"twitter:label2\" content=\"Dur\u00e9e de lecture estim\u00e9e\" \/>\n\t<meta name=\"twitter:data2\" content=\"2 minutes\" \/>\n<script type=\"application\/ld+json\" class=\"yoast-schema-graph\">{\"@context\":\"https:\/\/schema.org\",\"@graph\":[{\"@type\":\"Article\",\"@id\":\"https:\/\/www.africa-press.net\/cameroun\/toutes-les-actualites\/les-prix-du-taxi-ont-augmente-officiel#article\",\"isPartOf\":{\"@id\":\"https:\/\/www.africa-press.net\/cameroun\/toutes-les-actualites\/les-prix-du-taxi-ont-augmente-officiel\"},\"author\":{\"name\":\"cfeditorfr\",\"@id\":\"https:\/\/www.africa-press.net\/cameroun\/#\/schema\/person\/2b1cf3cd81a31e3cd26889ca66d677f1\"},\"headline\":\"les prix du taxi ont augmente\u0301 (Officiel)\",\"datePublished\":\"2024-02-19T21:21:57+00:00\",\"dateModified\":\"2024-02-20T16:24:05+00:00\",\"mainEntityOfPage\":{\"@id\":\"https:\/\/www.africa-press.net\/cameroun\/toutes-les-actualites\/les-prix-du-taxi-ont-augmente-officiel\"},\"wordCount\":283,\"commentCount\":0,\"image\":{\"@id\":\"https:\/\/www.africa-press.net\/cameroun\/toutes-les-actualites\/les-prix-du-taxi-ont-augmente-officiel#primaryimage\"},\"thumbnailUrl\":\"https:\/\/static.africa-press.net\/cameroun\/sites\/57\/2024\/02\/sm_1708392238.295723.jpg\",\"keywords\":[\"Africa Press\",\"Africa Press-Cameroun\",\"Cameroun\"],\"articleSection\":[\"Communaut\u00e9\",\"Toutes les actualit\u00e9s\"],\"inLanguage\":\"fr-FR\",\"potentialAction\":[{\"@type\":\"CommentAction\",\"name\":\"Comment\",\"target\":[\"https:\/\/www.africa-press.net\/cameroun\/toutes-les-actualites\/les-prix-du-taxi-ont-augmente-officiel#respond\"]}]},{\"@type\":\"WebPage\",\"@id\":\"https:\/\/www.africa-press.net\/cameroun\/toutes-les-actualites\/les-prix-du-taxi-ont-augmente-officiel\",\"url\":\"https:\/\/www.africa-press.net\/cameroun\/toutes-les-actualites\/les-prix-du-taxi-ont-augmente-officiel\",\"name\":\"les prix du taxi ont augmente\u0301 (Officiel) - Cameroun\",\"isPartOf\":{\"@id\":\"https:\/\/www.africa-press.net\/cameroun\/#website\"},\"primaryImageOfPage\":{\"@id\":\"https:\/\/www.africa-press.net\/cameroun\/toutes-les-actualites\/les-prix-du-taxi-ont-augmente-officiel#primaryimage\"},\"image\":{\"@id\":\"https:\/\/www.africa-press.net\/cameroun\/toutes-les-actualites\/les-prix-du-taxi-ont-augmente-officiel#primaryimage\"},\"thumbnailUrl\":\"https:\/\/static.africa-press.net\/cameroun\/sites\/57\/2024\/02\/sm_1708392238.295723.jpg\",\"datePublished\":\"2024-02-19T21:21:57+00:00\",\"dateModified\":\"2024-02-20T16:24:05+00:00\",\"author\":{\"@id\":\"https:\/\/www.africa-press.net\/cameroun\/#\/schema\/person\/2b1cf3cd81a31e3cd26889ca66d677f1\"},\"description\":\"L\u2019information ressort d\u2019une re\u0301union de concertation entre les acteurs cle\u0301s constituant le secteur ce 19 janvier 202 ...\",\"breadcrumb\":{\"@id\":\"https:\/\/www.africa-press.net\/cameroun\/toutes-les-actualites\/les-prix-du-taxi-ont-augmente-officiel#breadcrumb\"},\"inLanguage\":\"fr-FR\",\"potentialAction\":[{\"@type\":\"ReadAction\",\"target\":[\"https:\/\/www.africa-press.net\/cameroun\/toutes-les-actualites\/les-prix-du-taxi-ont-augmente-officiel\"]}]},{\"@type\":\"ImageObject\",\"inLanguage\":\"fr-FR\",\"@id\":\"https:\/\/www.africa-press.net\/cameroun\/toutes-les-actualites\/les-prix-du-taxi-ont-augmente-officiel#primaryimage\",\"url\":\"https:\/\/static.africa-press.net\/cameroun\/sites\/57\/2024\/02\/sm_1708392238.295723.jpg\",\"contentUrl\":\"https:\/\/static.africa-press.net\/cameroun\/sites\/57\/2024\/02\/sm_1708392238.295723.jpg\",\"width\":780,\"height\":440,\"caption\":\"les prix du taxi ont augmente\u0301 (Officiel)\"},{\"@type\":\"BreadcrumbList\",\"@id\":\"https:\/\/www.africa-press.net\/cameroun\/toutes-les-actualites\/les-prix-du-taxi-ont-augmente-officiel#breadcrumb\",\"itemListElement\":[{\"@type\":\"ListItem\",\"position\":1,\"name\":\"Accueil\",\"item\":\"https:\/\/www.africa-press.net\/cameroun\/\"},{\"@type\":\"ListItem\",\"position\":2,\"name\":\"les prix du taxi ont augmente\u0301 (Officiel)\"}]},{\"@type\":\"WebSite\",\"@id\":\"https:\/\/www.africa-press.net\/cameroun\/#website\",\"url\":\"https:\/\/www.africa-press.net\/cameroun\/\",\"name\":\"Cameroun\",\"description\":\"Just another Africa News Agency Sites site\",\"potentialAction\":[{\"@type\":\"SearchAction\",\"target\":{\"@type\":\"EntryPoint\",\"urlTemplate\":\"https:\/\/www.africa-press.net\/cameroun\/?s={search_term_string}\"},\"query-input\":{\"@type\":\"PropertyValueSpecification\",\"valueRequired\":true,\"valueName\":\"search_term_string\"}}],\"inLanguage\":\"fr-FR\"},{\"@type\":\"Person\",\"@id\":\"https:\/\/www.africa-press.net\/cameroun\/#\/schema\/person\/2b1cf3cd81a31e3cd26889ca66d677f1\",\"name\":\"cfeditorfr\"}]}<\/script>\n<!-- \/ Yoast SEO Premium plugin. -->","yoast_head_json":{"title":"les prix du taxi ont augmente\u0301 (Officiel) - Cameroun","description":"L\u2019information ressort d\u2019une re\u0301union de concertation entre les acteurs cle\u0301s constituant le secteur ce 19 janvier 202 ...","robots":{"index":"index","follow":"follow","max-snippet":"max-snippet:-1","max-image-preview":"max-image-preview:large","max-video-preview":"max-video-preview:-1"},"canonical":"https:\/\/www.africa-press.net\/cameroun\/toutes-les-actualites\/les-prix-du-taxi-ont-augmente-officiel","og_locale":"fr_FR","og_type":"article","og_title":"les prix du taxi ont augmente\u0301 (Officiel)","og_description":"L\u2019information ressort d\u2019une re\u0301union de concertation entre les acteurs cle\u0301s constituant le secteur ce 19 janvier 202 ...","og_url":"https:\/\/www.africa-press.net\/cameroun\/toutes-les-actualites\/les-prix-du-taxi-ont-augmente-officiel","og_site_name":"Cameroun","article_published_time":"2024-02-19T21:21:57+00:00","article_modified_time":"2024-02-20T16:24:05+00:00","og_image":[{"width":780,"height":440,"url":"https:\/\/static.africa-press.net\/cameroun\/sites\/57\/2024\/02\/sm_1708392238.295723.jpg","type":"image\/jpeg"}],"author":"cfeditorfr","twitter_card":"summary_large_image","twitter_misc":{"\u00c9crit par":"cfeditorfr","Dur\u00e9e de lecture estim\u00e9e":"2 minutes"},"schema":{"@context":"https:\/\/schema.org","@graph":[{"@type":"Article","@id":"https:\/\/www.africa-press.net\/cameroun\/toutes-les-actualites\/les-prix-du-taxi-ont-augmente-officiel#article","isPartOf":{"@id":"https:\/\/www.africa-press.net\/cameroun\/toutes-les-actualites\/les-prix-du-taxi-ont-augmente-officiel"},"author":{"name":"cfeditorfr","@id":"https:\/\/www.africa-press.net\/cameroun\/#\/schema\/person\/2b1cf3cd81a31e3cd26889ca66d677f1"},"headline":"les prix du taxi ont augmente\u0301 (Officiel)","datePublished":"2024-02-19T21:21:57+00:00","dateModified":"2024-02-20T16:24:05+00:00","mainEntityOfPage":{"@id":"https:\/\/www.africa-press.net\/cameroun\/toutes-les-actualites\/les-prix-du-taxi-ont-augmente-officiel"},"wordCount":283,"commentCount":0,"image":{"@id":"https:\/\/www.africa-press.net\/cameroun\/toutes-les-actualites\/les-prix-du-taxi-ont-augmente-officiel#primaryimage"},"thumbnailUrl":"https:\/\/static.africa-press.net\/cameroun\/sites\/57\/2024\/02\/sm_1708392238.295723.jpg","keywords":["Africa Press","Africa Press-Cameroun","Cameroun"],"articleSection":["Communaut\u00e9","Toutes les actualit\u00e9s"],"inLanguage":"fr-FR","potentialAction":[{"@type":"CommentAction","name":"Comment","target":["https:\/\/www.africa-press.net\/cameroun\/toutes-les-actualites\/les-prix-du-taxi-ont-augmente-officiel#respond"]}]},{"@type":"WebPage","@id":"https:\/\/www.africa-press.net\/cameroun\/toutes-les-actualites\/les-prix-du-taxi-ont-augmente-officiel","url":"https:\/\/www.africa-press.net\/cameroun\/toutes-les-actualites\/les-prix-du-taxi-ont-augmente-officiel","name":"les prix du taxi ont augmente\u0301 (Officiel) - Cameroun","isPartOf":{"@id":"https:\/\/www.africa-press.net\/cameroun\/#website"},"primaryImageOfPage":{"@id":"https:\/\/www.africa-press.net\/cameroun\/toutes-les-actualites\/les-prix-du-taxi-ont-augmente-officiel#primaryimage"},"image":{"@id":"https:\/\/www.africa-press.net\/cameroun\/toutes-les-actualites\/les-prix-du-taxi-ont-augmente-officiel#primaryimage"},"thumbnailUrl":"https:\/\/static.africa-press.net\/cameroun\/sites\/57\/2024\/02\/sm_1708392238.295723.jpg","datePublished":"2024-02-19T21:21:57+00:00","dateModified":"2024-02-20T16:24:05+00:00","author":{"@id":"https:\/\/www.africa-press.net\/cameroun\/#\/schema\/person\/2b1cf3cd81a31e3cd26889ca66d677f1"},"description":"L\u2019information ressort d\u2019une re\u0301union de concertation entre les acteurs cle\u0301s constituant le secteur ce 19 janvier 202 ...","breadcrumb":{"@id":"https:\/\/www.africa-press.net\/cameroun\/toutes-les-actualites\/les-prix-du-taxi-ont-augmente-officiel#breadcrumb"},"inLanguage":"fr-FR","potentialAction":[{"@type":"ReadAction","target":["https:\/\/www.africa-press.net\/cameroun\/toutes-les-actualites\/les-prix-du-taxi-ont-augmente-officiel"]}]},{"@type":"ImageObject","inLanguage":"fr-FR","@id":"https:\/\/www.africa-press.net\/cameroun\/toutes-les-actualites\/les-prix-du-taxi-ont-augmente-officiel#primaryimage","url":"https:\/\/static.africa-press.net\/cameroun\/sites\/57\/2024\/02\/sm_1708392238.295723.jpg","contentUrl":"https:\/\/static.africa-press.net\/cameroun\/sites\/57\/2024\/02\/sm_1708392238.295723.jpg","width":780,"height":440,"caption":"les prix du taxi ont augmente\u0301 (Officiel)"},{"@type":"BreadcrumbList","@id":"https:\/\/www.africa-press.net\/cameroun\/toutes-les-actualites\/les-prix-du-taxi-ont-augmente-officiel#breadcrumb","itemListElement":[{"@type":"ListItem","position":1,"name":"Accueil","item":"https:\/\/www.africa-press.net\/cameroun\/"},{"@type":"ListItem","position":2,"name":"les prix du taxi ont augmente\u0301 (Officiel)"}]},{"@type":"WebSite","@id":"https:\/\/www.africa-press.net\/cameroun\/#website","url":"https:\/\/www.africa-press.net\/cameroun\/","name":"Cameroun","description":"Just another Africa News Agency Sites site","potentialAction":[{"@type":"SearchAction","target":{"@type":"EntryPoint","urlTemplate":"https:\/\/www.africa-press.net\/cameroun\/?s={search_term_string}"},"query-input":{"@type":"PropertyValueSpecification","valueRequired":true,"valueName":"search_term_string"}}],"inLanguage":"fr-FR"},{"@type":"Person","@id":"https:\/\/www.africa-press.net\/cameroun\/#\/schema\/person\/2b1cf3cd81a31e3cd26889ca66d677f1","name":"cfeditorfr"}]}},"_links":{"self":[{"href":"https:\/\/www.africa-press.net\/cameroun\/wp-json\/wp\/v2\/posts\/61479","targetHints":{"allow":["GET"]}}],"collection":[{"href":"https:\/\/www.africa-press.net\/cameroun\/wp-json\/wp\/v2\/posts"}],"about":[{"href":"https:\/\/www.africa-press.net\/cameroun\/wp-json\/wp\/v2\/types\/post"}],"author":[{"embeddable":true,"href":"https:\/\/www.africa-press.net\/cameroun\/wp-json\/wp\/v2\/users\/82"}],"replies":[{"embeddable":true,"href":"https:\/\/www.africa-press.net\/cameroun\/wp-json\/wp\/v2\/comments?post=61479"}],"version-history":[{"count":0,"href":"https:\/\/www.africa-press.net\/cameroun\/wp-json\/wp\/v2\/posts\/61479\/revisions"}],"wp:featuredmedia":[{"embeddable":true,"href":"https:\/\/www.africa-press.net\/cameroun\/wp-json\/wp\/v2\/media\/61478"}],"wp:attachment":[{"href":"https:\/\/www.africa-press.net\/cameroun\/wp-json\/wp\/v2\/media?parent=61479"}],"wp:term":[{"taxonomy":"category","embeddable":true,"href":"https:\/\/www.africa-press.net\/cameroun\/wp-json\/wp\/v2\/categories?post=61479"},{"taxonomy":"post_tag","embeddable":true,"href":"https:\/\/www.africa-press.net\/cameroun\/wp-json\/wp\/v2\/tags?post=61479"}],"curies":[{"name":"wp","href":"https:\/\/api.w.org\/{rel}","templated":true}]}}