{"id":61481,"date":"2024-02-19T21:22:16","date_gmt":"2024-02-19T21:22:16","guid":{"rendered":"https:\/\/www.africa-press.net\/cameroun\/politique\/akere-muna-fait-homme-de-lannee-2023-par-the-guardian-post"},"modified":"2024-02-20T16:24:37","modified_gmt":"2024-02-20T16:24:37","slug":"akere-muna-fait-homme-de-lannee-2023-par-the-guardian-post","status":"publish","type":"post","link":"https:\/\/www.africa-press.net\/cameroun\/toutes-les-actualites\/akere-muna-fait-homme-de-lannee-2023-par-the-guardian-post","title":{"rendered":"Akere Muna fait Homme de l\u2019ann\u00e9e 2023 par The Guardian Post"},"content":{"rendered":"<p><span style=\"color: #ff6600\"><strong>Africa-Press &#8211; Cameroun. <\/strong><\/span><b>Le quotidien d\u2019expression anglaise remet la distinction a\u0300 l\u2019avocat et homme politique pour son engagement dans la lutte contre la corruption et l\u2019injustice.<\/b><\/p>\n<p>Me Akere Muna est l\u2019homme de l\u2019anne\u0301e (Man Of The Year) selon l\u2019organe de presse The Guardian Post. L\u2019entreprise a organise\u0301 le week-end dernier une ce\u0301re\u0301monie au cours de laquelle l\u2019e\u0301lu a rec\u0327u sa nouvelle distinction. Sa de\u0301signation par The Guardian Post est une marque de reconnaissance pour son combat acharne\u0301 contre la corruption, les de\u0301tournements de deniers publics et l\u2019injustice au sein de l\u2019Etat du Cameroun. L\u2019ancien ba\u0302tonnier de l\u2019Ordre des avocats du Cameroun s\u2019est illustre\u0301 de manie\u0300re particulie\u0300re dans l\u2019affaire Glencore. Une affaire de pots de vin qui a secoue\u0301 la SNH et continue de faire bruit au sein de cette socie\u0301te\u0301.<\/p>\n<p>En recevant sa distinction, Me Akere Muna dit avoir e\u0301te\u0301 pousse\u0301 a\u0300 s\u2019engager dans l\u2019affaire Glencore. Son combat a\u0300 ce sujet n\u2019est pas encore au bout. Car, des interrogations demeurent. A titre illustratif, \u00ab comment cette entreprise scandaleusement corrompue peut-elle continuer a\u0300 travailler au Cameroun sans subir aucune conse\u0301quence ? \u00bb, s\u2019interroge l\u2019avocat. Ne\u0301anmoins, l\u2019ancien candidat a\u0300 la pre\u0301sidentielle de 2018 exprime sa satisfaction pour cette distinction. Selon lui, \u00ab e\u0302tre reconnu comme homme de l\u2019anne\u0301e par me prestigieux Guardian Post et ses lecteurs est un honneur incroyable. Je suis re\u0301ellement comble\u0301 \u00bb, a de\u0301clare\u0301 le re\u0301cipiendaire.<\/p>\n<p>Apre\u0300s cette reconnaissance, \u00ab soyez assure\u0301s que je ne vais pas rela\u0302cher mes efforts jusqu\u2019a\u0300 ce que nous de\u0301voilions l\u2019identite\u0301 de ces escrocs de haut vol anonymes de SONARA et SNH que Glencore a honteusement admis avoir soudoye\u0301s \u00bb, pre\u0301vient Akere Muna.<\/p>\n<p><strong>Pour plus d&rsquo;informations et d&rsquo;analyses sur la <a href=\"https:\/\/www.africa-press.net\/cameroun\">Cameroun<\/a>, suivez <a href=\"https:\/\/www.africa-press.net\/\">Africa-Press<\/a><\/strong><\/p>\n","protected":false},"excerpt":{"rendered":"<p>Africa-Press &#8211; Cameroun. Le quotidien d\u2019expression anglaise remet la distinction a\u0300 l\u2019avocat et homme politique pour son engagement dans la lutte contre la corruption et l\u2019injustice. Me Akere Muna est l\u2019homme de l\u2019anne\u0301e (Man Of The Year) selon l\u2019organe de presse The Guardian Post. L\u2019entreprise a organise\u0301 le week-end dernier une ce\u0301re\u0301monie au cours de [&hellip;]<\/p>\n","protected":false},"author":82,"featured_media":61480,"comment_status":"open","ping_status":"closed","sticky":false,"template":"","format":"standard","meta":{"footnotes":""},"categories":[21,20,10],"tags":[36,50,49],"class_list":["post-61481","post","type-post","status-publish","format-standard","has-post-thumbnail","hentry","category-communaute","category-top-nouvelles","category-toutes-les-actualites","tag-africa-press","tag-africa-press-cameroun","tag-cameroun"],"yoast_head":"<!-- This site is optimized with the Yoast SEO Premium plugin v26.1 (Yoast SEO v27.0) - https:\/\/yoast.com\/product\/yoast-seo-premium-wordpress\/ -->\n<title>Akere Muna fait Homme de l\u2019ann\u00e9e 2023 par The Guardian Post - Cameroun<\/title>\n<meta name=\"description\" content=\"Le quotidien d\u2019expression anglaise remet la distinction a\u0300 l\u2019avocat et homme politique pour son engagement dans la lu ...\" \/>\n<meta name=\"robots\" content=\"index, follow, max-snippet:-1, max-image-preview:large, max-video-preview:-1\" \/>\n<link rel=\"canonical\" href=\"https:\/\/www.africa-press.net\/cameroun\/toutes-les-actualites\/akere-muna-fait-homme-de-lannee-2023-par-the-guardian-post\" \/>\n<meta property=\"og:locale\" content=\"fr_FR\" \/>\n<meta property=\"og:type\" content=\"article\" \/>\n<meta property=\"og:title\" content=\"Akere Muna fait Homme de l\u2019ann\u00e9e 2023 par The Guardian Post\" \/>\n<meta property=\"og:description\" content=\"Le quotidien d\u2019expression anglaise remet la distinction a\u0300 l\u2019avocat et homme politique pour son engagement dans la lu ...\" \/>\n<meta property=\"og:url\" content=\"https:\/\/www.africa-press.net\/cameroun\/toutes-les-actualites\/akere-muna-fait-homme-de-lannee-2023-par-the-guardian-post\" \/>\n<meta property=\"og:site_name\" content=\"Cameroun\" \/>\n<meta property=\"article:published_time\" content=\"2024-02-19T21:22:16+00:00\" \/>\n<meta property=\"article:modified_time\" content=\"2024-02-20T16:24:37+00:00\" \/>\n<meta property=\"og:image\" content=\"https:\/\/static.africa-press.net\/cameroun\/sites\/57\/2024\/02\/sm_1708392260.287545.jpg\" \/>\n\t<meta property=\"og:image:width\" content=\"780\" \/>\n\t<meta property=\"og:image:height\" content=\"440\" \/>\n\t<meta property=\"og:image:type\" content=\"image\/jpeg\" \/>\n<meta name=\"author\" content=\"cfeditorfr\" \/>\n<meta name=\"twitter:card\" content=\"summary_large_image\" \/>\n<meta name=\"twitter:label1\" content=\"\u00c9crit par\" \/>\n\t<meta name=\"twitter:data1\" content=\"cfeditorfr\" \/>\n\t<meta name=\"twitter:label2\" content=\"Dur\u00e9e de lecture estim\u00e9e\" \/>\n\t<meta name=\"twitter:data2\" content=\"2 minutes\" \/>\n<script type=\"application\/ld+json\" class=\"yoast-schema-graph\">{\"@context\":\"https:\/\/schema.org\",\"@graph\":[{\"@type\":\"Article\",\"@id\":\"https:\/\/www.africa-press.net\/cameroun\/toutes-les-actualites\/akere-muna-fait-homme-de-lannee-2023-par-the-guardian-post#article\",\"isPartOf\":{\"@id\":\"https:\/\/www.africa-press.net\/cameroun\/toutes-les-actualites\/akere-muna-fait-homme-de-lannee-2023-par-the-guardian-post\"},\"author\":{\"name\":\"cfeditorfr\",\"@id\":\"https:\/\/www.africa-press.net\/cameroun\/#\/schema\/person\/2b1cf3cd81a31e3cd26889ca66d677f1\"},\"headline\":\"Akere Muna fait Homme de l\u2019ann\u00e9e 2023 par The Guardian Post\",\"datePublished\":\"2024-02-19T21:22:16+00:00\",\"dateModified\":\"2024-02-20T16:24:37+00:00\",\"mainEntityOfPage\":{\"@id\":\"https:\/\/www.africa-press.net\/cameroun\/toutes-les-actualites\/akere-muna-fait-homme-de-lannee-2023-par-the-guardian-post\"},\"wordCount\":334,\"commentCount\":0,\"image\":{\"@id\":\"https:\/\/www.africa-press.net\/cameroun\/toutes-les-actualites\/akere-muna-fait-homme-de-lannee-2023-par-the-guardian-post#primaryimage\"},\"thumbnailUrl\":\"https:\/\/static.africa-press.net\/cameroun\/sites\/57\/2024\/02\/sm_1708392260.287545.jpg\",\"keywords\":[\"Africa Press\",\"Africa Press-Cameroun\",\"Cameroun\"],\"articleSection\":[\"Communaut\u00e9\",\"Top Nouvelles\",\"Toutes les actualit\u00e9s\"],\"inLanguage\":\"fr-FR\",\"potentialAction\":[{\"@type\":\"CommentAction\",\"name\":\"Comment\",\"target\":[\"https:\/\/www.africa-press.net\/cameroun\/toutes-les-actualites\/akere-muna-fait-homme-de-lannee-2023-par-the-guardian-post#respond\"]}]},{\"@type\":\"WebPage\",\"@id\":\"https:\/\/www.africa-press.net\/cameroun\/toutes-les-actualites\/akere-muna-fait-homme-de-lannee-2023-par-the-guardian-post\",\"url\":\"https:\/\/www.africa-press.net\/cameroun\/toutes-les-actualites\/akere-muna-fait-homme-de-lannee-2023-par-the-guardian-post\",\"name\":\"Akere Muna fait Homme de l\u2019ann\u00e9e 2023 par The Guardian Post - Cameroun\",\"isPartOf\":{\"@id\":\"https:\/\/www.africa-press.net\/cameroun\/#website\"},\"primaryImageOfPage\":{\"@id\":\"https:\/\/www.africa-press.net\/cameroun\/toutes-les-actualites\/akere-muna-fait-homme-de-lannee-2023-par-the-guardian-post#primaryimage\"},\"image\":{\"@id\":\"https:\/\/www.africa-press.net\/cameroun\/toutes-les-actualites\/akere-muna-fait-homme-de-lannee-2023-par-the-guardian-post#primaryimage\"},\"thumbnailUrl\":\"https:\/\/static.africa-press.net\/cameroun\/sites\/57\/2024\/02\/sm_1708392260.287545.jpg\",\"datePublished\":\"2024-02-19T21:22:16+00:00\",\"dateModified\":\"2024-02-20T16:24:37+00:00\",\"author\":{\"@id\":\"https:\/\/www.africa-press.net\/cameroun\/#\/schema\/person\/2b1cf3cd81a31e3cd26889ca66d677f1\"},\"description\":\"Le quotidien d\u2019expression anglaise remet la distinction a\u0300 l\u2019avocat et homme politique pour son engagement dans la lu ...\",\"breadcrumb\":{\"@id\":\"https:\/\/www.africa-press.net\/cameroun\/toutes-les-actualites\/akere-muna-fait-homme-de-lannee-2023-par-the-guardian-post#breadcrumb\"},\"inLanguage\":\"fr-FR\",\"potentialAction\":[{\"@type\":\"ReadAction\",\"target\":[\"https:\/\/www.africa-press.net\/cameroun\/toutes-les-actualites\/akere-muna-fait-homme-de-lannee-2023-par-the-guardian-post\"]}]},{\"@type\":\"ImageObject\",\"inLanguage\":\"fr-FR\",\"@id\":\"https:\/\/www.africa-press.net\/cameroun\/toutes-les-actualites\/akere-muna-fait-homme-de-lannee-2023-par-the-guardian-post#primaryimage\",\"url\":\"https:\/\/static.africa-press.net\/cameroun\/sites\/57\/2024\/02\/sm_1708392260.287545.jpg\",\"contentUrl\":\"https:\/\/static.africa-press.net\/cameroun\/sites\/57\/2024\/02\/sm_1708392260.287545.jpg\",\"width\":780,\"height\":440,\"caption\":\"Akere Muna fait Homme de l\u2019ann\u00e9e 2023 par The Guardian Post\"},{\"@type\":\"BreadcrumbList\",\"@id\":\"https:\/\/www.africa-press.net\/cameroun\/toutes-les-actualites\/akere-muna-fait-homme-de-lannee-2023-par-the-guardian-post#breadcrumb\",\"itemListElement\":[{\"@type\":\"ListItem\",\"position\":1,\"name\":\"Accueil\",\"item\":\"https:\/\/www.africa-press.net\/cameroun\/\"},{\"@type\":\"ListItem\",\"position\":2,\"name\":\"Akere Muna fait Homme de l\u2019ann\u00e9e 2023 par The Guardian Post\"}]},{\"@type\":\"WebSite\",\"@id\":\"https:\/\/www.africa-press.net\/cameroun\/#website\",\"url\":\"https:\/\/www.africa-press.net\/cameroun\/\",\"name\":\"Cameroun\",\"description\":\"Just another Africa News Agency Sites site\",\"potentialAction\":[{\"@type\":\"SearchAction\",\"target\":{\"@type\":\"EntryPoint\",\"urlTemplate\":\"https:\/\/www.africa-press.net\/cameroun\/?s={search_term_string}\"},\"query-input\":{\"@type\":\"PropertyValueSpecification\",\"valueRequired\":true,\"valueName\":\"search_term_string\"}}],\"inLanguage\":\"fr-FR\"},{\"@type\":\"Person\",\"@id\":\"https:\/\/www.africa-press.net\/cameroun\/#\/schema\/person\/2b1cf3cd81a31e3cd26889ca66d677f1\",\"name\":\"cfeditorfr\"}]}<\/script>\n<!-- \/ Yoast SEO Premium plugin. -->","yoast_head_json":{"title":"Akere Muna fait Homme de l\u2019ann\u00e9e 2023 par The Guardian Post - Cameroun","description":"Le quotidien d\u2019expression anglaise remet la distinction a\u0300 l\u2019avocat et homme politique pour son engagement dans la lu ...","robots":{"index":"index","follow":"follow","max-snippet":"max-snippet:-1","max-image-preview":"max-image-preview:large","max-video-preview":"max-video-preview:-1"},"canonical":"https:\/\/www.africa-press.net\/cameroun\/toutes-les-actualites\/akere-muna-fait-homme-de-lannee-2023-par-the-guardian-post","og_locale":"fr_FR","og_type":"article","og_title":"Akere Muna fait Homme de l\u2019ann\u00e9e 2023 par The Guardian Post","og_description":"Le quotidien d\u2019expression anglaise remet la distinction a\u0300 l\u2019avocat et homme politique pour son engagement dans la lu ...","og_url":"https:\/\/www.africa-press.net\/cameroun\/toutes-les-actualites\/akere-muna-fait-homme-de-lannee-2023-par-the-guardian-post","og_site_name":"Cameroun","article_published_time":"2024-02-19T21:22:16+00:00","article_modified_time":"2024-02-20T16:24:37+00:00","og_image":[{"width":780,"height":440,"url":"https:\/\/static.africa-press.net\/cameroun\/sites\/57\/2024\/02\/sm_1708392260.287545.jpg","type":"image\/jpeg"}],"author":"cfeditorfr","twitter_card":"summary_large_image","twitter_misc":{"\u00c9crit par":"cfeditorfr","Dur\u00e9e de lecture estim\u00e9e":"2 minutes"},"schema":{"@context":"https:\/\/schema.org","@graph":[{"@type":"Article","@id":"https:\/\/www.africa-press.net\/cameroun\/toutes-les-actualites\/akere-muna-fait-homme-de-lannee-2023-par-the-guardian-post#article","isPartOf":{"@id":"https:\/\/www.africa-press.net\/cameroun\/toutes-les-actualites\/akere-muna-fait-homme-de-lannee-2023-par-the-guardian-post"},"author":{"name":"cfeditorfr","@id":"https:\/\/www.africa-press.net\/cameroun\/#\/schema\/person\/2b1cf3cd81a31e3cd26889ca66d677f1"},"headline":"Akere Muna fait Homme de l\u2019ann\u00e9e 2023 par The Guardian Post","datePublished":"2024-02-19T21:22:16+00:00","dateModified":"2024-02-20T16:24:37+00:00","mainEntityOfPage":{"@id":"https:\/\/www.africa-press.net\/cameroun\/toutes-les-actualites\/akere-muna-fait-homme-de-lannee-2023-par-the-guardian-post"},"wordCount":334,"commentCount":0,"image":{"@id":"https:\/\/www.africa-press.net\/cameroun\/toutes-les-actualites\/akere-muna-fait-homme-de-lannee-2023-par-the-guardian-post#primaryimage"},"thumbnailUrl":"https:\/\/static.africa-press.net\/cameroun\/sites\/57\/2024\/02\/sm_1708392260.287545.jpg","keywords":["Africa Press","Africa Press-Cameroun","Cameroun"],"articleSection":["Communaut\u00e9","Top Nouvelles","Toutes les actualit\u00e9s"],"inLanguage":"fr-FR","potentialAction":[{"@type":"CommentAction","name":"Comment","target":["https:\/\/www.africa-press.net\/cameroun\/toutes-les-actualites\/akere-muna-fait-homme-de-lannee-2023-par-the-guardian-post#respond"]}]},{"@type":"WebPage","@id":"https:\/\/www.africa-press.net\/cameroun\/toutes-les-actualites\/akere-muna-fait-homme-de-lannee-2023-par-the-guardian-post","url":"https:\/\/www.africa-press.net\/cameroun\/toutes-les-actualites\/akere-muna-fait-homme-de-lannee-2023-par-the-guardian-post","name":"Akere Muna fait Homme de l\u2019ann\u00e9e 2023 par The Guardian Post - Cameroun","isPartOf":{"@id":"https:\/\/www.africa-press.net\/cameroun\/#website"},"primaryImageOfPage":{"@id":"https:\/\/www.africa-press.net\/cameroun\/toutes-les-actualites\/akere-muna-fait-homme-de-lannee-2023-par-the-guardian-post#primaryimage"},"image":{"@id":"https:\/\/www.africa-press.net\/cameroun\/toutes-les-actualites\/akere-muna-fait-homme-de-lannee-2023-par-the-guardian-post#primaryimage"},"thumbnailUrl":"https:\/\/static.africa-press.net\/cameroun\/sites\/57\/2024\/02\/sm_1708392260.287545.jpg","datePublished":"2024-02-19T21:22:16+00:00","dateModified":"2024-02-20T16:24:37+00:00","author":{"@id":"https:\/\/www.africa-press.net\/cameroun\/#\/schema\/person\/2b1cf3cd81a31e3cd26889ca66d677f1"},"description":"Le quotidien d\u2019expression anglaise remet la distinction a\u0300 l\u2019avocat et homme politique pour son engagement dans la lu ...","breadcrumb":{"@id":"https:\/\/www.africa-press.net\/cameroun\/toutes-les-actualites\/akere-muna-fait-homme-de-lannee-2023-par-the-guardian-post#breadcrumb"},"inLanguage":"fr-FR","potentialAction":[{"@type":"ReadAction","target":["https:\/\/www.africa-press.net\/cameroun\/toutes-les-actualites\/akere-muna-fait-homme-de-lannee-2023-par-the-guardian-post"]}]},{"@type":"ImageObject","inLanguage":"fr-FR","@id":"https:\/\/www.africa-press.net\/cameroun\/toutes-les-actualites\/akere-muna-fait-homme-de-lannee-2023-par-the-guardian-post#primaryimage","url":"https:\/\/static.africa-press.net\/cameroun\/sites\/57\/2024\/02\/sm_1708392260.287545.jpg","contentUrl":"https:\/\/static.africa-press.net\/cameroun\/sites\/57\/2024\/02\/sm_1708392260.287545.jpg","width":780,"height":440,"caption":"Akere Muna fait Homme de l\u2019ann\u00e9e 2023 par The Guardian Post"},{"@type":"BreadcrumbList","@id":"https:\/\/www.africa-press.net\/cameroun\/toutes-les-actualites\/akere-muna-fait-homme-de-lannee-2023-par-the-guardian-post#breadcrumb","itemListElement":[{"@type":"ListItem","position":1,"name":"Accueil","item":"https:\/\/www.africa-press.net\/cameroun\/"},{"@type":"ListItem","position":2,"name":"Akere Muna fait Homme de l\u2019ann\u00e9e 2023 par The Guardian Post"}]},{"@type":"WebSite","@id":"https:\/\/www.africa-press.net\/cameroun\/#website","url":"https:\/\/www.africa-press.net\/cameroun\/","name":"Cameroun","description":"Just another Africa News Agency Sites site","potentialAction":[{"@type":"SearchAction","target":{"@type":"EntryPoint","urlTemplate":"https:\/\/www.africa-press.net\/cameroun\/?s={search_term_string}"},"query-input":{"@type":"PropertyValueSpecification","valueRequired":true,"valueName":"search_term_string"}}],"inLanguage":"fr-FR"},{"@type":"Person","@id":"https:\/\/www.africa-press.net\/cameroun\/#\/schema\/person\/2b1cf3cd81a31e3cd26889ca66d677f1","name":"cfeditorfr"}]}},"_links":{"self":[{"href":"https:\/\/www.africa-press.net\/cameroun\/wp-json\/wp\/v2\/posts\/61481","targetHints":{"allow":["GET"]}}],"collection":[{"href":"https:\/\/www.africa-press.net\/cameroun\/wp-json\/wp\/v2\/posts"}],"about":[{"href":"https:\/\/www.africa-press.net\/cameroun\/wp-json\/wp\/v2\/types\/post"}],"author":[{"embeddable":true,"href":"https:\/\/www.africa-press.net\/cameroun\/wp-json\/wp\/v2\/users\/82"}],"replies":[{"embeddable":true,"href":"https:\/\/www.africa-press.net\/cameroun\/wp-json\/wp\/v2\/comments?post=61481"}],"version-history":[{"count":0,"href":"https:\/\/www.africa-press.net\/cameroun\/wp-json\/wp\/v2\/posts\/61481\/revisions"}],"wp:featuredmedia":[{"embeddable":true,"href":"https:\/\/www.africa-press.net\/cameroun\/wp-json\/wp\/v2\/media\/61480"}],"wp:attachment":[{"href":"https:\/\/www.africa-press.net\/cameroun\/wp-json\/wp\/v2\/media?parent=61481"}],"wp:term":[{"taxonomy":"category","embeddable":true,"href":"https:\/\/www.africa-press.net\/cameroun\/wp-json\/wp\/v2\/categories?post=61481"},{"taxonomy":"post_tag","embeddable":true,"href":"https:\/\/www.africa-press.net\/cameroun\/wp-json\/wp\/v2\/tags?post=61481"}],"curies":[{"name":"wp","href":"https:\/\/api.w.org\/{rel}","templated":true}]}}