{"id":61483,"date":"2024-02-19T21:22:25","date_gmt":"2024-02-19T21:22:25","guid":{"rendered":"https:\/\/www.africa-press.net\/cameroun\/politique\/restructuration-societe-generale-va-supprimer-pres-de-950-postes-a-son-siege"},"modified":"2024-02-20T16:25:06","modified_gmt":"2024-02-20T16:25:06","slug":"restructuration-societe-generale-va-supprimer-pres-de-950-postes-a-son-siege","status":"publish","type":"post","link":"https:\/\/www.africa-press.net\/cameroun\/economie\/restructuration-societe-generale-va-supprimer-pres-de-950-postes-a-son-siege","title":{"rendered":"Restructuration : Soci\u00e9t\u00e9 G\u00e9n\u00e9rale va supprimer pr\u00e8s de 950 postes \u00e0 son si\u00e8ge"},"content":{"rendered":"<p><span style=\"color: #ff6600\"><strong>Africa-Press &#8211; Cameroun. <\/strong><\/span><b>Le groupe bancaire pre\u0301voit de couper dans les effectifs de ses services informatiques et des achats afin de re\u0301duire ses cou\u0302ts.<\/b><\/p>\n<p>Le groupe bancaire Socie\u0301te\u0301 Ge\u0301ne\u0301rale a annonce\u0301 la suppression de 947 postes a\u0300 son sie\u0300ge, \u00ab sans de\u0301parts contraints\u00ab , dans le cadre d\u2019un vaste plan de re\u0301duction des cou\u0302ts lance\u0301 par son nouveau directeur ge\u0301ne\u0301ral Slawomir Krupa.<\/p>\n<p>\u00ab L\u2019objectif est de regrouper et mutualiser certaines activite\u0301s et fonctions, de supprimer des strates hie\u0301rarchiques pour alle\u0301ger les processus de de\u0301cision \u00bb et de \u00ab redimensionner certaines e\u0301quipes\u00ab , a explique\u0301 Socie\u0301te\u0301 Ge\u0301ne\u0301rale dans un communique\u0301.<\/p>\n<p>Ces suppressions de postes, qui doivent concerner environ 5% des effectifs du sie\u0300ge (selon la direction), s\u2019inscrivent dans un vaste plan strate\u0301gique comprenant \u00ab des e\u0301conomies brutes de cou\u0302ts d\u2019environ 1,7 milliard d\u2019euros a\u0300 horizon 2026 \u00bb par rapport a\u0300 2022, lance\u0301 en septembre par Slawomir Krupa, qui dirige la banque depuis mai 2023.<\/p>\n<p>Nouveau positionnement en Afrique<\/p>\n<p>Le 8 juin 2023, le groupe a annonce\u0301 avoir signe\u0301 des accords en vue de la vente de ses filiales au Congo, en Guine\u0301e Equatoriale, en Mauritanie et au Tchad. Les accords pre\u0301voyaient la cession totale des participations de\u0301tenues par Socie\u0301te\u0301 Ge\u0301ne\u0301rale dans ces filiales locales africaines, a pre\u0301cise\u0301 le groupe dans un communique\u0301.<\/p>\n<p>Le groupe Vista reprendra les activite\u0301s au Congo et en Guine\u0301e Equatoriale et le groupe Coris celles en Mauritanie et au Tchad. Ces cessions auront un impact positif d\u2019environ cinq points de base sur le ratio de solvabilite\u0301 CET1 de la banque a\u0300 leur date de finalisation, attendue d\u2019ici la fin de l\u2019anne\u0301e.<\/p>\n<p>Socie\u0301te\u0301 Ge\u0301ne\u0301rale Congo, Socie\u0301te\u0301 Ge\u0301ne\u0301rale de Banques en Guine\u0301e E\u0301quatoriale, Socie\u0301te\u0301 Ge\u0301ne\u0301rale Mauritanie, et Socie\u0301te\u0301 Ge\u0301ne\u0301rale Tchad, e\u0301taient alors de\u0301tenues respectivement a\u0300 93,5%, 57,2%, 95,5% et 67,8% par le groupe Socie\u0301te\u0301 Ge\u0301ne\u0301rale.<\/p>\n<p><strong>Pour plus d&rsquo;informations et d&rsquo;analyses sur la <a href=\"https:\/\/www.africa-press.net\/cameroun\">Cameroun<\/a>, suivez <a href=\"https:\/\/www.africa-press.net\/\">Africa-Press<\/a><\/strong><\/p>\n","protected":false},"excerpt":{"rendered":"<p>Africa-Press &#8211; Cameroun. Le groupe bancaire pre\u0301voit de couper dans les effectifs de ses services informatiques et des achats afin de re\u0301duire ses cou\u0302ts. Le groupe bancaire Socie\u0301te\u0301 Ge\u0301ne\u0301rale a annonce\u0301 la suppression de 947 postes a\u0300 son sie\u0300ge, \u00ab sans de\u0301parts contraints\u00ab , dans le cadre d\u2019un vaste plan de re\u0301duction des cou\u0302ts lance\u0301 [&hellip;]<\/p>\n","protected":false},"author":82,"featured_media":61482,"comment_status":"open","ping_status":"closed","sticky":false,"template":"","format":"standard","meta":{"footnotes":""},"categories":[3,10],"tags":[36,50,49],"class_list":["post-61483","post","type-post","status-publish","format-standard","has-post-thumbnail","hentry","category-economie","category-toutes-les-actualites","tag-africa-press","tag-africa-press-cameroun","tag-cameroun"],"yoast_head":"<!-- This site is optimized with the Yoast SEO Premium plugin v26.1 (Yoast SEO v27.0) - https:\/\/yoast.com\/product\/yoast-seo-premium-wordpress\/ -->\n<title>Restructuration : Soci\u00e9t\u00e9 G\u00e9n\u00e9rale va supprimer pr\u00e8s de 950 postes \u00e0 son si\u00e8ge - Cameroun<\/title>\n<meta name=\"description\" content=\"Le groupe bancaire pre\u0301voit de couper dans les effectifs de ses services informatiques et des achats afin de re\u0301duire ...\" \/>\n<meta name=\"robots\" content=\"index, follow, max-snippet:-1, max-image-preview:large, max-video-preview:-1\" \/>\n<link rel=\"canonical\" href=\"https:\/\/www.africa-press.net\/cameroun\/economie\/restructuration-societe-generale-va-supprimer-pres-de-950-postes-a-son-siege\" \/>\n<meta property=\"og:locale\" content=\"fr_FR\" \/>\n<meta property=\"og:type\" content=\"article\" \/>\n<meta property=\"og:title\" content=\"Restructuration : Soci\u00e9t\u00e9 G\u00e9n\u00e9rale va supprimer pr\u00e8s de 950 postes \u00e0 son si\u00e8ge\" \/>\n<meta property=\"og:description\" content=\"Le groupe bancaire pre\u0301voit de couper dans les effectifs de ses services informatiques et des achats afin de re\u0301duire ...\" \/>\n<meta property=\"og:url\" content=\"https:\/\/www.africa-press.net\/cameroun\/economie\/restructuration-societe-generale-va-supprimer-pres-de-950-postes-a-son-siege\" \/>\n<meta property=\"og:site_name\" content=\"Cameroun\" \/>\n<meta property=\"article:published_time\" content=\"2024-02-19T21:22:25+00:00\" \/>\n<meta property=\"article:modified_time\" content=\"2024-02-20T16:25:06+00:00\" \/>\n<meta property=\"og:image\" content=\"https:\/\/static.africa-press.net\/cameroun\/sites\/57\/2024\/02\/sm_1708392284.354183.jpg\" \/>\n\t<meta property=\"og:image:width\" content=\"780\" \/>\n\t<meta property=\"og:image:height\" content=\"440\" \/>\n\t<meta property=\"og:image:type\" content=\"image\/jpeg\" \/>\n<meta name=\"author\" content=\"cfeditorfr\" \/>\n<meta name=\"twitter:card\" content=\"summary_large_image\" \/>\n<meta name=\"twitter:label1\" content=\"\u00c9crit par\" \/>\n\t<meta name=\"twitter:data1\" content=\"cfeditorfr\" \/>\n\t<meta name=\"twitter:label2\" content=\"Dur\u00e9e de lecture estim\u00e9e\" \/>\n\t<meta name=\"twitter:data2\" content=\"2 minutes\" \/>\n<script type=\"application\/ld+json\" class=\"yoast-schema-graph\">{\"@context\":\"https:\/\/schema.org\",\"@graph\":[{\"@type\":\"Article\",\"@id\":\"https:\/\/www.africa-press.net\/cameroun\/economie\/restructuration-societe-generale-va-supprimer-pres-de-950-postes-a-son-siege#article\",\"isPartOf\":{\"@id\":\"https:\/\/www.africa-press.net\/cameroun\/economie\/restructuration-societe-generale-va-supprimer-pres-de-950-postes-a-son-siege\"},\"author\":{\"name\":\"cfeditorfr\",\"@id\":\"https:\/\/www.africa-press.net\/cameroun\/#\/schema\/person\/2b1cf3cd81a31e3cd26889ca66d677f1\"},\"headline\":\"Restructuration : Soci\u00e9t\u00e9 G\u00e9n\u00e9rale va supprimer pr\u00e8s de 950 postes \u00e0 son si\u00e8ge\",\"datePublished\":\"2024-02-19T21:22:25+00:00\",\"dateModified\":\"2024-02-20T16:25:06+00:00\",\"mainEntityOfPage\":{\"@id\":\"https:\/\/www.africa-press.net\/cameroun\/economie\/restructuration-societe-generale-va-supprimer-pres-de-950-postes-a-son-siege\"},\"wordCount\":364,\"commentCount\":0,\"image\":{\"@id\":\"https:\/\/www.africa-press.net\/cameroun\/economie\/restructuration-societe-generale-va-supprimer-pres-de-950-postes-a-son-siege#primaryimage\"},\"thumbnailUrl\":\"https:\/\/static.africa-press.net\/cameroun\/sites\/57\/2024\/02\/sm_1708392284.354183.jpg\",\"keywords\":[\"Africa Press\",\"Africa Press-Cameroun\",\"Cameroun\"],\"articleSection\":[\"\u00c9conomie\",\"Toutes les actualit\u00e9s\"],\"inLanguage\":\"fr-FR\",\"potentialAction\":[{\"@type\":\"CommentAction\",\"name\":\"Comment\",\"target\":[\"https:\/\/www.africa-press.net\/cameroun\/economie\/restructuration-societe-generale-va-supprimer-pres-de-950-postes-a-son-siege#respond\"]}]},{\"@type\":\"WebPage\",\"@id\":\"https:\/\/www.africa-press.net\/cameroun\/economie\/restructuration-societe-generale-va-supprimer-pres-de-950-postes-a-son-siege\",\"url\":\"https:\/\/www.africa-press.net\/cameroun\/economie\/restructuration-societe-generale-va-supprimer-pres-de-950-postes-a-son-siege\",\"name\":\"Restructuration : Soci\u00e9t\u00e9 G\u00e9n\u00e9rale va supprimer pr\u00e8s de 950 postes \u00e0 son si\u00e8ge - Cameroun\",\"isPartOf\":{\"@id\":\"https:\/\/www.africa-press.net\/cameroun\/#website\"},\"primaryImageOfPage\":{\"@id\":\"https:\/\/www.africa-press.net\/cameroun\/economie\/restructuration-societe-generale-va-supprimer-pres-de-950-postes-a-son-siege#primaryimage\"},\"image\":{\"@id\":\"https:\/\/www.africa-press.net\/cameroun\/economie\/restructuration-societe-generale-va-supprimer-pres-de-950-postes-a-son-siege#primaryimage\"},\"thumbnailUrl\":\"https:\/\/static.africa-press.net\/cameroun\/sites\/57\/2024\/02\/sm_1708392284.354183.jpg\",\"datePublished\":\"2024-02-19T21:22:25+00:00\",\"dateModified\":\"2024-02-20T16:25:06+00:00\",\"author\":{\"@id\":\"https:\/\/www.africa-press.net\/cameroun\/#\/schema\/person\/2b1cf3cd81a31e3cd26889ca66d677f1\"},\"description\":\"Le groupe bancaire pre\u0301voit de couper dans les effectifs de ses services informatiques et des achats afin de re\u0301duire ...\",\"breadcrumb\":{\"@id\":\"https:\/\/www.africa-press.net\/cameroun\/economie\/restructuration-societe-generale-va-supprimer-pres-de-950-postes-a-son-siege#breadcrumb\"},\"inLanguage\":\"fr-FR\",\"potentialAction\":[{\"@type\":\"ReadAction\",\"target\":[\"https:\/\/www.africa-press.net\/cameroun\/economie\/restructuration-societe-generale-va-supprimer-pres-de-950-postes-a-son-siege\"]}]},{\"@type\":\"ImageObject\",\"inLanguage\":\"fr-FR\",\"@id\":\"https:\/\/www.africa-press.net\/cameroun\/economie\/restructuration-societe-generale-va-supprimer-pres-de-950-postes-a-son-siege#primaryimage\",\"url\":\"https:\/\/static.africa-press.net\/cameroun\/sites\/57\/2024\/02\/sm_1708392284.354183.jpg\",\"contentUrl\":\"https:\/\/static.africa-press.net\/cameroun\/sites\/57\/2024\/02\/sm_1708392284.354183.jpg\",\"width\":780,\"height\":440,\"caption\":\"Restructuration : Soci\u00e9t\u00e9 G\u00e9n\u00e9rale va supprimer pr\u00e8s de 950 postes \u00e0 son si\u00e8ge\"},{\"@type\":\"BreadcrumbList\",\"@id\":\"https:\/\/www.africa-press.net\/cameroun\/economie\/restructuration-societe-generale-va-supprimer-pres-de-950-postes-a-son-siege#breadcrumb\",\"itemListElement\":[{\"@type\":\"ListItem\",\"position\":1,\"name\":\"Accueil\",\"item\":\"https:\/\/www.africa-press.net\/cameroun\/\"},{\"@type\":\"ListItem\",\"position\":2,\"name\":\"Restructuration : Soci\u00e9t\u00e9 G\u00e9n\u00e9rale va supprimer pr\u00e8s de 950 postes \u00e0 son si\u00e8ge\"}]},{\"@type\":\"WebSite\",\"@id\":\"https:\/\/www.africa-press.net\/cameroun\/#website\",\"url\":\"https:\/\/www.africa-press.net\/cameroun\/\",\"name\":\"Cameroun\",\"description\":\"Just another Africa News Agency Sites site\",\"potentialAction\":[{\"@type\":\"SearchAction\",\"target\":{\"@type\":\"EntryPoint\",\"urlTemplate\":\"https:\/\/www.africa-press.net\/cameroun\/?s={search_term_string}\"},\"query-input\":{\"@type\":\"PropertyValueSpecification\",\"valueRequired\":true,\"valueName\":\"search_term_string\"}}],\"inLanguage\":\"fr-FR\"},{\"@type\":\"Person\",\"@id\":\"https:\/\/www.africa-press.net\/cameroun\/#\/schema\/person\/2b1cf3cd81a31e3cd26889ca66d677f1\",\"name\":\"cfeditorfr\"}]}<\/script>\n<!-- \/ Yoast SEO Premium plugin. -->","yoast_head_json":{"title":"Restructuration : Soci\u00e9t\u00e9 G\u00e9n\u00e9rale va supprimer pr\u00e8s de 950 postes \u00e0 son si\u00e8ge - Cameroun","description":"Le groupe bancaire pre\u0301voit de couper dans les effectifs de ses services informatiques et des achats afin de re\u0301duire ...","robots":{"index":"index","follow":"follow","max-snippet":"max-snippet:-1","max-image-preview":"max-image-preview:large","max-video-preview":"max-video-preview:-1"},"canonical":"https:\/\/www.africa-press.net\/cameroun\/economie\/restructuration-societe-generale-va-supprimer-pres-de-950-postes-a-son-siege","og_locale":"fr_FR","og_type":"article","og_title":"Restructuration : Soci\u00e9t\u00e9 G\u00e9n\u00e9rale va supprimer pr\u00e8s de 950 postes \u00e0 son si\u00e8ge","og_description":"Le groupe bancaire pre\u0301voit de couper dans les effectifs de ses services informatiques et des achats afin de re\u0301duire ...","og_url":"https:\/\/www.africa-press.net\/cameroun\/economie\/restructuration-societe-generale-va-supprimer-pres-de-950-postes-a-son-siege","og_site_name":"Cameroun","article_published_time":"2024-02-19T21:22:25+00:00","article_modified_time":"2024-02-20T16:25:06+00:00","og_image":[{"width":780,"height":440,"url":"https:\/\/static.africa-press.net\/cameroun\/sites\/57\/2024\/02\/sm_1708392284.354183.jpg","type":"image\/jpeg"}],"author":"cfeditorfr","twitter_card":"summary_large_image","twitter_misc":{"\u00c9crit par":"cfeditorfr","Dur\u00e9e de lecture estim\u00e9e":"2 minutes"},"schema":{"@context":"https:\/\/schema.org","@graph":[{"@type":"Article","@id":"https:\/\/www.africa-press.net\/cameroun\/economie\/restructuration-societe-generale-va-supprimer-pres-de-950-postes-a-son-siege#article","isPartOf":{"@id":"https:\/\/www.africa-press.net\/cameroun\/economie\/restructuration-societe-generale-va-supprimer-pres-de-950-postes-a-son-siege"},"author":{"name":"cfeditorfr","@id":"https:\/\/www.africa-press.net\/cameroun\/#\/schema\/person\/2b1cf3cd81a31e3cd26889ca66d677f1"},"headline":"Restructuration : Soci\u00e9t\u00e9 G\u00e9n\u00e9rale va supprimer pr\u00e8s de 950 postes \u00e0 son si\u00e8ge","datePublished":"2024-02-19T21:22:25+00:00","dateModified":"2024-02-20T16:25:06+00:00","mainEntityOfPage":{"@id":"https:\/\/www.africa-press.net\/cameroun\/economie\/restructuration-societe-generale-va-supprimer-pres-de-950-postes-a-son-siege"},"wordCount":364,"commentCount":0,"image":{"@id":"https:\/\/www.africa-press.net\/cameroun\/economie\/restructuration-societe-generale-va-supprimer-pres-de-950-postes-a-son-siege#primaryimage"},"thumbnailUrl":"https:\/\/static.africa-press.net\/cameroun\/sites\/57\/2024\/02\/sm_1708392284.354183.jpg","keywords":["Africa Press","Africa Press-Cameroun","Cameroun"],"articleSection":["\u00c9conomie","Toutes les actualit\u00e9s"],"inLanguage":"fr-FR","potentialAction":[{"@type":"CommentAction","name":"Comment","target":["https:\/\/www.africa-press.net\/cameroun\/economie\/restructuration-societe-generale-va-supprimer-pres-de-950-postes-a-son-siege#respond"]}]},{"@type":"WebPage","@id":"https:\/\/www.africa-press.net\/cameroun\/economie\/restructuration-societe-generale-va-supprimer-pres-de-950-postes-a-son-siege","url":"https:\/\/www.africa-press.net\/cameroun\/economie\/restructuration-societe-generale-va-supprimer-pres-de-950-postes-a-son-siege","name":"Restructuration : Soci\u00e9t\u00e9 G\u00e9n\u00e9rale va supprimer pr\u00e8s de 950 postes \u00e0 son si\u00e8ge - Cameroun","isPartOf":{"@id":"https:\/\/www.africa-press.net\/cameroun\/#website"},"primaryImageOfPage":{"@id":"https:\/\/www.africa-press.net\/cameroun\/economie\/restructuration-societe-generale-va-supprimer-pres-de-950-postes-a-son-siege#primaryimage"},"image":{"@id":"https:\/\/www.africa-press.net\/cameroun\/economie\/restructuration-societe-generale-va-supprimer-pres-de-950-postes-a-son-siege#primaryimage"},"thumbnailUrl":"https:\/\/static.africa-press.net\/cameroun\/sites\/57\/2024\/02\/sm_1708392284.354183.jpg","datePublished":"2024-02-19T21:22:25+00:00","dateModified":"2024-02-20T16:25:06+00:00","author":{"@id":"https:\/\/www.africa-press.net\/cameroun\/#\/schema\/person\/2b1cf3cd81a31e3cd26889ca66d677f1"},"description":"Le groupe bancaire pre\u0301voit de couper dans les effectifs de ses services informatiques et des achats afin de re\u0301duire ...","breadcrumb":{"@id":"https:\/\/www.africa-press.net\/cameroun\/economie\/restructuration-societe-generale-va-supprimer-pres-de-950-postes-a-son-siege#breadcrumb"},"inLanguage":"fr-FR","potentialAction":[{"@type":"ReadAction","target":["https:\/\/www.africa-press.net\/cameroun\/economie\/restructuration-societe-generale-va-supprimer-pres-de-950-postes-a-son-siege"]}]},{"@type":"ImageObject","inLanguage":"fr-FR","@id":"https:\/\/www.africa-press.net\/cameroun\/economie\/restructuration-societe-generale-va-supprimer-pres-de-950-postes-a-son-siege#primaryimage","url":"https:\/\/static.africa-press.net\/cameroun\/sites\/57\/2024\/02\/sm_1708392284.354183.jpg","contentUrl":"https:\/\/static.africa-press.net\/cameroun\/sites\/57\/2024\/02\/sm_1708392284.354183.jpg","width":780,"height":440,"caption":"Restructuration : Soci\u00e9t\u00e9 G\u00e9n\u00e9rale va supprimer pr\u00e8s de 950 postes \u00e0 son si\u00e8ge"},{"@type":"BreadcrumbList","@id":"https:\/\/www.africa-press.net\/cameroun\/economie\/restructuration-societe-generale-va-supprimer-pres-de-950-postes-a-son-siege#breadcrumb","itemListElement":[{"@type":"ListItem","position":1,"name":"Accueil","item":"https:\/\/www.africa-press.net\/cameroun\/"},{"@type":"ListItem","position":2,"name":"Restructuration : Soci\u00e9t\u00e9 G\u00e9n\u00e9rale va supprimer pr\u00e8s de 950 postes \u00e0 son si\u00e8ge"}]},{"@type":"WebSite","@id":"https:\/\/www.africa-press.net\/cameroun\/#website","url":"https:\/\/www.africa-press.net\/cameroun\/","name":"Cameroun","description":"Just another Africa News Agency Sites site","potentialAction":[{"@type":"SearchAction","target":{"@type":"EntryPoint","urlTemplate":"https:\/\/www.africa-press.net\/cameroun\/?s={search_term_string}"},"query-input":{"@type":"PropertyValueSpecification","valueRequired":true,"valueName":"search_term_string"}}],"inLanguage":"fr-FR"},{"@type":"Person","@id":"https:\/\/www.africa-press.net\/cameroun\/#\/schema\/person\/2b1cf3cd81a31e3cd26889ca66d677f1","name":"cfeditorfr"}]}},"_links":{"self":[{"href":"https:\/\/www.africa-press.net\/cameroun\/wp-json\/wp\/v2\/posts\/61483","targetHints":{"allow":["GET"]}}],"collection":[{"href":"https:\/\/www.africa-press.net\/cameroun\/wp-json\/wp\/v2\/posts"}],"about":[{"href":"https:\/\/www.africa-press.net\/cameroun\/wp-json\/wp\/v2\/types\/post"}],"author":[{"embeddable":true,"href":"https:\/\/www.africa-press.net\/cameroun\/wp-json\/wp\/v2\/users\/82"}],"replies":[{"embeddable":true,"href":"https:\/\/www.africa-press.net\/cameroun\/wp-json\/wp\/v2\/comments?post=61483"}],"version-history":[{"count":0,"href":"https:\/\/www.africa-press.net\/cameroun\/wp-json\/wp\/v2\/posts\/61483\/revisions"}],"wp:featuredmedia":[{"embeddable":true,"href":"https:\/\/www.africa-press.net\/cameroun\/wp-json\/wp\/v2\/media\/61482"}],"wp:attachment":[{"href":"https:\/\/www.africa-press.net\/cameroun\/wp-json\/wp\/v2\/media?parent=61483"}],"wp:term":[{"taxonomy":"category","embeddable":true,"href":"https:\/\/www.africa-press.net\/cameroun\/wp-json\/wp\/v2\/categories?post=61483"},{"taxonomy":"post_tag","embeddable":true,"href":"https:\/\/www.africa-press.net\/cameroun\/wp-json\/wp\/v2\/tags?post=61483"}],"curies":[{"name":"wp","href":"https:\/\/api.w.org\/{rel}","templated":true}]}}