{"id":61485,"date":"2024-02-19T21:22:31","date_gmt":"2024-02-19T21:22:31","guid":{"rendered":"https:\/\/www.africa-press.net\/cameroun\/politique\/cooperation-le-port-de-douala-signe-un-accord-pour-le-renforcement-des-capacites"},"modified":"2024-02-20T16:25:42","modified_gmt":"2024-02-20T16:25:42","slug":"cooperation-le-port-de-douala-signe-un-accord-pour-le-renforcement-des-capacites","status":"publish","type":"post","link":"https:\/\/www.africa-press.net\/cameroun\/economie\/cooperation-le-port-de-douala-signe-un-accord-pour-le-renforcement-des-capacites","title":{"rendered":"Coop\u00e9ration : le Port de Douala signe un accord pour le renforcement des capacit\u00e9s"},"content":{"rendered":"<p><span style=\"color: #ff6600\"><strong>Africa-Press &#8211; Cameroun. <\/strong><\/span><b>La convention a e\u0301te\u0301 paraphe\u0301e par Cyrus Ngo\u2019o pour le compte du PAD et Evariste Evane pour l\u2019ISTA.<\/b><\/p>\n<p>Le Port autonome de Douala (PAD) et l\u2019Institut sous-re\u0301gional multisectoriel de technologie applique\u0301e, de planification et d\u2019e\u0301valuation de projets (ISTA) ont signe\u0301 le 16 fe\u0301vrier 2024, un accord-cadre de coope\u0301ration.<\/p>\n<p>Les domaines de coope\u0301ration vise\u0301s portent entre autres sur: le renforcement des capacite\u0301s sous forme de formation continue des personnels du PAD sur des the\u0301matiques pre\u0301alablement identifie\u0301es ; la formation des personnels du PAD dans les programmes de Master professionnel en analyse et e\u0301valuation des projets.<\/p>\n<p>Aussi, en gestion logistique et transport, en gestion des projets, en gestion de la biodiversite\u0301 et des aires prote\u0301ge\u0301es, en e\u0301valuation des politiques publiques, ainsi que dans les programmes de Licence professionnelle en management de la chai\u0302ne logistique globale et de Licence professionnelle en entrepreneuriat et gestion des projets a\u0300 la demande. Il est pre\u0301vu e\u0301galement des MBA a\u0300 la demande.<\/p>\n<p>L\u2019accord-cadre signe\u0301 concerne par ailleurs: l\u2019accueil et l\u2019encadrement des stagiaires venant de l\u2019ISTA au PAD ; l\u2019assistance technique dans la re\u0301alisation d\u2019e\u0301tudes des projets du PAD, notamment en ce qui concerne le montage des dossiers de recherche de financement, l\u2019e\u0301valuation des projets et programmes de de\u0301veloppement ainsi que le suivi des projets de de\u0301veloppement ; la formation continue et le perfectionnement des personnels du PAD dans les modules disponibles dans le catalogue de l\u2019ISTA et bien d\u2019autres modules.<\/p>\n<p>Enfin, la formation dans les filie\u0300res de\u0301die\u0301es aux me\u0301tiers maritimes et portuaires, suivant la cartographie des me\u0301tiers. Chef de Division de l\u2019Analyse, de la Prospective et de la Cooperation (DAPC), Joseph Nguene Nteppe, pilote du projet co\u0302te\u0301 PAD, a rappele\u0301 le cadre global de cet accord-cadre et les e\u0301tapes qui ont conduit a\u0300 son e\u0301laboration.<\/p>\n<p>L\u2019accord-cadre signe\u0301 a une dure\u0301e de 3 ans renouvelable. Les collaborateurs des deux institutions sont de\u0301sormais invite\u0301s a\u0300 travailler avec ardeur pour donner chair aux engagements pris par leurs patrons.<\/p>\n<p><strong>Pour plus d&rsquo;informations et d&rsquo;analyses sur la <a href=\"https:\/\/www.africa-press.net\/cameroun\">Cameroun<\/a>, suivez <a href=\"https:\/\/www.africa-press.net\/\">Africa-Press<\/a><\/strong><\/p>\n","protected":false},"excerpt":{"rendered":"<p>Africa-Press &#8211; Cameroun. La convention a e\u0301te\u0301 paraphe\u0301e par Cyrus Ngo\u2019o pour le compte du PAD et Evariste Evane pour l\u2019ISTA. Le Port autonome de Douala (PAD) et l\u2019Institut sous-re\u0301gional multisectoriel de technologie applique\u0301e, de planification et d\u2019e\u0301valuation de projets (ISTA) ont signe\u0301 le 16 fe\u0301vrier 2024, un accord-cadre de coope\u0301ration. Les domaines de coope\u0301ration [&hellip;]<\/p>\n","protected":false},"author":82,"featured_media":61484,"comment_status":"open","ping_status":"closed","sticky":false,"template":"","format":"standard","meta":{"footnotes":""},"categories":[3,20,10],"tags":[36,50,49],"class_list":["post-61485","post","type-post","status-publish","format-standard","has-post-thumbnail","hentry","category-economie","category-top-nouvelles","category-toutes-les-actualites","tag-africa-press","tag-africa-press-cameroun","tag-cameroun"],"yoast_head":"<!-- This site is optimized with the Yoast SEO Premium plugin v26.1 (Yoast SEO v27.0) - https:\/\/yoast.com\/product\/yoast-seo-premium-wordpress\/ -->\n<title>Coop\u00e9ration : le Port de Douala signe un accord pour le renforcement des capacit\u00e9s - Cameroun<\/title>\n<meta name=\"description\" content=\"La convention a e\u0301te\u0301 paraphe\u0301e par Cyrus Ngo\u2019o pour le compte du PAD et Evariste Evane pour l\u2019ISTA. Le Port aut ...\" \/>\n<meta name=\"robots\" content=\"index, follow, max-snippet:-1, max-image-preview:large, max-video-preview:-1\" \/>\n<link rel=\"canonical\" href=\"https:\/\/www.africa-press.net\/cameroun\/economie\/cooperation-le-port-de-douala-signe-un-accord-pour-le-renforcement-des-capacites\" \/>\n<meta property=\"og:locale\" content=\"fr_FR\" \/>\n<meta property=\"og:type\" content=\"article\" \/>\n<meta property=\"og:title\" content=\"Coop\u00e9ration : le Port de Douala signe un accord pour le renforcement des capacit\u00e9s\" \/>\n<meta property=\"og:description\" content=\"La convention a e\u0301te\u0301 paraphe\u0301e par Cyrus Ngo\u2019o pour le compte du PAD et Evariste Evane pour l\u2019ISTA. Le Port aut ...\" \/>\n<meta property=\"og:url\" content=\"https:\/\/www.africa-press.net\/cameroun\/economie\/cooperation-le-port-de-douala-signe-un-accord-pour-le-renforcement-des-capacites\" \/>\n<meta property=\"og:site_name\" content=\"Cameroun\" \/>\n<meta property=\"article:published_time\" content=\"2024-02-19T21:22:31+00:00\" \/>\n<meta property=\"article:modified_time\" content=\"2024-02-20T16:25:42+00:00\" \/>\n<meta property=\"og:image\" content=\"https:\/\/static.africa-press.net\/cameroun\/sites\/57\/2024\/02\/sm_1708392297.662858.jpg\" \/>\n\t<meta property=\"og:image:width\" content=\"780\" \/>\n\t<meta property=\"og:image:height\" content=\"440\" \/>\n\t<meta property=\"og:image:type\" content=\"image\/jpeg\" \/>\n<meta name=\"author\" content=\"cfeditorfr\" \/>\n<meta name=\"twitter:card\" content=\"summary_large_image\" \/>\n<meta name=\"twitter:label1\" content=\"\u00c9crit par\" \/>\n\t<meta name=\"twitter:data1\" content=\"cfeditorfr\" \/>\n\t<meta name=\"twitter:label2\" content=\"Dur\u00e9e de lecture estim\u00e9e\" \/>\n\t<meta name=\"twitter:data2\" content=\"2 minutes\" \/>\n<script type=\"application\/ld+json\" class=\"yoast-schema-graph\">{\"@context\":\"https:\/\/schema.org\",\"@graph\":[{\"@type\":\"Article\",\"@id\":\"https:\/\/www.africa-press.net\/cameroun\/economie\/cooperation-le-port-de-douala-signe-un-accord-pour-le-renforcement-des-capacites#article\",\"isPartOf\":{\"@id\":\"https:\/\/www.africa-press.net\/cameroun\/economie\/cooperation-le-port-de-douala-signe-un-accord-pour-le-renforcement-des-capacites\"},\"author\":{\"name\":\"cfeditorfr\",\"@id\":\"https:\/\/www.africa-press.net\/cameroun\/#\/schema\/person\/2b1cf3cd81a31e3cd26889ca66d677f1\"},\"headline\":\"Coop\u00e9ration : le Port de Douala signe un accord pour le renforcement des capacit\u00e9s\",\"datePublished\":\"2024-02-19T21:22:31+00:00\",\"dateModified\":\"2024-02-20T16:25:42+00:00\",\"mainEntityOfPage\":{\"@id\":\"https:\/\/www.africa-press.net\/cameroun\/economie\/cooperation-le-port-de-douala-signe-un-accord-pour-le-renforcement-des-capacites\"},\"wordCount\":393,\"commentCount\":0,\"image\":{\"@id\":\"https:\/\/www.africa-press.net\/cameroun\/economie\/cooperation-le-port-de-douala-signe-un-accord-pour-le-renforcement-des-capacites#primaryimage\"},\"thumbnailUrl\":\"https:\/\/static.africa-press.net\/cameroun\/sites\/57\/2024\/02\/sm_1708392297.662858.jpg\",\"keywords\":[\"Africa Press\",\"Africa Press-Cameroun\",\"Cameroun\"],\"articleSection\":[\"\u00c9conomie\",\"Top Nouvelles\",\"Toutes les actualit\u00e9s\"],\"inLanguage\":\"fr-FR\",\"potentialAction\":[{\"@type\":\"CommentAction\",\"name\":\"Comment\",\"target\":[\"https:\/\/www.africa-press.net\/cameroun\/economie\/cooperation-le-port-de-douala-signe-un-accord-pour-le-renforcement-des-capacites#respond\"]}]},{\"@type\":\"WebPage\",\"@id\":\"https:\/\/www.africa-press.net\/cameroun\/economie\/cooperation-le-port-de-douala-signe-un-accord-pour-le-renforcement-des-capacites\",\"url\":\"https:\/\/www.africa-press.net\/cameroun\/economie\/cooperation-le-port-de-douala-signe-un-accord-pour-le-renforcement-des-capacites\",\"name\":\"Coop\u00e9ration : le Port de Douala signe un accord pour le renforcement des capacit\u00e9s - Cameroun\",\"isPartOf\":{\"@id\":\"https:\/\/www.africa-press.net\/cameroun\/#website\"},\"primaryImageOfPage\":{\"@id\":\"https:\/\/www.africa-press.net\/cameroun\/economie\/cooperation-le-port-de-douala-signe-un-accord-pour-le-renforcement-des-capacites#primaryimage\"},\"image\":{\"@id\":\"https:\/\/www.africa-press.net\/cameroun\/economie\/cooperation-le-port-de-douala-signe-un-accord-pour-le-renforcement-des-capacites#primaryimage\"},\"thumbnailUrl\":\"https:\/\/static.africa-press.net\/cameroun\/sites\/57\/2024\/02\/sm_1708392297.662858.jpg\",\"datePublished\":\"2024-02-19T21:22:31+00:00\",\"dateModified\":\"2024-02-20T16:25:42+00:00\",\"author\":{\"@id\":\"https:\/\/www.africa-press.net\/cameroun\/#\/schema\/person\/2b1cf3cd81a31e3cd26889ca66d677f1\"},\"description\":\"La convention a e\u0301te\u0301 paraphe\u0301e par Cyrus Ngo\u2019o pour le compte du PAD et Evariste Evane pour l\u2019ISTA. Le Port aut ...\",\"breadcrumb\":{\"@id\":\"https:\/\/www.africa-press.net\/cameroun\/economie\/cooperation-le-port-de-douala-signe-un-accord-pour-le-renforcement-des-capacites#breadcrumb\"},\"inLanguage\":\"fr-FR\",\"potentialAction\":[{\"@type\":\"ReadAction\",\"target\":[\"https:\/\/www.africa-press.net\/cameroun\/economie\/cooperation-le-port-de-douala-signe-un-accord-pour-le-renforcement-des-capacites\"]}]},{\"@type\":\"ImageObject\",\"inLanguage\":\"fr-FR\",\"@id\":\"https:\/\/www.africa-press.net\/cameroun\/economie\/cooperation-le-port-de-douala-signe-un-accord-pour-le-renforcement-des-capacites#primaryimage\",\"url\":\"https:\/\/static.africa-press.net\/cameroun\/sites\/57\/2024\/02\/sm_1708392297.662858.jpg\",\"contentUrl\":\"https:\/\/static.africa-press.net\/cameroun\/sites\/57\/2024\/02\/sm_1708392297.662858.jpg\",\"width\":780,\"height\":440,\"caption\":\"Coop\u00e9ration : le Port de Douala signe un accord pour le renforcement des capacit\u00e9s\"},{\"@type\":\"BreadcrumbList\",\"@id\":\"https:\/\/www.africa-press.net\/cameroun\/economie\/cooperation-le-port-de-douala-signe-un-accord-pour-le-renforcement-des-capacites#breadcrumb\",\"itemListElement\":[{\"@type\":\"ListItem\",\"position\":1,\"name\":\"Accueil\",\"item\":\"https:\/\/www.africa-press.net\/cameroun\/\"},{\"@type\":\"ListItem\",\"position\":2,\"name\":\"Coop\u00e9ration : le Port de Douala signe un accord pour le renforcement des capacit\u00e9s\"}]},{\"@type\":\"WebSite\",\"@id\":\"https:\/\/www.africa-press.net\/cameroun\/#website\",\"url\":\"https:\/\/www.africa-press.net\/cameroun\/\",\"name\":\"Cameroun\",\"description\":\"Just another Africa News Agency Sites site\",\"potentialAction\":[{\"@type\":\"SearchAction\",\"target\":{\"@type\":\"EntryPoint\",\"urlTemplate\":\"https:\/\/www.africa-press.net\/cameroun\/?s={search_term_string}\"},\"query-input\":{\"@type\":\"PropertyValueSpecification\",\"valueRequired\":true,\"valueName\":\"search_term_string\"}}],\"inLanguage\":\"fr-FR\"},{\"@type\":\"Person\",\"@id\":\"https:\/\/www.africa-press.net\/cameroun\/#\/schema\/person\/2b1cf3cd81a31e3cd26889ca66d677f1\",\"name\":\"cfeditorfr\"}]}<\/script>\n<!-- \/ Yoast SEO Premium plugin. -->","yoast_head_json":{"title":"Coop\u00e9ration : le Port de Douala signe un accord pour le renforcement des capacit\u00e9s - Cameroun","description":"La convention a e\u0301te\u0301 paraphe\u0301e par Cyrus Ngo\u2019o pour le compte du PAD et Evariste Evane pour l\u2019ISTA. Le Port aut ...","robots":{"index":"index","follow":"follow","max-snippet":"max-snippet:-1","max-image-preview":"max-image-preview:large","max-video-preview":"max-video-preview:-1"},"canonical":"https:\/\/www.africa-press.net\/cameroun\/economie\/cooperation-le-port-de-douala-signe-un-accord-pour-le-renforcement-des-capacites","og_locale":"fr_FR","og_type":"article","og_title":"Coop\u00e9ration : le Port de Douala signe un accord pour le renforcement des capacit\u00e9s","og_description":"La convention a e\u0301te\u0301 paraphe\u0301e par Cyrus Ngo\u2019o pour le compte du PAD et Evariste Evane pour l\u2019ISTA. Le Port aut ...","og_url":"https:\/\/www.africa-press.net\/cameroun\/economie\/cooperation-le-port-de-douala-signe-un-accord-pour-le-renforcement-des-capacites","og_site_name":"Cameroun","article_published_time":"2024-02-19T21:22:31+00:00","article_modified_time":"2024-02-20T16:25:42+00:00","og_image":[{"width":780,"height":440,"url":"https:\/\/static.africa-press.net\/cameroun\/sites\/57\/2024\/02\/sm_1708392297.662858.jpg","type":"image\/jpeg"}],"author":"cfeditorfr","twitter_card":"summary_large_image","twitter_misc":{"\u00c9crit par":"cfeditorfr","Dur\u00e9e de lecture estim\u00e9e":"2 minutes"},"schema":{"@context":"https:\/\/schema.org","@graph":[{"@type":"Article","@id":"https:\/\/www.africa-press.net\/cameroun\/economie\/cooperation-le-port-de-douala-signe-un-accord-pour-le-renforcement-des-capacites#article","isPartOf":{"@id":"https:\/\/www.africa-press.net\/cameroun\/economie\/cooperation-le-port-de-douala-signe-un-accord-pour-le-renforcement-des-capacites"},"author":{"name":"cfeditorfr","@id":"https:\/\/www.africa-press.net\/cameroun\/#\/schema\/person\/2b1cf3cd81a31e3cd26889ca66d677f1"},"headline":"Coop\u00e9ration : le Port de Douala signe un accord pour le renforcement des capacit\u00e9s","datePublished":"2024-02-19T21:22:31+00:00","dateModified":"2024-02-20T16:25:42+00:00","mainEntityOfPage":{"@id":"https:\/\/www.africa-press.net\/cameroun\/economie\/cooperation-le-port-de-douala-signe-un-accord-pour-le-renforcement-des-capacites"},"wordCount":393,"commentCount":0,"image":{"@id":"https:\/\/www.africa-press.net\/cameroun\/economie\/cooperation-le-port-de-douala-signe-un-accord-pour-le-renforcement-des-capacites#primaryimage"},"thumbnailUrl":"https:\/\/static.africa-press.net\/cameroun\/sites\/57\/2024\/02\/sm_1708392297.662858.jpg","keywords":["Africa Press","Africa Press-Cameroun","Cameroun"],"articleSection":["\u00c9conomie","Top Nouvelles","Toutes les actualit\u00e9s"],"inLanguage":"fr-FR","potentialAction":[{"@type":"CommentAction","name":"Comment","target":["https:\/\/www.africa-press.net\/cameroun\/economie\/cooperation-le-port-de-douala-signe-un-accord-pour-le-renforcement-des-capacites#respond"]}]},{"@type":"WebPage","@id":"https:\/\/www.africa-press.net\/cameroun\/economie\/cooperation-le-port-de-douala-signe-un-accord-pour-le-renforcement-des-capacites","url":"https:\/\/www.africa-press.net\/cameroun\/economie\/cooperation-le-port-de-douala-signe-un-accord-pour-le-renforcement-des-capacites","name":"Coop\u00e9ration : le Port de Douala signe un accord pour le renforcement des capacit\u00e9s - Cameroun","isPartOf":{"@id":"https:\/\/www.africa-press.net\/cameroun\/#website"},"primaryImageOfPage":{"@id":"https:\/\/www.africa-press.net\/cameroun\/economie\/cooperation-le-port-de-douala-signe-un-accord-pour-le-renforcement-des-capacites#primaryimage"},"image":{"@id":"https:\/\/www.africa-press.net\/cameroun\/economie\/cooperation-le-port-de-douala-signe-un-accord-pour-le-renforcement-des-capacites#primaryimage"},"thumbnailUrl":"https:\/\/static.africa-press.net\/cameroun\/sites\/57\/2024\/02\/sm_1708392297.662858.jpg","datePublished":"2024-02-19T21:22:31+00:00","dateModified":"2024-02-20T16:25:42+00:00","author":{"@id":"https:\/\/www.africa-press.net\/cameroun\/#\/schema\/person\/2b1cf3cd81a31e3cd26889ca66d677f1"},"description":"La convention a e\u0301te\u0301 paraphe\u0301e par Cyrus Ngo\u2019o pour le compte du PAD et Evariste Evane pour l\u2019ISTA. Le Port aut ...","breadcrumb":{"@id":"https:\/\/www.africa-press.net\/cameroun\/economie\/cooperation-le-port-de-douala-signe-un-accord-pour-le-renforcement-des-capacites#breadcrumb"},"inLanguage":"fr-FR","potentialAction":[{"@type":"ReadAction","target":["https:\/\/www.africa-press.net\/cameroun\/economie\/cooperation-le-port-de-douala-signe-un-accord-pour-le-renforcement-des-capacites"]}]},{"@type":"ImageObject","inLanguage":"fr-FR","@id":"https:\/\/www.africa-press.net\/cameroun\/economie\/cooperation-le-port-de-douala-signe-un-accord-pour-le-renforcement-des-capacites#primaryimage","url":"https:\/\/static.africa-press.net\/cameroun\/sites\/57\/2024\/02\/sm_1708392297.662858.jpg","contentUrl":"https:\/\/static.africa-press.net\/cameroun\/sites\/57\/2024\/02\/sm_1708392297.662858.jpg","width":780,"height":440,"caption":"Coop\u00e9ration : le Port de Douala signe un accord pour le renforcement des capacit\u00e9s"},{"@type":"BreadcrumbList","@id":"https:\/\/www.africa-press.net\/cameroun\/economie\/cooperation-le-port-de-douala-signe-un-accord-pour-le-renforcement-des-capacites#breadcrumb","itemListElement":[{"@type":"ListItem","position":1,"name":"Accueil","item":"https:\/\/www.africa-press.net\/cameroun\/"},{"@type":"ListItem","position":2,"name":"Coop\u00e9ration : le Port de Douala signe un accord pour le renforcement des capacit\u00e9s"}]},{"@type":"WebSite","@id":"https:\/\/www.africa-press.net\/cameroun\/#website","url":"https:\/\/www.africa-press.net\/cameroun\/","name":"Cameroun","description":"Just another Africa News Agency Sites site","potentialAction":[{"@type":"SearchAction","target":{"@type":"EntryPoint","urlTemplate":"https:\/\/www.africa-press.net\/cameroun\/?s={search_term_string}"},"query-input":{"@type":"PropertyValueSpecification","valueRequired":true,"valueName":"search_term_string"}}],"inLanguage":"fr-FR"},{"@type":"Person","@id":"https:\/\/www.africa-press.net\/cameroun\/#\/schema\/person\/2b1cf3cd81a31e3cd26889ca66d677f1","name":"cfeditorfr"}]}},"_links":{"self":[{"href":"https:\/\/www.africa-press.net\/cameroun\/wp-json\/wp\/v2\/posts\/61485","targetHints":{"allow":["GET"]}}],"collection":[{"href":"https:\/\/www.africa-press.net\/cameroun\/wp-json\/wp\/v2\/posts"}],"about":[{"href":"https:\/\/www.africa-press.net\/cameroun\/wp-json\/wp\/v2\/types\/post"}],"author":[{"embeddable":true,"href":"https:\/\/www.africa-press.net\/cameroun\/wp-json\/wp\/v2\/users\/82"}],"replies":[{"embeddable":true,"href":"https:\/\/www.africa-press.net\/cameroun\/wp-json\/wp\/v2\/comments?post=61485"}],"version-history":[{"count":0,"href":"https:\/\/www.africa-press.net\/cameroun\/wp-json\/wp\/v2\/posts\/61485\/revisions"}],"wp:featuredmedia":[{"embeddable":true,"href":"https:\/\/www.africa-press.net\/cameroun\/wp-json\/wp\/v2\/media\/61484"}],"wp:attachment":[{"href":"https:\/\/www.africa-press.net\/cameroun\/wp-json\/wp\/v2\/media?parent=61485"}],"wp:term":[{"taxonomy":"category","embeddable":true,"href":"https:\/\/www.africa-press.net\/cameroun\/wp-json\/wp\/v2\/categories?post=61485"},{"taxonomy":"post_tag","embeddable":true,"href":"https:\/\/www.africa-press.net\/cameroun\/wp-json\/wp\/v2\/tags?post=61485"}],"curies":[{"name":"wp","href":"https:\/\/api.w.org\/{rel}","templated":true}]}}