{"id":61489,"date":"2024-02-19T21:23:03","date_gmt":"2024-02-19T21:23:03","guid":{"rendered":"https:\/\/www.africa-press.net\/cameroun\/politique\/promote-2024-la-cameroon-european-union-business-week-souvre-demain"},"modified":"2024-02-20T16:26:40","modified_gmt":"2024-02-20T16:26:40","slug":"promote-2024-la-cameroon-european-union-business-week-souvre-demain","status":"publish","type":"post","link":"https:\/\/www.africa-press.net\/cameroun\/economie\/promote-2024-la-cameroon-european-union-business-week-souvre-demain","title":{"rendered":"Promote 2024 : La \u00ab Cameroon-European Union Business Week \u00bb s\u2019ouvre demain"},"content":{"rendered":"<p><span style=\"color: #ff6600\"><strong>Africa-Press &#8211; Cameroun. <\/strong><\/span><b>En marge des activite\u0301s de la 9e\u0300me e\u0301dition du Salon international PROMOTE, le Cameroun abrite du 20 au 22 fe\u0301vrier 2024, la toute premie\u0300re e\u0301dition de la \u00ab Cameroon-European Union Business Week \u00bb.<\/b><\/p>\n<p>\u00ab Le Global Gateway et les opportunite\u0301s commerciales et d\u2019investissement au Cameroun \u00bb. C\u2019est sous ce the\u0300me que se tient la \u00ab Cameroon-European Union Business Week \u00bb.<\/p>\n<p>Plusieurs activite\u0301s sont pre\u0301vues lors de la \u00ab Cameroon-European Union Business Week \u00bb, notamment des expositions, des rencontres entre entreprises camerounaises et europe\u0301ennes (B2B), des rencontres entre entreprises europe\u0301ennes et autorite\u0301s camerounaises (B2G), ainsi que des Confe\u0301rences-de\u0301bats sur des sujets d\u2019inte\u0301re\u0302t commun, tels que l\u2019ame\u0301lioration du climat des affaires, l\u2019e\u0301conomie verte, l\u2019Accord de Partenariat Economique Cameroun-UE, le soutien aux jeunes entrepreneurs, etc. Une visite du barrage de Nachtigal est e\u0301galement pre\u0301vue, dans le cadre de ce grand rendez-vous d\u2019affaires.<\/p>\n<p>Ce Forum d\u2019affaires se veut une plateforme de dialogue et d\u2019information. Elle se pre\u0301sente comme une re\u0301elle opportunite\u0301 pour renforcer les relations e\u0301conomiques et commerciales entre le Cameroun et l\u2019UE. Cette initiative de\u0301coule du Dialogue E\u0301conomique et Technique sur le partenariat entre les deux parties, et s\u2019inscrit dans le nouveau cadre de partenariat <b>OEACP-UE<\/b> issu de l\u2019Accord de SAMOA, signe\u0301 en novembre 2023 a\u0300 Apia dans le Pacifique.<\/p>\n<p>Elle re\u0301pond aux orientations fondamentales de la Strate\u0301gie Nationale de De\u0301veloppement 2020-2030 du Cameroun. Celle-ci pro\u0302ne la transformation structurelle de l\u2019e\u0301conomie nationale, en accordant une place centrale a\u0300 la promotion du secteur prive\u0301, a\u0300 l\u2019industrialisation, a\u0300 la dynamisation des e\u0301changes commerciaux, et a\u0300 l\u2019accroissement du volume d\u2019investissements au Cameroun.<\/p>\n<p>Bien plus, \u00ab cet important rendez-vous d\u2019affaires donnera l\u2019occasion d\u2019explorer, ensemble, les opportunite\u0301s d\u2019affaires qu\u2019offre le Cameroun dans les secteurs aussi varie\u0301s, tels que les mines, le nume\u0301rique, les infrastructures, l\u2019agro-industrie, etc. \u00bb, a indique\u0301 Alamine Ousmane Mey. Ce dernier croit savoir qu\u2019actuellement, la priorite\u0301 est de doper les investissements au Cameroun, pour re\u0301aliser les objectifs d\u2019e\u0301mergence de notre pays.<\/p>\n<p>Pour sa part, le Chef de De\u0301le\u0301gation de l\u2019UE au Cameroun estime que la \u00ab Cameroon-European Union Business Week \u00bb marquera un tournant de\u0301cisif dans le partenariat e\u0301conomique Cameroun-UE. Le diplomate europe\u0301en a d\u2019ailleurs annonce\u0301 l\u2019arrive\u0301e au Cameroun d\u2019une centaine d\u2019entreprises et banques de de\u0301veloppement des pays europe\u0301ens pour participer activement a\u0300 cet important rendez-vous d\u2019affaires. \u00ab C\u2019est pour nous un moment d\u2019opportunite\u0301s que nous espe\u0301rons valoriser \u00bb, a laisse\u0301 entendre S.E Jean-Marc CHATAIGNER.<\/p>\n<p>Les activite\u0301s y relatives ont e\u0301te\u0301 lance\u0301es le 16 fe\u0301vrier 2024 a\u0300 Yaounde\u0301 a\u0300 travers la Confe\u0301rence de Presse donne\u0301e par le ministre de l\u2019Economie, de la Planification et de l\u2019Ame\u0301nagement du Territoire, et le Chef de De\u0301le\u0301gation de l\u2019UE au Cameroun. C\u2019e\u0301tait en pre\u0301sence des Ambassadeurs d\u2019Italie, d\u2019Espagne et d\u2019Allemagne au Cameroun et des repre\u0301sentants des agences de coope\u0301ration de l\u2019UE.<\/p>\n<p><strong>Pour plus d&rsquo;informations et d&rsquo;analyses sur la <a href=\"https:\/\/www.africa-press.net\/cameroun\">Cameroun<\/a>, suivez <a href=\"https:\/\/www.africa-press.net\/\">Africa-Press<\/a><\/strong><\/p>\n","protected":false},"excerpt":{"rendered":"<p>Africa-Press &#8211; Cameroun. En marge des activite\u0301s de la 9e\u0300me e\u0301dition du Salon international PROMOTE, le Cameroun abrite du 20 au 22 fe\u0301vrier 2024, la toute premie\u0300re e\u0301dition de la \u00ab Cameroon-European Union Business Week \u00bb. \u00ab Le Global Gateway et les opportunite\u0301s commerciales et d\u2019investissement au Cameroun \u00bb. C\u2019est sous ce the\u0300me que se [&hellip;]<\/p>\n","protected":false},"author":82,"featured_media":61488,"comment_status":"open","ping_status":"closed","sticky":false,"template":"","format":"standard","meta":{"footnotes":""},"categories":[3,10],"tags":[36,50,49],"class_list":["post-61489","post","type-post","status-publish","format-standard","has-post-thumbnail","hentry","category-economie","category-toutes-les-actualites","tag-africa-press","tag-africa-press-cameroun","tag-cameroun"],"yoast_head":"<!-- This site is optimized with the Yoast SEO Premium plugin v26.1 (Yoast SEO v27.0) - https:\/\/yoast.com\/product\/yoast-seo-premium-wordpress\/ -->\n<title>Promote 2024 : La \u00ab Cameroon-European Union Business Week \u00bb s\u2019ouvre demain - Cameroun<\/title>\n<meta name=\"description\" content=\"En marge des activite\u0301s de la 9e\u0300me e\u0301dition du Salon international PROMOTE, le Cameroun abrite du 20 au 22 fe\u0301vrier ...\" \/>\n<meta name=\"robots\" content=\"index, follow, max-snippet:-1, max-image-preview:large, max-video-preview:-1\" \/>\n<link rel=\"canonical\" href=\"https:\/\/www.africa-press.net\/cameroun\/economie\/promote-2024-la-cameroon-european-union-business-week-souvre-demain\" \/>\n<meta property=\"og:locale\" content=\"fr_FR\" \/>\n<meta property=\"og:type\" content=\"article\" \/>\n<meta property=\"og:title\" content=\"Promote 2024 : La \u00ab Cameroon-European Union Business Week \u00bb s\u2019ouvre demain\" \/>\n<meta property=\"og:description\" content=\"En marge des activite\u0301s de la 9e\u0300me e\u0301dition du Salon international PROMOTE, le Cameroun abrite du 20 au 22 fe\u0301vrier ...\" \/>\n<meta property=\"og:url\" content=\"https:\/\/www.africa-press.net\/cameroun\/economie\/promote-2024-la-cameroon-european-union-business-week-souvre-demain\" \/>\n<meta property=\"og:site_name\" content=\"Cameroun\" \/>\n<meta property=\"article:published_time\" content=\"2024-02-19T21:23:03+00:00\" \/>\n<meta property=\"article:modified_time\" content=\"2024-02-20T16:26:40+00:00\" \/>\n<meta property=\"og:image\" content=\"https:\/\/static.africa-press.net\/cameroun\/sites\/57\/2024\/02\/sm_1708392322.983536.jpg\" \/>\n\t<meta property=\"og:image:width\" content=\"780\" \/>\n\t<meta property=\"og:image:height\" content=\"440\" \/>\n\t<meta property=\"og:image:type\" content=\"image\/jpeg\" \/>\n<meta name=\"author\" content=\"cfeditorfr\" \/>\n<meta name=\"twitter:card\" content=\"summary_large_image\" \/>\n<meta name=\"twitter:label1\" content=\"\u00c9crit par\" \/>\n\t<meta name=\"twitter:data1\" content=\"cfeditorfr\" \/>\n\t<meta name=\"twitter:label2\" content=\"Dur\u00e9e de lecture estim\u00e9e\" \/>\n\t<meta name=\"twitter:data2\" content=\"3 minutes\" \/>\n<script type=\"application\/ld+json\" class=\"yoast-schema-graph\">{\"@context\":\"https:\/\/schema.org\",\"@graph\":[{\"@type\":\"Article\",\"@id\":\"https:\/\/www.africa-press.net\/cameroun\/economie\/promote-2024-la-cameroon-european-union-business-week-souvre-demain#article\",\"isPartOf\":{\"@id\":\"https:\/\/www.africa-press.net\/cameroun\/economie\/promote-2024-la-cameroon-european-union-business-week-souvre-demain\"},\"author\":{\"name\":\"cfeditorfr\",\"@id\":\"https:\/\/www.africa-press.net\/cameroun\/#\/schema\/person\/2b1cf3cd81a31e3cd26889ca66d677f1\"},\"headline\":\"Promote 2024 : La \u00ab Cameroon-European Union Business Week \u00bb s\u2019ouvre demain\",\"datePublished\":\"2024-02-19T21:23:03+00:00\",\"dateModified\":\"2024-02-20T16:26:40+00:00\",\"mainEntityOfPage\":{\"@id\":\"https:\/\/www.africa-press.net\/cameroun\/economie\/promote-2024-la-cameroon-european-union-business-week-souvre-demain\"},\"wordCount\":559,\"commentCount\":0,\"image\":{\"@id\":\"https:\/\/www.africa-press.net\/cameroun\/economie\/promote-2024-la-cameroon-european-union-business-week-souvre-demain#primaryimage\"},\"thumbnailUrl\":\"https:\/\/static.africa-press.net\/cameroun\/sites\/57\/2024\/02\/sm_1708392322.983536.jpg\",\"keywords\":[\"Africa Press\",\"Africa Press-Cameroun\",\"Cameroun\"],\"articleSection\":[\"\u00c9conomie\",\"Toutes les actualit\u00e9s\"],\"inLanguage\":\"fr-FR\",\"potentialAction\":[{\"@type\":\"CommentAction\",\"name\":\"Comment\",\"target\":[\"https:\/\/www.africa-press.net\/cameroun\/economie\/promote-2024-la-cameroon-european-union-business-week-souvre-demain#respond\"]}]},{\"@type\":\"WebPage\",\"@id\":\"https:\/\/www.africa-press.net\/cameroun\/economie\/promote-2024-la-cameroon-european-union-business-week-souvre-demain\",\"url\":\"https:\/\/www.africa-press.net\/cameroun\/economie\/promote-2024-la-cameroon-european-union-business-week-souvre-demain\",\"name\":\"Promote 2024 : La \u00ab Cameroon-European Union Business Week \u00bb s\u2019ouvre demain - Cameroun\",\"isPartOf\":{\"@id\":\"https:\/\/www.africa-press.net\/cameroun\/#website\"},\"primaryImageOfPage\":{\"@id\":\"https:\/\/www.africa-press.net\/cameroun\/economie\/promote-2024-la-cameroon-european-union-business-week-souvre-demain#primaryimage\"},\"image\":{\"@id\":\"https:\/\/www.africa-press.net\/cameroun\/economie\/promote-2024-la-cameroon-european-union-business-week-souvre-demain#primaryimage\"},\"thumbnailUrl\":\"https:\/\/static.africa-press.net\/cameroun\/sites\/57\/2024\/02\/sm_1708392322.983536.jpg\",\"datePublished\":\"2024-02-19T21:23:03+00:00\",\"dateModified\":\"2024-02-20T16:26:40+00:00\",\"author\":{\"@id\":\"https:\/\/www.africa-press.net\/cameroun\/#\/schema\/person\/2b1cf3cd81a31e3cd26889ca66d677f1\"},\"description\":\"En marge des activite\u0301s de la 9e\u0300me e\u0301dition du Salon international PROMOTE, le Cameroun abrite du 20 au 22 fe\u0301vrier ...\",\"breadcrumb\":{\"@id\":\"https:\/\/www.africa-press.net\/cameroun\/economie\/promote-2024-la-cameroon-european-union-business-week-souvre-demain#breadcrumb\"},\"inLanguage\":\"fr-FR\",\"potentialAction\":[{\"@type\":\"ReadAction\",\"target\":[\"https:\/\/www.africa-press.net\/cameroun\/economie\/promote-2024-la-cameroon-european-union-business-week-souvre-demain\"]}]},{\"@type\":\"ImageObject\",\"inLanguage\":\"fr-FR\",\"@id\":\"https:\/\/www.africa-press.net\/cameroun\/economie\/promote-2024-la-cameroon-european-union-business-week-souvre-demain#primaryimage\",\"url\":\"https:\/\/static.africa-press.net\/cameroun\/sites\/57\/2024\/02\/sm_1708392322.983536.jpg\",\"contentUrl\":\"https:\/\/static.africa-press.net\/cameroun\/sites\/57\/2024\/02\/sm_1708392322.983536.jpg\",\"width\":780,\"height\":440,\"caption\":\"Promote 2024 : La \u00ab Cameroon-European Union Business Week \u00bb s\u2019ouvre demain\"},{\"@type\":\"BreadcrumbList\",\"@id\":\"https:\/\/www.africa-press.net\/cameroun\/economie\/promote-2024-la-cameroon-european-union-business-week-souvre-demain#breadcrumb\",\"itemListElement\":[{\"@type\":\"ListItem\",\"position\":1,\"name\":\"Accueil\",\"item\":\"https:\/\/www.africa-press.net\/cameroun\/\"},{\"@type\":\"ListItem\",\"position\":2,\"name\":\"Promote 2024 : La \u00ab Cameroon-European Union Business Week \u00bb s\u2019ouvre demain\"}]},{\"@type\":\"WebSite\",\"@id\":\"https:\/\/www.africa-press.net\/cameroun\/#website\",\"url\":\"https:\/\/www.africa-press.net\/cameroun\/\",\"name\":\"Cameroun\",\"description\":\"Just another Africa News Agency Sites site\",\"potentialAction\":[{\"@type\":\"SearchAction\",\"target\":{\"@type\":\"EntryPoint\",\"urlTemplate\":\"https:\/\/www.africa-press.net\/cameroun\/?s={search_term_string}\"},\"query-input\":{\"@type\":\"PropertyValueSpecification\",\"valueRequired\":true,\"valueName\":\"search_term_string\"}}],\"inLanguage\":\"fr-FR\"},{\"@type\":\"Person\",\"@id\":\"https:\/\/www.africa-press.net\/cameroun\/#\/schema\/person\/2b1cf3cd81a31e3cd26889ca66d677f1\",\"name\":\"cfeditorfr\"}]}<\/script>\n<!-- \/ Yoast SEO Premium plugin. -->","yoast_head_json":{"title":"Promote 2024 : La \u00ab Cameroon-European Union Business Week \u00bb s\u2019ouvre demain - Cameroun","description":"En marge des activite\u0301s de la 9e\u0300me e\u0301dition du Salon international PROMOTE, le Cameroun abrite du 20 au 22 fe\u0301vrier ...","robots":{"index":"index","follow":"follow","max-snippet":"max-snippet:-1","max-image-preview":"max-image-preview:large","max-video-preview":"max-video-preview:-1"},"canonical":"https:\/\/www.africa-press.net\/cameroun\/economie\/promote-2024-la-cameroon-european-union-business-week-souvre-demain","og_locale":"fr_FR","og_type":"article","og_title":"Promote 2024 : La \u00ab Cameroon-European Union Business Week \u00bb s\u2019ouvre demain","og_description":"En marge des activite\u0301s de la 9e\u0300me e\u0301dition du Salon international PROMOTE, le Cameroun abrite du 20 au 22 fe\u0301vrier ...","og_url":"https:\/\/www.africa-press.net\/cameroun\/economie\/promote-2024-la-cameroon-european-union-business-week-souvre-demain","og_site_name":"Cameroun","article_published_time":"2024-02-19T21:23:03+00:00","article_modified_time":"2024-02-20T16:26:40+00:00","og_image":[{"width":780,"height":440,"url":"https:\/\/static.africa-press.net\/cameroun\/sites\/57\/2024\/02\/sm_1708392322.983536.jpg","type":"image\/jpeg"}],"author":"cfeditorfr","twitter_card":"summary_large_image","twitter_misc":{"\u00c9crit par":"cfeditorfr","Dur\u00e9e de lecture estim\u00e9e":"3 minutes"},"schema":{"@context":"https:\/\/schema.org","@graph":[{"@type":"Article","@id":"https:\/\/www.africa-press.net\/cameroun\/economie\/promote-2024-la-cameroon-european-union-business-week-souvre-demain#article","isPartOf":{"@id":"https:\/\/www.africa-press.net\/cameroun\/economie\/promote-2024-la-cameroon-european-union-business-week-souvre-demain"},"author":{"name":"cfeditorfr","@id":"https:\/\/www.africa-press.net\/cameroun\/#\/schema\/person\/2b1cf3cd81a31e3cd26889ca66d677f1"},"headline":"Promote 2024 : La \u00ab Cameroon-European Union Business Week \u00bb s\u2019ouvre demain","datePublished":"2024-02-19T21:23:03+00:00","dateModified":"2024-02-20T16:26:40+00:00","mainEntityOfPage":{"@id":"https:\/\/www.africa-press.net\/cameroun\/economie\/promote-2024-la-cameroon-european-union-business-week-souvre-demain"},"wordCount":559,"commentCount":0,"image":{"@id":"https:\/\/www.africa-press.net\/cameroun\/economie\/promote-2024-la-cameroon-european-union-business-week-souvre-demain#primaryimage"},"thumbnailUrl":"https:\/\/static.africa-press.net\/cameroun\/sites\/57\/2024\/02\/sm_1708392322.983536.jpg","keywords":["Africa Press","Africa Press-Cameroun","Cameroun"],"articleSection":["\u00c9conomie","Toutes les actualit\u00e9s"],"inLanguage":"fr-FR","potentialAction":[{"@type":"CommentAction","name":"Comment","target":["https:\/\/www.africa-press.net\/cameroun\/economie\/promote-2024-la-cameroon-european-union-business-week-souvre-demain#respond"]}]},{"@type":"WebPage","@id":"https:\/\/www.africa-press.net\/cameroun\/economie\/promote-2024-la-cameroon-european-union-business-week-souvre-demain","url":"https:\/\/www.africa-press.net\/cameroun\/economie\/promote-2024-la-cameroon-european-union-business-week-souvre-demain","name":"Promote 2024 : La \u00ab Cameroon-European Union Business Week \u00bb s\u2019ouvre demain - Cameroun","isPartOf":{"@id":"https:\/\/www.africa-press.net\/cameroun\/#website"},"primaryImageOfPage":{"@id":"https:\/\/www.africa-press.net\/cameroun\/economie\/promote-2024-la-cameroon-european-union-business-week-souvre-demain#primaryimage"},"image":{"@id":"https:\/\/www.africa-press.net\/cameroun\/economie\/promote-2024-la-cameroon-european-union-business-week-souvre-demain#primaryimage"},"thumbnailUrl":"https:\/\/static.africa-press.net\/cameroun\/sites\/57\/2024\/02\/sm_1708392322.983536.jpg","datePublished":"2024-02-19T21:23:03+00:00","dateModified":"2024-02-20T16:26:40+00:00","author":{"@id":"https:\/\/www.africa-press.net\/cameroun\/#\/schema\/person\/2b1cf3cd81a31e3cd26889ca66d677f1"},"description":"En marge des activite\u0301s de la 9e\u0300me e\u0301dition du Salon international PROMOTE, le Cameroun abrite du 20 au 22 fe\u0301vrier ...","breadcrumb":{"@id":"https:\/\/www.africa-press.net\/cameroun\/economie\/promote-2024-la-cameroon-european-union-business-week-souvre-demain#breadcrumb"},"inLanguage":"fr-FR","potentialAction":[{"@type":"ReadAction","target":["https:\/\/www.africa-press.net\/cameroun\/economie\/promote-2024-la-cameroon-european-union-business-week-souvre-demain"]}]},{"@type":"ImageObject","inLanguage":"fr-FR","@id":"https:\/\/www.africa-press.net\/cameroun\/economie\/promote-2024-la-cameroon-european-union-business-week-souvre-demain#primaryimage","url":"https:\/\/static.africa-press.net\/cameroun\/sites\/57\/2024\/02\/sm_1708392322.983536.jpg","contentUrl":"https:\/\/static.africa-press.net\/cameroun\/sites\/57\/2024\/02\/sm_1708392322.983536.jpg","width":780,"height":440,"caption":"Promote 2024 : La \u00ab Cameroon-European Union Business Week \u00bb s\u2019ouvre demain"},{"@type":"BreadcrumbList","@id":"https:\/\/www.africa-press.net\/cameroun\/economie\/promote-2024-la-cameroon-european-union-business-week-souvre-demain#breadcrumb","itemListElement":[{"@type":"ListItem","position":1,"name":"Accueil","item":"https:\/\/www.africa-press.net\/cameroun\/"},{"@type":"ListItem","position":2,"name":"Promote 2024 : La \u00ab Cameroon-European Union Business Week \u00bb s\u2019ouvre demain"}]},{"@type":"WebSite","@id":"https:\/\/www.africa-press.net\/cameroun\/#website","url":"https:\/\/www.africa-press.net\/cameroun\/","name":"Cameroun","description":"Just another Africa News Agency Sites site","potentialAction":[{"@type":"SearchAction","target":{"@type":"EntryPoint","urlTemplate":"https:\/\/www.africa-press.net\/cameroun\/?s={search_term_string}"},"query-input":{"@type":"PropertyValueSpecification","valueRequired":true,"valueName":"search_term_string"}}],"inLanguage":"fr-FR"},{"@type":"Person","@id":"https:\/\/www.africa-press.net\/cameroun\/#\/schema\/person\/2b1cf3cd81a31e3cd26889ca66d677f1","name":"cfeditorfr"}]}},"_links":{"self":[{"href":"https:\/\/www.africa-press.net\/cameroun\/wp-json\/wp\/v2\/posts\/61489","targetHints":{"allow":["GET"]}}],"collection":[{"href":"https:\/\/www.africa-press.net\/cameroun\/wp-json\/wp\/v2\/posts"}],"about":[{"href":"https:\/\/www.africa-press.net\/cameroun\/wp-json\/wp\/v2\/types\/post"}],"author":[{"embeddable":true,"href":"https:\/\/www.africa-press.net\/cameroun\/wp-json\/wp\/v2\/users\/82"}],"replies":[{"embeddable":true,"href":"https:\/\/www.africa-press.net\/cameroun\/wp-json\/wp\/v2\/comments?post=61489"}],"version-history":[{"count":0,"href":"https:\/\/www.africa-press.net\/cameroun\/wp-json\/wp\/v2\/posts\/61489\/revisions"}],"wp:featuredmedia":[{"embeddable":true,"href":"https:\/\/www.africa-press.net\/cameroun\/wp-json\/wp\/v2\/media\/61488"}],"wp:attachment":[{"href":"https:\/\/www.africa-press.net\/cameroun\/wp-json\/wp\/v2\/media?parent=61489"}],"wp:term":[{"taxonomy":"category","embeddable":true,"href":"https:\/\/www.africa-press.net\/cameroun\/wp-json\/wp\/v2\/categories?post=61489"},{"taxonomy":"post_tag","embeddable":true,"href":"https:\/\/www.africa-press.net\/cameroun\/wp-json\/wp\/v2\/tags?post=61489"}],"curies":[{"name":"wp","href":"https:\/\/api.w.org\/{rel}","templated":true}]}}