{"id":61493,"date":"2024-02-19T21:23:16","date_gmt":"2024-02-19T21:23:16","guid":{"rendered":"https:\/\/www.africa-press.net\/cameroun\/politique\/la-fermeture-des-ecoles-affecte-plus-de-240-000-enfants-dans-le-nord-ouest-et-le-sud-ouest"},"modified":"2024-02-20T16:27:23","modified_gmt":"2024-02-20T16:27:23","slug":"la-fermeture-des-ecoles-affecte-plus-de-240-000-enfants-dans-le-nord-ouest-et-le-sud-ouest","status":"publish","type":"post","link":"https:\/\/www.africa-press.net\/cameroun\/toutes-les-actualites\/la-fermeture-des-ecoles-affecte-plus-de-240-000-enfants-dans-le-nord-ouest-et-le-sud-ouest","title":{"rendered":"La fermeture des \u00e9coles affecte plus de 240 000 enfants dans le Nord-Ouest et le Sud-Ouest"},"content":{"rendered":"<p><span style=\"color: #ff6600\"><strong>Africa-Press &#8211; Cameroun. <\/strong><\/span><b>Les chiffres sont contenus dans un re\u0301cent rapport du Bureau de coordination des actions humanitaires de l\u2019ONU (OCHA).<\/b><\/p>\n<p>La crise se\u0301curitaire dans les re\u0301gions du Nord-Ouest et du Sud-Ouest affecte encore le secteur e\u0301ducatif avec la fermeture des e\u0301coles impose\u0301e par les se\u0301paratistes. Selon le Bureau de coordination des actions humanitaires de l\u2019ONU (OCHA), 246 354 enfants ne peuvent pas aller a\u0300 l\u2019e\u0301cole depuis le de\u0301but de l\u2019anne\u0301e scolaire 2023-2024. La raison en est que plusieurs e\u0301tablissements scolaires sont reste\u0301s ferme\u0301s.<\/p>\n<p>En effet, au cours de cette anne\u0301e scolaire en cours, le rapport de OCHA publie\u0301 le 12 fe\u0301vrier dernier informe que 2 875 e\u0301tablissements scolaires sur les 6 970 identifie\u0301s dans les deux re\u0301gions n\u2019ont pas ouvert depuis la rentre\u0301e scolaire de septembre dernier. Le taux de fermeture est de 41%. Compare\u0301 a\u0300 l\u2019anne\u0301e 2022-2023, l\u2019organisme spe\u0301cialise\u0301 de l\u2019ONU note une ame\u0301lioration. Il y a une anne\u0301e, OCHA a re\u0301ve\u0301le\u0301 que 54% d\u2019e\u0301coles sont reste\u0301es ferme\u0301es dans ces re\u0301gions en crise.<\/p>\n<p>Outre la fermeture des e\u0301tablissements, les se\u0301paratistes commettent des exactions sur des e\u0301le\u0300ves au cours des pe\u0301riodes de grand rassemblement. C\u2019est le cas lors de la rentre\u0301e scolaire en septembre ou lors des festivite\u0301s marquant la fe\u0302te de la jeunesse du 11 fe\u0301vrier. A cet effet, 25 exactions ont cible\u0301 les e\u0301le\u0300ves ou les e\u0301tablissements scolaires en 2023 dont sept lors de la rentre\u0301e scolaire et huit lors de la fe\u0302te de la jeunesse.<\/p>\n<p><strong>Pour plus d&rsquo;informations et d&rsquo;analyses sur la <a href=\"https:\/\/www.africa-press.net\/cameroun\">Cameroun<\/a>, suivez <a href=\"https:\/\/www.africa-press.net\/\">Africa-Press<\/a><\/strong><\/p>\n","protected":false},"excerpt":{"rendered":"<p>Africa-Press &#8211; Cameroun. Les chiffres sont contenus dans un re\u0301cent rapport du Bureau de coordination des actions humanitaires de l\u2019ONU (OCHA). La crise se\u0301curitaire dans les re\u0301gions du Nord-Ouest et du Sud-Ouest affecte encore le secteur e\u0301ducatif avec la fermeture des e\u0301coles impose\u0301e par les se\u0301paratistes. Selon le Bureau de coordination des actions humanitaires de [&hellip;]<\/p>\n","protected":false},"author":82,"featured_media":61492,"comment_status":"open","ping_status":"closed","sticky":false,"template":"","format":"standard","meta":{"footnotes":""},"categories":[21,10],"tags":[36,50,49],"class_list":["post-61493","post","type-post","status-publish","format-standard","has-post-thumbnail","hentry","category-communaute","category-toutes-les-actualites","tag-africa-press","tag-africa-press-cameroun","tag-cameroun"],"yoast_head":"<!-- This site is optimized with the Yoast SEO Premium plugin v26.1 (Yoast SEO v27.0) - https:\/\/yoast.com\/product\/yoast-seo-premium-wordpress\/ -->\n<title>La fermeture des \u00e9coles affecte plus de 240 000 enfants dans le Nord-Ouest et le Sud-Ouest - Cameroun<\/title>\n<meta name=\"description\" content=\"Les chiffres sont contenus dans un re\u0301cent rapport du Bureau de coordination des actions humanitaires de l\u2019ONU (OCHA) ...\" \/>\n<meta name=\"robots\" content=\"index, follow, max-snippet:-1, max-image-preview:large, max-video-preview:-1\" \/>\n<link rel=\"canonical\" href=\"https:\/\/www.africa-press.net\/cameroun\/toutes-les-actualites\/la-fermeture-des-ecoles-affecte-plus-de-240-000-enfants-dans-le-nord-ouest-et-le-sud-ouest\" \/>\n<meta property=\"og:locale\" content=\"fr_FR\" \/>\n<meta property=\"og:type\" content=\"article\" \/>\n<meta property=\"og:title\" content=\"La fermeture des \u00e9coles affecte plus de 240 000 enfants dans le Nord-Ouest et le Sud-Ouest\" \/>\n<meta property=\"og:description\" content=\"Les chiffres sont contenus dans un re\u0301cent rapport du Bureau de coordination des actions humanitaires de l\u2019ONU (OCHA) ...\" \/>\n<meta property=\"og:url\" content=\"https:\/\/www.africa-press.net\/cameroun\/toutes-les-actualites\/la-fermeture-des-ecoles-affecte-plus-de-240-000-enfants-dans-le-nord-ouest-et-le-sud-ouest\" \/>\n<meta property=\"og:site_name\" content=\"Cameroun\" \/>\n<meta property=\"article:published_time\" content=\"2024-02-19T21:23:16+00:00\" \/>\n<meta property=\"article:modified_time\" content=\"2024-02-20T16:27:23+00:00\" \/>\n<meta property=\"og:image\" content=\"https:\/\/static.africa-press.net\/cameroun\/sites\/57\/2024\/02\/sm_1708392359.272276.jpg\" \/>\n\t<meta property=\"og:image:width\" content=\"780\" \/>\n\t<meta property=\"og:image:height\" content=\"440\" \/>\n\t<meta property=\"og:image:type\" content=\"image\/jpeg\" \/>\n<meta name=\"author\" content=\"cfeditorfr\" \/>\n<meta name=\"twitter:card\" content=\"summary_large_image\" \/>\n<meta name=\"twitter:label1\" content=\"\u00c9crit par\" \/>\n\t<meta name=\"twitter:data1\" content=\"cfeditorfr\" \/>\n\t<meta name=\"twitter:label2\" content=\"Dur\u00e9e de lecture estim\u00e9e\" \/>\n\t<meta name=\"twitter:data2\" content=\"1 minute\" \/>\n<script type=\"application\/ld+json\" class=\"yoast-schema-graph\">{\"@context\":\"https:\/\/schema.org\",\"@graph\":[{\"@type\":\"Article\",\"@id\":\"https:\/\/www.africa-press.net\/cameroun\/toutes-les-actualites\/la-fermeture-des-ecoles-affecte-plus-de-240-000-enfants-dans-le-nord-ouest-et-le-sud-ouest#article\",\"isPartOf\":{\"@id\":\"https:\/\/www.africa-press.net\/cameroun\/toutes-les-actualites\/la-fermeture-des-ecoles-affecte-plus-de-240-000-enfants-dans-le-nord-ouest-et-le-sud-ouest\"},\"author\":{\"name\":\"cfeditorfr\",\"@id\":\"https:\/\/www.africa-press.net\/cameroun\/#\/schema\/person\/2b1cf3cd81a31e3cd26889ca66d677f1\"},\"headline\":\"La fermeture des \u00e9coles affecte plus de 240 000 enfants dans le Nord-Ouest et le Sud-Ouest\",\"datePublished\":\"2024-02-19T21:23:16+00:00\",\"dateModified\":\"2024-02-20T16:27:23+00:00\",\"mainEntityOfPage\":{\"@id\":\"https:\/\/www.africa-press.net\/cameroun\/toutes-les-actualites\/la-fermeture-des-ecoles-affecte-plus-de-240-000-enfants-dans-le-nord-ouest-et-le-sud-ouest\"},\"wordCount\":306,\"commentCount\":0,\"image\":{\"@id\":\"https:\/\/www.africa-press.net\/cameroun\/toutes-les-actualites\/la-fermeture-des-ecoles-affecte-plus-de-240-000-enfants-dans-le-nord-ouest-et-le-sud-ouest#primaryimage\"},\"thumbnailUrl\":\"https:\/\/static.africa-press.net\/cameroun\/sites\/57\/2024\/02\/sm_1708392359.272276.jpg\",\"keywords\":[\"Africa Press\",\"Africa Press-Cameroun\",\"Cameroun\"],\"articleSection\":[\"Communaut\u00e9\",\"Toutes les actualit\u00e9s\"],\"inLanguage\":\"fr-FR\",\"potentialAction\":[{\"@type\":\"CommentAction\",\"name\":\"Comment\",\"target\":[\"https:\/\/www.africa-press.net\/cameroun\/toutes-les-actualites\/la-fermeture-des-ecoles-affecte-plus-de-240-000-enfants-dans-le-nord-ouest-et-le-sud-ouest#respond\"]}]},{\"@type\":\"WebPage\",\"@id\":\"https:\/\/www.africa-press.net\/cameroun\/toutes-les-actualites\/la-fermeture-des-ecoles-affecte-plus-de-240-000-enfants-dans-le-nord-ouest-et-le-sud-ouest\",\"url\":\"https:\/\/www.africa-press.net\/cameroun\/toutes-les-actualites\/la-fermeture-des-ecoles-affecte-plus-de-240-000-enfants-dans-le-nord-ouest-et-le-sud-ouest\",\"name\":\"La fermeture des \u00e9coles affecte plus de 240 000 enfants dans le Nord-Ouest et le Sud-Ouest - Cameroun\",\"isPartOf\":{\"@id\":\"https:\/\/www.africa-press.net\/cameroun\/#website\"},\"primaryImageOfPage\":{\"@id\":\"https:\/\/www.africa-press.net\/cameroun\/toutes-les-actualites\/la-fermeture-des-ecoles-affecte-plus-de-240-000-enfants-dans-le-nord-ouest-et-le-sud-ouest#primaryimage\"},\"image\":{\"@id\":\"https:\/\/www.africa-press.net\/cameroun\/toutes-les-actualites\/la-fermeture-des-ecoles-affecte-plus-de-240-000-enfants-dans-le-nord-ouest-et-le-sud-ouest#primaryimage\"},\"thumbnailUrl\":\"https:\/\/static.africa-press.net\/cameroun\/sites\/57\/2024\/02\/sm_1708392359.272276.jpg\",\"datePublished\":\"2024-02-19T21:23:16+00:00\",\"dateModified\":\"2024-02-20T16:27:23+00:00\",\"author\":{\"@id\":\"https:\/\/www.africa-press.net\/cameroun\/#\/schema\/person\/2b1cf3cd81a31e3cd26889ca66d677f1\"},\"description\":\"Les chiffres sont contenus dans un re\u0301cent rapport du Bureau de coordination des actions humanitaires de l\u2019ONU (OCHA) ...\",\"breadcrumb\":{\"@id\":\"https:\/\/www.africa-press.net\/cameroun\/toutes-les-actualites\/la-fermeture-des-ecoles-affecte-plus-de-240-000-enfants-dans-le-nord-ouest-et-le-sud-ouest#breadcrumb\"},\"inLanguage\":\"fr-FR\",\"potentialAction\":[{\"@type\":\"ReadAction\",\"target\":[\"https:\/\/www.africa-press.net\/cameroun\/toutes-les-actualites\/la-fermeture-des-ecoles-affecte-plus-de-240-000-enfants-dans-le-nord-ouest-et-le-sud-ouest\"]}]},{\"@type\":\"ImageObject\",\"inLanguage\":\"fr-FR\",\"@id\":\"https:\/\/www.africa-press.net\/cameroun\/toutes-les-actualites\/la-fermeture-des-ecoles-affecte-plus-de-240-000-enfants-dans-le-nord-ouest-et-le-sud-ouest#primaryimage\",\"url\":\"https:\/\/static.africa-press.net\/cameroun\/sites\/57\/2024\/02\/sm_1708392359.272276.jpg\",\"contentUrl\":\"https:\/\/static.africa-press.net\/cameroun\/sites\/57\/2024\/02\/sm_1708392359.272276.jpg\",\"width\":780,\"height\":440,\"caption\":\"La fermeture des \u00e9coles affecte plus de 240 000 enfants dans le Nord-Ouest et le Sud-Ouest\"},{\"@type\":\"BreadcrumbList\",\"@id\":\"https:\/\/www.africa-press.net\/cameroun\/toutes-les-actualites\/la-fermeture-des-ecoles-affecte-plus-de-240-000-enfants-dans-le-nord-ouest-et-le-sud-ouest#breadcrumb\",\"itemListElement\":[{\"@type\":\"ListItem\",\"position\":1,\"name\":\"Accueil\",\"item\":\"https:\/\/www.africa-press.net\/cameroun\/\"},{\"@type\":\"ListItem\",\"position\":2,\"name\":\"La fermeture des \u00e9coles affecte plus de 240 000 enfants dans le Nord-Ouest et le Sud-Ouest\"}]},{\"@type\":\"WebSite\",\"@id\":\"https:\/\/www.africa-press.net\/cameroun\/#website\",\"url\":\"https:\/\/www.africa-press.net\/cameroun\/\",\"name\":\"Cameroun\",\"description\":\"Just another Africa News Agency Sites site\",\"potentialAction\":[{\"@type\":\"SearchAction\",\"target\":{\"@type\":\"EntryPoint\",\"urlTemplate\":\"https:\/\/www.africa-press.net\/cameroun\/?s={search_term_string}\"},\"query-input\":{\"@type\":\"PropertyValueSpecification\",\"valueRequired\":true,\"valueName\":\"search_term_string\"}}],\"inLanguage\":\"fr-FR\"},{\"@type\":\"Person\",\"@id\":\"https:\/\/www.africa-press.net\/cameroun\/#\/schema\/person\/2b1cf3cd81a31e3cd26889ca66d677f1\",\"name\":\"cfeditorfr\"}]}<\/script>\n<!-- \/ Yoast SEO Premium plugin. -->","yoast_head_json":{"title":"La fermeture des \u00e9coles affecte plus de 240 000 enfants dans le Nord-Ouest et le Sud-Ouest - Cameroun","description":"Les chiffres sont contenus dans un re\u0301cent rapport du Bureau de coordination des actions humanitaires de l\u2019ONU (OCHA) ...","robots":{"index":"index","follow":"follow","max-snippet":"max-snippet:-1","max-image-preview":"max-image-preview:large","max-video-preview":"max-video-preview:-1"},"canonical":"https:\/\/www.africa-press.net\/cameroun\/toutes-les-actualites\/la-fermeture-des-ecoles-affecte-plus-de-240-000-enfants-dans-le-nord-ouest-et-le-sud-ouest","og_locale":"fr_FR","og_type":"article","og_title":"La fermeture des \u00e9coles affecte plus de 240 000 enfants dans le Nord-Ouest et le Sud-Ouest","og_description":"Les chiffres sont contenus dans un re\u0301cent rapport du Bureau de coordination des actions humanitaires de l\u2019ONU (OCHA) ...","og_url":"https:\/\/www.africa-press.net\/cameroun\/toutes-les-actualites\/la-fermeture-des-ecoles-affecte-plus-de-240-000-enfants-dans-le-nord-ouest-et-le-sud-ouest","og_site_name":"Cameroun","article_published_time":"2024-02-19T21:23:16+00:00","article_modified_time":"2024-02-20T16:27:23+00:00","og_image":[{"width":780,"height":440,"url":"https:\/\/static.africa-press.net\/cameroun\/sites\/57\/2024\/02\/sm_1708392359.272276.jpg","type":"image\/jpeg"}],"author":"cfeditorfr","twitter_card":"summary_large_image","twitter_misc":{"\u00c9crit par":"cfeditorfr","Dur\u00e9e de lecture estim\u00e9e":"1 minute"},"schema":{"@context":"https:\/\/schema.org","@graph":[{"@type":"Article","@id":"https:\/\/www.africa-press.net\/cameroun\/toutes-les-actualites\/la-fermeture-des-ecoles-affecte-plus-de-240-000-enfants-dans-le-nord-ouest-et-le-sud-ouest#article","isPartOf":{"@id":"https:\/\/www.africa-press.net\/cameroun\/toutes-les-actualites\/la-fermeture-des-ecoles-affecte-plus-de-240-000-enfants-dans-le-nord-ouest-et-le-sud-ouest"},"author":{"name":"cfeditorfr","@id":"https:\/\/www.africa-press.net\/cameroun\/#\/schema\/person\/2b1cf3cd81a31e3cd26889ca66d677f1"},"headline":"La fermeture des \u00e9coles affecte plus de 240 000 enfants dans le Nord-Ouest et le Sud-Ouest","datePublished":"2024-02-19T21:23:16+00:00","dateModified":"2024-02-20T16:27:23+00:00","mainEntityOfPage":{"@id":"https:\/\/www.africa-press.net\/cameroun\/toutes-les-actualites\/la-fermeture-des-ecoles-affecte-plus-de-240-000-enfants-dans-le-nord-ouest-et-le-sud-ouest"},"wordCount":306,"commentCount":0,"image":{"@id":"https:\/\/www.africa-press.net\/cameroun\/toutes-les-actualites\/la-fermeture-des-ecoles-affecte-plus-de-240-000-enfants-dans-le-nord-ouest-et-le-sud-ouest#primaryimage"},"thumbnailUrl":"https:\/\/static.africa-press.net\/cameroun\/sites\/57\/2024\/02\/sm_1708392359.272276.jpg","keywords":["Africa Press","Africa Press-Cameroun","Cameroun"],"articleSection":["Communaut\u00e9","Toutes les actualit\u00e9s"],"inLanguage":"fr-FR","potentialAction":[{"@type":"CommentAction","name":"Comment","target":["https:\/\/www.africa-press.net\/cameroun\/toutes-les-actualites\/la-fermeture-des-ecoles-affecte-plus-de-240-000-enfants-dans-le-nord-ouest-et-le-sud-ouest#respond"]}]},{"@type":"WebPage","@id":"https:\/\/www.africa-press.net\/cameroun\/toutes-les-actualites\/la-fermeture-des-ecoles-affecte-plus-de-240-000-enfants-dans-le-nord-ouest-et-le-sud-ouest","url":"https:\/\/www.africa-press.net\/cameroun\/toutes-les-actualites\/la-fermeture-des-ecoles-affecte-plus-de-240-000-enfants-dans-le-nord-ouest-et-le-sud-ouest","name":"La fermeture des \u00e9coles affecte plus de 240 000 enfants dans le Nord-Ouest et le Sud-Ouest - Cameroun","isPartOf":{"@id":"https:\/\/www.africa-press.net\/cameroun\/#website"},"primaryImageOfPage":{"@id":"https:\/\/www.africa-press.net\/cameroun\/toutes-les-actualites\/la-fermeture-des-ecoles-affecte-plus-de-240-000-enfants-dans-le-nord-ouest-et-le-sud-ouest#primaryimage"},"image":{"@id":"https:\/\/www.africa-press.net\/cameroun\/toutes-les-actualites\/la-fermeture-des-ecoles-affecte-plus-de-240-000-enfants-dans-le-nord-ouest-et-le-sud-ouest#primaryimage"},"thumbnailUrl":"https:\/\/static.africa-press.net\/cameroun\/sites\/57\/2024\/02\/sm_1708392359.272276.jpg","datePublished":"2024-02-19T21:23:16+00:00","dateModified":"2024-02-20T16:27:23+00:00","author":{"@id":"https:\/\/www.africa-press.net\/cameroun\/#\/schema\/person\/2b1cf3cd81a31e3cd26889ca66d677f1"},"description":"Les chiffres sont contenus dans un re\u0301cent rapport du Bureau de coordination des actions humanitaires de l\u2019ONU (OCHA) ...","breadcrumb":{"@id":"https:\/\/www.africa-press.net\/cameroun\/toutes-les-actualites\/la-fermeture-des-ecoles-affecte-plus-de-240-000-enfants-dans-le-nord-ouest-et-le-sud-ouest#breadcrumb"},"inLanguage":"fr-FR","potentialAction":[{"@type":"ReadAction","target":["https:\/\/www.africa-press.net\/cameroun\/toutes-les-actualites\/la-fermeture-des-ecoles-affecte-plus-de-240-000-enfants-dans-le-nord-ouest-et-le-sud-ouest"]}]},{"@type":"ImageObject","inLanguage":"fr-FR","@id":"https:\/\/www.africa-press.net\/cameroun\/toutes-les-actualites\/la-fermeture-des-ecoles-affecte-plus-de-240-000-enfants-dans-le-nord-ouest-et-le-sud-ouest#primaryimage","url":"https:\/\/static.africa-press.net\/cameroun\/sites\/57\/2024\/02\/sm_1708392359.272276.jpg","contentUrl":"https:\/\/static.africa-press.net\/cameroun\/sites\/57\/2024\/02\/sm_1708392359.272276.jpg","width":780,"height":440,"caption":"La fermeture des \u00e9coles affecte plus de 240 000 enfants dans le Nord-Ouest et le Sud-Ouest"},{"@type":"BreadcrumbList","@id":"https:\/\/www.africa-press.net\/cameroun\/toutes-les-actualites\/la-fermeture-des-ecoles-affecte-plus-de-240-000-enfants-dans-le-nord-ouest-et-le-sud-ouest#breadcrumb","itemListElement":[{"@type":"ListItem","position":1,"name":"Accueil","item":"https:\/\/www.africa-press.net\/cameroun\/"},{"@type":"ListItem","position":2,"name":"La fermeture des \u00e9coles affecte plus de 240 000 enfants dans le Nord-Ouest et le Sud-Ouest"}]},{"@type":"WebSite","@id":"https:\/\/www.africa-press.net\/cameroun\/#website","url":"https:\/\/www.africa-press.net\/cameroun\/","name":"Cameroun","description":"Just another Africa News Agency Sites site","potentialAction":[{"@type":"SearchAction","target":{"@type":"EntryPoint","urlTemplate":"https:\/\/www.africa-press.net\/cameroun\/?s={search_term_string}"},"query-input":{"@type":"PropertyValueSpecification","valueRequired":true,"valueName":"search_term_string"}}],"inLanguage":"fr-FR"},{"@type":"Person","@id":"https:\/\/www.africa-press.net\/cameroun\/#\/schema\/person\/2b1cf3cd81a31e3cd26889ca66d677f1","name":"cfeditorfr"}]}},"_links":{"self":[{"href":"https:\/\/www.africa-press.net\/cameroun\/wp-json\/wp\/v2\/posts\/61493","targetHints":{"allow":["GET"]}}],"collection":[{"href":"https:\/\/www.africa-press.net\/cameroun\/wp-json\/wp\/v2\/posts"}],"about":[{"href":"https:\/\/www.africa-press.net\/cameroun\/wp-json\/wp\/v2\/types\/post"}],"author":[{"embeddable":true,"href":"https:\/\/www.africa-press.net\/cameroun\/wp-json\/wp\/v2\/users\/82"}],"replies":[{"embeddable":true,"href":"https:\/\/www.africa-press.net\/cameroun\/wp-json\/wp\/v2\/comments?post=61493"}],"version-history":[{"count":0,"href":"https:\/\/www.africa-press.net\/cameroun\/wp-json\/wp\/v2\/posts\/61493\/revisions"}],"wp:featuredmedia":[{"embeddable":true,"href":"https:\/\/www.africa-press.net\/cameroun\/wp-json\/wp\/v2\/media\/61492"}],"wp:attachment":[{"href":"https:\/\/www.africa-press.net\/cameroun\/wp-json\/wp\/v2\/media?parent=61493"}],"wp:term":[{"taxonomy":"category","embeddable":true,"href":"https:\/\/www.africa-press.net\/cameroun\/wp-json\/wp\/v2\/categories?post=61493"},{"taxonomy":"post_tag","embeddable":true,"href":"https:\/\/www.africa-press.net\/cameroun\/wp-json\/wp\/v2\/tags?post=61493"}],"curies":[{"name":"wp","href":"https:\/\/api.w.org\/{rel}","templated":true}]}}