{"id":61513,"date":"2024-02-20T22:07:40","date_gmt":"2024-02-20T22:07:40","guid":{"rendered":"https:\/\/www.africa-press.net\/cameroun\/politique\/cameroun-vers-une-opposition-fragmentee-a-la-presidentielle-2025"},"modified":"2024-02-20T22:45:06","modified_gmt":"2024-02-20T22:45:06","slug":"cameroun-vers-une-opposition-fragmentee-a-la-presidentielle-2025","status":"publish","type":"post","link":"https:\/\/www.africa-press.net\/cameroun\/politique\/cameroun-vers-une-opposition-fragmentee-a-la-presidentielle-2025","title":{"rendered":"Cameroun : vers une opposition fragment\u00e9e \u00e0 la pr\u00e9sidentielle 2025"},"content":{"rendered":"<p><span style=\"color: #ff6600\"><strong>Africa-Press &#8211; Cameroun. <\/strong><\/span><b>L\u2019e\u0301change e\u0301pistolaire entre diffe\u0301rents camps ainsi que des positions divergentes de diffe\u0301rents leaders de l\u2019opposition montrent la tendance a\u0300 la formation de plusieurs coalitions.<\/b><\/p>\n<p>Les tractations pre\u0301e\u0301lectorales mettent en mouvement la sce\u0300ne politique camerounaise depuis des mois. En route vers l\u2019e\u0301lection pre\u0301sidentielle pre\u0301vue en octobre 2025, les partis politiques d\u2019opposition tentent tant bien que mal de faire front commun contre le bloc pre\u0301sidentiel. Dans cette de\u0301marche, deux coalitions se forment. L\u2019Alliance Politique pour le Changement (APC) coordonne\u0301e par le de\u0301pute\u0301 Jean Michel Nintcheu soutient Maurice Kamto. Tandis que l\u2019Alliance Politique pour la Transition (APT) conduite par Olivier Bile n\u2019a pas encore de\u0301signe\u0301 son candidat.<\/p>\n<p>Les deux coalitions en formation continuent de battre le tam-tam de l\u2019adhe\u0301sion a\u0300 travers diverses strate\u0301gies dont l\u2019e\u0301change de correspondances, les rencontres et invitations. Cependant, les adeptes de l\u2019APC et soutiens de Maurice Kamto ont arre\u0302te\u0301 au pre\u0301alable, les modalite\u0301s de participation a\u0300 l\u2019e\u0301lection. L\u2019une des exigences est de soutenir le pre\u0301sident du MRC, Maurice Kamto, ou rien. Ce que les adeptes de l\u2019APT n\u2019entendent pas accepter.<\/p>\n<p>De\u0300s lors, chaque camp cherche a\u0300 se renforcer. L\u2019APC compte le MRC, l\u2019APP de Jean Michel Nintcheu, United4Cameroon de la diaspora et d\u2019autres mouvements, tandis que l\u2019APT rassemble de\u0301ja\u0300 le parti des Re\u0301formateurs. Elle be\u0301ne\u0301ficie du soutien de Cabral Libii du PCRN, candidat de\u0301clare\u0301 3e\u0300 en 2018, d\u2019Akere Muna, candidat ayant de\u0301siste\u0301 en 2018. D\u2019autres leaders politiques de l\u2019opposition, Joshua Osih du SDF et Tomai\u0308no Ndam Njoya de l\u2019UDC n\u2019ont pas encore de\u0301cide\u0301 de rallier l\u2019un des camps. Ils mettent en avant, trouver les re\u0301ponses aux pre\u0301occupations du peuple pluto\u0302t que de se lancer dans une bataille sans de\u0301fenses.<\/p>\n<p>Au regard de ce jeu d\u2019alliance, la sce\u0300ne politique camerounaise tend a\u0300 se rapprocher de celle du Se\u0301ne\u0301gal ou\u0300 plusieurs coalitions rassemblent des partis politiques. En cours de mandat ou en pe\u0301riode e\u0301lectorale, ce sont des coalitions qui animent la sce\u0300ne. Le pouvoir est entre les mains de la coalition Benno Bokk Yakaar. Une alliance qui fait face a\u0300 d\u2019autres coalitions de l\u2019opposition dont celle la plus farouche, Yewi Askan Wi, forme\u0301e autour d\u2019Ousmane Sonko en 2021. Wallu Se\u0301ne\u0301gal, Manko Taxwu Se\u0301ne\u0301gal, Joyyanti, sont d\u2019autres coalitions actives sur la sce\u0300ne.<\/p>\n<p><strong>Pour plus d&rsquo;informations et d&rsquo;analyses sur la <a href=\"https:\/\/www.africa-press.net\/cameroun\">Cameroun<\/a>, suivez <a href=\"https:\/\/www.africa-press.net\/\">Africa-Press<\/a><\/strong><\/p>\n","protected":false},"excerpt":{"rendered":"<p>Africa-Press &#8211; Cameroun. L\u2019e\u0301change e\u0301pistolaire entre diffe\u0301rents camps ainsi que des positions divergentes de diffe\u0301rents leaders de l\u2019opposition montrent la tendance a\u0300 la formation de plusieurs coalitions. Les tractations pre\u0301e\u0301lectorales mettent en mouvement la sce\u0300ne politique camerounaise depuis des mois. En route vers l\u2019e\u0301lection pre\u0301sidentielle pre\u0301vue en octobre 2025, les partis politiques d\u2019opposition tentent tant [&hellip;]<\/p>\n","protected":false},"author":82,"featured_media":61512,"comment_status":"open","ping_status":"closed","sticky":false,"template":"","format":"standard","meta":{"footnotes":""},"categories":[2,10],"tags":[36,50,49],"class_list":["post-61513","post","type-post","status-publish","format-standard","has-post-thumbnail","hentry","category-politique","category-toutes-les-actualites","tag-africa-press","tag-africa-press-cameroun","tag-cameroun"],"yoast_head":"<!-- This site is optimized with the Yoast SEO Premium plugin v26.1 (Yoast SEO v27.0) - https:\/\/yoast.com\/product\/yoast-seo-premium-wordpress\/ -->\n<title>Cameroun : vers une opposition fragment\u00e9e \u00e0 la pr\u00e9sidentielle 2025 - Cameroun<\/title>\n<meta name=\"description\" content=\"L\u2019e\u0301change e\u0301pistolaire entre diffe\u0301rents camps ainsi que des positions divergentes de diffe\u0301rents leaders de l\u2019oppos ...\" \/>\n<meta name=\"robots\" content=\"index, follow, max-snippet:-1, max-image-preview:large, max-video-preview:-1\" \/>\n<link rel=\"canonical\" href=\"https:\/\/www.africa-press.net\/cameroun\/politique\/cameroun-vers-une-opposition-fragmentee-a-la-presidentielle-2025\" \/>\n<meta property=\"og:locale\" content=\"fr_FR\" \/>\n<meta property=\"og:type\" content=\"article\" \/>\n<meta property=\"og:title\" content=\"Cameroun : vers une opposition fragment\u00e9e \u00e0 la pr\u00e9sidentielle 2025\" \/>\n<meta property=\"og:description\" content=\"L\u2019e\u0301change e\u0301pistolaire entre diffe\u0301rents camps ainsi que des positions divergentes de diffe\u0301rents leaders de l\u2019oppos ...\" \/>\n<meta property=\"og:url\" content=\"https:\/\/www.africa-press.net\/cameroun\/politique\/cameroun-vers-une-opposition-fragmentee-a-la-presidentielle-2025\" \/>\n<meta property=\"og:site_name\" content=\"Cameroun\" \/>\n<meta property=\"article:published_time\" content=\"2024-02-20T22:07:40+00:00\" \/>\n<meta property=\"article:modified_time\" content=\"2024-02-20T22:45:06+00:00\" \/>\n<meta property=\"og:image\" content=\"https:\/\/static.africa-press.net\/cameroun\/sites\/57\/2024\/02\/sm_1708456304.252168.jpg\" \/>\n\t<meta property=\"og:image:width\" content=\"780\" \/>\n\t<meta property=\"og:image:height\" content=\"440\" \/>\n\t<meta property=\"og:image:type\" content=\"image\/jpeg\" \/>\n<meta name=\"author\" content=\"cfeditorfr\" \/>\n<meta name=\"twitter:card\" content=\"summary_large_image\" \/>\n<meta name=\"twitter:label1\" content=\"\u00c9crit par\" \/>\n\t<meta name=\"twitter:data1\" content=\"cfeditorfr\" \/>\n\t<meta name=\"twitter:label2\" content=\"Dur\u00e9e de lecture estim\u00e9e\" \/>\n\t<meta name=\"twitter:data2\" content=\"2 minutes\" \/>\n<script type=\"application\/ld+json\" class=\"yoast-schema-graph\">{\"@context\":\"https:\/\/schema.org\",\"@graph\":[{\"@type\":\"Article\",\"@id\":\"https:\/\/www.africa-press.net\/cameroun\/politique\/cameroun-vers-une-opposition-fragmentee-a-la-presidentielle-2025#article\",\"isPartOf\":{\"@id\":\"https:\/\/www.africa-press.net\/cameroun\/politique\/cameroun-vers-une-opposition-fragmentee-a-la-presidentielle-2025\"},\"author\":{\"name\":\"cfeditorfr\",\"@id\":\"https:\/\/www.africa-press.net\/cameroun\/#\/schema\/person\/2b1cf3cd81a31e3cd26889ca66d677f1\"},\"headline\":\"Cameroun : vers une opposition fragment\u00e9e \u00e0 la pr\u00e9sidentielle 2025\",\"datePublished\":\"2024-02-20T22:07:40+00:00\",\"dateModified\":\"2024-02-20T22:45:06+00:00\",\"mainEntityOfPage\":{\"@id\":\"https:\/\/www.africa-press.net\/cameroun\/politique\/cameroun-vers-une-opposition-fragmentee-a-la-presidentielle-2025\"},\"wordCount\":458,\"commentCount\":0,\"image\":{\"@id\":\"https:\/\/www.africa-press.net\/cameroun\/politique\/cameroun-vers-une-opposition-fragmentee-a-la-presidentielle-2025#primaryimage\"},\"thumbnailUrl\":\"https:\/\/static.africa-press.net\/cameroun\/sites\/57\/2024\/02\/sm_1708456304.252168.jpg\",\"keywords\":[\"Africa Press\",\"Africa Press-Cameroun\",\"Cameroun\"],\"articleSection\":[\"Politique\",\"Toutes les actualit\u00e9s\"],\"inLanguage\":\"fr-FR\",\"potentialAction\":[{\"@type\":\"CommentAction\",\"name\":\"Comment\",\"target\":[\"https:\/\/www.africa-press.net\/cameroun\/politique\/cameroun-vers-une-opposition-fragmentee-a-la-presidentielle-2025#respond\"]}]},{\"@type\":\"WebPage\",\"@id\":\"https:\/\/www.africa-press.net\/cameroun\/politique\/cameroun-vers-une-opposition-fragmentee-a-la-presidentielle-2025\",\"url\":\"https:\/\/www.africa-press.net\/cameroun\/politique\/cameroun-vers-une-opposition-fragmentee-a-la-presidentielle-2025\",\"name\":\"Cameroun : vers une opposition fragment\u00e9e \u00e0 la pr\u00e9sidentielle 2025 - Cameroun\",\"isPartOf\":{\"@id\":\"https:\/\/www.africa-press.net\/cameroun\/#website\"},\"primaryImageOfPage\":{\"@id\":\"https:\/\/www.africa-press.net\/cameroun\/politique\/cameroun-vers-une-opposition-fragmentee-a-la-presidentielle-2025#primaryimage\"},\"image\":{\"@id\":\"https:\/\/www.africa-press.net\/cameroun\/politique\/cameroun-vers-une-opposition-fragmentee-a-la-presidentielle-2025#primaryimage\"},\"thumbnailUrl\":\"https:\/\/static.africa-press.net\/cameroun\/sites\/57\/2024\/02\/sm_1708456304.252168.jpg\",\"datePublished\":\"2024-02-20T22:07:40+00:00\",\"dateModified\":\"2024-02-20T22:45:06+00:00\",\"author\":{\"@id\":\"https:\/\/www.africa-press.net\/cameroun\/#\/schema\/person\/2b1cf3cd81a31e3cd26889ca66d677f1\"},\"description\":\"L\u2019e\u0301change e\u0301pistolaire entre diffe\u0301rents camps ainsi que des positions divergentes de diffe\u0301rents leaders de l\u2019oppos ...\",\"breadcrumb\":{\"@id\":\"https:\/\/www.africa-press.net\/cameroun\/politique\/cameroun-vers-une-opposition-fragmentee-a-la-presidentielle-2025#breadcrumb\"},\"inLanguage\":\"fr-FR\",\"potentialAction\":[{\"@type\":\"ReadAction\",\"target\":[\"https:\/\/www.africa-press.net\/cameroun\/politique\/cameroun-vers-une-opposition-fragmentee-a-la-presidentielle-2025\"]}]},{\"@type\":\"ImageObject\",\"inLanguage\":\"fr-FR\",\"@id\":\"https:\/\/www.africa-press.net\/cameroun\/politique\/cameroun-vers-une-opposition-fragmentee-a-la-presidentielle-2025#primaryimage\",\"url\":\"https:\/\/static.africa-press.net\/cameroun\/sites\/57\/2024\/02\/sm_1708456304.252168.jpg\",\"contentUrl\":\"https:\/\/static.africa-press.net\/cameroun\/sites\/57\/2024\/02\/sm_1708456304.252168.jpg\",\"width\":780,\"height\":440,\"caption\":\"Cameroun : vers une opposition fragment\u00e9e \u00e0 la pr\u00e9sidentielle 2025\"},{\"@type\":\"BreadcrumbList\",\"@id\":\"https:\/\/www.africa-press.net\/cameroun\/politique\/cameroun-vers-une-opposition-fragmentee-a-la-presidentielle-2025#breadcrumb\",\"itemListElement\":[{\"@type\":\"ListItem\",\"position\":1,\"name\":\"Accueil\",\"item\":\"https:\/\/www.africa-press.net\/cameroun\/\"},{\"@type\":\"ListItem\",\"position\":2,\"name\":\"Cameroun : vers une opposition fragment\u00e9e \u00e0 la pr\u00e9sidentielle 2025\"}]},{\"@type\":\"WebSite\",\"@id\":\"https:\/\/www.africa-press.net\/cameroun\/#website\",\"url\":\"https:\/\/www.africa-press.net\/cameroun\/\",\"name\":\"Cameroun\",\"description\":\"Just another Africa News Agency Sites site\",\"potentialAction\":[{\"@type\":\"SearchAction\",\"target\":{\"@type\":\"EntryPoint\",\"urlTemplate\":\"https:\/\/www.africa-press.net\/cameroun\/?s={search_term_string}\"},\"query-input\":{\"@type\":\"PropertyValueSpecification\",\"valueRequired\":true,\"valueName\":\"search_term_string\"}}],\"inLanguage\":\"fr-FR\"},{\"@type\":\"Person\",\"@id\":\"https:\/\/www.africa-press.net\/cameroun\/#\/schema\/person\/2b1cf3cd81a31e3cd26889ca66d677f1\",\"name\":\"cfeditorfr\"}]}<\/script>\n<!-- \/ Yoast SEO Premium plugin. -->","yoast_head_json":{"title":"Cameroun : vers une opposition fragment\u00e9e \u00e0 la pr\u00e9sidentielle 2025 - Cameroun","description":"L\u2019e\u0301change e\u0301pistolaire entre diffe\u0301rents camps ainsi que des positions divergentes de diffe\u0301rents leaders de l\u2019oppos ...","robots":{"index":"index","follow":"follow","max-snippet":"max-snippet:-1","max-image-preview":"max-image-preview:large","max-video-preview":"max-video-preview:-1"},"canonical":"https:\/\/www.africa-press.net\/cameroun\/politique\/cameroun-vers-une-opposition-fragmentee-a-la-presidentielle-2025","og_locale":"fr_FR","og_type":"article","og_title":"Cameroun : vers une opposition fragment\u00e9e \u00e0 la pr\u00e9sidentielle 2025","og_description":"L\u2019e\u0301change e\u0301pistolaire entre diffe\u0301rents camps ainsi que des positions divergentes de diffe\u0301rents leaders de l\u2019oppos ...","og_url":"https:\/\/www.africa-press.net\/cameroun\/politique\/cameroun-vers-une-opposition-fragmentee-a-la-presidentielle-2025","og_site_name":"Cameroun","article_published_time":"2024-02-20T22:07:40+00:00","article_modified_time":"2024-02-20T22:45:06+00:00","og_image":[{"width":780,"height":440,"url":"https:\/\/static.africa-press.net\/cameroun\/sites\/57\/2024\/02\/sm_1708456304.252168.jpg","type":"image\/jpeg"}],"author":"cfeditorfr","twitter_card":"summary_large_image","twitter_misc":{"\u00c9crit par":"cfeditorfr","Dur\u00e9e de lecture estim\u00e9e":"2 minutes"},"schema":{"@context":"https:\/\/schema.org","@graph":[{"@type":"Article","@id":"https:\/\/www.africa-press.net\/cameroun\/politique\/cameroun-vers-une-opposition-fragmentee-a-la-presidentielle-2025#article","isPartOf":{"@id":"https:\/\/www.africa-press.net\/cameroun\/politique\/cameroun-vers-une-opposition-fragmentee-a-la-presidentielle-2025"},"author":{"name":"cfeditorfr","@id":"https:\/\/www.africa-press.net\/cameroun\/#\/schema\/person\/2b1cf3cd81a31e3cd26889ca66d677f1"},"headline":"Cameroun : vers une opposition fragment\u00e9e \u00e0 la pr\u00e9sidentielle 2025","datePublished":"2024-02-20T22:07:40+00:00","dateModified":"2024-02-20T22:45:06+00:00","mainEntityOfPage":{"@id":"https:\/\/www.africa-press.net\/cameroun\/politique\/cameroun-vers-une-opposition-fragmentee-a-la-presidentielle-2025"},"wordCount":458,"commentCount":0,"image":{"@id":"https:\/\/www.africa-press.net\/cameroun\/politique\/cameroun-vers-une-opposition-fragmentee-a-la-presidentielle-2025#primaryimage"},"thumbnailUrl":"https:\/\/static.africa-press.net\/cameroun\/sites\/57\/2024\/02\/sm_1708456304.252168.jpg","keywords":["Africa Press","Africa Press-Cameroun","Cameroun"],"articleSection":["Politique","Toutes les actualit\u00e9s"],"inLanguage":"fr-FR","potentialAction":[{"@type":"CommentAction","name":"Comment","target":["https:\/\/www.africa-press.net\/cameroun\/politique\/cameroun-vers-une-opposition-fragmentee-a-la-presidentielle-2025#respond"]}]},{"@type":"WebPage","@id":"https:\/\/www.africa-press.net\/cameroun\/politique\/cameroun-vers-une-opposition-fragmentee-a-la-presidentielle-2025","url":"https:\/\/www.africa-press.net\/cameroun\/politique\/cameroun-vers-une-opposition-fragmentee-a-la-presidentielle-2025","name":"Cameroun : vers une opposition fragment\u00e9e \u00e0 la pr\u00e9sidentielle 2025 - Cameroun","isPartOf":{"@id":"https:\/\/www.africa-press.net\/cameroun\/#website"},"primaryImageOfPage":{"@id":"https:\/\/www.africa-press.net\/cameroun\/politique\/cameroun-vers-une-opposition-fragmentee-a-la-presidentielle-2025#primaryimage"},"image":{"@id":"https:\/\/www.africa-press.net\/cameroun\/politique\/cameroun-vers-une-opposition-fragmentee-a-la-presidentielle-2025#primaryimage"},"thumbnailUrl":"https:\/\/static.africa-press.net\/cameroun\/sites\/57\/2024\/02\/sm_1708456304.252168.jpg","datePublished":"2024-02-20T22:07:40+00:00","dateModified":"2024-02-20T22:45:06+00:00","author":{"@id":"https:\/\/www.africa-press.net\/cameroun\/#\/schema\/person\/2b1cf3cd81a31e3cd26889ca66d677f1"},"description":"L\u2019e\u0301change e\u0301pistolaire entre diffe\u0301rents camps ainsi que des positions divergentes de diffe\u0301rents leaders de l\u2019oppos ...","breadcrumb":{"@id":"https:\/\/www.africa-press.net\/cameroun\/politique\/cameroun-vers-une-opposition-fragmentee-a-la-presidentielle-2025#breadcrumb"},"inLanguage":"fr-FR","potentialAction":[{"@type":"ReadAction","target":["https:\/\/www.africa-press.net\/cameroun\/politique\/cameroun-vers-une-opposition-fragmentee-a-la-presidentielle-2025"]}]},{"@type":"ImageObject","inLanguage":"fr-FR","@id":"https:\/\/www.africa-press.net\/cameroun\/politique\/cameroun-vers-une-opposition-fragmentee-a-la-presidentielle-2025#primaryimage","url":"https:\/\/static.africa-press.net\/cameroun\/sites\/57\/2024\/02\/sm_1708456304.252168.jpg","contentUrl":"https:\/\/static.africa-press.net\/cameroun\/sites\/57\/2024\/02\/sm_1708456304.252168.jpg","width":780,"height":440,"caption":"Cameroun : vers une opposition fragment\u00e9e \u00e0 la pr\u00e9sidentielle 2025"},{"@type":"BreadcrumbList","@id":"https:\/\/www.africa-press.net\/cameroun\/politique\/cameroun-vers-une-opposition-fragmentee-a-la-presidentielle-2025#breadcrumb","itemListElement":[{"@type":"ListItem","position":1,"name":"Accueil","item":"https:\/\/www.africa-press.net\/cameroun\/"},{"@type":"ListItem","position":2,"name":"Cameroun : vers une opposition fragment\u00e9e \u00e0 la pr\u00e9sidentielle 2025"}]},{"@type":"WebSite","@id":"https:\/\/www.africa-press.net\/cameroun\/#website","url":"https:\/\/www.africa-press.net\/cameroun\/","name":"Cameroun","description":"Just another Africa News Agency Sites site","potentialAction":[{"@type":"SearchAction","target":{"@type":"EntryPoint","urlTemplate":"https:\/\/www.africa-press.net\/cameroun\/?s={search_term_string}"},"query-input":{"@type":"PropertyValueSpecification","valueRequired":true,"valueName":"search_term_string"}}],"inLanguage":"fr-FR"},{"@type":"Person","@id":"https:\/\/www.africa-press.net\/cameroun\/#\/schema\/person\/2b1cf3cd81a31e3cd26889ca66d677f1","name":"cfeditorfr"}]}},"_links":{"self":[{"href":"https:\/\/www.africa-press.net\/cameroun\/wp-json\/wp\/v2\/posts\/61513","targetHints":{"allow":["GET"]}}],"collection":[{"href":"https:\/\/www.africa-press.net\/cameroun\/wp-json\/wp\/v2\/posts"}],"about":[{"href":"https:\/\/www.africa-press.net\/cameroun\/wp-json\/wp\/v2\/types\/post"}],"author":[{"embeddable":true,"href":"https:\/\/www.africa-press.net\/cameroun\/wp-json\/wp\/v2\/users\/82"}],"replies":[{"embeddable":true,"href":"https:\/\/www.africa-press.net\/cameroun\/wp-json\/wp\/v2\/comments?post=61513"}],"version-history":[{"count":0,"href":"https:\/\/www.africa-press.net\/cameroun\/wp-json\/wp\/v2\/posts\/61513\/revisions"}],"wp:featuredmedia":[{"embeddable":true,"href":"https:\/\/www.africa-press.net\/cameroun\/wp-json\/wp\/v2\/media\/61512"}],"wp:attachment":[{"href":"https:\/\/www.africa-press.net\/cameroun\/wp-json\/wp\/v2\/media?parent=61513"}],"wp:term":[{"taxonomy":"category","embeddable":true,"href":"https:\/\/www.africa-press.net\/cameroun\/wp-json\/wp\/v2\/categories?post=61513"},{"taxonomy":"post_tag","embeddable":true,"href":"https:\/\/www.africa-press.net\/cameroun\/wp-json\/wp\/v2\/tags?post=61513"}],"curies":[{"name":"wp","href":"https:\/\/api.w.org\/{rel}","templated":true}]}}