{"id":61515,"date":"2024-02-20T22:07:47","date_gmt":"2024-02-20T22:07:47","guid":{"rendered":"https:\/\/www.africa-press.net\/cameroun\/politique\/cameroun-inquietudes-sur-la-tenue-de-lascension-du-mont-cameroun"},"modified":"2024-02-20T22:45:25","modified_gmt":"2024-02-20T22:45:25","slug":"cameroun-inquietudes-sur-la-tenue-de-lascension-du-mont-cameroun","status":"publish","type":"post","link":"https:\/\/www.africa-press.net\/cameroun\/sports\/cameroun-inquietudes-sur-la-tenue-de-lascension-du-mont-cameroun","title":{"rendered":"Cameroun : inqui\u00e9tudes sur la tenue de l\u2019ascension du Mont Cameroun"},"content":{"rendered":"<p><span style=\"color: #ff6600\"><strong>Africa-Press &#8211; Cameroun. <\/strong><\/span><b>La compe\u0301tition est pre\u0301vue pour le 24 fe\u0301vrier prochain a\u0300 Buea, dans la re\u0301gion du Sud-Ouest.<\/b><\/p>\n<p>Il y a quelques jours, les autorite\u0301s administratives de la re\u0301gion du <b>Sud-Ouest<\/b>, et en particulier celles de <b>Buea<\/b>, se sont re\u0301unies pour discuter de la tenue de l\u2019e\u0301dition 2024 de la <b>Course de l\u2019espoir<\/b>. La compe\u0301tition qui doit se de\u0301rouler le 24 fe\u0301vrier prochain se tient dans un contexte marque\u0301 par la crise se\u0301curitaire dans la re\u0301gion. On se souvient e\u0301galement de l\u2019attentat a\u0300 la bombe de l\u2019anne\u0301e dernie\u0300re, qui avait fait 16 blesse\u0301s et un mort. Un habitant de\u0301clarait a\u0300 la presse: \u00ab je suis inquiet a\u0300 propos des attentats, mais j\u2019aimerais que la course ait lieu. C\u2019est un e\u0301ve\u0301nement important pour notre communaute\u0301, qui nous rassemble et montre notre force. Nous espe\u0301rons que la course se de\u0301roulera dans la paix&#8230; \u00ab.<\/p>\n<p>Mais les autorite\u0301s rassurent la population inquie\u0300te. Elles ont assure\u0301 que l\u2019e\u0301ve\u0301nement se de\u0301roulerait sans proble\u0300me, indiquant que des mesures de se\u0301curite\u0301 ont e\u0301te\u0301 mises en place a\u0300 cet effet.<\/p>\n<p>Cette anne\u0301e, 275 hommes seniors, 65 femmes seniors, 105 hommes juniors, 30 femmes juniors, 90 hommes ve\u0301te\u0301rans et 37 femmes ve\u0301te\u0301rans vont prendre part a\u0300 la course. La France et le Kenya comptent le plus grand nombre de concurrents e\u0301trangers.<\/p>\n<p><strong>Pour plus d&rsquo;informations et d&rsquo;analyses sur la <a href=\"https:\/\/www.africa-press.net\/cameroun\">Cameroun<\/a>, suivez <a href=\"https:\/\/www.africa-press.net\/\">Africa-Press<\/a><\/strong><\/p>\n","protected":false},"excerpt":{"rendered":"<p>Africa-Press &#8211; Cameroun. La compe\u0301tition est pre\u0301vue pour le 24 fe\u0301vrier prochain a\u0300 Buea, dans la re\u0301gion du Sud-Ouest. Il y a quelques jours, les autorite\u0301s administratives de la re\u0301gion du Sud-Ouest, et en particulier celles de Buea, se sont re\u0301unies pour discuter de la tenue de l\u2019e\u0301dition 2024 de la Course de l\u2019espoir. La [&hellip;]<\/p>\n","protected":false},"author":82,"featured_media":61514,"comment_status":"open","ping_status":"closed","sticky":false,"template":"","format":"standard","meta":{"footnotes":""},"categories":[6,10],"tags":[36,50,49],"class_list":["post-61515","post","type-post","status-publish","format-standard","has-post-thumbnail","hentry","category-sports","category-toutes-les-actualites","tag-africa-press","tag-africa-press-cameroun","tag-cameroun"],"yoast_head":"<!-- This site is optimized with the Yoast SEO Premium plugin v26.1 (Yoast SEO v27.0) - https:\/\/yoast.com\/product\/yoast-seo-premium-wordpress\/ -->\n<title>Cameroun : inqui\u00e9tudes sur la tenue de l\u2019ascension du Mont Cameroun - Cameroun<\/title>\n<meta name=\"description\" content=\"La compe\u0301tition est pre\u0301vue pour le 24 fe\u0301vrier prochain a\u0300 Buea, dans la re\u0301gion du Sud-Ouest. Il y a quelques ...\" \/>\n<meta name=\"robots\" content=\"index, follow, max-snippet:-1, max-image-preview:large, max-video-preview:-1\" \/>\n<link rel=\"canonical\" href=\"https:\/\/www.africa-press.net\/cameroun\/sports\/cameroun-inquietudes-sur-la-tenue-de-lascension-du-mont-cameroun\" \/>\n<meta property=\"og:locale\" content=\"fr_FR\" \/>\n<meta property=\"og:type\" content=\"article\" \/>\n<meta property=\"og:title\" content=\"Cameroun : inqui\u00e9tudes sur la tenue de l\u2019ascension du Mont Cameroun\" \/>\n<meta property=\"og:description\" content=\"La compe\u0301tition est pre\u0301vue pour le 24 fe\u0301vrier prochain a\u0300 Buea, dans la re\u0301gion du Sud-Ouest. Il y a quelques ...\" \/>\n<meta property=\"og:url\" content=\"https:\/\/www.africa-press.net\/cameroun\/sports\/cameroun-inquietudes-sur-la-tenue-de-lascension-du-mont-cameroun\" \/>\n<meta property=\"og:site_name\" content=\"Cameroun\" \/>\n<meta property=\"article:published_time\" content=\"2024-02-20T22:07:47+00:00\" \/>\n<meta property=\"article:modified_time\" content=\"2024-02-20T22:45:25+00:00\" \/>\n<meta property=\"og:image\" content=\"https:\/\/static.africa-press.net\/cameroun\/sites\/57\/2024\/02\/sm_1708456324.075663.jpg\" \/>\n\t<meta property=\"og:image:width\" content=\"780\" \/>\n\t<meta property=\"og:image:height\" content=\"440\" \/>\n\t<meta property=\"og:image:type\" content=\"image\/jpeg\" \/>\n<meta name=\"author\" content=\"cfeditorfr\" \/>\n<meta name=\"twitter:card\" content=\"summary_large_image\" \/>\n<meta name=\"twitter:label1\" content=\"\u00c9crit par\" \/>\n\t<meta name=\"twitter:data1\" content=\"cfeditorfr\" \/>\n\t<meta name=\"twitter:label2\" content=\"Dur\u00e9e de lecture estim\u00e9e\" \/>\n\t<meta name=\"twitter:data2\" content=\"1 minute\" \/>\n<script type=\"application\/ld+json\" class=\"yoast-schema-graph\">{\"@context\":\"https:\/\/schema.org\",\"@graph\":[{\"@type\":\"Article\",\"@id\":\"https:\/\/www.africa-press.net\/cameroun\/sports\/cameroun-inquietudes-sur-la-tenue-de-lascension-du-mont-cameroun#article\",\"isPartOf\":{\"@id\":\"https:\/\/www.africa-press.net\/cameroun\/sports\/cameroun-inquietudes-sur-la-tenue-de-lascension-du-mont-cameroun\"},\"author\":{\"name\":\"cfeditorfr\",\"@id\":\"https:\/\/www.africa-press.net\/cameroun\/#\/schema\/person\/2b1cf3cd81a31e3cd26889ca66d677f1\"},\"headline\":\"Cameroun : inqui\u00e9tudes sur la tenue de l\u2019ascension du Mont Cameroun\",\"datePublished\":\"2024-02-20T22:07:47+00:00\",\"dateModified\":\"2024-02-20T22:45:25+00:00\",\"mainEntityOfPage\":{\"@id\":\"https:\/\/www.africa-press.net\/cameroun\/sports\/cameroun-inquietudes-sur-la-tenue-de-lascension-du-mont-cameroun\"},\"wordCount\":268,\"commentCount\":0,\"image\":{\"@id\":\"https:\/\/www.africa-press.net\/cameroun\/sports\/cameroun-inquietudes-sur-la-tenue-de-lascension-du-mont-cameroun#primaryimage\"},\"thumbnailUrl\":\"https:\/\/static.africa-press.net\/cameroun\/sites\/57\/2024\/02\/sm_1708456324.075663.jpg\",\"keywords\":[\"Africa Press\",\"Africa Press-Cameroun\",\"Cameroun\"],\"articleSection\":[\"Sports\",\"Toutes les actualit\u00e9s\"],\"inLanguage\":\"fr-FR\",\"potentialAction\":[{\"@type\":\"CommentAction\",\"name\":\"Comment\",\"target\":[\"https:\/\/www.africa-press.net\/cameroun\/sports\/cameroun-inquietudes-sur-la-tenue-de-lascension-du-mont-cameroun#respond\"]}]},{\"@type\":\"WebPage\",\"@id\":\"https:\/\/www.africa-press.net\/cameroun\/sports\/cameroun-inquietudes-sur-la-tenue-de-lascension-du-mont-cameroun\",\"url\":\"https:\/\/www.africa-press.net\/cameroun\/sports\/cameroun-inquietudes-sur-la-tenue-de-lascension-du-mont-cameroun\",\"name\":\"Cameroun : inqui\u00e9tudes sur la tenue de l\u2019ascension du Mont Cameroun - Cameroun\",\"isPartOf\":{\"@id\":\"https:\/\/www.africa-press.net\/cameroun\/#website\"},\"primaryImageOfPage\":{\"@id\":\"https:\/\/www.africa-press.net\/cameroun\/sports\/cameroun-inquietudes-sur-la-tenue-de-lascension-du-mont-cameroun#primaryimage\"},\"image\":{\"@id\":\"https:\/\/www.africa-press.net\/cameroun\/sports\/cameroun-inquietudes-sur-la-tenue-de-lascension-du-mont-cameroun#primaryimage\"},\"thumbnailUrl\":\"https:\/\/static.africa-press.net\/cameroun\/sites\/57\/2024\/02\/sm_1708456324.075663.jpg\",\"datePublished\":\"2024-02-20T22:07:47+00:00\",\"dateModified\":\"2024-02-20T22:45:25+00:00\",\"author\":{\"@id\":\"https:\/\/www.africa-press.net\/cameroun\/#\/schema\/person\/2b1cf3cd81a31e3cd26889ca66d677f1\"},\"description\":\"La compe\u0301tition est pre\u0301vue pour le 24 fe\u0301vrier prochain a\u0300 Buea, dans la re\u0301gion du Sud-Ouest. Il y a quelques ...\",\"breadcrumb\":{\"@id\":\"https:\/\/www.africa-press.net\/cameroun\/sports\/cameroun-inquietudes-sur-la-tenue-de-lascension-du-mont-cameroun#breadcrumb\"},\"inLanguage\":\"fr-FR\",\"potentialAction\":[{\"@type\":\"ReadAction\",\"target\":[\"https:\/\/www.africa-press.net\/cameroun\/sports\/cameroun-inquietudes-sur-la-tenue-de-lascension-du-mont-cameroun\"]}]},{\"@type\":\"ImageObject\",\"inLanguage\":\"fr-FR\",\"@id\":\"https:\/\/www.africa-press.net\/cameroun\/sports\/cameroun-inquietudes-sur-la-tenue-de-lascension-du-mont-cameroun#primaryimage\",\"url\":\"https:\/\/static.africa-press.net\/cameroun\/sites\/57\/2024\/02\/sm_1708456324.075663.jpg\",\"contentUrl\":\"https:\/\/static.africa-press.net\/cameroun\/sites\/57\/2024\/02\/sm_1708456324.075663.jpg\",\"width\":780,\"height\":440,\"caption\":\"Cameroun : inqui\u00e9tudes sur la tenue de l\u2019ascension du Mont Cameroun\"},{\"@type\":\"BreadcrumbList\",\"@id\":\"https:\/\/www.africa-press.net\/cameroun\/sports\/cameroun-inquietudes-sur-la-tenue-de-lascension-du-mont-cameroun#breadcrumb\",\"itemListElement\":[{\"@type\":\"ListItem\",\"position\":1,\"name\":\"Accueil\",\"item\":\"https:\/\/www.africa-press.net\/cameroun\/\"},{\"@type\":\"ListItem\",\"position\":2,\"name\":\"Cameroun : inqui\u00e9tudes sur la tenue de l\u2019ascension du Mont Cameroun\"}]},{\"@type\":\"WebSite\",\"@id\":\"https:\/\/www.africa-press.net\/cameroun\/#website\",\"url\":\"https:\/\/www.africa-press.net\/cameroun\/\",\"name\":\"Cameroun\",\"description\":\"Just another Africa News Agency Sites site\",\"potentialAction\":[{\"@type\":\"SearchAction\",\"target\":{\"@type\":\"EntryPoint\",\"urlTemplate\":\"https:\/\/www.africa-press.net\/cameroun\/?s={search_term_string}\"},\"query-input\":{\"@type\":\"PropertyValueSpecification\",\"valueRequired\":true,\"valueName\":\"search_term_string\"}}],\"inLanguage\":\"fr-FR\"},{\"@type\":\"Person\",\"@id\":\"https:\/\/www.africa-press.net\/cameroun\/#\/schema\/person\/2b1cf3cd81a31e3cd26889ca66d677f1\",\"name\":\"cfeditorfr\"}]}<\/script>\n<!-- \/ Yoast SEO Premium plugin. -->","yoast_head_json":{"title":"Cameroun : inqui\u00e9tudes sur la tenue de l\u2019ascension du Mont Cameroun - Cameroun","description":"La compe\u0301tition est pre\u0301vue pour le 24 fe\u0301vrier prochain a\u0300 Buea, dans la re\u0301gion du Sud-Ouest. Il y a quelques ...","robots":{"index":"index","follow":"follow","max-snippet":"max-snippet:-1","max-image-preview":"max-image-preview:large","max-video-preview":"max-video-preview:-1"},"canonical":"https:\/\/www.africa-press.net\/cameroun\/sports\/cameroun-inquietudes-sur-la-tenue-de-lascension-du-mont-cameroun","og_locale":"fr_FR","og_type":"article","og_title":"Cameroun : inqui\u00e9tudes sur la tenue de l\u2019ascension du Mont Cameroun","og_description":"La compe\u0301tition est pre\u0301vue pour le 24 fe\u0301vrier prochain a\u0300 Buea, dans la re\u0301gion du Sud-Ouest. Il y a quelques ...","og_url":"https:\/\/www.africa-press.net\/cameroun\/sports\/cameroun-inquietudes-sur-la-tenue-de-lascension-du-mont-cameroun","og_site_name":"Cameroun","article_published_time":"2024-02-20T22:07:47+00:00","article_modified_time":"2024-02-20T22:45:25+00:00","og_image":[{"width":780,"height":440,"url":"https:\/\/static.africa-press.net\/cameroun\/sites\/57\/2024\/02\/sm_1708456324.075663.jpg","type":"image\/jpeg"}],"author":"cfeditorfr","twitter_card":"summary_large_image","twitter_misc":{"\u00c9crit par":"cfeditorfr","Dur\u00e9e de lecture estim\u00e9e":"1 minute"},"schema":{"@context":"https:\/\/schema.org","@graph":[{"@type":"Article","@id":"https:\/\/www.africa-press.net\/cameroun\/sports\/cameroun-inquietudes-sur-la-tenue-de-lascension-du-mont-cameroun#article","isPartOf":{"@id":"https:\/\/www.africa-press.net\/cameroun\/sports\/cameroun-inquietudes-sur-la-tenue-de-lascension-du-mont-cameroun"},"author":{"name":"cfeditorfr","@id":"https:\/\/www.africa-press.net\/cameroun\/#\/schema\/person\/2b1cf3cd81a31e3cd26889ca66d677f1"},"headline":"Cameroun : inqui\u00e9tudes sur la tenue de l\u2019ascension du Mont Cameroun","datePublished":"2024-02-20T22:07:47+00:00","dateModified":"2024-02-20T22:45:25+00:00","mainEntityOfPage":{"@id":"https:\/\/www.africa-press.net\/cameroun\/sports\/cameroun-inquietudes-sur-la-tenue-de-lascension-du-mont-cameroun"},"wordCount":268,"commentCount":0,"image":{"@id":"https:\/\/www.africa-press.net\/cameroun\/sports\/cameroun-inquietudes-sur-la-tenue-de-lascension-du-mont-cameroun#primaryimage"},"thumbnailUrl":"https:\/\/static.africa-press.net\/cameroun\/sites\/57\/2024\/02\/sm_1708456324.075663.jpg","keywords":["Africa Press","Africa Press-Cameroun","Cameroun"],"articleSection":["Sports","Toutes les actualit\u00e9s"],"inLanguage":"fr-FR","potentialAction":[{"@type":"CommentAction","name":"Comment","target":["https:\/\/www.africa-press.net\/cameroun\/sports\/cameroun-inquietudes-sur-la-tenue-de-lascension-du-mont-cameroun#respond"]}]},{"@type":"WebPage","@id":"https:\/\/www.africa-press.net\/cameroun\/sports\/cameroun-inquietudes-sur-la-tenue-de-lascension-du-mont-cameroun","url":"https:\/\/www.africa-press.net\/cameroun\/sports\/cameroun-inquietudes-sur-la-tenue-de-lascension-du-mont-cameroun","name":"Cameroun : inqui\u00e9tudes sur la tenue de l\u2019ascension du Mont Cameroun - Cameroun","isPartOf":{"@id":"https:\/\/www.africa-press.net\/cameroun\/#website"},"primaryImageOfPage":{"@id":"https:\/\/www.africa-press.net\/cameroun\/sports\/cameroun-inquietudes-sur-la-tenue-de-lascension-du-mont-cameroun#primaryimage"},"image":{"@id":"https:\/\/www.africa-press.net\/cameroun\/sports\/cameroun-inquietudes-sur-la-tenue-de-lascension-du-mont-cameroun#primaryimage"},"thumbnailUrl":"https:\/\/static.africa-press.net\/cameroun\/sites\/57\/2024\/02\/sm_1708456324.075663.jpg","datePublished":"2024-02-20T22:07:47+00:00","dateModified":"2024-02-20T22:45:25+00:00","author":{"@id":"https:\/\/www.africa-press.net\/cameroun\/#\/schema\/person\/2b1cf3cd81a31e3cd26889ca66d677f1"},"description":"La compe\u0301tition est pre\u0301vue pour le 24 fe\u0301vrier prochain a\u0300 Buea, dans la re\u0301gion du Sud-Ouest. Il y a quelques ...","breadcrumb":{"@id":"https:\/\/www.africa-press.net\/cameroun\/sports\/cameroun-inquietudes-sur-la-tenue-de-lascension-du-mont-cameroun#breadcrumb"},"inLanguage":"fr-FR","potentialAction":[{"@type":"ReadAction","target":["https:\/\/www.africa-press.net\/cameroun\/sports\/cameroun-inquietudes-sur-la-tenue-de-lascension-du-mont-cameroun"]}]},{"@type":"ImageObject","inLanguage":"fr-FR","@id":"https:\/\/www.africa-press.net\/cameroun\/sports\/cameroun-inquietudes-sur-la-tenue-de-lascension-du-mont-cameroun#primaryimage","url":"https:\/\/static.africa-press.net\/cameroun\/sites\/57\/2024\/02\/sm_1708456324.075663.jpg","contentUrl":"https:\/\/static.africa-press.net\/cameroun\/sites\/57\/2024\/02\/sm_1708456324.075663.jpg","width":780,"height":440,"caption":"Cameroun : inqui\u00e9tudes sur la tenue de l\u2019ascension du Mont Cameroun"},{"@type":"BreadcrumbList","@id":"https:\/\/www.africa-press.net\/cameroun\/sports\/cameroun-inquietudes-sur-la-tenue-de-lascension-du-mont-cameroun#breadcrumb","itemListElement":[{"@type":"ListItem","position":1,"name":"Accueil","item":"https:\/\/www.africa-press.net\/cameroun\/"},{"@type":"ListItem","position":2,"name":"Cameroun : inqui\u00e9tudes sur la tenue de l\u2019ascension du Mont Cameroun"}]},{"@type":"WebSite","@id":"https:\/\/www.africa-press.net\/cameroun\/#website","url":"https:\/\/www.africa-press.net\/cameroun\/","name":"Cameroun","description":"Just another Africa News Agency Sites site","potentialAction":[{"@type":"SearchAction","target":{"@type":"EntryPoint","urlTemplate":"https:\/\/www.africa-press.net\/cameroun\/?s={search_term_string}"},"query-input":{"@type":"PropertyValueSpecification","valueRequired":true,"valueName":"search_term_string"}}],"inLanguage":"fr-FR"},{"@type":"Person","@id":"https:\/\/www.africa-press.net\/cameroun\/#\/schema\/person\/2b1cf3cd81a31e3cd26889ca66d677f1","name":"cfeditorfr"}]}},"_links":{"self":[{"href":"https:\/\/www.africa-press.net\/cameroun\/wp-json\/wp\/v2\/posts\/61515","targetHints":{"allow":["GET"]}}],"collection":[{"href":"https:\/\/www.africa-press.net\/cameroun\/wp-json\/wp\/v2\/posts"}],"about":[{"href":"https:\/\/www.africa-press.net\/cameroun\/wp-json\/wp\/v2\/types\/post"}],"author":[{"embeddable":true,"href":"https:\/\/www.africa-press.net\/cameroun\/wp-json\/wp\/v2\/users\/82"}],"replies":[{"embeddable":true,"href":"https:\/\/www.africa-press.net\/cameroun\/wp-json\/wp\/v2\/comments?post=61515"}],"version-history":[{"count":0,"href":"https:\/\/www.africa-press.net\/cameroun\/wp-json\/wp\/v2\/posts\/61515\/revisions"}],"wp:featuredmedia":[{"embeddable":true,"href":"https:\/\/www.africa-press.net\/cameroun\/wp-json\/wp\/v2\/media\/61514"}],"wp:attachment":[{"href":"https:\/\/www.africa-press.net\/cameroun\/wp-json\/wp\/v2\/media?parent=61515"}],"wp:term":[{"taxonomy":"category","embeddable":true,"href":"https:\/\/www.africa-press.net\/cameroun\/wp-json\/wp\/v2\/categories?post=61515"},{"taxonomy":"post_tag","embeddable":true,"href":"https:\/\/www.africa-press.net\/cameroun\/wp-json\/wp\/v2\/tags?post=61515"}],"curies":[{"name":"wp","href":"https:\/\/api.w.org\/{rel}","templated":true}]}}