{"id":61521,"date":"2024-02-20T22:08:06","date_gmt":"2024-02-20T22:08:06","guid":{"rendered":"https:\/\/www.africa-press.net\/cameroun\/politique\/cameroun-patronat-celestin-tawamba-unique-candidat-a-sa-propre-succession-au-gecam"},"modified":"2024-02-20T22:46:15","modified_gmt":"2024-02-20T22:46:15","slug":"cameroun-patronat-celestin-tawamba-unique-candidat-a-sa-propre-succession-au-gecam","status":"publish","type":"post","link":"https:\/\/www.africa-press.net\/cameroun\/economie\/cameroun-patronat-celestin-tawamba-unique-candidat-a-sa-propre-succession-au-gecam","title":{"rendered":"Cameroun-patronat : Celestin Tawamba, unique candidat \u00e0 sa propre succession au Gecam"},"content":{"rendered":"<p><span style=\"color: #ff6600\"><strong>Africa-Press &#8211; Cameroun. <\/strong><\/span><b>Le Groupement des Entreprises du Cameroun (GECAM) a re\u0301cemment annonce\u0301 les re\u0301sultats de la pe\u0301riode de re\u0301ception des candidatures pour l\u2019e\u0301lection du prochain Conseil d\u2019Administration, qui s\u2019est clo\u0302ture\u0301e le 9 fe\u0301vrier 2024.<\/b><\/p>\n<p>Le patron des patrons sera a\u0300 nouveau Ce\u0301lestin Tawamba. Pre\u0301sident du Groupement inter-patronal du Cameroun (Gicam) depuis 2017, Ce\u0301lestin Tawamba a annonce\u0301 sa candidature a\u0300 la te\u0302te du conseil d\u2019administration du Groupement des entreprises du Cameroun (Gecam), la nouvelle organisation patronale ne\u0301e de la fusion entre son organisation et Entreprises du Cameroun (Ecam).<\/p>\n<p>Malgre\u0301 les opinions diverses au sein du patronat suite a\u0300 cette fusion, le Gecam n\u2019a rec\u0327u qu\u2019une liste de candidatures.<\/p>\n<p>Constitue\u0301e de 17 membres et baptise\u0301e le \u00ab Gecam, pour une fondation en be\u0301ton \u00bb, cette liste est celle conduite par Ce\u0301lestin Tawamba (pre\u0301sident de l\u2019ex-Gicam et PDG de Cadyst group, lit-on dans le communique\u0301 signe\u0301 le 16 fe\u0301vrier par la directrice exe\u0301cutive du Gecam Aline Vale\u0301rie Mbono.<\/p>\n<p>\u00ab L\u2019e\u0301quipe qui se propose de recueillir vos suffrages refle\u0300te le sens et la re\u0301alite\u0301 de la fusion du de\u0301funt Gicam et de la de\u0301funte Ecam&#8230; Issus de divers secteurs de notre e\u0301conomie et a\u0300 l\u2019expe\u0301rience e\u0301tablie, ces femmes et ces hommes sont fortement engage\u0301s a\u0300 \u0153uvrer a\u0300 vos co\u0302te\u0301s a\u0300 la construction d\u2019un Patronat plus uni et prospe\u0300re a\u0300 le\u0301guer aux ge\u0301ne\u0301rations futures&#8230; Il s\u2019agit d\u2019une e\u0301quipe de combat dans sa composition et de rupture dans son action \u00bb, a indique\u0301 Ce\u0301lestin Tawamba dans sa de\u0301claration de candidature.<\/p>\n<p><b>L\u2019appel du peuple<\/b><\/p>\n<p>Comme pour la pre\u0301sidence de la Re\u0301publique, le patron des patrons a re\u0301pondu a\u0300 l\u2019appel des adhe\u0301rents de son Groupement. Dans une correspondance adresse\u0301e le 29 janvier 2024 a\u0300 ces derniers, l\u2019ancien pre\u0301sident du Gicam affirme avoir souhaite\u0301 laisser la place a\u0300 quelqu\u2019un d\u2019autre.<\/p>\n<p>Mais, \u00ab Je dois a\u0300 la ve\u0301rite\u0301, confesser qu\u2019il est des reque\u0302tes que le devoir impose d\u2019accepter sous peine de trahisons. Vous avez e\u0301te\u0301 nombreux, individuellement ou collectivement, a\u0300 me demander de prendre ma part de responsabilite\u0301, en poursuivant au-dela\u0300 de la simple porte d\u2019entre\u0301e, le processus de solidification de cet important e\u0301difice que nous avons construit ensemble \u00bb, avait-il e\u0301crit.<\/p>\n<p><strong>Pour plus d&rsquo;informations et d&rsquo;analyses sur la <a href=\"https:\/\/www.africa-press.net\/cameroun\">Cameroun<\/a>, suivez <a href=\"https:\/\/www.africa-press.net\/\">Africa-Press<\/a><\/strong><\/p>\n","protected":false},"excerpt":{"rendered":"<p>Africa-Press &#8211; Cameroun. Le Groupement des Entreprises du Cameroun (GECAM) a re\u0301cemment annonce\u0301 les re\u0301sultats de la pe\u0301riode de re\u0301ception des candidatures pour l\u2019e\u0301lection du prochain Conseil d\u2019Administration, qui s\u2019est clo\u0302ture\u0301e le 9 fe\u0301vrier 2024. Le patron des patrons sera a\u0300 nouveau Ce\u0301lestin Tawamba. Pre\u0301sident du Groupement inter-patronal du Cameroun (Gicam) depuis 2017, Ce\u0301lestin Tawamba [&hellip;]<\/p>\n","protected":false},"author":82,"featured_media":61520,"comment_status":"open","ping_status":"closed","sticky":false,"template":"","format":"standard","meta":{"footnotes":""},"categories":[3,10],"tags":[36,50,49],"class_list":["post-61521","post","type-post","status-publish","format-standard","has-post-thumbnail","hentry","category-economie","category-toutes-les-actualites","tag-africa-press","tag-africa-press-cameroun","tag-cameroun"],"yoast_head":"<!-- This site is optimized with the Yoast SEO Premium plugin v26.1 (Yoast SEO v27.0) - https:\/\/yoast.com\/product\/yoast-seo-premium-wordpress\/ -->\n<title>Cameroun-patronat : Celestin Tawamba, unique candidat \u00e0 sa propre succession au Gecam - Cameroun<\/title>\n<meta name=\"description\" content=\"Le Groupement des Entreprises du Cameroun (GECAM) a re\u0301cemment annonce\u0301 les re\u0301sultats de la pe\u0301riode de re\u0301ception d ...\" \/>\n<meta name=\"robots\" content=\"index, follow, max-snippet:-1, max-image-preview:large, max-video-preview:-1\" \/>\n<link rel=\"canonical\" href=\"https:\/\/www.africa-press.net\/cameroun\/economie\/cameroun-patronat-celestin-tawamba-unique-candidat-a-sa-propre-succession-au-gecam\" \/>\n<meta property=\"og:locale\" content=\"fr_FR\" \/>\n<meta property=\"og:type\" content=\"article\" \/>\n<meta property=\"og:title\" content=\"Cameroun-patronat : Celestin Tawamba, unique candidat \u00e0 sa propre succession au Gecam\" \/>\n<meta property=\"og:description\" content=\"Le Groupement des Entreprises du Cameroun (GECAM) a re\u0301cemment annonce\u0301 les re\u0301sultats de la pe\u0301riode de re\u0301ception d ...\" \/>\n<meta property=\"og:url\" content=\"https:\/\/www.africa-press.net\/cameroun\/economie\/cameroun-patronat-celestin-tawamba-unique-candidat-a-sa-propre-succession-au-gecam\" \/>\n<meta property=\"og:site_name\" content=\"Cameroun\" \/>\n<meta property=\"article:published_time\" content=\"2024-02-20T22:08:06+00:00\" \/>\n<meta property=\"article:modified_time\" content=\"2024-02-20T22:46:15+00:00\" \/>\n<meta property=\"og:image\" content=\"https:\/\/static.africa-press.net\/cameroun\/sites\/57\/2024\/02\/sm_1708456364.490337.jpg\" \/>\n\t<meta property=\"og:image:width\" content=\"780\" \/>\n\t<meta property=\"og:image:height\" content=\"440\" \/>\n\t<meta property=\"og:image:type\" content=\"image\/jpeg\" \/>\n<meta name=\"author\" content=\"cfeditorfr\" \/>\n<meta name=\"twitter:card\" content=\"summary_large_image\" \/>\n<meta name=\"twitter:label1\" content=\"\u00c9crit par\" \/>\n\t<meta name=\"twitter:data1\" content=\"cfeditorfr\" \/>\n\t<meta name=\"twitter:label2\" content=\"Dur\u00e9e de lecture estim\u00e9e\" \/>\n\t<meta name=\"twitter:data2\" content=\"2 minutes\" \/>\n<script type=\"application\/ld+json\" class=\"yoast-schema-graph\">{\"@context\":\"https:\/\/schema.org\",\"@graph\":[{\"@type\":\"Article\",\"@id\":\"https:\/\/www.africa-press.net\/cameroun\/economie\/cameroun-patronat-celestin-tawamba-unique-candidat-a-sa-propre-succession-au-gecam#article\",\"isPartOf\":{\"@id\":\"https:\/\/www.africa-press.net\/cameroun\/economie\/cameroun-patronat-celestin-tawamba-unique-candidat-a-sa-propre-succession-au-gecam\"},\"author\":{\"name\":\"cfeditorfr\",\"@id\":\"https:\/\/www.africa-press.net\/cameroun\/#\/schema\/person\/2b1cf3cd81a31e3cd26889ca66d677f1\"},\"headline\":\"Cameroun-patronat : Celestin Tawamba, unique candidat \u00e0 sa propre succession au Gecam\",\"datePublished\":\"2024-02-20T22:08:06+00:00\",\"dateModified\":\"2024-02-20T22:46:15+00:00\",\"mainEntityOfPage\":{\"@id\":\"https:\/\/www.africa-press.net\/cameroun\/economie\/cameroun-patronat-celestin-tawamba-unique-candidat-a-sa-propre-succession-au-gecam\"},\"wordCount\":434,\"commentCount\":0,\"image\":{\"@id\":\"https:\/\/www.africa-press.net\/cameroun\/economie\/cameroun-patronat-celestin-tawamba-unique-candidat-a-sa-propre-succession-au-gecam#primaryimage\"},\"thumbnailUrl\":\"https:\/\/static.africa-press.net\/cameroun\/sites\/57\/2024\/02\/sm_1708456364.490337.jpg\",\"keywords\":[\"Africa Press\",\"Africa Press-Cameroun\",\"Cameroun\"],\"articleSection\":[\"\u00c9conomie\",\"Toutes les actualit\u00e9s\"],\"inLanguage\":\"fr-FR\",\"potentialAction\":[{\"@type\":\"CommentAction\",\"name\":\"Comment\",\"target\":[\"https:\/\/www.africa-press.net\/cameroun\/economie\/cameroun-patronat-celestin-tawamba-unique-candidat-a-sa-propre-succession-au-gecam#respond\"]}]},{\"@type\":\"WebPage\",\"@id\":\"https:\/\/www.africa-press.net\/cameroun\/economie\/cameroun-patronat-celestin-tawamba-unique-candidat-a-sa-propre-succession-au-gecam\",\"url\":\"https:\/\/www.africa-press.net\/cameroun\/economie\/cameroun-patronat-celestin-tawamba-unique-candidat-a-sa-propre-succession-au-gecam\",\"name\":\"Cameroun-patronat : Celestin Tawamba, unique candidat \u00e0 sa propre succession au Gecam - Cameroun\",\"isPartOf\":{\"@id\":\"https:\/\/www.africa-press.net\/cameroun\/#website\"},\"primaryImageOfPage\":{\"@id\":\"https:\/\/www.africa-press.net\/cameroun\/economie\/cameroun-patronat-celestin-tawamba-unique-candidat-a-sa-propre-succession-au-gecam#primaryimage\"},\"image\":{\"@id\":\"https:\/\/www.africa-press.net\/cameroun\/economie\/cameroun-patronat-celestin-tawamba-unique-candidat-a-sa-propre-succession-au-gecam#primaryimage\"},\"thumbnailUrl\":\"https:\/\/static.africa-press.net\/cameroun\/sites\/57\/2024\/02\/sm_1708456364.490337.jpg\",\"datePublished\":\"2024-02-20T22:08:06+00:00\",\"dateModified\":\"2024-02-20T22:46:15+00:00\",\"author\":{\"@id\":\"https:\/\/www.africa-press.net\/cameroun\/#\/schema\/person\/2b1cf3cd81a31e3cd26889ca66d677f1\"},\"description\":\"Le Groupement des Entreprises du Cameroun (GECAM) a re\u0301cemment annonce\u0301 les re\u0301sultats de la pe\u0301riode de re\u0301ception d ...\",\"breadcrumb\":{\"@id\":\"https:\/\/www.africa-press.net\/cameroun\/economie\/cameroun-patronat-celestin-tawamba-unique-candidat-a-sa-propre-succession-au-gecam#breadcrumb\"},\"inLanguage\":\"fr-FR\",\"potentialAction\":[{\"@type\":\"ReadAction\",\"target\":[\"https:\/\/www.africa-press.net\/cameroun\/economie\/cameroun-patronat-celestin-tawamba-unique-candidat-a-sa-propre-succession-au-gecam\"]}]},{\"@type\":\"ImageObject\",\"inLanguage\":\"fr-FR\",\"@id\":\"https:\/\/www.africa-press.net\/cameroun\/economie\/cameroun-patronat-celestin-tawamba-unique-candidat-a-sa-propre-succession-au-gecam#primaryimage\",\"url\":\"https:\/\/static.africa-press.net\/cameroun\/sites\/57\/2024\/02\/sm_1708456364.490337.jpg\",\"contentUrl\":\"https:\/\/static.africa-press.net\/cameroun\/sites\/57\/2024\/02\/sm_1708456364.490337.jpg\",\"width\":780,\"height\":440,\"caption\":\"Cameroun-patronat : Celestin Tawamba, unique candidat \u00e0 sa propre succession au Gecam\"},{\"@type\":\"BreadcrumbList\",\"@id\":\"https:\/\/www.africa-press.net\/cameroun\/economie\/cameroun-patronat-celestin-tawamba-unique-candidat-a-sa-propre-succession-au-gecam#breadcrumb\",\"itemListElement\":[{\"@type\":\"ListItem\",\"position\":1,\"name\":\"Accueil\",\"item\":\"https:\/\/www.africa-press.net\/cameroun\/\"},{\"@type\":\"ListItem\",\"position\":2,\"name\":\"Cameroun-patronat : Celestin Tawamba, unique candidat \u00e0 sa propre succession au Gecam\"}]},{\"@type\":\"WebSite\",\"@id\":\"https:\/\/www.africa-press.net\/cameroun\/#website\",\"url\":\"https:\/\/www.africa-press.net\/cameroun\/\",\"name\":\"Cameroun\",\"description\":\"Just another Africa News Agency Sites site\",\"potentialAction\":[{\"@type\":\"SearchAction\",\"target\":{\"@type\":\"EntryPoint\",\"urlTemplate\":\"https:\/\/www.africa-press.net\/cameroun\/?s={search_term_string}\"},\"query-input\":{\"@type\":\"PropertyValueSpecification\",\"valueRequired\":true,\"valueName\":\"search_term_string\"}}],\"inLanguage\":\"fr-FR\"},{\"@type\":\"Person\",\"@id\":\"https:\/\/www.africa-press.net\/cameroun\/#\/schema\/person\/2b1cf3cd81a31e3cd26889ca66d677f1\",\"name\":\"cfeditorfr\"}]}<\/script>\n<!-- \/ Yoast SEO Premium plugin. -->","yoast_head_json":{"title":"Cameroun-patronat : Celestin Tawamba, unique candidat \u00e0 sa propre succession au Gecam - Cameroun","description":"Le Groupement des Entreprises du Cameroun (GECAM) a re\u0301cemment annonce\u0301 les re\u0301sultats de la pe\u0301riode de re\u0301ception d ...","robots":{"index":"index","follow":"follow","max-snippet":"max-snippet:-1","max-image-preview":"max-image-preview:large","max-video-preview":"max-video-preview:-1"},"canonical":"https:\/\/www.africa-press.net\/cameroun\/economie\/cameroun-patronat-celestin-tawamba-unique-candidat-a-sa-propre-succession-au-gecam","og_locale":"fr_FR","og_type":"article","og_title":"Cameroun-patronat : Celestin Tawamba, unique candidat \u00e0 sa propre succession au Gecam","og_description":"Le Groupement des Entreprises du Cameroun (GECAM) a re\u0301cemment annonce\u0301 les re\u0301sultats de la pe\u0301riode de re\u0301ception d ...","og_url":"https:\/\/www.africa-press.net\/cameroun\/economie\/cameroun-patronat-celestin-tawamba-unique-candidat-a-sa-propre-succession-au-gecam","og_site_name":"Cameroun","article_published_time":"2024-02-20T22:08:06+00:00","article_modified_time":"2024-02-20T22:46:15+00:00","og_image":[{"width":780,"height":440,"url":"https:\/\/static.africa-press.net\/cameroun\/sites\/57\/2024\/02\/sm_1708456364.490337.jpg","type":"image\/jpeg"}],"author":"cfeditorfr","twitter_card":"summary_large_image","twitter_misc":{"\u00c9crit par":"cfeditorfr","Dur\u00e9e de lecture estim\u00e9e":"2 minutes"},"schema":{"@context":"https:\/\/schema.org","@graph":[{"@type":"Article","@id":"https:\/\/www.africa-press.net\/cameroun\/economie\/cameroun-patronat-celestin-tawamba-unique-candidat-a-sa-propre-succession-au-gecam#article","isPartOf":{"@id":"https:\/\/www.africa-press.net\/cameroun\/economie\/cameroun-patronat-celestin-tawamba-unique-candidat-a-sa-propre-succession-au-gecam"},"author":{"name":"cfeditorfr","@id":"https:\/\/www.africa-press.net\/cameroun\/#\/schema\/person\/2b1cf3cd81a31e3cd26889ca66d677f1"},"headline":"Cameroun-patronat : Celestin Tawamba, unique candidat \u00e0 sa propre succession au Gecam","datePublished":"2024-02-20T22:08:06+00:00","dateModified":"2024-02-20T22:46:15+00:00","mainEntityOfPage":{"@id":"https:\/\/www.africa-press.net\/cameroun\/economie\/cameroun-patronat-celestin-tawamba-unique-candidat-a-sa-propre-succession-au-gecam"},"wordCount":434,"commentCount":0,"image":{"@id":"https:\/\/www.africa-press.net\/cameroun\/economie\/cameroun-patronat-celestin-tawamba-unique-candidat-a-sa-propre-succession-au-gecam#primaryimage"},"thumbnailUrl":"https:\/\/static.africa-press.net\/cameroun\/sites\/57\/2024\/02\/sm_1708456364.490337.jpg","keywords":["Africa Press","Africa Press-Cameroun","Cameroun"],"articleSection":["\u00c9conomie","Toutes les actualit\u00e9s"],"inLanguage":"fr-FR","potentialAction":[{"@type":"CommentAction","name":"Comment","target":["https:\/\/www.africa-press.net\/cameroun\/economie\/cameroun-patronat-celestin-tawamba-unique-candidat-a-sa-propre-succession-au-gecam#respond"]}]},{"@type":"WebPage","@id":"https:\/\/www.africa-press.net\/cameroun\/economie\/cameroun-patronat-celestin-tawamba-unique-candidat-a-sa-propre-succession-au-gecam","url":"https:\/\/www.africa-press.net\/cameroun\/economie\/cameroun-patronat-celestin-tawamba-unique-candidat-a-sa-propre-succession-au-gecam","name":"Cameroun-patronat : Celestin Tawamba, unique candidat \u00e0 sa propre succession au Gecam - Cameroun","isPartOf":{"@id":"https:\/\/www.africa-press.net\/cameroun\/#website"},"primaryImageOfPage":{"@id":"https:\/\/www.africa-press.net\/cameroun\/economie\/cameroun-patronat-celestin-tawamba-unique-candidat-a-sa-propre-succession-au-gecam#primaryimage"},"image":{"@id":"https:\/\/www.africa-press.net\/cameroun\/economie\/cameroun-patronat-celestin-tawamba-unique-candidat-a-sa-propre-succession-au-gecam#primaryimage"},"thumbnailUrl":"https:\/\/static.africa-press.net\/cameroun\/sites\/57\/2024\/02\/sm_1708456364.490337.jpg","datePublished":"2024-02-20T22:08:06+00:00","dateModified":"2024-02-20T22:46:15+00:00","author":{"@id":"https:\/\/www.africa-press.net\/cameroun\/#\/schema\/person\/2b1cf3cd81a31e3cd26889ca66d677f1"},"description":"Le Groupement des Entreprises du Cameroun (GECAM) a re\u0301cemment annonce\u0301 les re\u0301sultats de la pe\u0301riode de re\u0301ception d ...","breadcrumb":{"@id":"https:\/\/www.africa-press.net\/cameroun\/economie\/cameroun-patronat-celestin-tawamba-unique-candidat-a-sa-propre-succession-au-gecam#breadcrumb"},"inLanguage":"fr-FR","potentialAction":[{"@type":"ReadAction","target":["https:\/\/www.africa-press.net\/cameroun\/economie\/cameroun-patronat-celestin-tawamba-unique-candidat-a-sa-propre-succession-au-gecam"]}]},{"@type":"ImageObject","inLanguage":"fr-FR","@id":"https:\/\/www.africa-press.net\/cameroun\/economie\/cameroun-patronat-celestin-tawamba-unique-candidat-a-sa-propre-succession-au-gecam#primaryimage","url":"https:\/\/static.africa-press.net\/cameroun\/sites\/57\/2024\/02\/sm_1708456364.490337.jpg","contentUrl":"https:\/\/static.africa-press.net\/cameroun\/sites\/57\/2024\/02\/sm_1708456364.490337.jpg","width":780,"height":440,"caption":"Cameroun-patronat : Celestin Tawamba, unique candidat \u00e0 sa propre succession au Gecam"},{"@type":"BreadcrumbList","@id":"https:\/\/www.africa-press.net\/cameroun\/economie\/cameroun-patronat-celestin-tawamba-unique-candidat-a-sa-propre-succession-au-gecam#breadcrumb","itemListElement":[{"@type":"ListItem","position":1,"name":"Accueil","item":"https:\/\/www.africa-press.net\/cameroun\/"},{"@type":"ListItem","position":2,"name":"Cameroun-patronat : Celestin Tawamba, unique candidat \u00e0 sa propre succession au Gecam"}]},{"@type":"WebSite","@id":"https:\/\/www.africa-press.net\/cameroun\/#website","url":"https:\/\/www.africa-press.net\/cameroun\/","name":"Cameroun","description":"Just another Africa News Agency Sites site","potentialAction":[{"@type":"SearchAction","target":{"@type":"EntryPoint","urlTemplate":"https:\/\/www.africa-press.net\/cameroun\/?s={search_term_string}"},"query-input":{"@type":"PropertyValueSpecification","valueRequired":true,"valueName":"search_term_string"}}],"inLanguage":"fr-FR"},{"@type":"Person","@id":"https:\/\/www.africa-press.net\/cameroun\/#\/schema\/person\/2b1cf3cd81a31e3cd26889ca66d677f1","name":"cfeditorfr"}]}},"_links":{"self":[{"href":"https:\/\/www.africa-press.net\/cameroun\/wp-json\/wp\/v2\/posts\/61521","targetHints":{"allow":["GET"]}}],"collection":[{"href":"https:\/\/www.africa-press.net\/cameroun\/wp-json\/wp\/v2\/posts"}],"about":[{"href":"https:\/\/www.africa-press.net\/cameroun\/wp-json\/wp\/v2\/types\/post"}],"author":[{"embeddable":true,"href":"https:\/\/www.africa-press.net\/cameroun\/wp-json\/wp\/v2\/users\/82"}],"replies":[{"embeddable":true,"href":"https:\/\/www.africa-press.net\/cameroun\/wp-json\/wp\/v2\/comments?post=61521"}],"version-history":[{"count":0,"href":"https:\/\/www.africa-press.net\/cameroun\/wp-json\/wp\/v2\/posts\/61521\/revisions"}],"wp:featuredmedia":[{"embeddable":true,"href":"https:\/\/www.africa-press.net\/cameroun\/wp-json\/wp\/v2\/media\/61520"}],"wp:attachment":[{"href":"https:\/\/www.africa-press.net\/cameroun\/wp-json\/wp\/v2\/media?parent=61521"}],"wp:term":[{"taxonomy":"category","embeddable":true,"href":"https:\/\/www.africa-press.net\/cameroun\/wp-json\/wp\/v2\/categories?post=61521"},{"taxonomy":"post_tag","embeddable":true,"href":"https:\/\/www.africa-press.net\/cameroun\/wp-json\/wp\/v2\/tags?post=61521"}],"curies":[{"name":"wp","href":"https:\/\/api.w.org\/{rel}","templated":true}]}}