{"id":61523,"date":"2024-02-20T22:08:13","date_gmt":"2024-02-20T22:08:13","guid":{"rendered":"https:\/\/www.africa-press.net\/cameroun\/politique\/conference-mondiale-sur-leducation-le-cameroun-represente-par-le-ministre-de-la-culture"},"modified":"2024-02-20T22:46:31","modified_gmt":"2024-02-20T22:46:31","slug":"conference-mondiale-sur-leducation-le-cameroun-represente-par-le-ministre-de-la-culture","status":"publish","type":"post","link":"https:\/\/www.africa-press.net\/cameroun\/toutes-les-actualites\/conference-mondiale-sur-leducation-le-cameroun-represente-par-le-ministre-de-la-culture","title":{"rendered":"Conf\u00e9rence mondiale sur l\u2019\u00e9ducation : le Cameroun repr\u00e9sent\u00e9 par le ministre de la culture"},"content":{"rendered":"<p><span style=\"color: #ff6600\"><strong>Africa-Press &#8211; Cameroun. <\/strong><\/span><b>Lors de cette confe\u0301rence initie\u0301e par l\u2019UNESCO, l\u2019expe\u0301rience du pays a e\u0301te\u0301 partage\u0301e par le ministre de la Culture et des Arts, Pierre Ismae\u0308l Bidoung Mkpatt.<\/b><\/p>\n<p>L\u2019objectif est de mieux encadrer l\u2019<b>e\u0301ducation culturelle<\/b> et artistique. C\u2019est dans cette optique que la Confe\u0301rence mondiale sur l\u2019e\u0301ducation culturelle et artistique, organise\u0301e pour la premie\u0300re fois par <b>l\u2019UNESCO<\/b>, a re\u0301uni divers <b>acteurs culturels<\/b>.<\/p>\n<p>La confe\u0301rence, qui se tenait a\u0300 <b>Abu Dhabi<\/b> dans les E\u0301mirats arabes unis, a e\u0301te\u0301 l\u2019occasion pour les participants d\u2019e\u0301laborer des lignes directrices pour faciliter la mise en \u0153uvre de nouvelles politiques en faveur de l\u2019autonomisation des apprenants. Une occasion e\u0301galement de discuter des de\u0301fis actuels tels que le changement climatique, la violence et l\u2019acce\u0301le\u0301ration de la transformation nume\u0301rique et ses risques.<\/p>\n<p>Ve\u0301ritable aubaine pour le Cameroun, la confe\u0301rence a e\u0301te\u0301 le lieu d\u2019e\u0301changes entre le repre\u0301sentant du Cameroun, le ministre de la Culture, <b>Pierre Ismae\u0308l Bidoung Mkpatt<\/b>, et les acteurs des agences onusiennes. Il a par exemple eu une se\u0301ance de travail avec le sous-directeur ge\u0301ne\u0301ral de l\u2019UNESCO pour la culture, Ernesto Ottone Ramirez. Une re\u0301union qui a e\u0301te\u0301 l\u2019occasion de faire le point sur les projets de l\u2019institution au Cameroun.<\/p>\n<p>Par ailleurs, l\u2019Afrique sera privile\u0301gie\u0301e dans le domaine de l\u2019e\u0301ducation, comme l\u2019a annonce\u0301 Mohamed Khalifa Al Mubarak, pre\u0301sident du de\u0301partement de la culture et du tourisme d\u2019Abu Dhabi et co-pre\u0301sident de la confe\u0301rence, a\u0300 l\u2019issue de la re\u0301union du 15 fe\u0301vrier.<\/p>\n<p><strong>Pour plus d&rsquo;informations et d&rsquo;analyses sur la <a href=\"https:\/\/www.africa-press.net\/cameroun\">Cameroun<\/a>, suivez <a href=\"https:\/\/www.africa-press.net\/\">Africa-Press<\/a><\/strong><\/p>\n","protected":false},"excerpt":{"rendered":"<p>Africa-Press &#8211; Cameroun. Lors de cette confe\u0301rence initie\u0301e par l\u2019UNESCO, l\u2019expe\u0301rience du pays a e\u0301te\u0301 partage\u0301e par le ministre de la Culture et des Arts, Pierre Ismae\u0308l Bidoung Mkpatt. L\u2019objectif est de mieux encadrer l\u2019e\u0301ducation culturelle et artistique. C\u2019est dans cette optique que la Confe\u0301rence mondiale sur l\u2019e\u0301ducation culturelle et artistique, organise\u0301e pour la premie\u0300re [&hellip;]<\/p>\n","protected":false},"author":82,"featured_media":61522,"comment_status":"open","ping_status":"closed","sticky":false,"template":"","format":"standard","meta":{"footnotes":""},"categories":[21,10],"tags":[36,50,49],"class_list":["post-61523","post","type-post","status-publish","format-standard","has-post-thumbnail","hentry","category-communaute","category-toutes-les-actualites","tag-africa-press","tag-africa-press-cameroun","tag-cameroun"],"yoast_head":"<!-- This site is optimized with the Yoast SEO Premium plugin v26.1 (Yoast SEO v27.0) - https:\/\/yoast.com\/product\/yoast-seo-premium-wordpress\/ -->\n<title>Conf\u00e9rence mondiale sur l\u2019\u00e9ducation : le Cameroun repr\u00e9sent\u00e9 par le ministre de la culture - Cameroun<\/title>\n<meta name=\"description\" content=\"Lors de cette confe\u0301rence initie\u0301e par l\u2019UNESCO, l\u2019expe\u0301rience du pays a e\u0301te\u0301 partage\u0301e par le ministre de la Cultur ...\" \/>\n<meta name=\"robots\" content=\"index, follow, max-snippet:-1, max-image-preview:large, max-video-preview:-1\" \/>\n<link rel=\"canonical\" href=\"https:\/\/www.africa-press.net\/cameroun\/toutes-les-actualites\/conference-mondiale-sur-leducation-le-cameroun-represente-par-le-ministre-de-la-culture\" \/>\n<meta property=\"og:locale\" content=\"fr_FR\" \/>\n<meta property=\"og:type\" content=\"article\" \/>\n<meta property=\"og:title\" content=\"Conf\u00e9rence mondiale sur l\u2019\u00e9ducation : le Cameroun repr\u00e9sent\u00e9 par le ministre de la culture\" \/>\n<meta property=\"og:description\" content=\"Lors de cette confe\u0301rence initie\u0301e par l\u2019UNESCO, l\u2019expe\u0301rience du pays a e\u0301te\u0301 partage\u0301e par le ministre de la Cultur ...\" \/>\n<meta property=\"og:url\" content=\"https:\/\/www.africa-press.net\/cameroun\/toutes-les-actualites\/conference-mondiale-sur-leducation-le-cameroun-represente-par-le-ministre-de-la-culture\" \/>\n<meta property=\"og:site_name\" content=\"Cameroun\" \/>\n<meta property=\"article:published_time\" content=\"2024-02-20T22:08:13+00:00\" \/>\n<meta property=\"article:modified_time\" content=\"2024-02-20T22:46:31+00:00\" \/>\n<meta property=\"og:image\" content=\"https:\/\/static.africa-press.net\/cameroun\/sites\/57\/2024\/02\/sm_1708456376.560275.jpg\" \/>\n\t<meta property=\"og:image:width\" content=\"780\" \/>\n\t<meta property=\"og:image:height\" content=\"440\" \/>\n\t<meta property=\"og:image:type\" content=\"image\/jpeg\" \/>\n<meta name=\"author\" content=\"cfeditorfr\" \/>\n<meta name=\"twitter:card\" content=\"summary_large_image\" \/>\n<meta name=\"twitter:label1\" content=\"\u00c9crit par\" \/>\n\t<meta name=\"twitter:data1\" content=\"cfeditorfr\" \/>\n\t<meta name=\"twitter:label2\" content=\"Dur\u00e9e de lecture estim\u00e9e\" \/>\n\t<meta name=\"twitter:data2\" content=\"2 minutes\" \/>\n<script type=\"application\/ld+json\" class=\"yoast-schema-graph\">{\"@context\":\"https:\/\/schema.org\",\"@graph\":[{\"@type\":\"Article\",\"@id\":\"https:\/\/www.africa-press.net\/cameroun\/toutes-les-actualites\/conference-mondiale-sur-leducation-le-cameroun-represente-par-le-ministre-de-la-culture#article\",\"isPartOf\":{\"@id\":\"https:\/\/www.africa-press.net\/cameroun\/toutes-les-actualites\/conference-mondiale-sur-leducation-le-cameroun-represente-par-le-ministre-de-la-culture\"},\"author\":{\"name\":\"cfeditorfr\",\"@id\":\"https:\/\/www.africa-press.net\/cameroun\/#\/schema\/person\/2b1cf3cd81a31e3cd26889ca66d677f1\"},\"headline\":\"Conf\u00e9rence mondiale sur l\u2019\u00e9ducation : le Cameroun repr\u00e9sent\u00e9 par le ministre de la culture\",\"datePublished\":\"2024-02-20T22:08:13+00:00\",\"dateModified\":\"2024-02-20T22:46:31+00:00\",\"mainEntityOfPage\":{\"@id\":\"https:\/\/www.africa-press.net\/cameroun\/toutes-les-actualites\/conference-mondiale-sur-leducation-le-cameroun-represente-par-le-ministre-de-la-culture\"},\"wordCount\":324,\"commentCount\":0,\"image\":{\"@id\":\"https:\/\/www.africa-press.net\/cameroun\/toutes-les-actualites\/conference-mondiale-sur-leducation-le-cameroun-represente-par-le-ministre-de-la-culture#primaryimage\"},\"thumbnailUrl\":\"https:\/\/static.africa-press.net\/cameroun\/sites\/57\/2024\/02\/sm_1708456376.560275.jpg\",\"keywords\":[\"Africa Press\",\"Africa Press-Cameroun\",\"Cameroun\"],\"articleSection\":[\"Communaut\u00e9\",\"Toutes les actualit\u00e9s\"],\"inLanguage\":\"fr-FR\",\"potentialAction\":[{\"@type\":\"CommentAction\",\"name\":\"Comment\",\"target\":[\"https:\/\/www.africa-press.net\/cameroun\/toutes-les-actualites\/conference-mondiale-sur-leducation-le-cameroun-represente-par-le-ministre-de-la-culture#respond\"]}]},{\"@type\":\"WebPage\",\"@id\":\"https:\/\/www.africa-press.net\/cameroun\/toutes-les-actualites\/conference-mondiale-sur-leducation-le-cameroun-represente-par-le-ministre-de-la-culture\",\"url\":\"https:\/\/www.africa-press.net\/cameroun\/toutes-les-actualites\/conference-mondiale-sur-leducation-le-cameroun-represente-par-le-ministre-de-la-culture\",\"name\":\"Conf\u00e9rence mondiale sur l\u2019\u00e9ducation : le Cameroun repr\u00e9sent\u00e9 par le ministre de la culture - Cameroun\",\"isPartOf\":{\"@id\":\"https:\/\/www.africa-press.net\/cameroun\/#website\"},\"primaryImageOfPage\":{\"@id\":\"https:\/\/www.africa-press.net\/cameroun\/toutes-les-actualites\/conference-mondiale-sur-leducation-le-cameroun-represente-par-le-ministre-de-la-culture#primaryimage\"},\"image\":{\"@id\":\"https:\/\/www.africa-press.net\/cameroun\/toutes-les-actualites\/conference-mondiale-sur-leducation-le-cameroun-represente-par-le-ministre-de-la-culture#primaryimage\"},\"thumbnailUrl\":\"https:\/\/static.africa-press.net\/cameroun\/sites\/57\/2024\/02\/sm_1708456376.560275.jpg\",\"datePublished\":\"2024-02-20T22:08:13+00:00\",\"dateModified\":\"2024-02-20T22:46:31+00:00\",\"author\":{\"@id\":\"https:\/\/www.africa-press.net\/cameroun\/#\/schema\/person\/2b1cf3cd81a31e3cd26889ca66d677f1\"},\"description\":\"Lors de cette confe\u0301rence initie\u0301e par l\u2019UNESCO, l\u2019expe\u0301rience du pays a e\u0301te\u0301 partage\u0301e par le ministre de la Cultur ...\",\"breadcrumb\":{\"@id\":\"https:\/\/www.africa-press.net\/cameroun\/toutes-les-actualites\/conference-mondiale-sur-leducation-le-cameroun-represente-par-le-ministre-de-la-culture#breadcrumb\"},\"inLanguage\":\"fr-FR\",\"potentialAction\":[{\"@type\":\"ReadAction\",\"target\":[\"https:\/\/www.africa-press.net\/cameroun\/toutes-les-actualites\/conference-mondiale-sur-leducation-le-cameroun-represente-par-le-ministre-de-la-culture\"]}]},{\"@type\":\"ImageObject\",\"inLanguage\":\"fr-FR\",\"@id\":\"https:\/\/www.africa-press.net\/cameroun\/toutes-les-actualites\/conference-mondiale-sur-leducation-le-cameroun-represente-par-le-ministre-de-la-culture#primaryimage\",\"url\":\"https:\/\/static.africa-press.net\/cameroun\/sites\/57\/2024\/02\/sm_1708456376.560275.jpg\",\"contentUrl\":\"https:\/\/static.africa-press.net\/cameroun\/sites\/57\/2024\/02\/sm_1708456376.560275.jpg\",\"width\":780,\"height\":440,\"caption\":\"Conf\u00e9rence mondiale sur l\u2019\u00e9ducation : le Cameroun repr\u00e9sent\u00e9 par le ministre de la culture\"},{\"@type\":\"BreadcrumbList\",\"@id\":\"https:\/\/www.africa-press.net\/cameroun\/toutes-les-actualites\/conference-mondiale-sur-leducation-le-cameroun-represente-par-le-ministre-de-la-culture#breadcrumb\",\"itemListElement\":[{\"@type\":\"ListItem\",\"position\":1,\"name\":\"Accueil\",\"item\":\"https:\/\/www.africa-press.net\/cameroun\/\"},{\"@type\":\"ListItem\",\"position\":2,\"name\":\"Conf\u00e9rence mondiale sur l\u2019\u00e9ducation : le Cameroun repr\u00e9sent\u00e9 par le ministre de la culture\"}]},{\"@type\":\"WebSite\",\"@id\":\"https:\/\/www.africa-press.net\/cameroun\/#website\",\"url\":\"https:\/\/www.africa-press.net\/cameroun\/\",\"name\":\"Cameroun\",\"description\":\"Just another Africa News Agency Sites site\",\"potentialAction\":[{\"@type\":\"SearchAction\",\"target\":{\"@type\":\"EntryPoint\",\"urlTemplate\":\"https:\/\/www.africa-press.net\/cameroun\/?s={search_term_string}\"},\"query-input\":{\"@type\":\"PropertyValueSpecification\",\"valueRequired\":true,\"valueName\":\"search_term_string\"}}],\"inLanguage\":\"fr-FR\"},{\"@type\":\"Person\",\"@id\":\"https:\/\/www.africa-press.net\/cameroun\/#\/schema\/person\/2b1cf3cd81a31e3cd26889ca66d677f1\",\"name\":\"cfeditorfr\"}]}<\/script>\n<!-- \/ Yoast SEO Premium plugin. -->","yoast_head_json":{"title":"Conf\u00e9rence mondiale sur l\u2019\u00e9ducation : le Cameroun repr\u00e9sent\u00e9 par le ministre de la culture - Cameroun","description":"Lors de cette confe\u0301rence initie\u0301e par l\u2019UNESCO, l\u2019expe\u0301rience du pays a e\u0301te\u0301 partage\u0301e par le ministre de la Cultur ...","robots":{"index":"index","follow":"follow","max-snippet":"max-snippet:-1","max-image-preview":"max-image-preview:large","max-video-preview":"max-video-preview:-1"},"canonical":"https:\/\/www.africa-press.net\/cameroun\/toutes-les-actualites\/conference-mondiale-sur-leducation-le-cameroun-represente-par-le-ministre-de-la-culture","og_locale":"fr_FR","og_type":"article","og_title":"Conf\u00e9rence mondiale sur l\u2019\u00e9ducation : le Cameroun repr\u00e9sent\u00e9 par le ministre de la culture","og_description":"Lors de cette confe\u0301rence initie\u0301e par l\u2019UNESCO, l\u2019expe\u0301rience du pays a e\u0301te\u0301 partage\u0301e par le ministre de la Cultur ...","og_url":"https:\/\/www.africa-press.net\/cameroun\/toutes-les-actualites\/conference-mondiale-sur-leducation-le-cameroun-represente-par-le-ministre-de-la-culture","og_site_name":"Cameroun","article_published_time":"2024-02-20T22:08:13+00:00","article_modified_time":"2024-02-20T22:46:31+00:00","og_image":[{"width":780,"height":440,"url":"https:\/\/static.africa-press.net\/cameroun\/sites\/57\/2024\/02\/sm_1708456376.560275.jpg","type":"image\/jpeg"}],"author":"cfeditorfr","twitter_card":"summary_large_image","twitter_misc":{"\u00c9crit par":"cfeditorfr","Dur\u00e9e de lecture estim\u00e9e":"2 minutes"},"schema":{"@context":"https:\/\/schema.org","@graph":[{"@type":"Article","@id":"https:\/\/www.africa-press.net\/cameroun\/toutes-les-actualites\/conference-mondiale-sur-leducation-le-cameroun-represente-par-le-ministre-de-la-culture#article","isPartOf":{"@id":"https:\/\/www.africa-press.net\/cameroun\/toutes-les-actualites\/conference-mondiale-sur-leducation-le-cameroun-represente-par-le-ministre-de-la-culture"},"author":{"name":"cfeditorfr","@id":"https:\/\/www.africa-press.net\/cameroun\/#\/schema\/person\/2b1cf3cd81a31e3cd26889ca66d677f1"},"headline":"Conf\u00e9rence mondiale sur l\u2019\u00e9ducation : le Cameroun repr\u00e9sent\u00e9 par le ministre de la culture","datePublished":"2024-02-20T22:08:13+00:00","dateModified":"2024-02-20T22:46:31+00:00","mainEntityOfPage":{"@id":"https:\/\/www.africa-press.net\/cameroun\/toutes-les-actualites\/conference-mondiale-sur-leducation-le-cameroun-represente-par-le-ministre-de-la-culture"},"wordCount":324,"commentCount":0,"image":{"@id":"https:\/\/www.africa-press.net\/cameroun\/toutes-les-actualites\/conference-mondiale-sur-leducation-le-cameroun-represente-par-le-ministre-de-la-culture#primaryimage"},"thumbnailUrl":"https:\/\/static.africa-press.net\/cameroun\/sites\/57\/2024\/02\/sm_1708456376.560275.jpg","keywords":["Africa Press","Africa Press-Cameroun","Cameroun"],"articleSection":["Communaut\u00e9","Toutes les actualit\u00e9s"],"inLanguage":"fr-FR","potentialAction":[{"@type":"CommentAction","name":"Comment","target":["https:\/\/www.africa-press.net\/cameroun\/toutes-les-actualites\/conference-mondiale-sur-leducation-le-cameroun-represente-par-le-ministre-de-la-culture#respond"]}]},{"@type":"WebPage","@id":"https:\/\/www.africa-press.net\/cameroun\/toutes-les-actualites\/conference-mondiale-sur-leducation-le-cameroun-represente-par-le-ministre-de-la-culture","url":"https:\/\/www.africa-press.net\/cameroun\/toutes-les-actualites\/conference-mondiale-sur-leducation-le-cameroun-represente-par-le-ministre-de-la-culture","name":"Conf\u00e9rence mondiale sur l\u2019\u00e9ducation : le Cameroun repr\u00e9sent\u00e9 par le ministre de la culture - Cameroun","isPartOf":{"@id":"https:\/\/www.africa-press.net\/cameroun\/#website"},"primaryImageOfPage":{"@id":"https:\/\/www.africa-press.net\/cameroun\/toutes-les-actualites\/conference-mondiale-sur-leducation-le-cameroun-represente-par-le-ministre-de-la-culture#primaryimage"},"image":{"@id":"https:\/\/www.africa-press.net\/cameroun\/toutes-les-actualites\/conference-mondiale-sur-leducation-le-cameroun-represente-par-le-ministre-de-la-culture#primaryimage"},"thumbnailUrl":"https:\/\/static.africa-press.net\/cameroun\/sites\/57\/2024\/02\/sm_1708456376.560275.jpg","datePublished":"2024-02-20T22:08:13+00:00","dateModified":"2024-02-20T22:46:31+00:00","author":{"@id":"https:\/\/www.africa-press.net\/cameroun\/#\/schema\/person\/2b1cf3cd81a31e3cd26889ca66d677f1"},"description":"Lors de cette confe\u0301rence initie\u0301e par l\u2019UNESCO, l\u2019expe\u0301rience du pays a e\u0301te\u0301 partage\u0301e par le ministre de la Cultur ...","breadcrumb":{"@id":"https:\/\/www.africa-press.net\/cameroun\/toutes-les-actualites\/conference-mondiale-sur-leducation-le-cameroun-represente-par-le-ministre-de-la-culture#breadcrumb"},"inLanguage":"fr-FR","potentialAction":[{"@type":"ReadAction","target":["https:\/\/www.africa-press.net\/cameroun\/toutes-les-actualites\/conference-mondiale-sur-leducation-le-cameroun-represente-par-le-ministre-de-la-culture"]}]},{"@type":"ImageObject","inLanguage":"fr-FR","@id":"https:\/\/www.africa-press.net\/cameroun\/toutes-les-actualites\/conference-mondiale-sur-leducation-le-cameroun-represente-par-le-ministre-de-la-culture#primaryimage","url":"https:\/\/static.africa-press.net\/cameroun\/sites\/57\/2024\/02\/sm_1708456376.560275.jpg","contentUrl":"https:\/\/static.africa-press.net\/cameroun\/sites\/57\/2024\/02\/sm_1708456376.560275.jpg","width":780,"height":440,"caption":"Conf\u00e9rence mondiale sur l\u2019\u00e9ducation : le Cameroun repr\u00e9sent\u00e9 par le ministre de la culture"},{"@type":"BreadcrumbList","@id":"https:\/\/www.africa-press.net\/cameroun\/toutes-les-actualites\/conference-mondiale-sur-leducation-le-cameroun-represente-par-le-ministre-de-la-culture#breadcrumb","itemListElement":[{"@type":"ListItem","position":1,"name":"Accueil","item":"https:\/\/www.africa-press.net\/cameroun\/"},{"@type":"ListItem","position":2,"name":"Conf\u00e9rence mondiale sur l\u2019\u00e9ducation : le Cameroun repr\u00e9sent\u00e9 par le ministre de la culture"}]},{"@type":"WebSite","@id":"https:\/\/www.africa-press.net\/cameroun\/#website","url":"https:\/\/www.africa-press.net\/cameroun\/","name":"Cameroun","description":"Just another Africa News Agency Sites site","potentialAction":[{"@type":"SearchAction","target":{"@type":"EntryPoint","urlTemplate":"https:\/\/www.africa-press.net\/cameroun\/?s={search_term_string}"},"query-input":{"@type":"PropertyValueSpecification","valueRequired":true,"valueName":"search_term_string"}}],"inLanguage":"fr-FR"},{"@type":"Person","@id":"https:\/\/www.africa-press.net\/cameroun\/#\/schema\/person\/2b1cf3cd81a31e3cd26889ca66d677f1","name":"cfeditorfr"}]}},"_links":{"self":[{"href":"https:\/\/www.africa-press.net\/cameroun\/wp-json\/wp\/v2\/posts\/61523","targetHints":{"allow":["GET"]}}],"collection":[{"href":"https:\/\/www.africa-press.net\/cameroun\/wp-json\/wp\/v2\/posts"}],"about":[{"href":"https:\/\/www.africa-press.net\/cameroun\/wp-json\/wp\/v2\/types\/post"}],"author":[{"embeddable":true,"href":"https:\/\/www.africa-press.net\/cameroun\/wp-json\/wp\/v2\/users\/82"}],"replies":[{"embeddable":true,"href":"https:\/\/www.africa-press.net\/cameroun\/wp-json\/wp\/v2\/comments?post=61523"}],"version-history":[{"count":0,"href":"https:\/\/www.africa-press.net\/cameroun\/wp-json\/wp\/v2\/posts\/61523\/revisions"}],"wp:featuredmedia":[{"embeddable":true,"href":"https:\/\/www.africa-press.net\/cameroun\/wp-json\/wp\/v2\/media\/61522"}],"wp:attachment":[{"href":"https:\/\/www.africa-press.net\/cameroun\/wp-json\/wp\/v2\/media?parent=61523"}],"wp:term":[{"taxonomy":"category","embeddable":true,"href":"https:\/\/www.africa-press.net\/cameroun\/wp-json\/wp\/v2\/categories?post=61523"},{"taxonomy":"post_tag","embeddable":true,"href":"https:\/\/www.africa-press.net\/cameroun\/wp-json\/wp\/v2\/tags?post=61523"}],"curies":[{"name":"wp","href":"https:\/\/api.w.org\/{rel}","templated":true}]}}