{"id":61525,"date":"2024-02-20T22:08:19","date_gmt":"2024-02-20T22:08:19","guid":{"rendered":"https:\/\/www.africa-press.net\/cameroun\/politique\/benchmarking-le-cameroun-et-la-rca-se-rencontrent-pour-echanger-sur-les-pme"},"modified":"2024-02-20T22:46:51","modified_gmt":"2024-02-20T22:46:51","slug":"benchmarking-le-cameroun-et-la-rca-se-rencontrent-pour-echanger-sur-les-pme","status":"publish","type":"post","link":"https:\/\/www.africa-press.net\/cameroun\/economie\/benchmarking-le-cameroun-et-la-rca-se-rencontrent-pour-echanger-sur-les-pme","title":{"rendered":"Benchmarking : le Cameroun et la RCA se rencontrent pour \u00e9changer sur les PME"},"content":{"rendered":"<p><span style=\"color: #ff6600\"><strong>Africa-Press &#8211; Cameroun. <\/strong><\/span><b>Le ministre des Petites et Moyennes Entreprises, de l\u2019Economie Sociale et de l\u2019Artisanat, Achille Bassilekin III a rec\u0327u en audience Hyppolite Jean-Paul Ngate Robard ministre centrafricain charge\u0301 des Petites et Moyennes entreprises et de la Promotion du Secteur Prive\u0301.<\/b><\/p>\n<p>Achille Bassilekin III a rec\u0327u Hyppolite Jean-Paul Ngate Robard en audience. L\u2019occasion a e\u0301te\u0301 donne\u0301e aux deux protagonistes de revisiter la coope\u0301ration entre le Cameroun et la Centrafrique dans les secteurs des PME et de l\u2019Artisanat et ensuite d\u2019e\u0301changer sur des pre\u0301paratifs de la 11e\u0300me Confe\u0301rence des Ministres du Comite\u0301 de Coordination pour le De\u0301veloppement de l\u2019Artisanat Africain (CODEPA) qui se tiendra au mois d\u2019aou\u0302t 2024 a\u0300 Brazzaville au Congo.<\/p>\n<p>Selon le ministe\u0300re camerounais des PME, il est a\u0300 signaler que le Cameroun et la RCA sont membres de plusieurs organisations communautaires (CEMAC, CEEAC, OHADA), ainsi que du Comite\u0301 de Coordination pour le De\u0301veloppement de l\u2019Artisanat Africain (CODEPA), ce qui implique une appartenance commune a\u0300 divers instruments juridiques en rapport avec le secteur des PME et de l\u2019artisanat, notamment en ce qui concerne les investissements, la libre circulation des personnes, des biens, des services et des capitaux, le droit des affaires. Par ailleurs, un projet d\u2019accord dans les domaines des PME et de l\u2019artisanat est en cours de ne\u0301gociation. Le texte a e\u0301te\u0301 paraphe\u0301 par les deux parties mais reste en attente de signature.<\/p>\n<p>Aussi, les PME et artisans des deux pays prennent part a\u0300 un certain nombre de manifestations a\u0300 caracte\u0300re promotionnel organise\u0301es dans l\u2019un ou l\u2019autre pays. Ainsi, par le passe\u0301, la RCA a pris part au Salon International de l\u2019Entreprise, de la PME et du Partenariat de Yaounde\u0301 (PROMOTE) tout comme a\u0300 l\u2019e\u0301dition en cours, au Salon International de l\u2019Artisanat du Cameroun (SIARC), au Salon international de l\u2019entrepreneuriat fe\u0301minin de Douala ainsi qu\u2019a\u0300 la Foire Transfrontalie\u0300re de la CEMAC (FOTRAC).<\/p>\n<p>A la sortie d\u2019audience, le ministre centrafricain s\u2019est dit pre\u0302t a\u0300 venir partager l\u2019expe\u0301rience camerounaise dans le secteur des PME. Les discussions ont par ailleurs permis de faire un tour d\u2019horizon des sujets en discussion au sein du CODEPA, en particulier en ce qui concerne la 11e\u0300me session.<\/p>\n<p>Les deux personnalite\u0301s sont d\u2019avis qu\u2019il est ne\u0301cessaire de relancer les e\u0301changes en vue de la finalisation du projet d\u2019accord de coope\u0301ration entre les deux pays dans les domaines des PME et de l\u2019artisanat afin d\u2019encadrer et de dynamiser la coope\u0301ration technique entre les deux pays.<\/p>\n<p><strong>Pour plus d&rsquo;informations et d&rsquo;analyses sur la <a href=\"https:\/\/www.africa-press.net\/cameroun\">Cameroun<\/a>, suivez <a href=\"https:\/\/www.africa-press.net\/\">Africa-Press<\/a><\/strong><\/p>\n","protected":false},"excerpt":{"rendered":"<p>Africa-Press &#8211; Cameroun. Le ministre des Petites et Moyennes Entreprises, de l\u2019Economie Sociale et de l\u2019Artisanat, Achille Bassilekin III a rec\u0327u en audience Hyppolite Jean-Paul Ngate Robard ministre centrafricain charge\u0301 des Petites et Moyennes entreprises et de la Promotion du Secteur Prive\u0301. Achille Bassilekin III a rec\u0327u Hyppolite Jean-Paul Ngate Robard en audience. L\u2019occasion a [&hellip;]<\/p>\n","protected":false},"author":82,"featured_media":61524,"comment_status":"open","ping_status":"closed","sticky":false,"template":"","format":"standard","meta":{"footnotes":""},"categories":[3,10],"tags":[36,50,49],"class_list":["post-61525","post","type-post","status-publish","format-standard","has-post-thumbnail","hentry","category-economie","category-toutes-les-actualites","tag-africa-press","tag-africa-press-cameroun","tag-cameroun"],"yoast_head":"<!-- This site is optimized with the Yoast SEO Premium plugin v26.1 (Yoast SEO v27.0) - https:\/\/yoast.com\/product\/yoast-seo-premium-wordpress\/ -->\n<title>Benchmarking : le Cameroun et la RCA se rencontrent pour \u00e9changer sur les PME - Cameroun<\/title>\n<meta name=\"description\" content=\"Le ministre des Petites et Moyennes Entreprises, de l\u2019Economie Sociale et de l\u2019Artisanat, Achille Bassilekin III a re ...\" \/>\n<meta name=\"robots\" content=\"index, follow, max-snippet:-1, max-image-preview:large, max-video-preview:-1\" \/>\n<link rel=\"canonical\" href=\"https:\/\/www.africa-press.net\/cameroun\/economie\/benchmarking-le-cameroun-et-la-rca-se-rencontrent-pour-echanger-sur-les-pme\" \/>\n<meta property=\"og:locale\" content=\"fr_FR\" \/>\n<meta property=\"og:type\" content=\"article\" \/>\n<meta property=\"og:title\" content=\"Benchmarking : le Cameroun et la RCA se rencontrent pour \u00e9changer sur les PME\" \/>\n<meta property=\"og:description\" content=\"Le ministre des Petites et Moyennes Entreprises, de l\u2019Economie Sociale et de l\u2019Artisanat, Achille Bassilekin III a re ...\" \/>\n<meta property=\"og:url\" content=\"https:\/\/www.africa-press.net\/cameroun\/economie\/benchmarking-le-cameroun-et-la-rca-se-rencontrent-pour-echanger-sur-les-pme\" \/>\n<meta property=\"og:site_name\" content=\"Cameroun\" \/>\n<meta property=\"article:published_time\" content=\"2024-02-20T22:08:19+00:00\" \/>\n<meta property=\"article:modified_time\" content=\"2024-02-20T22:46:51+00:00\" \/>\n<meta property=\"og:image\" content=\"https:\/\/static.africa-press.net\/cameroun\/sites\/57\/2024\/02\/sm_1708456388.267723.jpg\" \/>\n\t<meta property=\"og:image:width\" content=\"780\" \/>\n\t<meta property=\"og:image:height\" content=\"440\" \/>\n\t<meta property=\"og:image:type\" content=\"image\/jpeg\" \/>\n<meta name=\"author\" content=\"cfeditorfr\" \/>\n<meta name=\"twitter:card\" content=\"summary_large_image\" \/>\n<meta name=\"twitter:label1\" content=\"\u00c9crit par\" \/>\n\t<meta name=\"twitter:data1\" content=\"cfeditorfr\" \/>\n\t<meta name=\"twitter:label2\" content=\"Dur\u00e9e de lecture estim\u00e9e\" \/>\n\t<meta name=\"twitter:data2\" content=\"2 minutes\" \/>\n<script type=\"application\/ld+json\" class=\"yoast-schema-graph\">{\"@context\":\"https:\/\/schema.org\",\"@graph\":[{\"@type\":\"Article\",\"@id\":\"https:\/\/www.africa-press.net\/cameroun\/economie\/benchmarking-le-cameroun-et-la-rca-se-rencontrent-pour-echanger-sur-les-pme#article\",\"isPartOf\":{\"@id\":\"https:\/\/www.africa-press.net\/cameroun\/economie\/benchmarking-le-cameroun-et-la-rca-se-rencontrent-pour-echanger-sur-les-pme\"},\"author\":{\"name\":\"cfeditorfr\",\"@id\":\"https:\/\/www.africa-press.net\/cameroun\/#\/schema\/person\/2b1cf3cd81a31e3cd26889ca66d677f1\"},\"headline\":\"Benchmarking : le Cameroun et la RCA se rencontrent pour \u00e9changer sur les PME\",\"datePublished\":\"2024-02-20T22:08:19+00:00\",\"dateModified\":\"2024-02-20T22:46:51+00:00\",\"mainEntityOfPage\":{\"@id\":\"https:\/\/www.africa-press.net\/cameroun\/economie\/benchmarking-le-cameroun-et-la-rca-se-rencontrent-pour-echanger-sur-les-pme\"},\"wordCount\":478,\"commentCount\":0,\"image\":{\"@id\":\"https:\/\/www.africa-press.net\/cameroun\/economie\/benchmarking-le-cameroun-et-la-rca-se-rencontrent-pour-echanger-sur-les-pme#primaryimage\"},\"thumbnailUrl\":\"https:\/\/static.africa-press.net\/cameroun\/sites\/57\/2024\/02\/sm_1708456388.267723.jpg\",\"keywords\":[\"Africa Press\",\"Africa Press-Cameroun\",\"Cameroun\"],\"articleSection\":[\"\u00c9conomie\",\"Toutes les actualit\u00e9s\"],\"inLanguage\":\"fr-FR\",\"potentialAction\":[{\"@type\":\"CommentAction\",\"name\":\"Comment\",\"target\":[\"https:\/\/www.africa-press.net\/cameroun\/economie\/benchmarking-le-cameroun-et-la-rca-se-rencontrent-pour-echanger-sur-les-pme#respond\"]}]},{\"@type\":\"WebPage\",\"@id\":\"https:\/\/www.africa-press.net\/cameroun\/economie\/benchmarking-le-cameroun-et-la-rca-se-rencontrent-pour-echanger-sur-les-pme\",\"url\":\"https:\/\/www.africa-press.net\/cameroun\/economie\/benchmarking-le-cameroun-et-la-rca-se-rencontrent-pour-echanger-sur-les-pme\",\"name\":\"Benchmarking : le Cameroun et la RCA se rencontrent pour \u00e9changer sur les PME - Cameroun\",\"isPartOf\":{\"@id\":\"https:\/\/www.africa-press.net\/cameroun\/#website\"},\"primaryImageOfPage\":{\"@id\":\"https:\/\/www.africa-press.net\/cameroun\/economie\/benchmarking-le-cameroun-et-la-rca-se-rencontrent-pour-echanger-sur-les-pme#primaryimage\"},\"image\":{\"@id\":\"https:\/\/www.africa-press.net\/cameroun\/economie\/benchmarking-le-cameroun-et-la-rca-se-rencontrent-pour-echanger-sur-les-pme#primaryimage\"},\"thumbnailUrl\":\"https:\/\/static.africa-press.net\/cameroun\/sites\/57\/2024\/02\/sm_1708456388.267723.jpg\",\"datePublished\":\"2024-02-20T22:08:19+00:00\",\"dateModified\":\"2024-02-20T22:46:51+00:00\",\"author\":{\"@id\":\"https:\/\/www.africa-press.net\/cameroun\/#\/schema\/person\/2b1cf3cd81a31e3cd26889ca66d677f1\"},\"description\":\"Le ministre des Petites et Moyennes Entreprises, de l\u2019Economie Sociale et de l\u2019Artisanat, Achille Bassilekin III a re ...\",\"breadcrumb\":{\"@id\":\"https:\/\/www.africa-press.net\/cameroun\/economie\/benchmarking-le-cameroun-et-la-rca-se-rencontrent-pour-echanger-sur-les-pme#breadcrumb\"},\"inLanguage\":\"fr-FR\",\"potentialAction\":[{\"@type\":\"ReadAction\",\"target\":[\"https:\/\/www.africa-press.net\/cameroun\/economie\/benchmarking-le-cameroun-et-la-rca-se-rencontrent-pour-echanger-sur-les-pme\"]}]},{\"@type\":\"ImageObject\",\"inLanguage\":\"fr-FR\",\"@id\":\"https:\/\/www.africa-press.net\/cameroun\/economie\/benchmarking-le-cameroun-et-la-rca-se-rencontrent-pour-echanger-sur-les-pme#primaryimage\",\"url\":\"https:\/\/static.africa-press.net\/cameroun\/sites\/57\/2024\/02\/sm_1708456388.267723.jpg\",\"contentUrl\":\"https:\/\/static.africa-press.net\/cameroun\/sites\/57\/2024\/02\/sm_1708456388.267723.jpg\",\"width\":780,\"height\":440,\"caption\":\"Benchmarking : le Cameroun et la RCA se rencontrent pour \u00e9changer sur les PME\"},{\"@type\":\"BreadcrumbList\",\"@id\":\"https:\/\/www.africa-press.net\/cameroun\/economie\/benchmarking-le-cameroun-et-la-rca-se-rencontrent-pour-echanger-sur-les-pme#breadcrumb\",\"itemListElement\":[{\"@type\":\"ListItem\",\"position\":1,\"name\":\"Accueil\",\"item\":\"https:\/\/www.africa-press.net\/cameroun\/\"},{\"@type\":\"ListItem\",\"position\":2,\"name\":\"Benchmarking : le Cameroun et la RCA se rencontrent pour \u00e9changer sur les PME\"}]},{\"@type\":\"WebSite\",\"@id\":\"https:\/\/www.africa-press.net\/cameroun\/#website\",\"url\":\"https:\/\/www.africa-press.net\/cameroun\/\",\"name\":\"Cameroun\",\"description\":\"Just another Africa News Agency Sites site\",\"potentialAction\":[{\"@type\":\"SearchAction\",\"target\":{\"@type\":\"EntryPoint\",\"urlTemplate\":\"https:\/\/www.africa-press.net\/cameroun\/?s={search_term_string}\"},\"query-input\":{\"@type\":\"PropertyValueSpecification\",\"valueRequired\":true,\"valueName\":\"search_term_string\"}}],\"inLanguage\":\"fr-FR\"},{\"@type\":\"Person\",\"@id\":\"https:\/\/www.africa-press.net\/cameroun\/#\/schema\/person\/2b1cf3cd81a31e3cd26889ca66d677f1\",\"name\":\"cfeditorfr\"}]}<\/script>\n<!-- \/ Yoast SEO Premium plugin. -->","yoast_head_json":{"title":"Benchmarking : le Cameroun et la RCA se rencontrent pour \u00e9changer sur les PME - Cameroun","description":"Le ministre des Petites et Moyennes Entreprises, de l\u2019Economie Sociale et de l\u2019Artisanat, Achille Bassilekin III a re ...","robots":{"index":"index","follow":"follow","max-snippet":"max-snippet:-1","max-image-preview":"max-image-preview:large","max-video-preview":"max-video-preview:-1"},"canonical":"https:\/\/www.africa-press.net\/cameroun\/economie\/benchmarking-le-cameroun-et-la-rca-se-rencontrent-pour-echanger-sur-les-pme","og_locale":"fr_FR","og_type":"article","og_title":"Benchmarking : le Cameroun et la RCA se rencontrent pour \u00e9changer sur les PME","og_description":"Le ministre des Petites et Moyennes Entreprises, de l\u2019Economie Sociale et de l\u2019Artisanat, Achille Bassilekin III a re ...","og_url":"https:\/\/www.africa-press.net\/cameroun\/economie\/benchmarking-le-cameroun-et-la-rca-se-rencontrent-pour-echanger-sur-les-pme","og_site_name":"Cameroun","article_published_time":"2024-02-20T22:08:19+00:00","article_modified_time":"2024-02-20T22:46:51+00:00","og_image":[{"width":780,"height":440,"url":"https:\/\/static.africa-press.net\/cameroun\/sites\/57\/2024\/02\/sm_1708456388.267723.jpg","type":"image\/jpeg"}],"author":"cfeditorfr","twitter_card":"summary_large_image","twitter_misc":{"\u00c9crit par":"cfeditorfr","Dur\u00e9e de lecture estim\u00e9e":"2 minutes"},"schema":{"@context":"https:\/\/schema.org","@graph":[{"@type":"Article","@id":"https:\/\/www.africa-press.net\/cameroun\/economie\/benchmarking-le-cameroun-et-la-rca-se-rencontrent-pour-echanger-sur-les-pme#article","isPartOf":{"@id":"https:\/\/www.africa-press.net\/cameroun\/economie\/benchmarking-le-cameroun-et-la-rca-se-rencontrent-pour-echanger-sur-les-pme"},"author":{"name":"cfeditorfr","@id":"https:\/\/www.africa-press.net\/cameroun\/#\/schema\/person\/2b1cf3cd81a31e3cd26889ca66d677f1"},"headline":"Benchmarking : le Cameroun et la RCA se rencontrent pour \u00e9changer sur les PME","datePublished":"2024-02-20T22:08:19+00:00","dateModified":"2024-02-20T22:46:51+00:00","mainEntityOfPage":{"@id":"https:\/\/www.africa-press.net\/cameroun\/economie\/benchmarking-le-cameroun-et-la-rca-se-rencontrent-pour-echanger-sur-les-pme"},"wordCount":478,"commentCount":0,"image":{"@id":"https:\/\/www.africa-press.net\/cameroun\/economie\/benchmarking-le-cameroun-et-la-rca-se-rencontrent-pour-echanger-sur-les-pme#primaryimage"},"thumbnailUrl":"https:\/\/static.africa-press.net\/cameroun\/sites\/57\/2024\/02\/sm_1708456388.267723.jpg","keywords":["Africa Press","Africa Press-Cameroun","Cameroun"],"articleSection":["\u00c9conomie","Toutes les actualit\u00e9s"],"inLanguage":"fr-FR","potentialAction":[{"@type":"CommentAction","name":"Comment","target":["https:\/\/www.africa-press.net\/cameroun\/economie\/benchmarking-le-cameroun-et-la-rca-se-rencontrent-pour-echanger-sur-les-pme#respond"]}]},{"@type":"WebPage","@id":"https:\/\/www.africa-press.net\/cameroun\/economie\/benchmarking-le-cameroun-et-la-rca-se-rencontrent-pour-echanger-sur-les-pme","url":"https:\/\/www.africa-press.net\/cameroun\/economie\/benchmarking-le-cameroun-et-la-rca-se-rencontrent-pour-echanger-sur-les-pme","name":"Benchmarking : le Cameroun et la RCA se rencontrent pour \u00e9changer sur les PME - Cameroun","isPartOf":{"@id":"https:\/\/www.africa-press.net\/cameroun\/#website"},"primaryImageOfPage":{"@id":"https:\/\/www.africa-press.net\/cameroun\/economie\/benchmarking-le-cameroun-et-la-rca-se-rencontrent-pour-echanger-sur-les-pme#primaryimage"},"image":{"@id":"https:\/\/www.africa-press.net\/cameroun\/economie\/benchmarking-le-cameroun-et-la-rca-se-rencontrent-pour-echanger-sur-les-pme#primaryimage"},"thumbnailUrl":"https:\/\/static.africa-press.net\/cameroun\/sites\/57\/2024\/02\/sm_1708456388.267723.jpg","datePublished":"2024-02-20T22:08:19+00:00","dateModified":"2024-02-20T22:46:51+00:00","author":{"@id":"https:\/\/www.africa-press.net\/cameroun\/#\/schema\/person\/2b1cf3cd81a31e3cd26889ca66d677f1"},"description":"Le ministre des Petites et Moyennes Entreprises, de l\u2019Economie Sociale et de l\u2019Artisanat, Achille Bassilekin III a re ...","breadcrumb":{"@id":"https:\/\/www.africa-press.net\/cameroun\/economie\/benchmarking-le-cameroun-et-la-rca-se-rencontrent-pour-echanger-sur-les-pme#breadcrumb"},"inLanguage":"fr-FR","potentialAction":[{"@type":"ReadAction","target":["https:\/\/www.africa-press.net\/cameroun\/economie\/benchmarking-le-cameroun-et-la-rca-se-rencontrent-pour-echanger-sur-les-pme"]}]},{"@type":"ImageObject","inLanguage":"fr-FR","@id":"https:\/\/www.africa-press.net\/cameroun\/economie\/benchmarking-le-cameroun-et-la-rca-se-rencontrent-pour-echanger-sur-les-pme#primaryimage","url":"https:\/\/static.africa-press.net\/cameroun\/sites\/57\/2024\/02\/sm_1708456388.267723.jpg","contentUrl":"https:\/\/static.africa-press.net\/cameroun\/sites\/57\/2024\/02\/sm_1708456388.267723.jpg","width":780,"height":440,"caption":"Benchmarking : le Cameroun et la RCA se rencontrent pour \u00e9changer sur les PME"},{"@type":"BreadcrumbList","@id":"https:\/\/www.africa-press.net\/cameroun\/economie\/benchmarking-le-cameroun-et-la-rca-se-rencontrent-pour-echanger-sur-les-pme#breadcrumb","itemListElement":[{"@type":"ListItem","position":1,"name":"Accueil","item":"https:\/\/www.africa-press.net\/cameroun\/"},{"@type":"ListItem","position":2,"name":"Benchmarking : le Cameroun et la RCA se rencontrent pour \u00e9changer sur les PME"}]},{"@type":"WebSite","@id":"https:\/\/www.africa-press.net\/cameroun\/#website","url":"https:\/\/www.africa-press.net\/cameroun\/","name":"Cameroun","description":"Just another Africa News Agency Sites site","potentialAction":[{"@type":"SearchAction","target":{"@type":"EntryPoint","urlTemplate":"https:\/\/www.africa-press.net\/cameroun\/?s={search_term_string}"},"query-input":{"@type":"PropertyValueSpecification","valueRequired":true,"valueName":"search_term_string"}}],"inLanguage":"fr-FR"},{"@type":"Person","@id":"https:\/\/www.africa-press.net\/cameroun\/#\/schema\/person\/2b1cf3cd81a31e3cd26889ca66d677f1","name":"cfeditorfr"}]}},"_links":{"self":[{"href":"https:\/\/www.africa-press.net\/cameroun\/wp-json\/wp\/v2\/posts\/61525","targetHints":{"allow":["GET"]}}],"collection":[{"href":"https:\/\/www.africa-press.net\/cameroun\/wp-json\/wp\/v2\/posts"}],"about":[{"href":"https:\/\/www.africa-press.net\/cameroun\/wp-json\/wp\/v2\/types\/post"}],"author":[{"embeddable":true,"href":"https:\/\/www.africa-press.net\/cameroun\/wp-json\/wp\/v2\/users\/82"}],"replies":[{"embeddable":true,"href":"https:\/\/www.africa-press.net\/cameroun\/wp-json\/wp\/v2\/comments?post=61525"}],"version-history":[{"count":0,"href":"https:\/\/www.africa-press.net\/cameroun\/wp-json\/wp\/v2\/posts\/61525\/revisions"}],"wp:featuredmedia":[{"embeddable":true,"href":"https:\/\/www.africa-press.net\/cameroun\/wp-json\/wp\/v2\/media\/61524"}],"wp:attachment":[{"href":"https:\/\/www.africa-press.net\/cameroun\/wp-json\/wp\/v2\/media?parent=61525"}],"wp:term":[{"taxonomy":"category","embeddable":true,"href":"https:\/\/www.africa-press.net\/cameroun\/wp-json\/wp\/v2\/categories?post=61525"},{"taxonomy":"post_tag","embeddable":true,"href":"https:\/\/www.africa-press.net\/cameroun\/wp-json\/wp\/v2\/tags?post=61525"}],"curies":[{"name":"wp","href":"https:\/\/api.w.org\/{rel}","templated":true}]}}