{"id":61568,"date":"2024-02-23T12:15:06","date_gmt":"2024-02-23T12:15:06","guid":{"rendered":"https:\/\/www.africa-press.net\/cameroun\/politique\/le-mrc-denonce-17-cas-datteintes-aux-droits-humains-du-fait-de-boko-haram-dans-lextreme-nord-en-2023"},"modified":"2024-02-23T12:38:44","modified_gmt":"2024-02-23T12:38:44","slug":"le-mrc-denonce-17-cas-datteintes-aux-droits-humains-du-fait-de-boko-haram-dans-lextreme-nord-en-2023","status":"publish","type":"post","link":"https:\/\/www.africa-press.net\/cameroun\/politique\/le-mrc-denonce-17-cas-datteintes-aux-droits-humains-du-fait-de-boko-haram-dans-lextreme-nord-en-2023","title":{"rendered":"Le MRC De\u0301nonce 17 Cas D\u2019Atteintes aux Droits Humains du Fait de Boko Haram dans L\u2019Extre\u0302Me-Nord en 2023"},"content":{"rendered":"<p><span style=\"color: #ff6600\"><strong>Africa-Press &#8211; Cameroun. <\/strong><\/span><b>Le Mouvement pour la renaissance du Cameroun dans son quatrie\u0300me rapport rele\u0300ve les cas de violation des droits de l\u2019homme entre janvier et de\u0301cembre 2023.<\/b><\/p>\n<p>Du fait des attaques du groupe arme\u0301 Boko Haram, au moins 17 cas de violation des droits humains ont e\u0301te\u0301 commis dans la re\u0301gion de l\u2019Extre\u0302me-Nord au cours de l\u2019anne\u0301e 2023. C\u2019est du moins ce qui ressort du rapport du MRC sur les droits de l\u2019homme au Cameroun pour le compte de l\u2019anne\u0301e qui vient s\u2019achever. Connue comme l\u2019une des zones de crise se\u0301curitaire du pays, la re\u0301gion de l\u2019Extre\u0302me-Nord subit encore des attaques sporadiques de Boko Haram.<\/p>\n<p>Au cours de l\u2019anne\u0301e 2023, du fait de l\u2019explosion des mines, de l\u2019incendie des villages, des enle\u0300vements et autres attaques, plusieurs personnes ont e\u0301te\u0301 tue\u0301es. Il s\u2019agit en particulier des civils dont des e\u0301le\u0300ves, quatre villageois tue\u0301s a\u0300 Moutsikar, de six militaires tue\u0301s dans le Mayo Tsanaga en avril, quatre personnes tue\u0301es a\u0300 l\u2019entre\u0301e de Mora en mai 2023, neuf personnes e\u0301gorge\u0301es dans les pourtours du Lac Tchad en aou\u0302t 2023, quatre personnes tue\u0301es dans l\u2019arrondissement de Mayo-Mostoa en septembre ou encore 40 Camerounais et Tchadiens enleve\u0301s en octobre dans la zone de Touboro, etc.<\/p>\n<p>Ces 17 cas figurent parmi les 107 cas de violation des droits humains recense\u0301s au Cameroun par le parti d\u2019opposition. 49 concernent les re\u0301gions du Nord-Ouest et du Sud-Ouest, d\u2019autres cas sont recense\u0301s sur l\u2019ensemble des autres re\u0301gions et au sur les militants du parti pre\u0301side\u0301 par Maurice Kamto.<\/p>\n<p><strong>Pour plus d&rsquo;informations et d&rsquo;analyses sur la <a href=\"https:\/\/www.africa-press.net\/cameroun\">Cameroun<\/a>, suivez <a href=\"https:\/\/www.africa-press.net\/\">Africa-Press<\/a><\/strong><\/p>\n","protected":false},"excerpt":{"rendered":"<p>Africa-Press &#8211; Cameroun. Le Mouvement pour la renaissance du Cameroun dans son quatrie\u0300me rapport rele\u0300ve les cas de violation des droits de l\u2019homme entre janvier et de\u0301cembre 2023. Du fait des attaques du groupe arme\u0301 Boko Haram, au moins 17 cas de violation des droits humains ont e\u0301te\u0301 commis dans la re\u0301gion de l\u2019Extre\u0302me-Nord au [&hellip;]<\/p>\n","protected":false},"author":82,"featured_media":61567,"comment_status":"open","ping_status":"closed","sticky":false,"template":"","format":"standard","meta":{"footnotes":""},"categories":[2,10],"tags":[36,50,49],"class_list":["post-61568","post","type-post","status-publish","format-standard","has-post-thumbnail","hentry","category-politique","category-toutes-les-actualites","tag-africa-press","tag-africa-press-cameroun","tag-cameroun"],"yoast_head":"<!-- This site is optimized with the Yoast SEO Premium plugin v26.1 (Yoast SEO v27.0) - https:\/\/yoast.com\/product\/yoast-seo-premium-wordpress\/ -->\n<title>Le MRC De\u0301nonce 17 Cas D\u2019Atteintes aux Droits Humains du Fait de Boko Haram dans L\u2019Extre\u0302Me-Nord en 2023 - Cameroun<\/title>\n<meta name=\"description\" content=\"Le Mouvement pour la renaissance du Cameroun dans son quatrie\u0300me rapport rele\u0300ve les cas de violation des droits de l ...\" \/>\n<meta name=\"robots\" content=\"index, follow, max-snippet:-1, max-image-preview:large, max-video-preview:-1\" \/>\n<link rel=\"canonical\" href=\"https:\/\/www.africa-press.net\/cameroun\/politique\/le-mrc-denonce-17-cas-datteintes-aux-droits-humains-du-fait-de-boko-haram-dans-lextreme-nord-en-2023\" \/>\n<meta property=\"og:locale\" content=\"fr_FR\" \/>\n<meta property=\"og:type\" content=\"article\" \/>\n<meta property=\"og:title\" content=\"Le MRC De\u0301nonce 17 Cas D\u2019Atteintes aux Droits Humains du Fait de Boko Haram dans L\u2019Extre\u0302Me-Nord en 2023\" \/>\n<meta property=\"og:description\" content=\"Le Mouvement pour la renaissance du Cameroun dans son quatrie\u0300me rapport rele\u0300ve les cas de violation des droits de l ...\" \/>\n<meta property=\"og:url\" content=\"https:\/\/www.africa-press.net\/cameroun\/politique\/le-mrc-denonce-17-cas-datteintes-aux-droits-humains-du-fait-de-boko-haram-dans-lextreme-nord-en-2023\" \/>\n<meta property=\"og:site_name\" content=\"Cameroun\" \/>\n<meta property=\"article:published_time\" content=\"2024-02-23T12:15:06+00:00\" \/>\n<meta property=\"article:modified_time\" content=\"2024-02-23T12:38:44+00:00\" \/>\n<meta property=\"og:image\" content=\"https:\/\/static.africa-press.net\/cameroun\/sites\/57\/2024\/02\/sm_1708679231.807318.jpg\" \/>\n\t<meta property=\"og:image:width\" content=\"780\" \/>\n\t<meta property=\"og:image:height\" content=\"440\" \/>\n\t<meta property=\"og:image:type\" content=\"image\/jpeg\" \/>\n<meta name=\"author\" content=\"cfeditorfr\" \/>\n<meta name=\"twitter:card\" content=\"summary_large_image\" \/>\n<meta name=\"twitter:label1\" content=\"\u00c9crit par\" \/>\n\t<meta name=\"twitter:data1\" content=\"cfeditorfr\" \/>\n\t<meta name=\"twitter:label2\" content=\"Dur\u00e9e de lecture estim\u00e9e\" \/>\n\t<meta name=\"twitter:data2\" content=\"1 minute\" \/>\n<script type=\"application\/ld+json\" class=\"yoast-schema-graph\">{\"@context\":\"https:\/\/schema.org\",\"@graph\":[{\"@type\":\"Article\",\"@id\":\"https:\/\/www.africa-press.net\/cameroun\/politique\/le-mrc-denonce-17-cas-datteintes-aux-droits-humains-du-fait-de-boko-haram-dans-lextreme-nord-en-2023#article\",\"isPartOf\":{\"@id\":\"https:\/\/www.africa-press.net\/cameroun\/politique\/le-mrc-denonce-17-cas-datteintes-aux-droits-humains-du-fait-de-boko-haram-dans-lextreme-nord-en-2023\"},\"author\":{\"name\":\"cfeditorfr\",\"@id\":\"https:\/\/www.africa-press.net\/cameroun\/#\/schema\/person\/2b1cf3cd81a31e3cd26889ca66d677f1\"},\"headline\":\"Le MRC De\u0301nonce 17 Cas D\u2019Atteintes aux Droits Humains du Fait de Boko Haram dans L\u2019Extre\u0302Me-Nord en 2023\",\"datePublished\":\"2024-02-23T12:15:06+00:00\",\"dateModified\":\"2024-02-23T12:38:44+00:00\",\"mainEntityOfPage\":{\"@id\":\"https:\/\/www.africa-press.net\/cameroun\/politique\/le-mrc-denonce-17-cas-datteintes-aux-droits-humains-du-fait-de-boko-haram-dans-lextreme-nord-en-2023\"},\"wordCount\":321,\"commentCount\":0,\"image\":{\"@id\":\"https:\/\/www.africa-press.net\/cameroun\/politique\/le-mrc-denonce-17-cas-datteintes-aux-droits-humains-du-fait-de-boko-haram-dans-lextreme-nord-en-2023#primaryimage\"},\"thumbnailUrl\":\"https:\/\/static.africa-press.net\/cameroun\/sites\/57\/2024\/02\/sm_1708679231.807318.jpg\",\"keywords\":[\"Africa Press\",\"Africa Press-Cameroun\",\"Cameroun\"],\"articleSection\":[\"Politique\",\"Toutes les actualit\u00e9s\"],\"inLanguage\":\"fr-FR\",\"potentialAction\":[{\"@type\":\"CommentAction\",\"name\":\"Comment\",\"target\":[\"https:\/\/www.africa-press.net\/cameroun\/politique\/le-mrc-denonce-17-cas-datteintes-aux-droits-humains-du-fait-de-boko-haram-dans-lextreme-nord-en-2023#respond\"]}]},{\"@type\":\"WebPage\",\"@id\":\"https:\/\/www.africa-press.net\/cameroun\/politique\/le-mrc-denonce-17-cas-datteintes-aux-droits-humains-du-fait-de-boko-haram-dans-lextreme-nord-en-2023\",\"url\":\"https:\/\/www.africa-press.net\/cameroun\/politique\/le-mrc-denonce-17-cas-datteintes-aux-droits-humains-du-fait-de-boko-haram-dans-lextreme-nord-en-2023\",\"name\":\"Le MRC De\u0301nonce 17 Cas D\u2019Atteintes aux Droits Humains du Fait de Boko Haram dans L\u2019Extre\u0302Me-Nord en 2023 - Cameroun\",\"isPartOf\":{\"@id\":\"https:\/\/www.africa-press.net\/cameroun\/#website\"},\"primaryImageOfPage\":{\"@id\":\"https:\/\/www.africa-press.net\/cameroun\/politique\/le-mrc-denonce-17-cas-datteintes-aux-droits-humains-du-fait-de-boko-haram-dans-lextreme-nord-en-2023#primaryimage\"},\"image\":{\"@id\":\"https:\/\/www.africa-press.net\/cameroun\/politique\/le-mrc-denonce-17-cas-datteintes-aux-droits-humains-du-fait-de-boko-haram-dans-lextreme-nord-en-2023#primaryimage\"},\"thumbnailUrl\":\"https:\/\/static.africa-press.net\/cameroun\/sites\/57\/2024\/02\/sm_1708679231.807318.jpg\",\"datePublished\":\"2024-02-23T12:15:06+00:00\",\"dateModified\":\"2024-02-23T12:38:44+00:00\",\"author\":{\"@id\":\"https:\/\/www.africa-press.net\/cameroun\/#\/schema\/person\/2b1cf3cd81a31e3cd26889ca66d677f1\"},\"description\":\"Le Mouvement pour la renaissance du Cameroun dans son quatrie\u0300me rapport rele\u0300ve les cas de violation des droits de l ...\",\"breadcrumb\":{\"@id\":\"https:\/\/www.africa-press.net\/cameroun\/politique\/le-mrc-denonce-17-cas-datteintes-aux-droits-humains-du-fait-de-boko-haram-dans-lextreme-nord-en-2023#breadcrumb\"},\"inLanguage\":\"fr-FR\",\"potentialAction\":[{\"@type\":\"ReadAction\",\"target\":[\"https:\/\/www.africa-press.net\/cameroun\/politique\/le-mrc-denonce-17-cas-datteintes-aux-droits-humains-du-fait-de-boko-haram-dans-lextreme-nord-en-2023\"]}]},{\"@type\":\"ImageObject\",\"inLanguage\":\"fr-FR\",\"@id\":\"https:\/\/www.africa-press.net\/cameroun\/politique\/le-mrc-denonce-17-cas-datteintes-aux-droits-humains-du-fait-de-boko-haram-dans-lextreme-nord-en-2023#primaryimage\",\"url\":\"https:\/\/static.africa-press.net\/cameroun\/sites\/57\/2024\/02\/sm_1708679231.807318.jpg\",\"contentUrl\":\"https:\/\/static.africa-press.net\/cameroun\/sites\/57\/2024\/02\/sm_1708679231.807318.jpg\",\"width\":780,\"height\":440,\"caption\":\"Le MRC De\u0301nonce 17 Cas D\u2019Atteintes aux Droits Humains du Fait de Boko Haram dans L\u2019Extre\u0302Me-Nord en 2023\"},{\"@type\":\"BreadcrumbList\",\"@id\":\"https:\/\/www.africa-press.net\/cameroun\/politique\/le-mrc-denonce-17-cas-datteintes-aux-droits-humains-du-fait-de-boko-haram-dans-lextreme-nord-en-2023#breadcrumb\",\"itemListElement\":[{\"@type\":\"ListItem\",\"position\":1,\"name\":\"Accueil\",\"item\":\"https:\/\/www.africa-press.net\/cameroun\/\"},{\"@type\":\"ListItem\",\"position\":2,\"name\":\"Le MRC De\u0301nonce 17 Cas D\u2019Atteintes aux Droits Humains du Fait de Boko Haram dans L\u2019Extre\u0302Me-Nord en 2023\"}]},{\"@type\":\"WebSite\",\"@id\":\"https:\/\/www.africa-press.net\/cameroun\/#website\",\"url\":\"https:\/\/www.africa-press.net\/cameroun\/\",\"name\":\"Cameroun\",\"description\":\"Just another Africa News Agency Sites site\",\"potentialAction\":[{\"@type\":\"SearchAction\",\"target\":{\"@type\":\"EntryPoint\",\"urlTemplate\":\"https:\/\/www.africa-press.net\/cameroun\/?s={search_term_string}\"},\"query-input\":{\"@type\":\"PropertyValueSpecification\",\"valueRequired\":true,\"valueName\":\"search_term_string\"}}],\"inLanguage\":\"fr-FR\"},{\"@type\":\"Person\",\"@id\":\"https:\/\/www.africa-press.net\/cameroun\/#\/schema\/person\/2b1cf3cd81a31e3cd26889ca66d677f1\",\"name\":\"cfeditorfr\"}]}<\/script>\n<!-- \/ Yoast SEO Premium plugin. -->","yoast_head_json":{"title":"Le MRC De\u0301nonce 17 Cas D\u2019Atteintes aux Droits Humains du Fait de Boko Haram dans L\u2019Extre\u0302Me-Nord en 2023 - Cameroun","description":"Le Mouvement pour la renaissance du Cameroun dans son quatrie\u0300me rapport rele\u0300ve les cas de violation des droits de l ...","robots":{"index":"index","follow":"follow","max-snippet":"max-snippet:-1","max-image-preview":"max-image-preview:large","max-video-preview":"max-video-preview:-1"},"canonical":"https:\/\/www.africa-press.net\/cameroun\/politique\/le-mrc-denonce-17-cas-datteintes-aux-droits-humains-du-fait-de-boko-haram-dans-lextreme-nord-en-2023","og_locale":"fr_FR","og_type":"article","og_title":"Le MRC De\u0301nonce 17 Cas D\u2019Atteintes aux Droits Humains du Fait de Boko Haram dans L\u2019Extre\u0302Me-Nord en 2023","og_description":"Le Mouvement pour la renaissance du Cameroun dans son quatrie\u0300me rapport rele\u0300ve les cas de violation des droits de l ...","og_url":"https:\/\/www.africa-press.net\/cameroun\/politique\/le-mrc-denonce-17-cas-datteintes-aux-droits-humains-du-fait-de-boko-haram-dans-lextreme-nord-en-2023","og_site_name":"Cameroun","article_published_time":"2024-02-23T12:15:06+00:00","article_modified_time":"2024-02-23T12:38:44+00:00","og_image":[{"width":780,"height":440,"url":"https:\/\/static.africa-press.net\/cameroun\/sites\/57\/2024\/02\/sm_1708679231.807318.jpg","type":"image\/jpeg"}],"author":"cfeditorfr","twitter_card":"summary_large_image","twitter_misc":{"\u00c9crit par":"cfeditorfr","Dur\u00e9e de lecture estim\u00e9e":"1 minute"},"schema":{"@context":"https:\/\/schema.org","@graph":[{"@type":"Article","@id":"https:\/\/www.africa-press.net\/cameroun\/politique\/le-mrc-denonce-17-cas-datteintes-aux-droits-humains-du-fait-de-boko-haram-dans-lextreme-nord-en-2023#article","isPartOf":{"@id":"https:\/\/www.africa-press.net\/cameroun\/politique\/le-mrc-denonce-17-cas-datteintes-aux-droits-humains-du-fait-de-boko-haram-dans-lextreme-nord-en-2023"},"author":{"name":"cfeditorfr","@id":"https:\/\/www.africa-press.net\/cameroun\/#\/schema\/person\/2b1cf3cd81a31e3cd26889ca66d677f1"},"headline":"Le MRC De\u0301nonce 17 Cas D\u2019Atteintes aux Droits Humains du Fait de Boko Haram dans L\u2019Extre\u0302Me-Nord en 2023","datePublished":"2024-02-23T12:15:06+00:00","dateModified":"2024-02-23T12:38:44+00:00","mainEntityOfPage":{"@id":"https:\/\/www.africa-press.net\/cameroun\/politique\/le-mrc-denonce-17-cas-datteintes-aux-droits-humains-du-fait-de-boko-haram-dans-lextreme-nord-en-2023"},"wordCount":321,"commentCount":0,"image":{"@id":"https:\/\/www.africa-press.net\/cameroun\/politique\/le-mrc-denonce-17-cas-datteintes-aux-droits-humains-du-fait-de-boko-haram-dans-lextreme-nord-en-2023#primaryimage"},"thumbnailUrl":"https:\/\/static.africa-press.net\/cameroun\/sites\/57\/2024\/02\/sm_1708679231.807318.jpg","keywords":["Africa Press","Africa Press-Cameroun","Cameroun"],"articleSection":["Politique","Toutes les actualit\u00e9s"],"inLanguage":"fr-FR","potentialAction":[{"@type":"CommentAction","name":"Comment","target":["https:\/\/www.africa-press.net\/cameroun\/politique\/le-mrc-denonce-17-cas-datteintes-aux-droits-humains-du-fait-de-boko-haram-dans-lextreme-nord-en-2023#respond"]}]},{"@type":"WebPage","@id":"https:\/\/www.africa-press.net\/cameroun\/politique\/le-mrc-denonce-17-cas-datteintes-aux-droits-humains-du-fait-de-boko-haram-dans-lextreme-nord-en-2023","url":"https:\/\/www.africa-press.net\/cameroun\/politique\/le-mrc-denonce-17-cas-datteintes-aux-droits-humains-du-fait-de-boko-haram-dans-lextreme-nord-en-2023","name":"Le MRC De\u0301nonce 17 Cas D\u2019Atteintes aux Droits Humains du Fait de Boko Haram dans L\u2019Extre\u0302Me-Nord en 2023 - Cameroun","isPartOf":{"@id":"https:\/\/www.africa-press.net\/cameroun\/#website"},"primaryImageOfPage":{"@id":"https:\/\/www.africa-press.net\/cameroun\/politique\/le-mrc-denonce-17-cas-datteintes-aux-droits-humains-du-fait-de-boko-haram-dans-lextreme-nord-en-2023#primaryimage"},"image":{"@id":"https:\/\/www.africa-press.net\/cameroun\/politique\/le-mrc-denonce-17-cas-datteintes-aux-droits-humains-du-fait-de-boko-haram-dans-lextreme-nord-en-2023#primaryimage"},"thumbnailUrl":"https:\/\/static.africa-press.net\/cameroun\/sites\/57\/2024\/02\/sm_1708679231.807318.jpg","datePublished":"2024-02-23T12:15:06+00:00","dateModified":"2024-02-23T12:38:44+00:00","author":{"@id":"https:\/\/www.africa-press.net\/cameroun\/#\/schema\/person\/2b1cf3cd81a31e3cd26889ca66d677f1"},"description":"Le Mouvement pour la renaissance du Cameroun dans son quatrie\u0300me rapport rele\u0300ve les cas de violation des droits de l ...","breadcrumb":{"@id":"https:\/\/www.africa-press.net\/cameroun\/politique\/le-mrc-denonce-17-cas-datteintes-aux-droits-humains-du-fait-de-boko-haram-dans-lextreme-nord-en-2023#breadcrumb"},"inLanguage":"fr-FR","potentialAction":[{"@type":"ReadAction","target":["https:\/\/www.africa-press.net\/cameroun\/politique\/le-mrc-denonce-17-cas-datteintes-aux-droits-humains-du-fait-de-boko-haram-dans-lextreme-nord-en-2023"]}]},{"@type":"ImageObject","inLanguage":"fr-FR","@id":"https:\/\/www.africa-press.net\/cameroun\/politique\/le-mrc-denonce-17-cas-datteintes-aux-droits-humains-du-fait-de-boko-haram-dans-lextreme-nord-en-2023#primaryimage","url":"https:\/\/static.africa-press.net\/cameroun\/sites\/57\/2024\/02\/sm_1708679231.807318.jpg","contentUrl":"https:\/\/static.africa-press.net\/cameroun\/sites\/57\/2024\/02\/sm_1708679231.807318.jpg","width":780,"height":440,"caption":"Le MRC De\u0301nonce 17 Cas D\u2019Atteintes aux Droits Humains du Fait de Boko Haram dans L\u2019Extre\u0302Me-Nord en 2023"},{"@type":"BreadcrumbList","@id":"https:\/\/www.africa-press.net\/cameroun\/politique\/le-mrc-denonce-17-cas-datteintes-aux-droits-humains-du-fait-de-boko-haram-dans-lextreme-nord-en-2023#breadcrumb","itemListElement":[{"@type":"ListItem","position":1,"name":"Accueil","item":"https:\/\/www.africa-press.net\/cameroun\/"},{"@type":"ListItem","position":2,"name":"Le MRC De\u0301nonce 17 Cas D\u2019Atteintes aux Droits Humains du Fait de Boko Haram dans L\u2019Extre\u0302Me-Nord en 2023"}]},{"@type":"WebSite","@id":"https:\/\/www.africa-press.net\/cameroun\/#website","url":"https:\/\/www.africa-press.net\/cameroun\/","name":"Cameroun","description":"Just another Africa News Agency Sites site","potentialAction":[{"@type":"SearchAction","target":{"@type":"EntryPoint","urlTemplate":"https:\/\/www.africa-press.net\/cameroun\/?s={search_term_string}"},"query-input":{"@type":"PropertyValueSpecification","valueRequired":true,"valueName":"search_term_string"}}],"inLanguage":"fr-FR"},{"@type":"Person","@id":"https:\/\/www.africa-press.net\/cameroun\/#\/schema\/person\/2b1cf3cd81a31e3cd26889ca66d677f1","name":"cfeditorfr"}]}},"_links":{"self":[{"href":"https:\/\/www.africa-press.net\/cameroun\/wp-json\/wp\/v2\/posts\/61568","targetHints":{"allow":["GET"]}}],"collection":[{"href":"https:\/\/www.africa-press.net\/cameroun\/wp-json\/wp\/v2\/posts"}],"about":[{"href":"https:\/\/www.africa-press.net\/cameroun\/wp-json\/wp\/v2\/types\/post"}],"author":[{"embeddable":true,"href":"https:\/\/www.africa-press.net\/cameroun\/wp-json\/wp\/v2\/users\/82"}],"replies":[{"embeddable":true,"href":"https:\/\/www.africa-press.net\/cameroun\/wp-json\/wp\/v2\/comments?post=61568"}],"version-history":[{"count":0,"href":"https:\/\/www.africa-press.net\/cameroun\/wp-json\/wp\/v2\/posts\/61568\/revisions"}],"wp:featuredmedia":[{"embeddable":true,"href":"https:\/\/www.africa-press.net\/cameroun\/wp-json\/wp\/v2\/media\/61567"}],"wp:attachment":[{"href":"https:\/\/www.africa-press.net\/cameroun\/wp-json\/wp\/v2\/media?parent=61568"}],"wp:term":[{"taxonomy":"category","embeddable":true,"href":"https:\/\/www.africa-press.net\/cameroun\/wp-json\/wp\/v2\/categories?post=61568"},{"taxonomy":"post_tag","embeddable":true,"href":"https:\/\/www.africa-press.net\/cameroun\/wp-json\/wp\/v2\/tags?post=61568"}],"curies":[{"name":"wp","href":"https:\/\/api.w.org\/{rel}","templated":true}]}}