{"id":61571,"date":"2024-02-23T12:15:18","date_gmt":"2024-02-23T12:15:18","guid":{"rendered":"https:\/\/www.africa-press.net\/cameroun\/politique\/des-dizaines-de-boutiques-ravagees-par-des-flammes-au-marche-principal-de-bamenda"},"modified":"2024-02-23T12:39:28","modified_gmt":"2024-02-23T12:39:28","slug":"des-dizaines-de-boutiques-ravagees-par-des-flammes-au-marche-principal-de-bamenda","status":"publish","type":"post","link":"https:\/\/www.africa-press.net\/cameroun\/toutes-les-actualites\/des-dizaines-de-boutiques-ravagees-par-des-flammes-au-marche-principal-de-bamenda","title":{"rendered":"Des dizaines de boutiques ravag\u00e9es par des flammes au march\u00e9 principal de Bamenda"},"content":{"rendered":"<p><span style=\"color: #ff6600\"><strong>Africa-Press &#8211; Cameroun. <\/strong><\/span>L\u2019incendie ses de\u0301clare\u0301 en fin d\u2019apre\u0300s-midi, et malgre\u0301 l\u2019intervention des secours, plusieurs dizaines de commerces ont bru\u0302le\u0301.<\/p>\n<p>Pour la deuxie\u0300me fois cette anne\u0301e, le marche\u0301 principal de Bamenda, capitale re\u0301gionale du Nord-Ouest subit la furie des flammes. Un incendie s\u2019est de\u0301clare\u0301 ce jeudi 22 fe\u0301vrier aux environs de 17 heures dans ce centre commercial. Plusieurs boutiques situe\u0301es dans la zone d\u2019impact, ont e\u0301te\u0301 ravage\u0301es. Des te\u0301moignages concordants font e\u0301tat d\u2019une quarantaine de commerces partis en fume\u0301e.<\/p>\n<p>De sources me\u0301diatiques locales, un individu a perdu la vie alors que l\u2019incendie consumait les boutiques. Le jeune homme aurait tente\u0301 de voler des objets apre\u0300s le passage des flammes. Surpris par la foule de spectateurs, il aurait e\u0301te\u0301 battu a\u0300 mort sur place.<\/p>\n<p>L\u2019origine des flammes n\u2019est pas encore de\u0301termine\u0301e. L\u2019on soupc\u0327onne un cours circuit ou encore la main criminelle des se\u0301paratistes. Les sapeurs pompiers s\u2019activent encore a\u0300 mai\u0302triser l\u2019incident et stopper la progression des flammes. Le bilan officiel reste attendu.<\/p>\n<p><strong>Pour plus d&rsquo;informations et d&rsquo;analyses sur la <a href=\"https:\/\/www.africa-press.net\/cameroun\">Cameroun<\/a>, suivez <a href=\"https:\/\/www.africa-press.net\/\">Africa-Press<\/a><\/strong><\/p>\n","protected":false},"excerpt":{"rendered":"<p>Africa-Press &#8211; Cameroun. L\u2019incendie ses de\u0301clare\u0301 en fin d\u2019apre\u0300s-midi, et malgre\u0301 l\u2019intervention des secours, plusieurs dizaines de commerces ont bru\u0302le\u0301. Pour la deuxie\u0300me fois cette anne\u0301e, le marche\u0301 principal de Bamenda, capitale re\u0301gionale du Nord-Ouest subit la furie des flammes. Un incendie s\u2019est de\u0301clare\u0301 ce jeudi 22 fe\u0301vrier aux environs de 17 heures dans ce [&hellip;]<\/p>\n","protected":false},"author":82,"featured_media":61570,"comment_status":"open","ping_status":"closed","sticky":false,"template":"","format":"standard","meta":{"footnotes":""},"categories":[21,10],"tags":[36,50,49],"class_list":["post-61571","post","type-post","status-publish","format-standard","has-post-thumbnail","hentry","category-communaute","category-toutes-les-actualites","tag-africa-press","tag-africa-press-cameroun","tag-cameroun"],"yoast_head":"<!-- This site is optimized with the Yoast SEO Premium plugin v26.1 (Yoast SEO v27.0) - https:\/\/yoast.com\/product\/yoast-seo-premium-wordpress\/ -->\n<title>Des dizaines de boutiques ravag\u00e9es par des flammes au march\u00e9 principal de Bamenda - Cameroun<\/title>\n<meta name=\"description\" content=\"L\u2019incendie ses de\u0301clare\u0301 en fin d\u2019apre\u0300s-midi, et malgre\u0301 l\u2019intervention des secours, plusieurs dizaines de commerces on ...\" \/>\n<meta name=\"robots\" content=\"index, follow, max-snippet:-1, max-image-preview:large, max-video-preview:-1\" \/>\n<link rel=\"canonical\" href=\"https:\/\/www.africa-press.net\/cameroun\/toutes-les-actualites\/des-dizaines-de-boutiques-ravagees-par-des-flammes-au-marche-principal-de-bamenda\" \/>\n<meta property=\"og:locale\" content=\"fr_FR\" \/>\n<meta property=\"og:type\" content=\"article\" \/>\n<meta property=\"og:title\" content=\"Des dizaines de boutiques ravag\u00e9es par des flammes au march\u00e9 principal de Bamenda\" \/>\n<meta property=\"og:description\" content=\"L\u2019incendie ses de\u0301clare\u0301 en fin d\u2019apre\u0300s-midi, et malgre\u0301 l\u2019intervention des secours, plusieurs dizaines de commerces on ...\" \/>\n<meta property=\"og:url\" content=\"https:\/\/www.africa-press.net\/cameroun\/toutes-les-actualites\/des-dizaines-de-boutiques-ravagees-par-des-flammes-au-marche-principal-de-bamenda\" \/>\n<meta property=\"og:site_name\" content=\"Cameroun\" \/>\n<meta property=\"article:published_time\" content=\"2024-02-23T12:15:18+00:00\" \/>\n<meta property=\"article:modified_time\" content=\"2024-02-23T12:39:28+00:00\" \/>\n<meta property=\"og:image\" content=\"https:\/\/static.africa-press.net\/cameroun\/sites\/57\/2024\/02\/sm_1708679263.021147.jpg\" \/>\n\t<meta property=\"og:image:width\" content=\"780\" \/>\n\t<meta property=\"og:image:height\" content=\"440\" \/>\n\t<meta property=\"og:image:type\" content=\"image\/jpeg\" \/>\n<meta name=\"author\" content=\"cfeditorfr\" \/>\n<meta name=\"twitter:card\" content=\"summary_large_image\" \/>\n<meta name=\"twitter:label1\" content=\"\u00c9crit par\" \/>\n\t<meta name=\"twitter:data1\" content=\"cfeditorfr\" \/>\n\t<meta name=\"twitter:label2\" content=\"Dur\u00e9e de lecture estim\u00e9e\" \/>\n\t<meta name=\"twitter:data2\" content=\"1 minute\" \/>\n<script type=\"application\/ld+json\" class=\"yoast-schema-graph\">{\"@context\":\"https:\/\/schema.org\",\"@graph\":[{\"@type\":\"Article\",\"@id\":\"https:\/\/www.africa-press.net\/cameroun\/toutes-les-actualites\/des-dizaines-de-boutiques-ravagees-par-des-flammes-au-marche-principal-de-bamenda#article\",\"isPartOf\":{\"@id\":\"https:\/\/www.africa-press.net\/cameroun\/toutes-les-actualites\/des-dizaines-de-boutiques-ravagees-par-des-flammes-au-marche-principal-de-bamenda\"},\"author\":{\"name\":\"cfeditorfr\",\"@id\":\"https:\/\/www.africa-press.net\/cameroun\/#\/schema\/person\/2b1cf3cd81a31e3cd26889ca66d677f1\"},\"headline\":\"Des dizaines de boutiques ravag\u00e9es par des flammes au march\u00e9 principal de Bamenda\",\"datePublished\":\"2024-02-23T12:15:18+00:00\",\"dateModified\":\"2024-02-23T12:39:28+00:00\",\"mainEntityOfPage\":{\"@id\":\"https:\/\/www.africa-press.net\/cameroun\/toutes-les-actualites\/des-dizaines-de-boutiques-ravagees-par-des-flammes-au-marche-principal-de-bamenda\"},\"wordCount\":219,\"commentCount\":0,\"image\":{\"@id\":\"https:\/\/www.africa-press.net\/cameroun\/toutes-les-actualites\/des-dizaines-de-boutiques-ravagees-par-des-flammes-au-marche-principal-de-bamenda#primaryimage\"},\"thumbnailUrl\":\"https:\/\/static.africa-press.net\/cameroun\/sites\/57\/2024\/02\/sm_1708679263.021147.jpg\",\"keywords\":[\"Africa Press\",\"Africa Press-Cameroun\",\"Cameroun\"],\"articleSection\":[\"Communaut\u00e9\",\"Toutes les actualit\u00e9s\"],\"inLanguage\":\"fr-FR\",\"potentialAction\":[{\"@type\":\"CommentAction\",\"name\":\"Comment\",\"target\":[\"https:\/\/www.africa-press.net\/cameroun\/toutes-les-actualites\/des-dizaines-de-boutiques-ravagees-par-des-flammes-au-marche-principal-de-bamenda#respond\"]}]},{\"@type\":\"WebPage\",\"@id\":\"https:\/\/www.africa-press.net\/cameroun\/toutes-les-actualites\/des-dizaines-de-boutiques-ravagees-par-des-flammes-au-marche-principal-de-bamenda\",\"url\":\"https:\/\/www.africa-press.net\/cameroun\/toutes-les-actualites\/des-dizaines-de-boutiques-ravagees-par-des-flammes-au-marche-principal-de-bamenda\",\"name\":\"Des dizaines de boutiques ravag\u00e9es par des flammes au march\u00e9 principal de Bamenda - Cameroun\",\"isPartOf\":{\"@id\":\"https:\/\/www.africa-press.net\/cameroun\/#website\"},\"primaryImageOfPage\":{\"@id\":\"https:\/\/www.africa-press.net\/cameroun\/toutes-les-actualites\/des-dizaines-de-boutiques-ravagees-par-des-flammes-au-marche-principal-de-bamenda#primaryimage\"},\"image\":{\"@id\":\"https:\/\/www.africa-press.net\/cameroun\/toutes-les-actualites\/des-dizaines-de-boutiques-ravagees-par-des-flammes-au-marche-principal-de-bamenda#primaryimage\"},\"thumbnailUrl\":\"https:\/\/static.africa-press.net\/cameroun\/sites\/57\/2024\/02\/sm_1708679263.021147.jpg\",\"datePublished\":\"2024-02-23T12:15:18+00:00\",\"dateModified\":\"2024-02-23T12:39:28+00:00\",\"author\":{\"@id\":\"https:\/\/www.africa-press.net\/cameroun\/#\/schema\/person\/2b1cf3cd81a31e3cd26889ca66d677f1\"},\"description\":\"L\u2019incendie ses de\u0301clare\u0301 en fin d\u2019apre\u0300s-midi, et malgre\u0301 l\u2019intervention des secours, plusieurs dizaines de commerces on ...\",\"breadcrumb\":{\"@id\":\"https:\/\/www.africa-press.net\/cameroun\/toutes-les-actualites\/des-dizaines-de-boutiques-ravagees-par-des-flammes-au-marche-principal-de-bamenda#breadcrumb\"},\"inLanguage\":\"fr-FR\",\"potentialAction\":[{\"@type\":\"ReadAction\",\"target\":[\"https:\/\/www.africa-press.net\/cameroun\/toutes-les-actualites\/des-dizaines-de-boutiques-ravagees-par-des-flammes-au-marche-principal-de-bamenda\"]}]},{\"@type\":\"ImageObject\",\"inLanguage\":\"fr-FR\",\"@id\":\"https:\/\/www.africa-press.net\/cameroun\/toutes-les-actualites\/des-dizaines-de-boutiques-ravagees-par-des-flammes-au-marche-principal-de-bamenda#primaryimage\",\"url\":\"https:\/\/static.africa-press.net\/cameroun\/sites\/57\/2024\/02\/sm_1708679263.021147.jpg\",\"contentUrl\":\"https:\/\/static.africa-press.net\/cameroun\/sites\/57\/2024\/02\/sm_1708679263.021147.jpg\",\"width\":780,\"height\":440,\"caption\":\"Des dizaines de boutiques ravag\u00e9es par des flammes au march\u00e9 principal de Bamenda\"},{\"@type\":\"BreadcrumbList\",\"@id\":\"https:\/\/www.africa-press.net\/cameroun\/toutes-les-actualites\/des-dizaines-de-boutiques-ravagees-par-des-flammes-au-marche-principal-de-bamenda#breadcrumb\",\"itemListElement\":[{\"@type\":\"ListItem\",\"position\":1,\"name\":\"Accueil\",\"item\":\"https:\/\/www.africa-press.net\/cameroun\/\"},{\"@type\":\"ListItem\",\"position\":2,\"name\":\"Des dizaines de boutiques ravag\u00e9es par des flammes au march\u00e9 principal de Bamenda\"}]},{\"@type\":\"WebSite\",\"@id\":\"https:\/\/www.africa-press.net\/cameroun\/#website\",\"url\":\"https:\/\/www.africa-press.net\/cameroun\/\",\"name\":\"Cameroun\",\"description\":\"Just another Africa News Agency Sites site\",\"potentialAction\":[{\"@type\":\"SearchAction\",\"target\":{\"@type\":\"EntryPoint\",\"urlTemplate\":\"https:\/\/www.africa-press.net\/cameroun\/?s={search_term_string}\"},\"query-input\":{\"@type\":\"PropertyValueSpecification\",\"valueRequired\":true,\"valueName\":\"search_term_string\"}}],\"inLanguage\":\"fr-FR\"},{\"@type\":\"Person\",\"@id\":\"https:\/\/www.africa-press.net\/cameroun\/#\/schema\/person\/2b1cf3cd81a31e3cd26889ca66d677f1\",\"name\":\"cfeditorfr\"}]}<\/script>\n<!-- \/ Yoast SEO Premium plugin. -->","yoast_head_json":{"title":"Des dizaines de boutiques ravag\u00e9es par des flammes au march\u00e9 principal de Bamenda - Cameroun","description":"L\u2019incendie ses de\u0301clare\u0301 en fin d\u2019apre\u0300s-midi, et malgre\u0301 l\u2019intervention des secours, plusieurs dizaines de commerces on ...","robots":{"index":"index","follow":"follow","max-snippet":"max-snippet:-1","max-image-preview":"max-image-preview:large","max-video-preview":"max-video-preview:-1"},"canonical":"https:\/\/www.africa-press.net\/cameroun\/toutes-les-actualites\/des-dizaines-de-boutiques-ravagees-par-des-flammes-au-marche-principal-de-bamenda","og_locale":"fr_FR","og_type":"article","og_title":"Des dizaines de boutiques ravag\u00e9es par des flammes au march\u00e9 principal de Bamenda","og_description":"L\u2019incendie ses de\u0301clare\u0301 en fin d\u2019apre\u0300s-midi, et malgre\u0301 l\u2019intervention des secours, plusieurs dizaines de commerces on ...","og_url":"https:\/\/www.africa-press.net\/cameroun\/toutes-les-actualites\/des-dizaines-de-boutiques-ravagees-par-des-flammes-au-marche-principal-de-bamenda","og_site_name":"Cameroun","article_published_time":"2024-02-23T12:15:18+00:00","article_modified_time":"2024-02-23T12:39:28+00:00","og_image":[{"width":780,"height":440,"url":"https:\/\/static.africa-press.net\/cameroun\/sites\/57\/2024\/02\/sm_1708679263.021147.jpg","type":"image\/jpeg"}],"author":"cfeditorfr","twitter_card":"summary_large_image","twitter_misc":{"\u00c9crit par":"cfeditorfr","Dur\u00e9e de lecture estim\u00e9e":"1 minute"},"schema":{"@context":"https:\/\/schema.org","@graph":[{"@type":"Article","@id":"https:\/\/www.africa-press.net\/cameroun\/toutes-les-actualites\/des-dizaines-de-boutiques-ravagees-par-des-flammes-au-marche-principal-de-bamenda#article","isPartOf":{"@id":"https:\/\/www.africa-press.net\/cameroun\/toutes-les-actualites\/des-dizaines-de-boutiques-ravagees-par-des-flammes-au-marche-principal-de-bamenda"},"author":{"name":"cfeditorfr","@id":"https:\/\/www.africa-press.net\/cameroun\/#\/schema\/person\/2b1cf3cd81a31e3cd26889ca66d677f1"},"headline":"Des dizaines de boutiques ravag\u00e9es par des flammes au march\u00e9 principal de Bamenda","datePublished":"2024-02-23T12:15:18+00:00","dateModified":"2024-02-23T12:39:28+00:00","mainEntityOfPage":{"@id":"https:\/\/www.africa-press.net\/cameroun\/toutes-les-actualites\/des-dizaines-de-boutiques-ravagees-par-des-flammes-au-marche-principal-de-bamenda"},"wordCount":219,"commentCount":0,"image":{"@id":"https:\/\/www.africa-press.net\/cameroun\/toutes-les-actualites\/des-dizaines-de-boutiques-ravagees-par-des-flammes-au-marche-principal-de-bamenda#primaryimage"},"thumbnailUrl":"https:\/\/static.africa-press.net\/cameroun\/sites\/57\/2024\/02\/sm_1708679263.021147.jpg","keywords":["Africa Press","Africa Press-Cameroun","Cameroun"],"articleSection":["Communaut\u00e9","Toutes les actualit\u00e9s"],"inLanguage":"fr-FR","potentialAction":[{"@type":"CommentAction","name":"Comment","target":["https:\/\/www.africa-press.net\/cameroun\/toutes-les-actualites\/des-dizaines-de-boutiques-ravagees-par-des-flammes-au-marche-principal-de-bamenda#respond"]}]},{"@type":"WebPage","@id":"https:\/\/www.africa-press.net\/cameroun\/toutes-les-actualites\/des-dizaines-de-boutiques-ravagees-par-des-flammes-au-marche-principal-de-bamenda","url":"https:\/\/www.africa-press.net\/cameroun\/toutes-les-actualites\/des-dizaines-de-boutiques-ravagees-par-des-flammes-au-marche-principal-de-bamenda","name":"Des dizaines de boutiques ravag\u00e9es par des flammes au march\u00e9 principal de Bamenda - Cameroun","isPartOf":{"@id":"https:\/\/www.africa-press.net\/cameroun\/#website"},"primaryImageOfPage":{"@id":"https:\/\/www.africa-press.net\/cameroun\/toutes-les-actualites\/des-dizaines-de-boutiques-ravagees-par-des-flammes-au-marche-principal-de-bamenda#primaryimage"},"image":{"@id":"https:\/\/www.africa-press.net\/cameroun\/toutes-les-actualites\/des-dizaines-de-boutiques-ravagees-par-des-flammes-au-marche-principal-de-bamenda#primaryimage"},"thumbnailUrl":"https:\/\/static.africa-press.net\/cameroun\/sites\/57\/2024\/02\/sm_1708679263.021147.jpg","datePublished":"2024-02-23T12:15:18+00:00","dateModified":"2024-02-23T12:39:28+00:00","author":{"@id":"https:\/\/www.africa-press.net\/cameroun\/#\/schema\/person\/2b1cf3cd81a31e3cd26889ca66d677f1"},"description":"L\u2019incendie ses de\u0301clare\u0301 en fin d\u2019apre\u0300s-midi, et malgre\u0301 l\u2019intervention des secours, plusieurs dizaines de commerces on ...","breadcrumb":{"@id":"https:\/\/www.africa-press.net\/cameroun\/toutes-les-actualites\/des-dizaines-de-boutiques-ravagees-par-des-flammes-au-marche-principal-de-bamenda#breadcrumb"},"inLanguage":"fr-FR","potentialAction":[{"@type":"ReadAction","target":["https:\/\/www.africa-press.net\/cameroun\/toutes-les-actualites\/des-dizaines-de-boutiques-ravagees-par-des-flammes-au-marche-principal-de-bamenda"]}]},{"@type":"ImageObject","inLanguage":"fr-FR","@id":"https:\/\/www.africa-press.net\/cameroun\/toutes-les-actualites\/des-dizaines-de-boutiques-ravagees-par-des-flammes-au-marche-principal-de-bamenda#primaryimage","url":"https:\/\/static.africa-press.net\/cameroun\/sites\/57\/2024\/02\/sm_1708679263.021147.jpg","contentUrl":"https:\/\/static.africa-press.net\/cameroun\/sites\/57\/2024\/02\/sm_1708679263.021147.jpg","width":780,"height":440,"caption":"Des dizaines de boutiques ravag\u00e9es par des flammes au march\u00e9 principal de Bamenda"},{"@type":"BreadcrumbList","@id":"https:\/\/www.africa-press.net\/cameroun\/toutes-les-actualites\/des-dizaines-de-boutiques-ravagees-par-des-flammes-au-marche-principal-de-bamenda#breadcrumb","itemListElement":[{"@type":"ListItem","position":1,"name":"Accueil","item":"https:\/\/www.africa-press.net\/cameroun\/"},{"@type":"ListItem","position":2,"name":"Des dizaines de boutiques ravag\u00e9es par des flammes au march\u00e9 principal de Bamenda"}]},{"@type":"WebSite","@id":"https:\/\/www.africa-press.net\/cameroun\/#website","url":"https:\/\/www.africa-press.net\/cameroun\/","name":"Cameroun","description":"Just another Africa News Agency Sites site","potentialAction":[{"@type":"SearchAction","target":{"@type":"EntryPoint","urlTemplate":"https:\/\/www.africa-press.net\/cameroun\/?s={search_term_string}"},"query-input":{"@type":"PropertyValueSpecification","valueRequired":true,"valueName":"search_term_string"}}],"inLanguage":"fr-FR"},{"@type":"Person","@id":"https:\/\/www.africa-press.net\/cameroun\/#\/schema\/person\/2b1cf3cd81a31e3cd26889ca66d677f1","name":"cfeditorfr"}]}},"_links":{"self":[{"href":"https:\/\/www.africa-press.net\/cameroun\/wp-json\/wp\/v2\/posts\/61571","targetHints":{"allow":["GET"]}}],"collection":[{"href":"https:\/\/www.africa-press.net\/cameroun\/wp-json\/wp\/v2\/posts"}],"about":[{"href":"https:\/\/www.africa-press.net\/cameroun\/wp-json\/wp\/v2\/types\/post"}],"author":[{"embeddable":true,"href":"https:\/\/www.africa-press.net\/cameroun\/wp-json\/wp\/v2\/users\/82"}],"replies":[{"embeddable":true,"href":"https:\/\/www.africa-press.net\/cameroun\/wp-json\/wp\/v2\/comments?post=61571"}],"version-history":[{"count":0,"href":"https:\/\/www.africa-press.net\/cameroun\/wp-json\/wp\/v2\/posts\/61571\/revisions"}],"wp:featuredmedia":[{"embeddable":true,"href":"https:\/\/www.africa-press.net\/cameroun\/wp-json\/wp\/v2\/media\/61570"}],"wp:attachment":[{"href":"https:\/\/www.africa-press.net\/cameroun\/wp-json\/wp\/v2\/media?parent=61571"}],"wp:term":[{"taxonomy":"category","embeddable":true,"href":"https:\/\/www.africa-press.net\/cameroun\/wp-json\/wp\/v2\/categories?post=61571"},{"taxonomy":"post_tag","embeddable":true,"href":"https:\/\/www.africa-press.net\/cameroun\/wp-json\/wp\/v2\/tags?post=61571"}],"curies":[{"name":"wp","href":"https:\/\/api.w.org\/{rel}","templated":true}]}}