{"id":61574,"date":"2024-02-23T12:15:29","date_gmt":"2024-02-23T12:15:29","guid":{"rendered":"https:\/\/www.africa-press.net\/cameroun\/politique\/la-direction-de-la-meteo-explique-lorigine-de-la-chaleur-qui-monte-au-cameroun"},"modified":"2024-02-23T12:40:39","modified_gmt":"2024-02-23T12:40:39","slug":"la-direction-de-la-meteo-explique-lorigine-de-la-chaleur-qui-monte-au-cameroun","status":"publish","type":"post","link":"https:\/\/www.africa-press.net\/cameroun\/toutes-les-actualites\/la-direction-de-la-meteo-explique-lorigine-de-la-chaleur-qui-monte-au-cameroun","title":{"rendered":"La direction de la m\u00e9t\u00e9o explique l\u2019origine de la chaleur qui monte au Cameroun"},"content":{"rendered":"<p><span style=\"color: #ff6600\"><strong>Africa-Press &#8211; Cameroun. <\/strong><\/span><b>Le temps qui pre\u0301vaut depuis des semaines dans presque toutes les re\u0301gions du grand sud est la re\u0301sultante du re\u0301chauffement anormal de la surface de la mer.<\/b><\/p>\n<p>La monte\u0301e de la chaleur, les pluies sporadiques, la canicule observe\u0301es au pays en ce moment, ont une explication. Selon la direction de la me\u0301te\u0301orologie du ministe\u0300re des Transports, le re\u0301chauffement anormal de la surface de la mer du Golfe de Guine\u0301e est a\u0300 l\u2019origine des caprices de la me\u0301te\u0301o observe\u0301s ces dernie\u0300res semaines. Ce re\u0301chauffement \u00ab entraine une forte e\u0301vaporation au-dessus de l\u2019Oce\u0301an Atlantique. L\u2019eau e\u0301vapore\u0301e est transporte\u0301e vers l\u2019inte\u0301rieur du continent par des vents terrestres dominants avec l\u2019humidite\u0301 relative de 80% en plus \u00bb. Cela entraine des pluies sporadiques dans les re\u0301gions du Littoral, de l\u2019Est, du Sud, du Centre, du Sud-Ouest.<\/p>\n<p>La monte\u0301e de la chaleur trouve aussi une explication dans un document de la direction nationale de la me\u0301te\u0301orologie. Elle vient de l\u2019atmosphe\u0300re humide due aux vents dominants du Sud-Ouest charge\u0301 d\u2019humidite\u0301. Cette humidite\u0301 \u00ab absorbe plus de rayonnement solaire, ainsi que plus de chaleur dans la couche infe\u0301rieure de l\u2019atmosphe\u0300re avec des tempe\u0301ratures d\u2019environ 35\u00b0C a\u0300 la co\u0302te et 33\u00b0C dans les re\u0301gions du Centre et du Sud.<\/p>\n<p>L\u2019institution annonce l\u2019extension des pluies jusqu\u2019aux Hauts Plateaux de l\u2019Ouest et l\u2019aggravation de la chaleur dans les prochaines semaines. A cet effet, elle recommande de se prote\u0301ger en restant a\u0300 la maison ou dans un endroit frais, de boire de l\u2019eau sans attendre d\u2019avoir soif, de fermer les volets et fene\u0302tres le jour pour les ae\u0301rer la nuit, de mouiller le corps, de manger frais, e\u0301quilibre\u0301, ou encore de pratiquer les activite\u0301s douces sans effort.<\/p>\n<p><strong>Pour plus d&rsquo;informations et d&rsquo;analyses sur la <a href=\"https:\/\/www.africa-press.net\/cameroun\">Cameroun<\/a>, suivez <a href=\"https:\/\/www.africa-press.net\/\">Africa-Press<\/a><\/strong><\/p>\n","protected":false},"excerpt":{"rendered":"<p>Africa-Press &#8211; Cameroun. Le temps qui pre\u0301vaut depuis des semaines dans presque toutes les re\u0301gions du grand sud est la re\u0301sultante du re\u0301chauffement anormal de la surface de la mer. La monte\u0301e de la chaleur, les pluies sporadiques, la canicule observe\u0301es au pays en ce moment, ont une explication. Selon la direction de la me\u0301te\u0301orologie [&hellip;]<\/p>\n","protected":false},"author":82,"featured_media":61573,"comment_status":"open","ping_status":"closed","sticky":false,"template":"","format":"standard","meta":{"footnotes":""},"categories":[21,10],"tags":[36,50,49],"class_list":["post-61574","post","type-post","status-publish","format-standard","has-post-thumbnail","hentry","category-communaute","category-toutes-les-actualites","tag-africa-press","tag-africa-press-cameroun","tag-cameroun"],"yoast_head":"<!-- This site is optimized with the Yoast SEO Premium plugin v26.1 (Yoast SEO v27.0) - https:\/\/yoast.com\/product\/yoast-seo-premium-wordpress\/ -->\n<title>La direction de la m\u00e9t\u00e9o explique l\u2019origine de la chaleur qui monte au Cameroun - Cameroun<\/title>\n<meta name=\"description\" content=\"Le temps qui pre\u0301vaut depuis des semaines dans presque toutes les re\u0301gions du grand sud est la re\u0301sultante du re\u0301chau ...\" \/>\n<meta name=\"robots\" content=\"index, follow, max-snippet:-1, max-image-preview:large, max-video-preview:-1\" \/>\n<link rel=\"canonical\" href=\"https:\/\/www.africa-press.net\/cameroun\/toutes-les-actualites\/la-direction-de-la-meteo-explique-lorigine-de-la-chaleur-qui-monte-au-cameroun\" \/>\n<meta property=\"og:locale\" content=\"fr_FR\" \/>\n<meta property=\"og:type\" content=\"article\" \/>\n<meta property=\"og:title\" content=\"La direction de la m\u00e9t\u00e9o explique l\u2019origine de la chaleur qui monte au Cameroun\" \/>\n<meta property=\"og:description\" content=\"Le temps qui pre\u0301vaut depuis des semaines dans presque toutes les re\u0301gions du grand sud est la re\u0301sultante du re\u0301chau ...\" \/>\n<meta property=\"og:url\" content=\"https:\/\/www.africa-press.net\/cameroun\/toutes-les-actualites\/la-direction-de-la-meteo-explique-lorigine-de-la-chaleur-qui-monte-au-cameroun\" \/>\n<meta property=\"og:site_name\" content=\"Cameroun\" \/>\n<meta property=\"article:published_time\" content=\"2024-02-23T12:15:29+00:00\" \/>\n<meta property=\"article:modified_time\" content=\"2024-02-23T12:40:39+00:00\" \/>\n<meta property=\"og:image\" content=\"https:\/\/static.africa-press.net\/cameroun\/sites\/57\/2024\/02\/sm_1708679298.072262.jpg\" \/>\n\t<meta property=\"og:image:width\" content=\"780\" \/>\n\t<meta property=\"og:image:height\" content=\"440\" \/>\n\t<meta property=\"og:image:type\" content=\"image\/jpeg\" \/>\n<meta name=\"author\" content=\"cfeditorfr\" \/>\n<meta name=\"twitter:card\" content=\"summary_large_image\" \/>\n<meta name=\"twitter:label1\" content=\"\u00c9crit par\" \/>\n\t<meta name=\"twitter:data1\" content=\"cfeditorfr\" \/>\n\t<meta name=\"twitter:label2\" content=\"Dur\u00e9e de lecture estim\u00e9e\" \/>\n\t<meta name=\"twitter:data2\" content=\"2 minutes\" \/>\n<script type=\"application\/ld+json\" class=\"yoast-schema-graph\">{\"@context\":\"https:\/\/schema.org\",\"@graph\":[{\"@type\":\"Article\",\"@id\":\"https:\/\/www.africa-press.net\/cameroun\/toutes-les-actualites\/la-direction-de-la-meteo-explique-lorigine-de-la-chaleur-qui-monte-au-cameroun#article\",\"isPartOf\":{\"@id\":\"https:\/\/www.africa-press.net\/cameroun\/toutes-les-actualites\/la-direction-de-la-meteo-explique-lorigine-de-la-chaleur-qui-monte-au-cameroun\"},\"author\":{\"name\":\"cfeditorfr\",\"@id\":\"https:\/\/www.africa-press.net\/cameroun\/#\/schema\/person\/2b1cf3cd81a31e3cd26889ca66d677f1\"},\"headline\":\"La direction de la m\u00e9t\u00e9o explique l\u2019origine de la chaleur qui monte au Cameroun\",\"datePublished\":\"2024-02-23T12:15:29+00:00\",\"dateModified\":\"2024-02-23T12:40:39+00:00\",\"mainEntityOfPage\":{\"@id\":\"https:\/\/www.africa-press.net\/cameroun\/toutes-les-actualites\/la-direction-de-la-meteo-explique-lorigine-de-la-chaleur-qui-monte-au-cameroun\"},\"wordCount\":357,\"commentCount\":0,\"image\":{\"@id\":\"https:\/\/www.africa-press.net\/cameroun\/toutes-les-actualites\/la-direction-de-la-meteo-explique-lorigine-de-la-chaleur-qui-monte-au-cameroun#primaryimage\"},\"thumbnailUrl\":\"https:\/\/static.africa-press.net\/cameroun\/sites\/57\/2024\/02\/sm_1708679298.072262.jpg\",\"keywords\":[\"Africa Press\",\"Africa Press-Cameroun\",\"Cameroun\"],\"articleSection\":[\"Communaut\u00e9\",\"Toutes les actualit\u00e9s\"],\"inLanguage\":\"fr-FR\",\"potentialAction\":[{\"@type\":\"CommentAction\",\"name\":\"Comment\",\"target\":[\"https:\/\/www.africa-press.net\/cameroun\/toutes-les-actualites\/la-direction-de-la-meteo-explique-lorigine-de-la-chaleur-qui-monte-au-cameroun#respond\"]}]},{\"@type\":\"WebPage\",\"@id\":\"https:\/\/www.africa-press.net\/cameroun\/toutes-les-actualites\/la-direction-de-la-meteo-explique-lorigine-de-la-chaleur-qui-monte-au-cameroun\",\"url\":\"https:\/\/www.africa-press.net\/cameroun\/toutes-les-actualites\/la-direction-de-la-meteo-explique-lorigine-de-la-chaleur-qui-monte-au-cameroun\",\"name\":\"La direction de la m\u00e9t\u00e9o explique l\u2019origine de la chaleur qui monte au Cameroun - Cameroun\",\"isPartOf\":{\"@id\":\"https:\/\/www.africa-press.net\/cameroun\/#website\"},\"primaryImageOfPage\":{\"@id\":\"https:\/\/www.africa-press.net\/cameroun\/toutes-les-actualites\/la-direction-de-la-meteo-explique-lorigine-de-la-chaleur-qui-monte-au-cameroun#primaryimage\"},\"image\":{\"@id\":\"https:\/\/www.africa-press.net\/cameroun\/toutes-les-actualites\/la-direction-de-la-meteo-explique-lorigine-de-la-chaleur-qui-monte-au-cameroun#primaryimage\"},\"thumbnailUrl\":\"https:\/\/static.africa-press.net\/cameroun\/sites\/57\/2024\/02\/sm_1708679298.072262.jpg\",\"datePublished\":\"2024-02-23T12:15:29+00:00\",\"dateModified\":\"2024-02-23T12:40:39+00:00\",\"author\":{\"@id\":\"https:\/\/www.africa-press.net\/cameroun\/#\/schema\/person\/2b1cf3cd81a31e3cd26889ca66d677f1\"},\"description\":\"Le temps qui pre\u0301vaut depuis des semaines dans presque toutes les re\u0301gions du grand sud est la re\u0301sultante du re\u0301chau ...\",\"breadcrumb\":{\"@id\":\"https:\/\/www.africa-press.net\/cameroun\/toutes-les-actualites\/la-direction-de-la-meteo-explique-lorigine-de-la-chaleur-qui-monte-au-cameroun#breadcrumb\"},\"inLanguage\":\"fr-FR\",\"potentialAction\":[{\"@type\":\"ReadAction\",\"target\":[\"https:\/\/www.africa-press.net\/cameroun\/toutes-les-actualites\/la-direction-de-la-meteo-explique-lorigine-de-la-chaleur-qui-monte-au-cameroun\"]}]},{\"@type\":\"ImageObject\",\"inLanguage\":\"fr-FR\",\"@id\":\"https:\/\/www.africa-press.net\/cameroun\/toutes-les-actualites\/la-direction-de-la-meteo-explique-lorigine-de-la-chaleur-qui-monte-au-cameroun#primaryimage\",\"url\":\"https:\/\/static.africa-press.net\/cameroun\/sites\/57\/2024\/02\/sm_1708679298.072262.jpg\",\"contentUrl\":\"https:\/\/static.africa-press.net\/cameroun\/sites\/57\/2024\/02\/sm_1708679298.072262.jpg\",\"width\":780,\"height\":440,\"caption\":\"La direction de la m\u00e9t\u00e9o explique l\u2019origine de la chaleur qui monte au Cameroun\"},{\"@type\":\"BreadcrumbList\",\"@id\":\"https:\/\/www.africa-press.net\/cameroun\/toutes-les-actualites\/la-direction-de-la-meteo-explique-lorigine-de-la-chaleur-qui-monte-au-cameroun#breadcrumb\",\"itemListElement\":[{\"@type\":\"ListItem\",\"position\":1,\"name\":\"Accueil\",\"item\":\"https:\/\/www.africa-press.net\/cameroun\/\"},{\"@type\":\"ListItem\",\"position\":2,\"name\":\"La direction de la m\u00e9t\u00e9o explique l\u2019origine de la chaleur qui monte au Cameroun\"}]},{\"@type\":\"WebSite\",\"@id\":\"https:\/\/www.africa-press.net\/cameroun\/#website\",\"url\":\"https:\/\/www.africa-press.net\/cameroun\/\",\"name\":\"Cameroun\",\"description\":\"Just another Africa News Agency Sites site\",\"potentialAction\":[{\"@type\":\"SearchAction\",\"target\":{\"@type\":\"EntryPoint\",\"urlTemplate\":\"https:\/\/www.africa-press.net\/cameroun\/?s={search_term_string}\"},\"query-input\":{\"@type\":\"PropertyValueSpecification\",\"valueRequired\":true,\"valueName\":\"search_term_string\"}}],\"inLanguage\":\"fr-FR\"},{\"@type\":\"Person\",\"@id\":\"https:\/\/www.africa-press.net\/cameroun\/#\/schema\/person\/2b1cf3cd81a31e3cd26889ca66d677f1\",\"name\":\"cfeditorfr\"}]}<\/script>\n<!-- \/ Yoast SEO Premium plugin. -->","yoast_head_json":{"title":"La direction de la m\u00e9t\u00e9o explique l\u2019origine de la chaleur qui monte au Cameroun - Cameroun","description":"Le temps qui pre\u0301vaut depuis des semaines dans presque toutes les re\u0301gions du grand sud est la re\u0301sultante du re\u0301chau ...","robots":{"index":"index","follow":"follow","max-snippet":"max-snippet:-1","max-image-preview":"max-image-preview:large","max-video-preview":"max-video-preview:-1"},"canonical":"https:\/\/www.africa-press.net\/cameroun\/toutes-les-actualites\/la-direction-de-la-meteo-explique-lorigine-de-la-chaleur-qui-monte-au-cameroun","og_locale":"fr_FR","og_type":"article","og_title":"La direction de la m\u00e9t\u00e9o explique l\u2019origine de la chaleur qui monte au Cameroun","og_description":"Le temps qui pre\u0301vaut depuis des semaines dans presque toutes les re\u0301gions du grand sud est la re\u0301sultante du re\u0301chau ...","og_url":"https:\/\/www.africa-press.net\/cameroun\/toutes-les-actualites\/la-direction-de-la-meteo-explique-lorigine-de-la-chaleur-qui-monte-au-cameroun","og_site_name":"Cameroun","article_published_time":"2024-02-23T12:15:29+00:00","article_modified_time":"2024-02-23T12:40:39+00:00","og_image":[{"width":780,"height":440,"url":"https:\/\/static.africa-press.net\/cameroun\/sites\/57\/2024\/02\/sm_1708679298.072262.jpg","type":"image\/jpeg"}],"author":"cfeditorfr","twitter_card":"summary_large_image","twitter_misc":{"\u00c9crit par":"cfeditorfr","Dur\u00e9e de lecture estim\u00e9e":"2 minutes"},"schema":{"@context":"https:\/\/schema.org","@graph":[{"@type":"Article","@id":"https:\/\/www.africa-press.net\/cameroun\/toutes-les-actualites\/la-direction-de-la-meteo-explique-lorigine-de-la-chaleur-qui-monte-au-cameroun#article","isPartOf":{"@id":"https:\/\/www.africa-press.net\/cameroun\/toutes-les-actualites\/la-direction-de-la-meteo-explique-lorigine-de-la-chaleur-qui-monte-au-cameroun"},"author":{"name":"cfeditorfr","@id":"https:\/\/www.africa-press.net\/cameroun\/#\/schema\/person\/2b1cf3cd81a31e3cd26889ca66d677f1"},"headline":"La direction de la m\u00e9t\u00e9o explique l\u2019origine de la chaleur qui monte au Cameroun","datePublished":"2024-02-23T12:15:29+00:00","dateModified":"2024-02-23T12:40:39+00:00","mainEntityOfPage":{"@id":"https:\/\/www.africa-press.net\/cameroun\/toutes-les-actualites\/la-direction-de-la-meteo-explique-lorigine-de-la-chaleur-qui-monte-au-cameroun"},"wordCount":357,"commentCount":0,"image":{"@id":"https:\/\/www.africa-press.net\/cameroun\/toutes-les-actualites\/la-direction-de-la-meteo-explique-lorigine-de-la-chaleur-qui-monte-au-cameroun#primaryimage"},"thumbnailUrl":"https:\/\/static.africa-press.net\/cameroun\/sites\/57\/2024\/02\/sm_1708679298.072262.jpg","keywords":["Africa Press","Africa Press-Cameroun","Cameroun"],"articleSection":["Communaut\u00e9","Toutes les actualit\u00e9s"],"inLanguage":"fr-FR","potentialAction":[{"@type":"CommentAction","name":"Comment","target":["https:\/\/www.africa-press.net\/cameroun\/toutes-les-actualites\/la-direction-de-la-meteo-explique-lorigine-de-la-chaleur-qui-monte-au-cameroun#respond"]}]},{"@type":"WebPage","@id":"https:\/\/www.africa-press.net\/cameroun\/toutes-les-actualites\/la-direction-de-la-meteo-explique-lorigine-de-la-chaleur-qui-monte-au-cameroun","url":"https:\/\/www.africa-press.net\/cameroun\/toutes-les-actualites\/la-direction-de-la-meteo-explique-lorigine-de-la-chaleur-qui-monte-au-cameroun","name":"La direction de la m\u00e9t\u00e9o explique l\u2019origine de la chaleur qui monte au Cameroun - Cameroun","isPartOf":{"@id":"https:\/\/www.africa-press.net\/cameroun\/#website"},"primaryImageOfPage":{"@id":"https:\/\/www.africa-press.net\/cameroun\/toutes-les-actualites\/la-direction-de-la-meteo-explique-lorigine-de-la-chaleur-qui-monte-au-cameroun#primaryimage"},"image":{"@id":"https:\/\/www.africa-press.net\/cameroun\/toutes-les-actualites\/la-direction-de-la-meteo-explique-lorigine-de-la-chaleur-qui-monte-au-cameroun#primaryimage"},"thumbnailUrl":"https:\/\/static.africa-press.net\/cameroun\/sites\/57\/2024\/02\/sm_1708679298.072262.jpg","datePublished":"2024-02-23T12:15:29+00:00","dateModified":"2024-02-23T12:40:39+00:00","author":{"@id":"https:\/\/www.africa-press.net\/cameroun\/#\/schema\/person\/2b1cf3cd81a31e3cd26889ca66d677f1"},"description":"Le temps qui pre\u0301vaut depuis des semaines dans presque toutes les re\u0301gions du grand sud est la re\u0301sultante du re\u0301chau ...","breadcrumb":{"@id":"https:\/\/www.africa-press.net\/cameroun\/toutes-les-actualites\/la-direction-de-la-meteo-explique-lorigine-de-la-chaleur-qui-monte-au-cameroun#breadcrumb"},"inLanguage":"fr-FR","potentialAction":[{"@type":"ReadAction","target":["https:\/\/www.africa-press.net\/cameroun\/toutes-les-actualites\/la-direction-de-la-meteo-explique-lorigine-de-la-chaleur-qui-monte-au-cameroun"]}]},{"@type":"ImageObject","inLanguage":"fr-FR","@id":"https:\/\/www.africa-press.net\/cameroun\/toutes-les-actualites\/la-direction-de-la-meteo-explique-lorigine-de-la-chaleur-qui-monte-au-cameroun#primaryimage","url":"https:\/\/static.africa-press.net\/cameroun\/sites\/57\/2024\/02\/sm_1708679298.072262.jpg","contentUrl":"https:\/\/static.africa-press.net\/cameroun\/sites\/57\/2024\/02\/sm_1708679298.072262.jpg","width":780,"height":440,"caption":"La direction de la m\u00e9t\u00e9o explique l\u2019origine de la chaleur qui monte au Cameroun"},{"@type":"BreadcrumbList","@id":"https:\/\/www.africa-press.net\/cameroun\/toutes-les-actualites\/la-direction-de-la-meteo-explique-lorigine-de-la-chaleur-qui-monte-au-cameroun#breadcrumb","itemListElement":[{"@type":"ListItem","position":1,"name":"Accueil","item":"https:\/\/www.africa-press.net\/cameroun\/"},{"@type":"ListItem","position":2,"name":"La direction de la m\u00e9t\u00e9o explique l\u2019origine de la chaleur qui monte au Cameroun"}]},{"@type":"WebSite","@id":"https:\/\/www.africa-press.net\/cameroun\/#website","url":"https:\/\/www.africa-press.net\/cameroun\/","name":"Cameroun","description":"Just another Africa News Agency Sites site","potentialAction":[{"@type":"SearchAction","target":{"@type":"EntryPoint","urlTemplate":"https:\/\/www.africa-press.net\/cameroun\/?s={search_term_string}"},"query-input":{"@type":"PropertyValueSpecification","valueRequired":true,"valueName":"search_term_string"}}],"inLanguage":"fr-FR"},{"@type":"Person","@id":"https:\/\/www.africa-press.net\/cameroun\/#\/schema\/person\/2b1cf3cd81a31e3cd26889ca66d677f1","name":"cfeditorfr"}]}},"_links":{"self":[{"href":"https:\/\/www.africa-press.net\/cameroun\/wp-json\/wp\/v2\/posts\/61574","targetHints":{"allow":["GET"]}}],"collection":[{"href":"https:\/\/www.africa-press.net\/cameroun\/wp-json\/wp\/v2\/posts"}],"about":[{"href":"https:\/\/www.africa-press.net\/cameroun\/wp-json\/wp\/v2\/types\/post"}],"author":[{"embeddable":true,"href":"https:\/\/www.africa-press.net\/cameroun\/wp-json\/wp\/v2\/users\/82"}],"replies":[{"embeddable":true,"href":"https:\/\/www.africa-press.net\/cameroun\/wp-json\/wp\/v2\/comments?post=61574"}],"version-history":[{"count":0,"href":"https:\/\/www.africa-press.net\/cameroun\/wp-json\/wp\/v2\/posts\/61574\/revisions"}],"wp:featuredmedia":[{"embeddable":true,"href":"https:\/\/www.africa-press.net\/cameroun\/wp-json\/wp\/v2\/media\/61573"}],"wp:attachment":[{"href":"https:\/\/www.africa-press.net\/cameroun\/wp-json\/wp\/v2\/media?parent=61574"}],"wp:term":[{"taxonomy":"category","embeddable":true,"href":"https:\/\/www.africa-press.net\/cameroun\/wp-json\/wp\/v2\/categories?post=61574"},{"taxonomy":"post_tag","embeddable":true,"href":"https:\/\/www.africa-press.net\/cameroun\/wp-json\/wp\/v2\/tags?post=61574"}],"curies":[{"name":"wp","href":"https:\/\/api.w.org\/{rel}","templated":true}]}}