{"id":61580,"date":"2024-02-23T12:15:59","date_gmt":"2024-02-23T12:15:59","guid":{"rendered":"https:\/\/www.africa-press.net\/cameroun\/politique\/cameroun-voici-les-nouveaux-baremes-de-salaires-des-personnels-civils-et-militaires-de-letat"},"modified":"2024-02-23T12:42:34","modified_gmt":"2024-02-23T12:42:34","slug":"cameroun-voici-les-nouveaux-baremes-de-salaires-des-personnels-civils-et-militaires-de-letat","status":"publish","type":"post","link":"https:\/\/www.africa-press.net\/cameroun\/economie\/cameroun-voici-les-nouveaux-baremes-de-salaires-des-personnels-civils-et-militaires-de-letat","title":{"rendered":"Cameroun : voici les nouveaux bar\u00e8mes de salaires des personnels civils et militaires de l\u2019Etat"},"content":{"rendered":"<p><span style=\"color: #ff6600\"><strong>Africa-Press &#8211; Cameroun. <\/strong><\/span><b>Le pre\u0301sident Paul Biya a publie\u0301 le 21 fe\u0301vrier 2024 un de\u0301cret portant revalorisation de la re\u0301mune\u0301ration de base de ces cate\u0301gories de personnels.<\/b><\/p>\n<p>Le <b>de\u0301cret N\u00b02024\/057 du 21 fe\u0301vrier 2024<\/b> porte augmentation du salaire de base des personnels civils et militaires de l\u2019Etat a\u0300 hauteur de 5% a\u0300 compter du mercredi 21 fe\u0301vrier 2024. Cette revalorisation induit de nouveaux bare\u0300mes salariaux que le pre\u0301sident de la Re\u0301publique a publie\u0301s en annexe de son de\u0301cret rendu public hier. Ces bare\u0300mes sont consultables <b>ici<\/b>.<\/p>\n<p>Cette autre de\u0301cision du pre\u0301sident de la Re\u0301publique vise a\u0300 concre\u0301tiser une mesure d\u2019accompagnement des agents de l\u2019Etat suite a\u0300 la re\u0301cente augmentation des prix des carburants a\u0300 la pompe. Apre\u0300s concertations du vendredi 02 fe\u0301vrier 2024 entre le gouvernement et les acteurs cle\u0301s, le prix du gasoil et du super ont grimpe\u0301 de 15%. Au cours de la me\u0302me re\u0301union, il a e\u0301te\u0301 de\u0301cide\u0301 la revalorisation des salaires des agents publics de 5%.<\/p>\n<p>D\u2019autres ne\u0301gociations sont en cours concernant la revalorisation du SMIG ainsi que de l\u2019augmentation des tarifs de transports urbain et interurbain. A l\u2019issue d\u2019une rencontre entre le gouvernement et des syndicats et organismes de de\u0301fense des droits des consommateurs, des re\u0301solutions ont e\u0301te\u0301 envoye\u0301es aux Services du Premier ministre pour validation.<\/p>\n<p><strong>Pour plus d&rsquo;informations et d&rsquo;analyses sur la <a href=\"https:\/\/www.africa-press.net\/cameroun\">Cameroun<\/a>, suivez <a href=\"https:\/\/www.africa-press.net\/\">Africa-Press<\/a><\/strong><\/p>\n","protected":false},"excerpt":{"rendered":"<p>Africa-Press &#8211; Cameroun. Le pre\u0301sident Paul Biya a publie\u0301 le 21 fe\u0301vrier 2024 un de\u0301cret portant revalorisation de la re\u0301mune\u0301ration de base de ces cate\u0301gories de personnels. Le de\u0301cret N\u00b02024\/057 du 21 fe\u0301vrier 2024 porte augmentation du salaire de base des personnels civils et militaires de l\u2019Etat a\u0300 hauteur de 5% a\u0300 compter du mercredi [&hellip;]<\/p>\n","protected":false},"author":82,"featured_media":61578,"comment_status":"open","ping_status":"closed","sticky":false,"template":"","format":"standard","meta":{"footnotes":""},"categories":[3,20,10],"tags":[36,50,49],"class_list":["post-61580","post","type-post","status-publish","format-standard","has-post-thumbnail","hentry","category-economie","category-top-nouvelles","category-toutes-les-actualites","tag-africa-press","tag-africa-press-cameroun","tag-cameroun"],"yoast_head":"<!-- This site is optimized with the Yoast SEO Premium plugin v26.1 (Yoast SEO v27.0) - https:\/\/yoast.com\/product\/yoast-seo-premium-wordpress\/ -->\n<title>Cameroun : voici les nouveaux bar\u00e8mes de salaires des personnels civils et militaires de l\u2019Etat - Cameroun<\/title>\n<meta name=\"description\" content=\"Le pre\u0301sident Paul Biya a publie\u0301 le 21 fe\u0301vrier 2024 un de\u0301cret portant revalorisation de la re\u0301mune\u0301ration de base ...\" \/>\n<meta name=\"robots\" content=\"index, follow, max-snippet:-1, max-image-preview:large, max-video-preview:-1\" \/>\n<link rel=\"canonical\" href=\"https:\/\/www.africa-press.net\/cameroun\/economie\/cameroun-voici-les-nouveaux-baremes-de-salaires-des-personnels-civils-et-militaires-de-letat\" \/>\n<meta property=\"og:locale\" content=\"fr_FR\" \/>\n<meta property=\"og:type\" content=\"article\" \/>\n<meta property=\"og:title\" content=\"Cameroun : voici les nouveaux bar\u00e8mes de salaires des personnels civils et militaires de l\u2019Etat\" \/>\n<meta property=\"og:description\" content=\"Le pre\u0301sident Paul Biya a publie\u0301 le 21 fe\u0301vrier 2024 un de\u0301cret portant revalorisation de la re\u0301mune\u0301ration de base ...\" \/>\n<meta property=\"og:url\" content=\"https:\/\/www.africa-press.net\/cameroun\/economie\/cameroun-voici-les-nouveaux-baremes-de-salaires-des-personnels-civils-et-militaires-de-letat\" \/>\n<meta property=\"og:site_name\" content=\"Cameroun\" \/>\n<meta property=\"article:published_time\" content=\"2024-02-23T12:15:59+00:00\" \/>\n<meta property=\"article:modified_time\" content=\"2024-02-23T12:42:34+00:00\" \/>\n<meta property=\"og:image\" content=\"https:\/\/static.africa-press.net\/cameroun\/sites\/57\/2024\/02\/sm_1708679364.483366.jpg\" \/>\n\t<meta property=\"og:image:width\" content=\"780\" \/>\n\t<meta property=\"og:image:height\" content=\"440\" \/>\n\t<meta property=\"og:image:type\" content=\"image\/jpeg\" \/>\n<meta name=\"author\" content=\"cfeditorfr\" \/>\n<meta name=\"twitter:card\" content=\"summary_large_image\" \/>\n<meta name=\"twitter:label1\" content=\"\u00c9crit par\" \/>\n\t<meta name=\"twitter:data1\" content=\"cfeditorfr\" \/>\n\t<meta name=\"twitter:label2\" content=\"Dur\u00e9e de lecture estim\u00e9e\" \/>\n\t<meta name=\"twitter:data2\" content=\"2 minutes\" \/>\n<script type=\"application\/ld+json\" class=\"yoast-schema-graph\">{\"@context\":\"https:\/\/schema.org\",\"@graph\":[{\"@type\":\"Article\",\"@id\":\"https:\/\/www.africa-press.net\/cameroun\/economie\/cameroun-voici-les-nouveaux-baremes-de-salaires-des-personnels-civils-et-militaires-de-letat#article\",\"isPartOf\":{\"@id\":\"https:\/\/www.africa-press.net\/cameroun\/economie\/cameroun-voici-les-nouveaux-baremes-de-salaires-des-personnels-civils-et-militaires-de-letat\"},\"author\":{\"name\":\"cfeditorfr\",\"@id\":\"https:\/\/www.africa-press.net\/cameroun\/#\/schema\/person\/2b1cf3cd81a31e3cd26889ca66d677f1\"},\"headline\":\"Cameroun : voici les nouveaux bar\u00e8mes de salaires des personnels civils et militaires de l\u2019Etat\",\"datePublished\":\"2024-02-23T12:15:59+00:00\",\"dateModified\":\"2024-02-23T12:42:34+00:00\",\"mainEntityOfPage\":{\"@id\":\"https:\/\/www.africa-press.net\/cameroun\/economie\/cameroun-voici-les-nouveaux-baremes-de-salaires-des-personnels-civils-et-militaires-de-letat\"},\"wordCount\":267,\"commentCount\":0,\"image\":{\"@id\":\"https:\/\/www.africa-press.net\/cameroun\/economie\/cameroun-voici-les-nouveaux-baremes-de-salaires-des-personnels-civils-et-militaires-de-letat#primaryimage\"},\"thumbnailUrl\":\"https:\/\/static.africa-press.net\/cameroun\/sites\/57\/2024\/02\/sm_1708679364.483366.jpg\",\"keywords\":[\"Africa Press\",\"Africa Press-Cameroun\",\"Cameroun\"],\"articleSection\":[\"\u00c9conomie\",\"Top Nouvelles\",\"Toutes les actualit\u00e9s\"],\"inLanguage\":\"fr-FR\",\"potentialAction\":[{\"@type\":\"CommentAction\",\"name\":\"Comment\",\"target\":[\"https:\/\/www.africa-press.net\/cameroun\/economie\/cameroun-voici-les-nouveaux-baremes-de-salaires-des-personnels-civils-et-militaires-de-letat#respond\"]}]},{\"@type\":\"WebPage\",\"@id\":\"https:\/\/www.africa-press.net\/cameroun\/economie\/cameroun-voici-les-nouveaux-baremes-de-salaires-des-personnels-civils-et-militaires-de-letat\",\"url\":\"https:\/\/www.africa-press.net\/cameroun\/economie\/cameroun-voici-les-nouveaux-baremes-de-salaires-des-personnels-civils-et-militaires-de-letat\",\"name\":\"Cameroun : voici les nouveaux bar\u00e8mes de salaires des personnels civils et militaires de l\u2019Etat - Cameroun\",\"isPartOf\":{\"@id\":\"https:\/\/www.africa-press.net\/cameroun\/#website\"},\"primaryImageOfPage\":{\"@id\":\"https:\/\/www.africa-press.net\/cameroun\/economie\/cameroun-voici-les-nouveaux-baremes-de-salaires-des-personnels-civils-et-militaires-de-letat#primaryimage\"},\"image\":{\"@id\":\"https:\/\/www.africa-press.net\/cameroun\/economie\/cameroun-voici-les-nouveaux-baremes-de-salaires-des-personnels-civils-et-militaires-de-letat#primaryimage\"},\"thumbnailUrl\":\"https:\/\/static.africa-press.net\/cameroun\/sites\/57\/2024\/02\/sm_1708679364.483366.jpg\",\"datePublished\":\"2024-02-23T12:15:59+00:00\",\"dateModified\":\"2024-02-23T12:42:34+00:00\",\"author\":{\"@id\":\"https:\/\/www.africa-press.net\/cameroun\/#\/schema\/person\/2b1cf3cd81a31e3cd26889ca66d677f1\"},\"description\":\"Le pre\u0301sident Paul Biya a publie\u0301 le 21 fe\u0301vrier 2024 un de\u0301cret portant revalorisation de la re\u0301mune\u0301ration de base ...\",\"breadcrumb\":{\"@id\":\"https:\/\/www.africa-press.net\/cameroun\/economie\/cameroun-voici-les-nouveaux-baremes-de-salaires-des-personnels-civils-et-militaires-de-letat#breadcrumb\"},\"inLanguage\":\"fr-FR\",\"potentialAction\":[{\"@type\":\"ReadAction\",\"target\":[\"https:\/\/www.africa-press.net\/cameroun\/economie\/cameroun-voici-les-nouveaux-baremes-de-salaires-des-personnels-civils-et-militaires-de-letat\"]}]},{\"@type\":\"ImageObject\",\"inLanguage\":\"fr-FR\",\"@id\":\"https:\/\/www.africa-press.net\/cameroun\/economie\/cameroun-voici-les-nouveaux-baremes-de-salaires-des-personnels-civils-et-militaires-de-letat#primaryimage\",\"url\":\"https:\/\/static.africa-press.net\/cameroun\/sites\/57\/2024\/02\/sm_1708679364.483366.jpg\",\"contentUrl\":\"https:\/\/static.africa-press.net\/cameroun\/sites\/57\/2024\/02\/sm_1708679364.483366.jpg\",\"width\":780,\"height\":440,\"caption\":\"Cameroun : voici les nouveaux bar\u00e8mes de salaires des personnels civils et militaires de l\u2019Etat\"},{\"@type\":\"BreadcrumbList\",\"@id\":\"https:\/\/www.africa-press.net\/cameroun\/economie\/cameroun-voici-les-nouveaux-baremes-de-salaires-des-personnels-civils-et-militaires-de-letat#breadcrumb\",\"itemListElement\":[{\"@type\":\"ListItem\",\"position\":1,\"name\":\"Accueil\",\"item\":\"https:\/\/www.africa-press.net\/cameroun\/\"},{\"@type\":\"ListItem\",\"position\":2,\"name\":\"Cameroun : voici les nouveaux bar\u00e8mes de salaires des personnels civils et militaires de l\u2019Etat\"}]},{\"@type\":\"WebSite\",\"@id\":\"https:\/\/www.africa-press.net\/cameroun\/#website\",\"url\":\"https:\/\/www.africa-press.net\/cameroun\/\",\"name\":\"Cameroun\",\"description\":\"Just another Africa News Agency Sites site\",\"potentialAction\":[{\"@type\":\"SearchAction\",\"target\":{\"@type\":\"EntryPoint\",\"urlTemplate\":\"https:\/\/www.africa-press.net\/cameroun\/?s={search_term_string}\"},\"query-input\":{\"@type\":\"PropertyValueSpecification\",\"valueRequired\":true,\"valueName\":\"search_term_string\"}}],\"inLanguage\":\"fr-FR\"},{\"@type\":\"Person\",\"@id\":\"https:\/\/www.africa-press.net\/cameroun\/#\/schema\/person\/2b1cf3cd81a31e3cd26889ca66d677f1\",\"name\":\"cfeditorfr\"}]}<\/script>\n<!-- \/ Yoast SEO Premium plugin. -->","yoast_head_json":{"title":"Cameroun : voici les nouveaux bar\u00e8mes de salaires des personnels civils et militaires de l\u2019Etat - Cameroun","description":"Le pre\u0301sident Paul Biya a publie\u0301 le 21 fe\u0301vrier 2024 un de\u0301cret portant revalorisation de la re\u0301mune\u0301ration de base ...","robots":{"index":"index","follow":"follow","max-snippet":"max-snippet:-1","max-image-preview":"max-image-preview:large","max-video-preview":"max-video-preview:-1"},"canonical":"https:\/\/www.africa-press.net\/cameroun\/economie\/cameroun-voici-les-nouveaux-baremes-de-salaires-des-personnels-civils-et-militaires-de-letat","og_locale":"fr_FR","og_type":"article","og_title":"Cameroun : voici les nouveaux bar\u00e8mes de salaires des personnels civils et militaires de l\u2019Etat","og_description":"Le pre\u0301sident Paul Biya a publie\u0301 le 21 fe\u0301vrier 2024 un de\u0301cret portant revalorisation de la re\u0301mune\u0301ration de base ...","og_url":"https:\/\/www.africa-press.net\/cameroun\/economie\/cameroun-voici-les-nouveaux-baremes-de-salaires-des-personnels-civils-et-militaires-de-letat","og_site_name":"Cameroun","article_published_time":"2024-02-23T12:15:59+00:00","article_modified_time":"2024-02-23T12:42:34+00:00","og_image":[{"width":780,"height":440,"url":"https:\/\/static.africa-press.net\/cameroun\/sites\/57\/2024\/02\/sm_1708679364.483366.jpg","type":"image\/jpeg"}],"author":"cfeditorfr","twitter_card":"summary_large_image","twitter_misc":{"\u00c9crit par":"cfeditorfr","Dur\u00e9e de lecture estim\u00e9e":"2 minutes"},"schema":{"@context":"https:\/\/schema.org","@graph":[{"@type":"Article","@id":"https:\/\/www.africa-press.net\/cameroun\/economie\/cameroun-voici-les-nouveaux-baremes-de-salaires-des-personnels-civils-et-militaires-de-letat#article","isPartOf":{"@id":"https:\/\/www.africa-press.net\/cameroun\/economie\/cameroun-voici-les-nouveaux-baremes-de-salaires-des-personnels-civils-et-militaires-de-letat"},"author":{"name":"cfeditorfr","@id":"https:\/\/www.africa-press.net\/cameroun\/#\/schema\/person\/2b1cf3cd81a31e3cd26889ca66d677f1"},"headline":"Cameroun : voici les nouveaux bar\u00e8mes de salaires des personnels civils et militaires de l\u2019Etat","datePublished":"2024-02-23T12:15:59+00:00","dateModified":"2024-02-23T12:42:34+00:00","mainEntityOfPage":{"@id":"https:\/\/www.africa-press.net\/cameroun\/economie\/cameroun-voici-les-nouveaux-baremes-de-salaires-des-personnels-civils-et-militaires-de-letat"},"wordCount":267,"commentCount":0,"image":{"@id":"https:\/\/www.africa-press.net\/cameroun\/economie\/cameroun-voici-les-nouveaux-baremes-de-salaires-des-personnels-civils-et-militaires-de-letat#primaryimage"},"thumbnailUrl":"https:\/\/static.africa-press.net\/cameroun\/sites\/57\/2024\/02\/sm_1708679364.483366.jpg","keywords":["Africa Press","Africa Press-Cameroun","Cameroun"],"articleSection":["\u00c9conomie","Top Nouvelles","Toutes les actualit\u00e9s"],"inLanguage":"fr-FR","potentialAction":[{"@type":"CommentAction","name":"Comment","target":["https:\/\/www.africa-press.net\/cameroun\/economie\/cameroun-voici-les-nouveaux-baremes-de-salaires-des-personnels-civils-et-militaires-de-letat#respond"]}]},{"@type":"WebPage","@id":"https:\/\/www.africa-press.net\/cameroun\/economie\/cameroun-voici-les-nouveaux-baremes-de-salaires-des-personnels-civils-et-militaires-de-letat","url":"https:\/\/www.africa-press.net\/cameroun\/economie\/cameroun-voici-les-nouveaux-baremes-de-salaires-des-personnels-civils-et-militaires-de-letat","name":"Cameroun : voici les nouveaux bar\u00e8mes de salaires des personnels civils et militaires de l\u2019Etat - Cameroun","isPartOf":{"@id":"https:\/\/www.africa-press.net\/cameroun\/#website"},"primaryImageOfPage":{"@id":"https:\/\/www.africa-press.net\/cameroun\/economie\/cameroun-voici-les-nouveaux-baremes-de-salaires-des-personnels-civils-et-militaires-de-letat#primaryimage"},"image":{"@id":"https:\/\/www.africa-press.net\/cameroun\/economie\/cameroun-voici-les-nouveaux-baremes-de-salaires-des-personnels-civils-et-militaires-de-letat#primaryimage"},"thumbnailUrl":"https:\/\/static.africa-press.net\/cameroun\/sites\/57\/2024\/02\/sm_1708679364.483366.jpg","datePublished":"2024-02-23T12:15:59+00:00","dateModified":"2024-02-23T12:42:34+00:00","author":{"@id":"https:\/\/www.africa-press.net\/cameroun\/#\/schema\/person\/2b1cf3cd81a31e3cd26889ca66d677f1"},"description":"Le pre\u0301sident Paul Biya a publie\u0301 le 21 fe\u0301vrier 2024 un de\u0301cret portant revalorisation de la re\u0301mune\u0301ration de base ...","breadcrumb":{"@id":"https:\/\/www.africa-press.net\/cameroun\/economie\/cameroun-voici-les-nouveaux-baremes-de-salaires-des-personnels-civils-et-militaires-de-letat#breadcrumb"},"inLanguage":"fr-FR","potentialAction":[{"@type":"ReadAction","target":["https:\/\/www.africa-press.net\/cameroun\/economie\/cameroun-voici-les-nouveaux-baremes-de-salaires-des-personnels-civils-et-militaires-de-letat"]}]},{"@type":"ImageObject","inLanguage":"fr-FR","@id":"https:\/\/www.africa-press.net\/cameroun\/economie\/cameroun-voici-les-nouveaux-baremes-de-salaires-des-personnels-civils-et-militaires-de-letat#primaryimage","url":"https:\/\/static.africa-press.net\/cameroun\/sites\/57\/2024\/02\/sm_1708679364.483366.jpg","contentUrl":"https:\/\/static.africa-press.net\/cameroun\/sites\/57\/2024\/02\/sm_1708679364.483366.jpg","width":780,"height":440,"caption":"Cameroun : voici les nouveaux bar\u00e8mes de salaires des personnels civils et militaires de l\u2019Etat"},{"@type":"BreadcrumbList","@id":"https:\/\/www.africa-press.net\/cameroun\/economie\/cameroun-voici-les-nouveaux-baremes-de-salaires-des-personnels-civils-et-militaires-de-letat#breadcrumb","itemListElement":[{"@type":"ListItem","position":1,"name":"Accueil","item":"https:\/\/www.africa-press.net\/cameroun\/"},{"@type":"ListItem","position":2,"name":"Cameroun : voici les nouveaux bar\u00e8mes de salaires des personnels civils et militaires de l\u2019Etat"}]},{"@type":"WebSite","@id":"https:\/\/www.africa-press.net\/cameroun\/#website","url":"https:\/\/www.africa-press.net\/cameroun\/","name":"Cameroun","description":"Just another Africa News Agency Sites site","potentialAction":[{"@type":"SearchAction","target":{"@type":"EntryPoint","urlTemplate":"https:\/\/www.africa-press.net\/cameroun\/?s={search_term_string}"},"query-input":{"@type":"PropertyValueSpecification","valueRequired":true,"valueName":"search_term_string"}}],"inLanguage":"fr-FR"},{"@type":"Person","@id":"https:\/\/www.africa-press.net\/cameroun\/#\/schema\/person\/2b1cf3cd81a31e3cd26889ca66d677f1","name":"cfeditorfr"}]}},"_links":{"self":[{"href":"https:\/\/www.africa-press.net\/cameroun\/wp-json\/wp\/v2\/posts\/61580","targetHints":{"allow":["GET"]}}],"collection":[{"href":"https:\/\/www.africa-press.net\/cameroun\/wp-json\/wp\/v2\/posts"}],"about":[{"href":"https:\/\/www.africa-press.net\/cameroun\/wp-json\/wp\/v2\/types\/post"}],"author":[{"embeddable":true,"href":"https:\/\/www.africa-press.net\/cameroun\/wp-json\/wp\/v2\/users\/82"}],"replies":[{"embeddable":true,"href":"https:\/\/www.africa-press.net\/cameroun\/wp-json\/wp\/v2\/comments?post=61580"}],"version-history":[{"count":0,"href":"https:\/\/www.africa-press.net\/cameroun\/wp-json\/wp\/v2\/posts\/61580\/revisions"}],"wp:featuredmedia":[{"embeddable":true,"href":"https:\/\/www.africa-press.net\/cameroun\/wp-json\/wp\/v2\/media\/61578"}],"wp:attachment":[{"href":"https:\/\/www.africa-press.net\/cameroun\/wp-json\/wp\/v2\/media?parent=61580"}],"wp:term":[{"taxonomy":"category","embeddable":true,"href":"https:\/\/www.africa-press.net\/cameroun\/wp-json\/wp\/v2\/categories?post=61580"},{"taxonomy":"post_tag","embeddable":true,"href":"https:\/\/www.africa-press.net\/cameroun\/wp-json\/wp\/v2\/tags?post=61580"}],"curies":[{"name":"wp","href":"https:\/\/api.w.org\/{rel}","templated":true}]}}