{"id":61583,"date":"2024-02-23T12:16:21","date_gmt":"2024-02-23T12:16:21","guid":{"rendered":"https:\/\/www.africa-press.net\/cameroun\/politique\/des-acteurs-se-penchent-sur-lamelioration-de-la-justice-sociale-en-faveur-de-la-jeune-fille-au-nord-cameroun"},"modified":"2024-02-23T12:43:41","modified_gmt":"2024-02-23T12:43:41","slug":"des-acteurs-se-penchent-sur-lamelioration-de-la-justice-sociale-en-faveur-de-la-jeune-fille-au-nord-cameroun","status":"publish","type":"post","link":"https:\/\/www.africa-press.net\/cameroun\/toutes-les-actualites\/des-acteurs-se-penchent-sur-lamelioration-de-la-justice-sociale-en-faveur-de-la-jeune-fille-au-nord-cameroun","title":{"rendered":"Des acteurs se penchent sur l\u2019am\u00e9lioration de la justice sociale en faveur de la jeune fille au Nord-Cameroun"},"content":{"rendered":"<p><span style=\"color: #ff6600\"><strong>Africa-Press &#8211; Cameroun. <\/strong><\/span><b>Les autorite\u0301s ont pour cheval de bataille l\u2019e\u0301ducation de la jeune fille pour son e\u0301panouissement et un changement de mentalite\u0301.<\/b><\/p>\n<p>La re\u0301gion du Nord Cameroun est confronte\u0301e a\u0300 de nombreux de\u0301fis en matie\u0300re de justice sociale pour les jeunes filles et les femmes. Ces de\u0301fis comprennent la discrimination base\u0301e sur le genre, la violence domestique, les mariages pre\u0301coces et force\u0301s, l\u2019acce\u0300s limite\u0301 a\u0300 l\u2019e\u0301ducation et aux opportunite\u0301s e\u0301conomiques, ainsi que les discriminations au sein de la famille et de la socie\u0301te\u0301 en ge\u0301ne\u0301ral.<\/p>\n<p>Pour promouvoir la justice sociale pour les jeunes filles et les femmes dans la re\u0301gion du Nord, les autorite\u0301s locales et leurs partenaires nationaux et internationaux mettent en place des politiques et des programmes visant a\u0300 renforcer l\u2019autonomisation des femmes en cre\u0301ant des opportunite\u0301s e\u0301conomiques, a\u0300 promouvoir l\u2019e\u0301galite\u0301 de sexes, a\u0300 lutter contre la violence base\u0301e sur le genre pour ne citer que ceux-la\u0300. Mohamadou Moussa chef service de la promotion e\u0301conomique de la femme a\u0300 la de\u0301le\u0301gation re\u0301gionale du ministe\u0300re de la Promotion de la Femme et de la Famille (Minproff) fait savoir que \u00bb pour les aider a\u0300 e\u0302tre inde\u0301pendante, nous faisons des formations, nous les emmenons a\u0300 cre\u0301er des activite\u0301s ge\u0301ne\u0301ratrices de revenus. Nous leur apprenons a\u0300 se regrouper dans des Gic de cultivateurs pour les emmener a\u0300 s\u2019entraider \u00bb<\/p>\n<p>Il est aussi important de garantir l\u2019acce\u0300s e\u0301quitable a\u0300 l\u2019e\u0301ducation, sensibiliser la population sur les droits des femmes et les conse\u0301quences ne\u0301fastes des pratiques discriminatoires et violentes a\u0300 leur e\u0301gard. Selon Mouhamadou Moussa, cela se fait \u00bb a\u0300 travers les organisations fe\u0301minines qui nous permettent de mobiliser les femmes pour parler avec elles du droit a\u0300 l\u2019e\u0301ducation. La jeune fille a les me\u0302mes droits que les garc\u0327ons a\u0300 aller a\u0300 l\u2019e\u0301cole et a\u0300 pouvoir librement aller a\u0300 l\u2019e\u0301cole comme le garc\u0327on. Pour pouvoir re\u0301ussir dans la vie. Nous parlons aussi du mariage pre\u0301coce. A\u0300 l\u2019a\u0302ge de 12, 13 ans la jeune fille est consenti a\u0300 aller en mariage. normalement a\u0300 cet a\u0302ge la fille ne doit pas aller en mariage , elle doit e\u0302tre a\u0300 l\u2019e\u0301cole \u00bb<\/p>\n<p>En outre, les autorite\u0301s locales et les organisations de la socie\u0301te\u0301 civile devraient maximiser les actions pour renforcer les me\u0301canismes de protection et de soutien aux femmes victimes de violences, ainsi que pour promouvoir l\u2019acce\u0300s des femmes aux postes de responsabilite\u0301 et de leadership au sein de la communaute\u0301.<\/p>\n<p>Flore FARAIDA<\/p>\n<p><strong>Pour plus d&rsquo;informations et d&rsquo;analyses sur la <a href=\"https:\/\/www.africa-press.net\/cameroun\">Cameroun<\/a>, suivez <a href=\"https:\/\/www.africa-press.net\/\">Africa-Press<\/a><\/strong><\/p>\n","protected":false},"excerpt":{"rendered":"<p>Africa-Press &#8211; Cameroun. Les autorite\u0301s ont pour cheval de bataille l\u2019e\u0301ducation de la jeune fille pour son e\u0301panouissement et un changement de mentalite\u0301. La re\u0301gion du Nord Cameroun est confronte\u0301e a\u0300 de nombreux de\u0301fis en matie\u0300re de justice sociale pour les jeunes filles et les femmes. Ces de\u0301fis comprennent la discrimination base\u0301e sur le genre, [&hellip;]<\/p>\n","protected":false},"author":82,"featured_media":61581,"comment_status":"open","ping_status":"closed","sticky":false,"template":"","format":"standard","meta":{"footnotes":""},"categories":[21,10],"tags":[36,50,49],"class_list":["post-61583","post","type-post","status-publish","format-standard","has-post-thumbnail","hentry","category-communaute","category-toutes-les-actualites","tag-africa-press","tag-africa-press-cameroun","tag-cameroun"],"yoast_head":"<!-- This site is optimized with the Yoast SEO Premium plugin v26.1 (Yoast SEO v27.0) - https:\/\/yoast.com\/product\/yoast-seo-premium-wordpress\/ -->\n<title>Des acteurs se penchent sur l\u2019am\u00e9lioration de la justice sociale en faveur de la jeune fille au Nord-Cameroun - Cameroun<\/title>\n<meta name=\"description\" content=\"Les autorite\u0301s ont pour cheval de bataille l\u2019e\u0301ducation de la jeune fille pour son e\u0301panouissement et un changement d ...\" \/>\n<meta name=\"robots\" content=\"index, follow, max-snippet:-1, max-image-preview:large, max-video-preview:-1\" \/>\n<link rel=\"canonical\" href=\"https:\/\/www.africa-press.net\/cameroun\/toutes-les-actualites\/des-acteurs-se-penchent-sur-lamelioration-de-la-justice-sociale-en-faveur-de-la-jeune-fille-au-nord-cameroun\" \/>\n<meta property=\"og:locale\" content=\"fr_FR\" \/>\n<meta property=\"og:type\" content=\"article\" \/>\n<meta property=\"og:title\" content=\"Des acteurs se penchent sur l\u2019am\u00e9lioration de la justice sociale en faveur de la jeune fille au Nord-Cameroun\" \/>\n<meta property=\"og:description\" content=\"Les autorite\u0301s ont pour cheval de bataille l\u2019e\u0301ducation de la jeune fille pour son e\u0301panouissement et un changement d ...\" \/>\n<meta property=\"og:url\" content=\"https:\/\/www.africa-press.net\/cameroun\/toutes-les-actualites\/des-acteurs-se-penchent-sur-lamelioration-de-la-justice-sociale-en-faveur-de-la-jeune-fille-au-nord-cameroun\" \/>\n<meta property=\"og:site_name\" content=\"Cameroun\" \/>\n<meta property=\"article:published_time\" content=\"2024-02-23T12:16:21+00:00\" \/>\n<meta property=\"article:modified_time\" content=\"2024-02-23T12:43:41+00:00\" \/>\n<meta property=\"og:image\" content=\"https:\/\/static.africa-press.net\/cameroun\/sites\/57\/2024\/02\/sm_1708679419.789192.jpg\" \/>\n\t<meta property=\"og:image:width\" content=\"780\" \/>\n\t<meta property=\"og:image:height\" content=\"440\" \/>\n\t<meta property=\"og:image:type\" content=\"image\/jpeg\" \/>\n<meta name=\"author\" content=\"cfeditorfr\" \/>\n<meta name=\"twitter:card\" content=\"summary_large_image\" \/>\n<meta name=\"twitter:label1\" content=\"\u00c9crit par\" \/>\n\t<meta name=\"twitter:data1\" content=\"cfeditorfr\" \/>\n\t<meta name=\"twitter:label2\" content=\"Dur\u00e9e de lecture estim\u00e9e\" \/>\n\t<meta name=\"twitter:data2\" content=\"2 minutes\" \/>\n<script type=\"application\/ld+json\" class=\"yoast-schema-graph\">{\"@context\":\"https:\/\/schema.org\",\"@graph\":[{\"@type\":\"Article\",\"@id\":\"https:\/\/www.africa-press.net\/cameroun\/toutes-les-actualites\/des-acteurs-se-penchent-sur-lamelioration-de-la-justice-sociale-en-faveur-de-la-jeune-fille-au-nord-cameroun#article\",\"isPartOf\":{\"@id\":\"https:\/\/www.africa-press.net\/cameroun\/toutes-les-actualites\/des-acteurs-se-penchent-sur-lamelioration-de-la-justice-sociale-en-faveur-de-la-jeune-fille-au-nord-cameroun\"},\"author\":{\"name\":\"cfeditorfr\",\"@id\":\"https:\/\/www.africa-press.net\/cameroun\/#\/schema\/person\/2b1cf3cd81a31e3cd26889ca66d677f1\"},\"headline\":\"Des acteurs se penchent sur l\u2019am\u00e9lioration de la justice sociale en faveur de la jeune fille au Nord-Cameroun\",\"datePublished\":\"2024-02-23T12:16:21+00:00\",\"dateModified\":\"2024-02-23T12:43:41+00:00\",\"mainEntityOfPage\":{\"@id\":\"https:\/\/www.africa-press.net\/cameroun\/toutes-les-actualites\/des-acteurs-se-penchent-sur-lamelioration-de-la-justice-sociale-en-faveur-de-la-jeune-fille-au-nord-cameroun\"},\"wordCount\":495,\"commentCount\":0,\"image\":{\"@id\":\"https:\/\/www.africa-press.net\/cameroun\/toutes-les-actualites\/des-acteurs-se-penchent-sur-lamelioration-de-la-justice-sociale-en-faveur-de-la-jeune-fille-au-nord-cameroun#primaryimage\"},\"thumbnailUrl\":\"https:\/\/static.africa-press.net\/cameroun\/sites\/57\/2024\/02\/sm_1708679419.789192.jpg\",\"keywords\":[\"Africa Press\",\"Africa Press-Cameroun\",\"Cameroun\"],\"articleSection\":[\"Communaut\u00e9\",\"Toutes les actualit\u00e9s\"],\"inLanguage\":\"fr-FR\",\"potentialAction\":[{\"@type\":\"CommentAction\",\"name\":\"Comment\",\"target\":[\"https:\/\/www.africa-press.net\/cameroun\/toutes-les-actualites\/des-acteurs-se-penchent-sur-lamelioration-de-la-justice-sociale-en-faveur-de-la-jeune-fille-au-nord-cameroun#respond\"]}]},{\"@type\":\"WebPage\",\"@id\":\"https:\/\/www.africa-press.net\/cameroun\/toutes-les-actualites\/des-acteurs-se-penchent-sur-lamelioration-de-la-justice-sociale-en-faveur-de-la-jeune-fille-au-nord-cameroun\",\"url\":\"https:\/\/www.africa-press.net\/cameroun\/toutes-les-actualites\/des-acteurs-se-penchent-sur-lamelioration-de-la-justice-sociale-en-faveur-de-la-jeune-fille-au-nord-cameroun\",\"name\":\"Des acteurs se penchent sur l\u2019am\u00e9lioration de la justice sociale en faveur de la jeune fille au Nord-Cameroun - Cameroun\",\"isPartOf\":{\"@id\":\"https:\/\/www.africa-press.net\/cameroun\/#website\"},\"primaryImageOfPage\":{\"@id\":\"https:\/\/www.africa-press.net\/cameroun\/toutes-les-actualites\/des-acteurs-se-penchent-sur-lamelioration-de-la-justice-sociale-en-faveur-de-la-jeune-fille-au-nord-cameroun#primaryimage\"},\"image\":{\"@id\":\"https:\/\/www.africa-press.net\/cameroun\/toutes-les-actualites\/des-acteurs-se-penchent-sur-lamelioration-de-la-justice-sociale-en-faveur-de-la-jeune-fille-au-nord-cameroun#primaryimage\"},\"thumbnailUrl\":\"https:\/\/static.africa-press.net\/cameroun\/sites\/57\/2024\/02\/sm_1708679419.789192.jpg\",\"datePublished\":\"2024-02-23T12:16:21+00:00\",\"dateModified\":\"2024-02-23T12:43:41+00:00\",\"author\":{\"@id\":\"https:\/\/www.africa-press.net\/cameroun\/#\/schema\/person\/2b1cf3cd81a31e3cd26889ca66d677f1\"},\"description\":\"Les autorite\u0301s ont pour cheval de bataille l\u2019e\u0301ducation de la jeune fille pour son e\u0301panouissement et un changement d ...\",\"breadcrumb\":{\"@id\":\"https:\/\/www.africa-press.net\/cameroun\/toutes-les-actualites\/des-acteurs-se-penchent-sur-lamelioration-de-la-justice-sociale-en-faveur-de-la-jeune-fille-au-nord-cameroun#breadcrumb\"},\"inLanguage\":\"fr-FR\",\"potentialAction\":[{\"@type\":\"ReadAction\",\"target\":[\"https:\/\/www.africa-press.net\/cameroun\/toutes-les-actualites\/des-acteurs-se-penchent-sur-lamelioration-de-la-justice-sociale-en-faveur-de-la-jeune-fille-au-nord-cameroun\"]}]},{\"@type\":\"ImageObject\",\"inLanguage\":\"fr-FR\",\"@id\":\"https:\/\/www.africa-press.net\/cameroun\/toutes-les-actualites\/des-acteurs-se-penchent-sur-lamelioration-de-la-justice-sociale-en-faveur-de-la-jeune-fille-au-nord-cameroun#primaryimage\",\"url\":\"https:\/\/static.africa-press.net\/cameroun\/sites\/57\/2024\/02\/sm_1708679419.789192.jpg\",\"contentUrl\":\"https:\/\/static.africa-press.net\/cameroun\/sites\/57\/2024\/02\/sm_1708679419.789192.jpg\",\"width\":780,\"height\":440,\"caption\":\"Des acteurs se penchent sur l\u2019am\u00e9lioration de la justice sociale en faveur de la jeune fille au Nord-Cameroun\"},{\"@type\":\"BreadcrumbList\",\"@id\":\"https:\/\/www.africa-press.net\/cameroun\/toutes-les-actualites\/des-acteurs-se-penchent-sur-lamelioration-de-la-justice-sociale-en-faveur-de-la-jeune-fille-au-nord-cameroun#breadcrumb\",\"itemListElement\":[{\"@type\":\"ListItem\",\"position\":1,\"name\":\"Accueil\",\"item\":\"https:\/\/www.africa-press.net\/cameroun\/\"},{\"@type\":\"ListItem\",\"position\":2,\"name\":\"Des acteurs se penchent sur l\u2019am\u00e9lioration de la justice sociale en faveur de la jeune fille au Nord-Cameroun\"}]},{\"@type\":\"WebSite\",\"@id\":\"https:\/\/www.africa-press.net\/cameroun\/#website\",\"url\":\"https:\/\/www.africa-press.net\/cameroun\/\",\"name\":\"Cameroun\",\"description\":\"Just another Africa News Agency Sites site\",\"potentialAction\":[{\"@type\":\"SearchAction\",\"target\":{\"@type\":\"EntryPoint\",\"urlTemplate\":\"https:\/\/www.africa-press.net\/cameroun\/?s={search_term_string}\"},\"query-input\":{\"@type\":\"PropertyValueSpecification\",\"valueRequired\":true,\"valueName\":\"search_term_string\"}}],\"inLanguage\":\"fr-FR\"},{\"@type\":\"Person\",\"@id\":\"https:\/\/www.africa-press.net\/cameroun\/#\/schema\/person\/2b1cf3cd81a31e3cd26889ca66d677f1\",\"name\":\"cfeditorfr\"}]}<\/script>\n<!-- \/ Yoast SEO Premium plugin. -->","yoast_head_json":{"title":"Des acteurs se penchent sur l\u2019am\u00e9lioration de la justice sociale en faveur de la jeune fille au Nord-Cameroun - Cameroun","description":"Les autorite\u0301s ont pour cheval de bataille l\u2019e\u0301ducation de la jeune fille pour son e\u0301panouissement et un changement d ...","robots":{"index":"index","follow":"follow","max-snippet":"max-snippet:-1","max-image-preview":"max-image-preview:large","max-video-preview":"max-video-preview:-1"},"canonical":"https:\/\/www.africa-press.net\/cameroun\/toutes-les-actualites\/des-acteurs-se-penchent-sur-lamelioration-de-la-justice-sociale-en-faveur-de-la-jeune-fille-au-nord-cameroun","og_locale":"fr_FR","og_type":"article","og_title":"Des acteurs se penchent sur l\u2019am\u00e9lioration de la justice sociale en faveur de la jeune fille au Nord-Cameroun","og_description":"Les autorite\u0301s ont pour cheval de bataille l\u2019e\u0301ducation de la jeune fille pour son e\u0301panouissement et un changement d ...","og_url":"https:\/\/www.africa-press.net\/cameroun\/toutes-les-actualites\/des-acteurs-se-penchent-sur-lamelioration-de-la-justice-sociale-en-faveur-de-la-jeune-fille-au-nord-cameroun","og_site_name":"Cameroun","article_published_time":"2024-02-23T12:16:21+00:00","article_modified_time":"2024-02-23T12:43:41+00:00","og_image":[{"width":780,"height":440,"url":"https:\/\/static.africa-press.net\/cameroun\/sites\/57\/2024\/02\/sm_1708679419.789192.jpg","type":"image\/jpeg"}],"author":"cfeditorfr","twitter_card":"summary_large_image","twitter_misc":{"\u00c9crit par":"cfeditorfr","Dur\u00e9e de lecture estim\u00e9e":"2 minutes"},"schema":{"@context":"https:\/\/schema.org","@graph":[{"@type":"Article","@id":"https:\/\/www.africa-press.net\/cameroun\/toutes-les-actualites\/des-acteurs-se-penchent-sur-lamelioration-de-la-justice-sociale-en-faveur-de-la-jeune-fille-au-nord-cameroun#article","isPartOf":{"@id":"https:\/\/www.africa-press.net\/cameroun\/toutes-les-actualites\/des-acteurs-se-penchent-sur-lamelioration-de-la-justice-sociale-en-faveur-de-la-jeune-fille-au-nord-cameroun"},"author":{"name":"cfeditorfr","@id":"https:\/\/www.africa-press.net\/cameroun\/#\/schema\/person\/2b1cf3cd81a31e3cd26889ca66d677f1"},"headline":"Des acteurs se penchent sur l\u2019am\u00e9lioration de la justice sociale en faveur de la jeune fille au Nord-Cameroun","datePublished":"2024-02-23T12:16:21+00:00","dateModified":"2024-02-23T12:43:41+00:00","mainEntityOfPage":{"@id":"https:\/\/www.africa-press.net\/cameroun\/toutes-les-actualites\/des-acteurs-se-penchent-sur-lamelioration-de-la-justice-sociale-en-faveur-de-la-jeune-fille-au-nord-cameroun"},"wordCount":495,"commentCount":0,"image":{"@id":"https:\/\/www.africa-press.net\/cameroun\/toutes-les-actualites\/des-acteurs-se-penchent-sur-lamelioration-de-la-justice-sociale-en-faveur-de-la-jeune-fille-au-nord-cameroun#primaryimage"},"thumbnailUrl":"https:\/\/static.africa-press.net\/cameroun\/sites\/57\/2024\/02\/sm_1708679419.789192.jpg","keywords":["Africa Press","Africa Press-Cameroun","Cameroun"],"articleSection":["Communaut\u00e9","Toutes les actualit\u00e9s"],"inLanguage":"fr-FR","potentialAction":[{"@type":"CommentAction","name":"Comment","target":["https:\/\/www.africa-press.net\/cameroun\/toutes-les-actualites\/des-acteurs-se-penchent-sur-lamelioration-de-la-justice-sociale-en-faveur-de-la-jeune-fille-au-nord-cameroun#respond"]}]},{"@type":"WebPage","@id":"https:\/\/www.africa-press.net\/cameroun\/toutes-les-actualites\/des-acteurs-se-penchent-sur-lamelioration-de-la-justice-sociale-en-faveur-de-la-jeune-fille-au-nord-cameroun","url":"https:\/\/www.africa-press.net\/cameroun\/toutes-les-actualites\/des-acteurs-se-penchent-sur-lamelioration-de-la-justice-sociale-en-faveur-de-la-jeune-fille-au-nord-cameroun","name":"Des acteurs se penchent sur l\u2019am\u00e9lioration de la justice sociale en faveur de la jeune fille au Nord-Cameroun - Cameroun","isPartOf":{"@id":"https:\/\/www.africa-press.net\/cameroun\/#website"},"primaryImageOfPage":{"@id":"https:\/\/www.africa-press.net\/cameroun\/toutes-les-actualites\/des-acteurs-se-penchent-sur-lamelioration-de-la-justice-sociale-en-faveur-de-la-jeune-fille-au-nord-cameroun#primaryimage"},"image":{"@id":"https:\/\/www.africa-press.net\/cameroun\/toutes-les-actualites\/des-acteurs-se-penchent-sur-lamelioration-de-la-justice-sociale-en-faveur-de-la-jeune-fille-au-nord-cameroun#primaryimage"},"thumbnailUrl":"https:\/\/static.africa-press.net\/cameroun\/sites\/57\/2024\/02\/sm_1708679419.789192.jpg","datePublished":"2024-02-23T12:16:21+00:00","dateModified":"2024-02-23T12:43:41+00:00","author":{"@id":"https:\/\/www.africa-press.net\/cameroun\/#\/schema\/person\/2b1cf3cd81a31e3cd26889ca66d677f1"},"description":"Les autorite\u0301s ont pour cheval de bataille l\u2019e\u0301ducation de la jeune fille pour son e\u0301panouissement et un changement d ...","breadcrumb":{"@id":"https:\/\/www.africa-press.net\/cameroun\/toutes-les-actualites\/des-acteurs-se-penchent-sur-lamelioration-de-la-justice-sociale-en-faveur-de-la-jeune-fille-au-nord-cameroun#breadcrumb"},"inLanguage":"fr-FR","potentialAction":[{"@type":"ReadAction","target":["https:\/\/www.africa-press.net\/cameroun\/toutes-les-actualites\/des-acteurs-se-penchent-sur-lamelioration-de-la-justice-sociale-en-faveur-de-la-jeune-fille-au-nord-cameroun"]}]},{"@type":"ImageObject","inLanguage":"fr-FR","@id":"https:\/\/www.africa-press.net\/cameroun\/toutes-les-actualites\/des-acteurs-se-penchent-sur-lamelioration-de-la-justice-sociale-en-faveur-de-la-jeune-fille-au-nord-cameroun#primaryimage","url":"https:\/\/static.africa-press.net\/cameroun\/sites\/57\/2024\/02\/sm_1708679419.789192.jpg","contentUrl":"https:\/\/static.africa-press.net\/cameroun\/sites\/57\/2024\/02\/sm_1708679419.789192.jpg","width":780,"height":440,"caption":"Des acteurs se penchent sur l\u2019am\u00e9lioration de la justice sociale en faveur de la jeune fille au Nord-Cameroun"},{"@type":"BreadcrumbList","@id":"https:\/\/www.africa-press.net\/cameroun\/toutes-les-actualites\/des-acteurs-se-penchent-sur-lamelioration-de-la-justice-sociale-en-faveur-de-la-jeune-fille-au-nord-cameroun#breadcrumb","itemListElement":[{"@type":"ListItem","position":1,"name":"Accueil","item":"https:\/\/www.africa-press.net\/cameroun\/"},{"@type":"ListItem","position":2,"name":"Des acteurs se penchent sur l\u2019am\u00e9lioration de la justice sociale en faveur de la jeune fille au Nord-Cameroun"}]},{"@type":"WebSite","@id":"https:\/\/www.africa-press.net\/cameroun\/#website","url":"https:\/\/www.africa-press.net\/cameroun\/","name":"Cameroun","description":"Just another Africa News Agency Sites site","potentialAction":[{"@type":"SearchAction","target":{"@type":"EntryPoint","urlTemplate":"https:\/\/www.africa-press.net\/cameroun\/?s={search_term_string}"},"query-input":{"@type":"PropertyValueSpecification","valueRequired":true,"valueName":"search_term_string"}}],"inLanguage":"fr-FR"},{"@type":"Person","@id":"https:\/\/www.africa-press.net\/cameroun\/#\/schema\/person\/2b1cf3cd81a31e3cd26889ca66d677f1","name":"cfeditorfr"}]}},"_links":{"self":[{"href":"https:\/\/www.africa-press.net\/cameroun\/wp-json\/wp\/v2\/posts\/61583","targetHints":{"allow":["GET"]}}],"collection":[{"href":"https:\/\/www.africa-press.net\/cameroun\/wp-json\/wp\/v2\/posts"}],"about":[{"href":"https:\/\/www.africa-press.net\/cameroun\/wp-json\/wp\/v2\/types\/post"}],"author":[{"embeddable":true,"href":"https:\/\/www.africa-press.net\/cameroun\/wp-json\/wp\/v2\/users\/82"}],"replies":[{"embeddable":true,"href":"https:\/\/www.africa-press.net\/cameroun\/wp-json\/wp\/v2\/comments?post=61583"}],"version-history":[{"count":0,"href":"https:\/\/www.africa-press.net\/cameroun\/wp-json\/wp\/v2\/posts\/61583\/revisions"}],"wp:featuredmedia":[{"embeddable":true,"href":"https:\/\/www.africa-press.net\/cameroun\/wp-json\/wp\/v2\/media\/61581"}],"wp:attachment":[{"href":"https:\/\/www.africa-press.net\/cameroun\/wp-json\/wp\/v2\/media?parent=61583"}],"wp:term":[{"taxonomy":"category","embeddable":true,"href":"https:\/\/www.africa-press.net\/cameroun\/wp-json\/wp\/v2\/categories?post=61583"},{"taxonomy":"post_tag","embeddable":true,"href":"https:\/\/www.africa-press.net\/cameroun\/wp-json\/wp\/v2\/tags?post=61583"}],"curies":[{"name":"wp","href":"https:\/\/api.w.org\/{rel}","templated":true}]}}