{"id":61586,"date":"2024-02-23T12:16:34","date_gmt":"2024-02-23T12:16:34","guid":{"rendered":"https:\/\/www.africa-press.net\/cameroun\/politique\/cameroun-paul-biya-releve-le-montant-des-allocations-familiales-des-travailleurs"},"modified":"2024-02-23T12:44:26","modified_gmt":"2024-02-23T12:44:26","slug":"cameroun-paul-biya-releve-le-montant-des-allocations-familiales-des-travailleurs","status":"publish","type":"post","link":"https:\/\/www.africa-press.net\/cameroun\/economie\/cameroun-paul-biya-releve-le-montant-des-allocations-familiales-des-travailleurs","title":{"rendered":"Cameroun : Paul Biya rel\u00e8ve le montant des allocations familiales des travailleurs"},"content":{"rendered":"<p><span style=\"color: #ff6600\"><strong>Africa-Press &#8211; Cameroun. <\/strong><\/span><b>Un de\u0301cret du chef de l\u2019Etat rendu public le 21 fe\u0301vrier 2024 porte le nouveau montant a\u0300 4 500 FCFA par enfant.<\/b><\/p>\n<p>Le pre\u0301sident de la Re\u0301publique fixe le nouveau montant des allocations familiales. Le chef de l\u2019Etat, a\u0300 travers le <b>de\u0301cret N\u00b02024\/056 du 21 fe\u0301vrier 2024<\/b>, de\u0301cide que les allocations familiales servies aux travailleurs par la Caisse nationale de pre\u0301voyance sociale et par le ministe\u0300re des Finances, est revalorise\u0301 a\u0300 4 500 a\u0300 compter du 21 fe\u0301vrier 2024. Cet acte du pre\u0301sident Paul Biya fait passer le montant des allocations familiales de 2 800 FCFA par enfant et par mois tel que <b>de\u0301cre\u0301te\u0301 le 21 janvier 2016<\/b>, a\u0300 4 500 FCFA par enfant. Soit une augmentation de 1 700 FCFA. Avant 2016, le montant des allocations familiales e\u0301tait fixe\u0301 a\u0300 1 800 FCFA par enfant a\u0300 charge et par mois par le <b>de\u0301cret du 02 aou\u0302t 1985<\/b>.<\/p>\n<p>La de\u0301cision du pre\u0301sident de la Re\u0301publique est conse\u0301cutive a\u0300 la deuxie\u0300me augmentation des prix des carburants a\u0300 la pompe en l\u2019espace d\u2019un an. Elle s\u2019inscrit dans le cadre des mesures d\u2019accompagnement destine\u0301es a\u0300 atte\u0301nuer les effets de cette hausse des prix des carburants sur les familles et au sein de la socie\u0301te\u0301 en ge\u0301ne\u0301ral. Outre cette revalorisation des allocations familiales, le chef de l\u2019Etat a rendu public un autre de\u0301cret portant revalorisation des salaires des fonctionnaires et agents de l\u2019Etat a\u0300 hauteur de 5%.<\/p>\n<p><strong>Pour plus d&rsquo;informations et d&rsquo;analyses sur la <a href=\"https:\/\/www.africa-press.net\/cameroun\">Cameroun<\/a>, suivez <a href=\"https:\/\/www.africa-press.net\/\">Africa-Press<\/a><\/strong><\/p>\n","protected":false},"excerpt":{"rendered":"<p>Africa-Press &#8211; Cameroun. Un de\u0301cret du chef de l\u2019Etat rendu public le 21 fe\u0301vrier 2024 porte le nouveau montant a\u0300 4 500 FCFA par enfant. Le pre\u0301sident de la Re\u0301publique fixe le nouveau montant des allocations familiales. Le chef de l\u2019Etat, a\u0300 travers le de\u0301cret N\u00b02024\/056 du 21 fe\u0301vrier 2024, de\u0301cide que les allocations familiales [&hellip;]<\/p>\n","protected":false},"author":82,"featured_media":61584,"comment_status":"open","ping_status":"closed","sticky":false,"template":"","format":"standard","meta":{"footnotes":""},"categories":[3,10],"tags":[36,50,49],"class_list":["post-61586","post","type-post","status-publish","format-standard","has-post-thumbnail","hentry","category-economie","category-toutes-les-actualites","tag-africa-press","tag-africa-press-cameroun","tag-cameroun"],"yoast_head":"<!-- This site is optimized with the Yoast SEO Premium plugin v26.1 (Yoast SEO v27.0) - https:\/\/yoast.com\/product\/yoast-seo-premium-wordpress\/ -->\n<title>Cameroun : Paul Biya rel\u00e8ve le montant des allocations familiales des travailleurs - Cameroun<\/title>\n<meta name=\"description\" content=\"Un de\u0301cret du chef de l\u2019Etat rendu public le 21 fe\u0301vrier 2024 porte le nouveau montant a\u0300 4 500 FCFA par enfant. ...\" \/>\n<meta name=\"robots\" content=\"index, follow, max-snippet:-1, max-image-preview:large, max-video-preview:-1\" \/>\n<link rel=\"canonical\" href=\"https:\/\/www.africa-press.net\/cameroun\/economie\/cameroun-paul-biya-releve-le-montant-des-allocations-familiales-des-travailleurs\" \/>\n<meta property=\"og:locale\" content=\"fr_FR\" \/>\n<meta property=\"og:type\" content=\"article\" \/>\n<meta property=\"og:title\" content=\"Cameroun : Paul Biya rel\u00e8ve le montant des allocations familiales des travailleurs\" \/>\n<meta property=\"og:description\" content=\"Un de\u0301cret du chef de l\u2019Etat rendu public le 21 fe\u0301vrier 2024 porte le nouveau montant a\u0300 4 500 FCFA par enfant. ...\" \/>\n<meta property=\"og:url\" content=\"https:\/\/www.africa-press.net\/cameroun\/economie\/cameroun-paul-biya-releve-le-montant-des-allocations-familiales-des-travailleurs\" \/>\n<meta property=\"og:site_name\" content=\"Cameroun\" \/>\n<meta property=\"article:published_time\" content=\"2024-02-23T12:16:34+00:00\" \/>\n<meta property=\"article:modified_time\" content=\"2024-02-23T12:44:26+00:00\" \/>\n<meta property=\"og:image\" content=\"https:\/\/static.africa-press.net\/cameroun\/sites\/57\/2024\/02\/sm_1708679484.278308.jpg\" \/>\n\t<meta property=\"og:image:width\" content=\"780\" \/>\n\t<meta property=\"og:image:height\" content=\"440\" \/>\n\t<meta property=\"og:image:type\" content=\"image\/jpeg\" \/>\n<meta name=\"author\" content=\"cfeditorfr\" \/>\n<meta name=\"twitter:card\" content=\"summary_large_image\" \/>\n<meta name=\"twitter:label1\" content=\"\u00c9crit par\" \/>\n\t<meta name=\"twitter:data1\" content=\"cfeditorfr\" \/>\n\t<meta name=\"twitter:label2\" content=\"Dur\u00e9e de lecture estim\u00e9e\" \/>\n\t<meta name=\"twitter:data2\" content=\"1 minute\" \/>\n<script type=\"application\/ld+json\" class=\"yoast-schema-graph\">{\"@context\":\"https:\/\/schema.org\",\"@graph\":[{\"@type\":\"Article\",\"@id\":\"https:\/\/www.africa-press.net\/cameroun\/economie\/cameroun-paul-biya-releve-le-montant-des-allocations-familiales-des-travailleurs#article\",\"isPartOf\":{\"@id\":\"https:\/\/www.africa-press.net\/cameroun\/economie\/cameroun-paul-biya-releve-le-montant-des-allocations-familiales-des-travailleurs\"},\"author\":{\"name\":\"cfeditorfr\",\"@id\":\"https:\/\/www.africa-press.net\/cameroun\/#\/schema\/person\/2b1cf3cd81a31e3cd26889ca66d677f1\"},\"headline\":\"Cameroun : Paul Biya rel\u00e8ve le montant des allocations familiales des travailleurs\",\"datePublished\":\"2024-02-23T12:16:34+00:00\",\"dateModified\":\"2024-02-23T12:44:26+00:00\",\"mainEntityOfPage\":{\"@id\":\"https:\/\/www.africa-press.net\/cameroun\/economie\/cameroun-paul-biya-releve-le-montant-des-allocations-familiales-des-travailleurs\"},\"wordCount\":271,\"commentCount\":0,\"image\":{\"@id\":\"https:\/\/www.africa-press.net\/cameroun\/economie\/cameroun-paul-biya-releve-le-montant-des-allocations-familiales-des-travailleurs#primaryimage\"},\"thumbnailUrl\":\"https:\/\/static.africa-press.net\/cameroun\/sites\/57\/2024\/02\/sm_1708679484.278308.jpg\",\"keywords\":[\"Africa Press\",\"Africa Press-Cameroun\",\"Cameroun\"],\"articleSection\":[\"\u00c9conomie\",\"Toutes les actualit\u00e9s\"],\"inLanguage\":\"fr-FR\",\"potentialAction\":[{\"@type\":\"CommentAction\",\"name\":\"Comment\",\"target\":[\"https:\/\/www.africa-press.net\/cameroun\/economie\/cameroun-paul-biya-releve-le-montant-des-allocations-familiales-des-travailleurs#respond\"]}]},{\"@type\":\"WebPage\",\"@id\":\"https:\/\/www.africa-press.net\/cameroun\/economie\/cameroun-paul-biya-releve-le-montant-des-allocations-familiales-des-travailleurs\",\"url\":\"https:\/\/www.africa-press.net\/cameroun\/economie\/cameroun-paul-biya-releve-le-montant-des-allocations-familiales-des-travailleurs\",\"name\":\"Cameroun : Paul Biya rel\u00e8ve le montant des allocations familiales des travailleurs - Cameroun\",\"isPartOf\":{\"@id\":\"https:\/\/www.africa-press.net\/cameroun\/#website\"},\"primaryImageOfPage\":{\"@id\":\"https:\/\/www.africa-press.net\/cameroun\/economie\/cameroun-paul-biya-releve-le-montant-des-allocations-familiales-des-travailleurs#primaryimage\"},\"image\":{\"@id\":\"https:\/\/www.africa-press.net\/cameroun\/economie\/cameroun-paul-biya-releve-le-montant-des-allocations-familiales-des-travailleurs#primaryimage\"},\"thumbnailUrl\":\"https:\/\/static.africa-press.net\/cameroun\/sites\/57\/2024\/02\/sm_1708679484.278308.jpg\",\"datePublished\":\"2024-02-23T12:16:34+00:00\",\"dateModified\":\"2024-02-23T12:44:26+00:00\",\"author\":{\"@id\":\"https:\/\/www.africa-press.net\/cameroun\/#\/schema\/person\/2b1cf3cd81a31e3cd26889ca66d677f1\"},\"description\":\"Un de\u0301cret du chef de l\u2019Etat rendu public le 21 fe\u0301vrier 2024 porte le nouveau montant a\u0300 4 500 FCFA par enfant. ...\",\"breadcrumb\":{\"@id\":\"https:\/\/www.africa-press.net\/cameroun\/economie\/cameroun-paul-biya-releve-le-montant-des-allocations-familiales-des-travailleurs#breadcrumb\"},\"inLanguage\":\"fr-FR\",\"potentialAction\":[{\"@type\":\"ReadAction\",\"target\":[\"https:\/\/www.africa-press.net\/cameroun\/economie\/cameroun-paul-biya-releve-le-montant-des-allocations-familiales-des-travailleurs\"]}]},{\"@type\":\"ImageObject\",\"inLanguage\":\"fr-FR\",\"@id\":\"https:\/\/www.africa-press.net\/cameroun\/economie\/cameroun-paul-biya-releve-le-montant-des-allocations-familiales-des-travailleurs#primaryimage\",\"url\":\"https:\/\/static.africa-press.net\/cameroun\/sites\/57\/2024\/02\/sm_1708679484.278308.jpg\",\"contentUrl\":\"https:\/\/static.africa-press.net\/cameroun\/sites\/57\/2024\/02\/sm_1708679484.278308.jpg\",\"width\":780,\"height\":440,\"caption\":\"Cameroun : Paul Biya rel\u00e8ve le montant des allocations familiales des travailleurs\"},{\"@type\":\"BreadcrumbList\",\"@id\":\"https:\/\/www.africa-press.net\/cameroun\/economie\/cameroun-paul-biya-releve-le-montant-des-allocations-familiales-des-travailleurs#breadcrumb\",\"itemListElement\":[{\"@type\":\"ListItem\",\"position\":1,\"name\":\"Accueil\",\"item\":\"https:\/\/www.africa-press.net\/cameroun\/\"},{\"@type\":\"ListItem\",\"position\":2,\"name\":\"Cameroun : Paul Biya rel\u00e8ve le montant des allocations familiales des travailleurs\"}]},{\"@type\":\"WebSite\",\"@id\":\"https:\/\/www.africa-press.net\/cameroun\/#website\",\"url\":\"https:\/\/www.africa-press.net\/cameroun\/\",\"name\":\"Cameroun\",\"description\":\"Just another Africa News Agency Sites site\",\"potentialAction\":[{\"@type\":\"SearchAction\",\"target\":{\"@type\":\"EntryPoint\",\"urlTemplate\":\"https:\/\/www.africa-press.net\/cameroun\/?s={search_term_string}\"},\"query-input\":{\"@type\":\"PropertyValueSpecification\",\"valueRequired\":true,\"valueName\":\"search_term_string\"}}],\"inLanguage\":\"fr-FR\"},{\"@type\":\"Person\",\"@id\":\"https:\/\/www.africa-press.net\/cameroun\/#\/schema\/person\/2b1cf3cd81a31e3cd26889ca66d677f1\",\"name\":\"cfeditorfr\"}]}<\/script>\n<!-- \/ Yoast SEO Premium plugin. -->","yoast_head_json":{"title":"Cameroun : Paul Biya rel\u00e8ve le montant des allocations familiales des travailleurs - Cameroun","description":"Un de\u0301cret du chef de l\u2019Etat rendu public le 21 fe\u0301vrier 2024 porte le nouveau montant a\u0300 4 500 FCFA par enfant. ...","robots":{"index":"index","follow":"follow","max-snippet":"max-snippet:-1","max-image-preview":"max-image-preview:large","max-video-preview":"max-video-preview:-1"},"canonical":"https:\/\/www.africa-press.net\/cameroun\/economie\/cameroun-paul-biya-releve-le-montant-des-allocations-familiales-des-travailleurs","og_locale":"fr_FR","og_type":"article","og_title":"Cameroun : Paul Biya rel\u00e8ve le montant des allocations familiales des travailleurs","og_description":"Un de\u0301cret du chef de l\u2019Etat rendu public le 21 fe\u0301vrier 2024 porte le nouveau montant a\u0300 4 500 FCFA par enfant. ...","og_url":"https:\/\/www.africa-press.net\/cameroun\/economie\/cameroun-paul-biya-releve-le-montant-des-allocations-familiales-des-travailleurs","og_site_name":"Cameroun","article_published_time":"2024-02-23T12:16:34+00:00","article_modified_time":"2024-02-23T12:44:26+00:00","og_image":[{"width":780,"height":440,"url":"https:\/\/static.africa-press.net\/cameroun\/sites\/57\/2024\/02\/sm_1708679484.278308.jpg","type":"image\/jpeg"}],"author":"cfeditorfr","twitter_card":"summary_large_image","twitter_misc":{"\u00c9crit par":"cfeditorfr","Dur\u00e9e de lecture estim\u00e9e":"1 minute"},"schema":{"@context":"https:\/\/schema.org","@graph":[{"@type":"Article","@id":"https:\/\/www.africa-press.net\/cameroun\/economie\/cameroun-paul-biya-releve-le-montant-des-allocations-familiales-des-travailleurs#article","isPartOf":{"@id":"https:\/\/www.africa-press.net\/cameroun\/economie\/cameroun-paul-biya-releve-le-montant-des-allocations-familiales-des-travailleurs"},"author":{"name":"cfeditorfr","@id":"https:\/\/www.africa-press.net\/cameroun\/#\/schema\/person\/2b1cf3cd81a31e3cd26889ca66d677f1"},"headline":"Cameroun : Paul Biya rel\u00e8ve le montant des allocations familiales des travailleurs","datePublished":"2024-02-23T12:16:34+00:00","dateModified":"2024-02-23T12:44:26+00:00","mainEntityOfPage":{"@id":"https:\/\/www.africa-press.net\/cameroun\/economie\/cameroun-paul-biya-releve-le-montant-des-allocations-familiales-des-travailleurs"},"wordCount":271,"commentCount":0,"image":{"@id":"https:\/\/www.africa-press.net\/cameroun\/economie\/cameroun-paul-biya-releve-le-montant-des-allocations-familiales-des-travailleurs#primaryimage"},"thumbnailUrl":"https:\/\/static.africa-press.net\/cameroun\/sites\/57\/2024\/02\/sm_1708679484.278308.jpg","keywords":["Africa Press","Africa Press-Cameroun","Cameroun"],"articleSection":["\u00c9conomie","Toutes les actualit\u00e9s"],"inLanguage":"fr-FR","potentialAction":[{"@type":"CommentAction","name":"Comment","target":["https:\/\/www.africa-press.net\/cameroun\/economie\/cameroun-paul-biya-releve-le-montant-des-allocations-familiales-des-travailleurs#respond"]}]},{"@type":"WebPage","@id":"https:\/\/www.africa-press.net\/cameroun\/economie\/cameroun-paul-biya-releve-le-montant-des-allocations-familiales-des-travailleurs","url":"https:\/\/www.africa-press.net\/cameroun\/economie\/cameroun-paul-biya-releve-le-montant-des-allocations-familiales-des-travailleurs","name":"Cameroun : Paul Biya rel\u00e8ve le montant des allocations familiales des travailleurs - Cameroun","isPartOf":{"@id":"https:\/\/www.africa-press.net\/cameroun\/#website"},"primaryImageOfPage":{"@id":"https:\/\/www.africa-press.net\/cameroun\/economie\/cameroun-paul-biya-releve-le-montant-des-allocations-familiales-des-travailleurs#primaryimage"},"image":{"@id":"https:\/\/www.africa-press.net\/cameroun\/economie\/cameroun-paul-biya-releve-le-montant-des-allocations-familiales-des-travailleurs#primaryimage"},"thumbnailUrl":"https:\/\/static.africa-press.net\/cameroun\/sites\/57\/2024\/02\/sm_1708679484.278308.jpg","datePublished":"2024-02-23T12:16:34+00:00","dateModified":"2024-02-23T12:44:26+00:00","author":{"@id":"https:\/\/www.africa-press.net\/cameroun\/#\/schema\/person\/2b1cf3cd81a31e3cd26889ca66d677f1"},"description":"Un de\u0301cret du chef de l\u2019Etat rendu public le 21 fe\u0301vrier 2024 porte le nouveau montant a\u0300 4 500 FCFA par enfant. ...","breadcrumb":{"@id":"https:\/\/www.africa-press.net\/cameroun\/economie\/cameroun-paul-biya-releve-le-montant-des-allocations-familiales-des-travailleurs#breadcrumb"},"inLanguage":"fr-FR","potentialAction":[{"@type":"ReadAction","target":["https:\/\/www.africa-press.net\/cameroun\/economie\/cameroun-paul-biya-releve-le-montant-des-allocations-familiales-des-travailleurs"]}]},{"@type":"ImageObject","inLanguage":"fr-FR","@id":"https:\/\/www.africa-press.net\/cameroun\/economie\/cameroun-paul-biya-releve-le-montant-des-allocations-familiales-des-travailleurs#primaryimage","url":"https:\/\/static.africa-press.net\/cameroun\/sites\/57\/2024\/02\/sm_1708679484.278308.jpg","contentUrl":"https:\/\/static.africa-press.net\/cameroun\/sites\/57\/2024\/02\/sm_1708679484.278308.jpg","width":780,"height":440,"caption":"Cameroun : Paul Biya rel\u00e8ve le montant des allocations familiales des travailleurs"},{"@type":"BreadcrumbList","@id":"https:\/\/www.africa-press.net\/cameroun\/economie\/cameroun-paul-biya-releve-le-montant-des-allocations-familiales-des-travailleurs#breadcrumb","itemListElement":[{"@type":"ListItem","position":1,"name":"Accueil","item":"https:\/\/www.africa-press.net\/cameroun\/"},{"@type":"ListItem","position":2,"name":"Cameroun : Paul Biya rel\u00e8ve le montant des allocations familiales des travailleurs"}]},{"@type":"WebSite","@id":"https:\/\/www.africa-press.net\/cameroun\/#website","url":"https:\/\/www.africa-press.net\/cameroun\/","name":"Cameroun","description":"Just another Africa News Agency Sites site","potentialAction":[{"@type":"SearchAction","target":{"@type":"EntryPoint","urlTemplate":"https:\/\/www.africa-press.net\/cameroun\/?s={search_term_string}"},"query-input":{"@type":"PropertyValueSpecification","valueRequired":true,"valueName":"search_term_string"}}],"inLanguage":"fr-FR"},{"@type":"Person","@id":"https:\/\/www.africa-press.net\/cameroun\/#\/schema\/person\/2b1cf3cd81a31e3cd26889ca66d677f1","name":"cfeditorfr"}]}},"_links":{"self":[{"href":"https:\/\/www.africa-press.net\/cameroun\/wp-json\/wp\/v2\/posts\/61586","targetHints":{"allow":["GET"]}}],"collection":[{"href":"https:\/\/www.africa-press.net\/cameroun\/wp-json\/wp\/v2\/posts"}],"about":[{"href":"https:\/\/www.africa-press.net\/cameroun\/wp-json\/wp\/v2\/types\/post"}],"author":[{"embeddable":true,"href":"https:\/\/www.africa-press.net\/cameroun\/wp-json\/wp\/v2\/users\/82"}],"replies":[{"embeddable":true,"href":"https:\/\/www.africa-press.net\/cameroun\/wp-json\/wp\/v2\/comments?post=61586"}],"version-history":[{"count":0,"href":"https:\/\/www.africa-press.net\/cameroun\/wp-json\/wp\/v2\/posts\/61586\/revisions"}],"wp:featuredmedia":[{"embeddable":true,"href":"https:\/\/www.africa-press.net\/cameroun\/wp-json\/wp\/v2\/media\/61584"}],"wp:attachment":[{"href":"https:\/\/www.africa-press.net\/cameroun\/wp-json\/wp\/v2\/media?parent=61586"}],"wp:term":[{"taxonomy":"category","embeddable":true,"href":"https:\/\/www.africa-press.net\/cameroun\/wp-json\/wp\/v2\/categories?post=61586"},{"taxonomy":"post_tag","embeddable":true,"href":"https:\/\/www.africa-press.net\/cameroun\/wp-json\/wp\/v2\/tags?post=61586"}],"curies":[{"name":"wp","href":"https:\/\/api.w.org\/{rel}","templated":true}]}}