{"id":61617,"date":"2024-02-22T12:18:12","date_gmt":"2024-02-22T12:18:12","guid":{"rendered":"https:\/\/www.africa-press.net\/cameroun\/politique\/le-nigeria-inaugure-un-marche-international-a-la-frontiere-avec-le-cameroun-pour-doper-les-echanges"},"modified":"2024-02-23T12:51:54","modified_gmt":"2024-02-23T12:51:54","slug":"le-nigeria-inaugure-un-marche-international-a-la-frontiere-avec-le-cameroun-pour-doper-les-echanges","status":"publish","type":"post","link":"https:\/\/www.africa-press.net\/cameroun\/economie\/le-nigeria-inaugure-un-marche-international-a-la-frontiere-avec-le-cameroun-pour-doper-les-echanges","title":{"rendered":"Le Nigeria inaugure un march\u00e9 international \u00e0 la fronti\u00e8re avec le Cameroun pour doper les \u00e9changes"},"content":{"rendered":"<p><span style=\"color: #ff6600\"><strong>Africa-Press &#8211; Cameroun. <\/strong><\/span>Investir au Cameroun) &#8211; Le marche\u0301 international de la ville nige\u0301riane de Banki, frontalie\u0300re a\u0300 Amchide\u0301, dans la re\u0301gion de l\u2019Extre\u0302me-Nord du Cameroun, a e\u0301te\u0301 officiellement inaugure\u0301 le 14 fe\u0301vrier 2024 par le gouverneur de l\u2019E\u0301tat nige\u0301rian de Borno, en pre\u0301sence du gouverneur de la re\u0301gion de l\u2019Extre\u0302me-Nord du Cameroun, Midjiyawa Bakary. Cet investissement est la preuve de l\u2019accalmie des exactions de la secte islamiste Boko Haram, qui avaient paralyse\u0301 les e\u0301changes entre le Nigeria et le Cameroun pendant une dizaine d\u2019anne\u0301es.<\/p>\n<p>Le marche\u0301 international de Banki, soulignent les autorite\u0301s des deux pays, vise non seulement a\u0300 redynamiser ces e\u0301changes qui se sont essouffle\u0301s au cours des dernie\u0300res anne\u0301es du fait des islamistes de Boko Haram, mais aussi a\u0300 les doper, au regard des opportunite\u0301s qu\u2019offrent les deux pays. Construit sur plusieurs hectares, ce marche\u0301 compte plus de 1 000 boutiques et un demi-millier de comptoirs pour les commerc\u0327ants ambulants, selon les de\u0301tails re\u0301ve\u0301le\u0301s par Cameroon Tribune, le quotidien a\u0300 capitaux publics. Le cou\u0302t de l\u2019infrastructure n\u2019a pas e\u0301te\u0301 re\u0301ve\u0301le\u0301.<\/p>\n<p>Selon les donne\u0301es de l\u2019Institut national de la statistique (INS), le Nigeria est demeure\u0301 parmi les principaux partenaires du Cameroun en Afrique, au cours de l\u2019anne\u0301e 2022. A\u0300 en croire l\u2019organisme en charge de l\u2019e\u0301laboration de la statistique officielle au Cameroun, le Nigeria a vendu des biens pour un montant de 43,7 milliards de FCFA au Cameroun en 2022 (6e fournisseur en Afrique), contre des achats de 34,2 milliards de FCFA la me\u0302me anne\u0301e (4e client sur le continent).<\/p>\n<p>Mais, souligne l\u2019INS, ces donne\u0301es pourraient \u00ab ne pas traduire le niveau re\u0301el des e\u0301changes, principalement en raison de la porosite\u0301 des frontie\u0300res qui engendre des e\u0301changes transfrontaliers non enregistre\u0301s dans les statistiques douanie\u0300res \u00bb.<\/p>\n<p><strong>Pour plus d&rsquo;informations et d&rsquo;analyses sur la <a href=\"https:\/\/www.africa-press.net\/cameroun\">Cameroun<\/a>, suivez <a href=\"https:\/\/www.africa-press.net\/\">Africa-Press<\/a><\/strong><\/p>\n","protected":false},"excerpt":{"rendered":"<p>Africa-Press &#8211; Cameroun. Investir au Cameroun) &#8211; Le marche\u0301 international de la ville nige\u0301riane de Banki, frontalie\u0300re a\u0300 Amchide\u0301, dans la re\u0301gion de l\u2019Extre\u0302me-Nord du Cameroun, a e\u0301te\u0301 officiellement inaugure\u0301 le 14 fe\u0301vrier 2024 par le gouverneur de l\u2019E\u0301tat nige\u0301rian de Borno, en pre\u0301sence du gouverneur de la re\u0301gion de l\u2019Extre\u0302me-Nord du Cameroun, Midjiyawa Bakary. [&hellip;]<\/p>\n","protected":false},"author":82,"featured_media":61616,"comment_status":"open","ping_status":"closed","sticky":false,"template":"","format":"standard","meta":{"footnotes":""},"categories":[3,10],"tags":[36,50,49],"class_list":["post-61617","post","type-post","status-publish","format-standard","has-post-thumbnail","hentry","category-economie","category-toutes-les-actualites","tag-africa-press","tag-africa-press-cameroun","tag-cameroun"],"yoast_head":"<!-- This site is optimized with the Yoast SEO Premium plugin v26.1 (Yoast SEO v27.0) - https:\/\/yoast.com\/product\/yoast-seo-premium-wordpress\/ -->\n<title>Le Nigeria inaugure un march\u00e9 international \u00e0 la fronti\u00e8re avec le Cameroun pour doper les \u00e9changes - Cameroun<\/title>\n<meta name=\"description\" content=\"Investir au Cameroun) - Le marche\u0301 international de la ville nige\u0301riane de Banki, frontalie\u0300re a\u0300 Amchide\u0301, dans la re\u0301g ...\" \/>\n<meta name=\"robots\" content=\"index, follow, max-snippet:-1, max-image-preview:large, max-video-preview:-1\" \/>\n<link rel=\"canonical\" href=\"https:\/\/www.africa-press.net\/cameroun\/economie\/le-nigeria-inaugure-un-marche-international-a-la-frontiere-avec-le-cameroun-pour-doper-les-echanges\" \/>\n<meta property=\"og:locale\" content=\"fr_FR\" \/>\n<meta property=\"og:type\" content=\"article\" \/>\n<meta property=\"og:title\" content=\"Le Nigeria inaugure un march\u00e9 international \u00e0 la fronti\u00e8re avec le Cameroun pour doper les \u00e9changes\" \/>\n<meta property=\"og:description\" content=\"Investir au Cameroun) - Le marche\u0301 international de la ville nige\u0301riane de Banki, frontalie\u0300re a\u0300 Amchide\u0301, dans la re\u0301g ...\" \/>\n<meta property=\"og:url\" content=\"https:\/\/www.africa-press.net\/cameroun\/economie\/le-nigeria-inaugure-un-marche-international-a-la-frontiere-avec-le-cameroun-pour-doper-les-echanges\" \/>\n<meta property=\"og:site_name\" content=\"Cameroun\" \/>\n<meta property=\"article:published_time\" content=\"2024-02-22T12:18:12+00:00\" \/>\n<meta property=\"article:modified_time\" content=\"2024-02-23T12:51:54+00:00\" \/>\n<meta property=\"og:image\" content=\"https:\/\/static.africa-press.net\/cameroun\/sites\/57\/2024\/02\/sm_1708679948.318329.jpg\" \/>\n\t<meta property=\"og:image:width\" content=\"720\" \/>\n\t<meta property=\"og:image:height\" content=\"479\" \/>\n\t<meta property=\"og:image:type\" content=\"image\/jpeg\" \/>\n<meta name=\"author\" content=\"cfeditorfr\" \/>\n<meta name=\"twitter:card\" content=\"summary_large_image\" \/>\n<meta name=\"twitter:label1\" content=\"\u00c9crit par\" \/>\n\t<meta name=\"twitter:data1\" content=\"cfeditorfr\" \/>\n\t<meta name=\"twitter:label2\" content=\"Dur\u00e9e de lecture estim\u00e9e\" \/>\n\t<meta name=\"twitter:data2\" content=\"2 minutes\" \/>\n<script type=\"application\/ld+json\" class=\"yoast-schema-graph\">{\"@context\":\"https:\/\/schema.org\",\"@graph\":[{\"@type\":\"Article\",\"@id\":\"https:\/\/www.africa-press.net\/cameroun\/economie\/le-nigeria-inaugure-un-marche-international-a-la-frontiere-avec-le-cameroun-pour-doper-les-echanges#article\",\"isPartOf\":{\"@id\":\"https:\/\/www.africa-press.net\/cameroun\/economie\/le-nigeria-inaugure-un-marche-international-a-la-frontiere-avec-le-cameroun-pour-doper-les-echanges\"},\"author\":{\"name\":\"cfeditorfr\",\"@id\":\"https:\/\/www.africa-press.net\/cameroun\/#\/schema\/person\/2b1cf3cd81a31e3cd26889ca66d677f1\"},\"headline\":\"Le Nigeria inaugure un march\u00e9 international \u00e0 la fronti\u00e8re avec le Cameroun pour doper les \u00e9changes\",\"datePublished\":\"2024-02-22T12:18:12+00:00\",\"dateModified\":\"2024-02-23T12:51:54+00:00\",\"mainEntityOfPage\":{\"@id\":\"https:\/\/www.africa-press.net\/cameroun\/economie\/le-nigeria-inaugure-un-marche-international-a-la-frontiere-avec-le-cameroun-pour-doper-les-echanges\"},\"wordCount\":358,\"commentCount\":0,\"image\":{\"@id\":\"https:\/\/www.africa-press.net\/cameroun\/economie\/le-nigeria-inaugure-un-marche-international-a-la-frontiere-avec-le-cameroun-pour-doper-les-echanges#primaryimage\"},\"thumbnailUrl\":\"https:\/\/static.africa-press.net\/cameroun\/sites\/57\/2024\/02\/sm_1708679948.318329.jpg\",\"keywords\":[\"Africa Press\",\"Africa Press-Cameroun\",\"Cameroun\"],\"articleSection\":[\"\u00c9conomie\",\"Toutes les actualit\u00e9s\"],\"inLanguage\":\"fr-FR\",\"potentialAction\":[{\"@type\":\"CommentAction\",\"name\":\"Comment\",\"target\":[\"https:\/\/www.africa-press.net\/cameroun\/economie\/le-nigeria-inaugure-un-marche-international-a-la-frontiere-avec-le-cameroun-pour-doper-les-echanges#respond\"]}]},{\"@type\":\"WebPage\",\"@id\":\"https:\/\/www.africa-press.net\/cameroun\/economie\/le-nigeria-inaugure-un-marche-international-a-la-frontiere-avec-le-cameroun-pour-doper-les-echanges\",\"url\":\"https:\/\/www.africa-press.net\/cameroun\/economie\/le-nigeria-inaugure-un-marche-international-a-la-frontiere-avec-le-cameroun-pour-doper-les-echanges\",\"name\":\"Le Nigeria inaugure un march\u00e9 international \u00e0 la fronti\u00e8re avec le Cameroun pour doper les \u00e9changes - Cameroun\",\"isPartOf\":{\"@id\":\"https:\/\/www.africa-press.net\/cameroun\/#website\"},\"primaryImageOfPage\":{\"@id\":\"https:\/\/www.africa-press.net\/cameroun\/economie\/le-nigeria-inaugure-un-marche-international-a-la-frontiere-avec-le-cameroun-pour-doper-les-echanges#primaryimage\"},\"image\":{\"@id\":\"https:\/\/www.africa-press.net\/cameroun\/economie\/le-nigeria-inaugure-un-marche-international-a-la-frontiere-avec-le-cameroun-pour-doper-les-echanges#primaryimage\"},\"thumbnailUrl\":\"https:\/\/static.africa-press.net\/cameroun\/sites\/57\/2024\/02\/sm_1708679948.318329.jpg\",\"datePublished\":\"2024-02-22T12:18:12+00:00\",\"dateModified\":\"2024-02-23T12:51:54+00:00\",\"author\":{\"@id\":\"https:\/\/www.africa-press.net\/cameroun\/#\/schema\/person\/2b1cf3cd81a31e3cd26889ca66d677f1\"},\"description\":\"Investir au Cameroun) - Le marche\u0301 international de la ville nige\u0301riane de Banki, frontalie\u0300re a\u0300 Amchide\u0301, dans la re\u0301g ...\",\"breadcrumb\":{\"@id\":\"https:\/\/www.africa-press.net\/cameroun\/economie\/le-nigeria-inaugure-un-marche-international-a-la-frontiere-avec-le-cameroun-pour-doper-les-echanges#breadcrumb\"},\"inLanguage\":\"fr-FR\",\"potentialAction\":[{\"@type\":\"ReadAction\",\"target\":[\"https:\/\/www.africa-press.net\/cameroun\/economie\/le-nigeria-inaugure-un-marche-international-a-la-frontiere-avec-le-cameroun-pour-doper-les-echanges\"]}]},{\"@type\":\"ImageObject\",\"inLanguage\":\"fr-FR\",\"@id\":\"https:\/\/www.africa-press.net\/cameroun\/economie\/le-nigeria-inaugure-un-marche-international-a-la-frontiere-avec-le-cameroun-pour-doper-les-echanges#primaryimage\",\"url\":\"https:\/\/static.africa-press.net\/cameroun\/sites\/57\/2024\/02\/sm_1708679948.318329.jpg\",\"contentUrl\":\"https:\/\/static.africa-press.net\/cameroun\/sites\/57\/2024\/02\/sm_1708679948.318329.jpg\",\"width\":720,\"height\":479,\"caption\":\"Le Nigeria inaugure un march\u00e9 international \u00e0 la fronti\u00e8re avec le Cameroun pour doper les \u00e9changes\"},{\"@type\":\"BreadcrumbList\",\"@id\":\"https:\/\/www.africa-press.net\/cameroun\/economie\/le-nigeria-inaugure-un-marche-international-a-la-frontiere-avec-le-cameroun-pour-doper-les-echanges#breadcrumb\",\"itemListElement\":[{\"@type\":\"ListItem\",\"position\":1,\"name\":\"Accueil\",\"item\":\"https:\/\/www.africa-press.net\/cameroun\/\"},{\"@type\":\"ListItem\",\"position\":2,\"name\":\"Le Nigeria inaugure un march\u00e9 international \u00e0 la fronti\u00e8re avec le Cameroun pour doper les \u00e9changes\"}]},{\"@type\":\"WebSite\",\"@id\":\"https:\/\/www.africa-press.net\/cameroun\/#website\",\"url\":\"https:\/\/www.africa-press.net\/cameroun\/\",\"name\":\"Cameroun\",\"description\":\"Just another Africa News Agency Sites site\",\"potentialAction\":[{\"@type\":\"SearchAction\",\"target\":{\"@type\":\"EntryPoint\",\"urlTemplate\":\"https:\/\/www.africa-press.net\/cameroun\/?s={search_term_string}\"},\"query-input\":{\"@type\":\"PropertyValueSpecification\",\"valueRequired\":true,\"valueName\":\"search_term_string\"}}],\"inLanguage\":\"fr-FR\"},{\"@type\":\"Person\",\"@id\":\"https:\/\/www.africa-press.net\/cameroun\/#\/schema\/person\/2b1cf3cd81a31e3cd26889ca66d677f1\",\"name\":\"cfeditorfr\"}]}<\/script>\n<!-- \/ Yoast SEO Premium plugin. -->","yoast_head_json":{"title":"Le Nigeria inaugure un march\u00e9 international \u00e0 la fronti\u00e8re avec le Cameroun pour doper les \u00e9changes - Cameroun","description":"Investir au Cameroun) - Le marche\u0301 international de la ville nige\u0301riane de Banki, frontalie\u0300re a\u0300 Amchide\u0301, dans la re\u0301g ...","robots":{"index":"index","follow":"follow","max-snippet":"max-snippet:-1","max-image-preview":"max-image-preview:large","max-video-preview":"max-video-preview:-1"},"canonical":"https:\/\/www.africa-press.net\/cameroun\/economie\/le-nigeria-inaugure-un-marche-international-a-la-frontiere-avec-le-cameroun-pour-doper-les-echanges","og_locale":"fr_FR","og_type":"article","og_title":"Le Nigeria inaugure un march\u00e9 international \u00e0 la fronti\u00e8re avec le Cameroun pour doper les \u00e9changes","og_description":"Investir au Cameroun) - Le marche\u0301 international de la ville nige\u0301riane de Banki, frontalie\u0300re a\u0300 Amchide\u0301, dans la re\u0301g ...","og_url":"https:\/\/www.africa-press.net\/cameroun\/economie\/le-nigeria-inaugure-un-marche-international-a-la-frontiere-avec-le-cameroun-pour-doper-les-echanges","og_site_name":"Cameroun","article_published_time":"2024-02-22T12:18:12+00:00","article_modified_time":"2024-02-23T12:51:54+00:00","og_image":[{"width":720,"height":479,"url":"https:\/\/static.africa-press.net\/cameroun\/sites\/57\/2024\/02\/sm_1708679948.318329.jpg","type":"image\/jpeg"}],"author":"cfeditorfr","twitter_card":"summary_large_image","twitter_misc":{"\u00c9crit par":"cfeditorfr","Dur\u00e9e de lecture estim\u00e9e":"2 minutes"},"schema":{"@context":"https:\/\/schema.org","@graph":[{"@type":"Article","@id":"https:\/\/www.africa-press.net\/cameroun\/economie\/le-nigeria-inaugure-un-marche-international-a-la-frontiere-avec-le-cameroun-pour-doper-les-echanges#article","isPartOf":{"@id":"https:\/\/www.africa-press.net\/cameroun\/economie\/le-nigeria-inaugure-un-marche-international-a-la-frontiere-avec-le-cameroun-pour-doper-les-echanges"},"author":{"name":"cfeditorfr","@id":"https:\/\/www.africa-press.net\/cameroun\/#\/schema\/person\/2b1cf3cd81a31e3cd26889ca66d677f1"},"headline":"Le Nigeria inaugure un march\u00e9 international \u00e0 la fronti\u00e8re avec le Cameroun pour doper les \u00e9changes","datePublished":"2024-02-22T12:18:12+00:00","dateModified":"2024-02-23T12:51:54+00:00","mainEntityOfPage":{"@id":"https:\/\/www.africa-press.net\/cameroun\/economie\/le-nigeria-inaugure-un-marche-international-a-la-frontiere-avec-le-cameroun-pour-doper-les-echanges"},"wordCount":358,"commentCount":0,"image":{"@id":"https:\/\/www.africa-press.net\/cameroun\/economie\/le-nigeria-inaugure-un-marche-international-a-la-frontiere-avec-le-cameroun-pour-doper-les-echanges#primaryimage"},"thumbnailUrl":"https:\/\/static.africa-press.net\/cameroun\/sites\/57\/2024\/02\/sm_1708679948.318329.jpg","keywords":["Africa Press","Africa Press-Cameroun","Cameroun"],"articleSection":["\u00c9conomie","Toutes les actualit\u00e9s"],"inLanguage":"fr-FR","potentialAction":[{"@type":"CommentAction","name":"Comment","target":["https:\/\/www.africa-press.net\/cameroun\/economie\/le-nigeria-inaugure-un-marche-international-a-la-frontiere-avec-le-cameroun-pour-doper-les-echanges#respond"]}]},{"@type":"WebPage","@id":"https:\/\/www.africa-press.net\/cameroun\/economie\/le-nigeria-inaugure-un-marche-international-a-la-frontiere-avec-le-cameroun-pour-doper-les-echanges","url":"https:\/\/www.africa-press.net\/cameroun\/economie\/le-nigeria-inaugure-un-marche-international-a-la-frontiere-avec-le-cameroun-pour-doper-les-echanges","name":"Le Nigeria inaugure un march\u00e9 international \u00e0 la fronti\u00e8re avec le Cameroun pour doper les \u00e9changes - Cameroun","isPartOf":{"@id":"https:\/\/www.africa-press.net\/cameroun\/#website"},"primaryImageOfPage":{"@id":"https:\/\/www.africa-press.net\/cameroun\/economie\/le-nigeria-inaugure-un-marche-international-a-la-frontiere-avec-le-cameroun-pour-doper-les-echanges#primaryimage"},"image":{"@id":"https:\/\/www.africa-press.net\/cameroun\/economie\/le-nigeria-inaugure-un-marche-international-a-la-frontiere-avec-le-cameroun-pour-doper-les-echanges#primaryimage"},"thumbnailUrl":"https:\/\/static.africa-press.net\/cameroun\/sites\/57\/2024\/02\/sm_1708679948.318329.jpg","datePublished":"2024-02-22T12:18:12+00:00","dateModified":"2024-02-23T12:51:54+00:00","author":{"@id":"https:\/\/www.africa-press.net\/cameroun\/#\/schema\/person\/2b1cf3cd81a31e3cd26889ca66d677f1"},"description":"Investir au Cameroun) - Le marche\u0301 international de la ville nige\u0301riane de Banki, frontalie\u0300re a\u0300 Amchide\u0301, dans la re\u0301g ...","breadcrumb":{"@id":"https:\/\/www.africa-press.net\/cameroun\/economie\/le-nigeria-inaugure-un-marche-international-a-la-frontiere-avec-le-cameroun-pour-doper-les-echanges#breadcrumb"},"inLanguage":"fr-FR","potentialAction":[{"@type":"ReadAction","target":["https:\/\/www.africa-press.net\/cameroun\/economie\/le-nigeria-inaugure-un-marche-international-a-la-frontiere-avec-le-cameroun-pour-doper-les-echanges"]}]},{"@type":"ImageObject","inLanguage":"fr-FR","@id":"https:\/\/www.africa-press.net\/cameroun\/economie\/le-nigeria-inaugure-un-marche-international-a-la-frontiere-avec-le-cameroun-pour-doper-les-echanges#primaryimage","url":"https:\/\/static.africa-press.net\/cameroun\/sites\/57\/2024\/02\/sm_1708679948.318329.jpg","contentUrl":"https:\/\/static.africa-press.net\/cameroun\/sites\/57\/2024\/02\/sm_1708679948.318329.jpg","width":720,"height":479,"caption":"Le Nigeria inaugure un march\u00e9 international \u00e0 la fronti\u00e8re avec le Cameroun pour doper les \u00e9changes"},{"@type":"BreadcrumbList","@id":"https:\/\/www.africa-press.net\/cameroun\/economie\/le-nigeria-inaugure-un-marche-international-a-la-frontiere-avec-le-cameroun-pour-doper-les-echanges#breadcrumb","itemListElement":[{"@type":"ListItem","position":1,"name":"Accueil","item":"https:\/\/www.africa-press.net\/cameroun\/"},{"@type":"ListItem","position":2,"name":"Le Nigeria inaugure un march\u00e9 international \u00e0 la fronti\u00e8re avec le Cameroun pour doper les \u00e9changes"}]},{"@type":"WebSite","@id":"https:\/\/www.africa-press.net\/cameroun\/#website","url":"https:\/\/www.africa-press.net\/cameroun\/","name":"Cameroun","description":"Just another Africa News Agency Sites site","potentialAction":[{"@type":"SearchAction","target":{"@type":"EntryPoint","urlTemplate":"https:\/\/www.africa-press.net\/cameroun\/?s={search_term_string}"},"query-input":{"@type":"PropertyValueSpecification","valueRequired":true,"valueName":"search_term_string"}}],"inLanguage":"fr-FR"},{"@type":"Person","@id":"https:\/\/www.africa-press.net\/cameroun\/#\/schema\/person\/2b1cf3cd81a31e3cd26889ca66d677f1","name":"cfeditorfr"}]}},"_links":{"self":[{"href":"https:\/\/www.africa-press.net\/cameroun\/wp-json\/wp\/v2\/posts\/61617","targetHints":{"allow":["GET"]}}],"collection":[{"href":"https:\/\/www.africa-press.net\/cameroun\/wp-json\/wp\/v2\/posts"}],"about":[{"href":"https:\/\/www.africa-press.net\/cameroun\/wp-json\/wp\/v2\/types\/post"}],"author":[{"embeddable":true,"href":"https:\/\/www.africa-press.net\/cameroun\/wp-json\/wp\/v2\/users\/82"}],"replies":[{"embeddable":true,"href":"https:\/\/www.africa-press.net\/cameroun\/wp-json\/wp\/v2\/comments?post=61617"}],"version-history":[{"count":0,"href":"https:\/\/www.africa-press.net\/cameroun\/wp-json\/wp\/v2\/posts\/61617\/revisions"}],"wp:featuredmedia":[{"embeddable":true,"href":"https:\/\/www.africa-press.net\/cameroun\/wp-json\/wp\/v2\/media\/61616"}],"wp:attachment":[{"href":"https:\/\/www.africa-press.net\/cameroun\/wp-json\/wp\/v2\/media?parent=61617"}],"wp:term":[{"taxonomy":"category","embeddable":true,"href":"https:\/\/www.africa-press.net\/cameroun\/wp-json\/wp\/v2\/categories?post=61617"},{"taxonomy":"post_tag","embeddable":true,"href":"https:\/\/www.africa-press.net\/cameroun\/wp-json\/wp\/v2\/tags?post=61617"}],"curies":[{"name":"wp","href":"https:\/\/api.w.org\/{rel}","templated":true}]}}