{"id":61646,"date":"2024-02-24T12:45:36","date_gmt":"2024-02-24T12:45:36","guid":{"rendered":"https:\/\/www.africa-press.net\/cameroun\/politique\/au-cameroun-lue-prend-des-mesures-pour-contrer-lentree-du-cacao-issu-de-la-deforestation-sur-son-marche"},"modified":"2024-02-24T13:12:20","modified_gmt":"2024-02-24T13:12:20","slug":"au-cameroun-lue-prend-des-mesures-pour-contrer-lentree-du-cacao-issu-de-la-deforestation-sur-son-marche","status":"publish","type":"post","link":"https:\/\/www.africa-press.net\/cameroun\/economie\/au-cameroun-lue-prend-des-mesures-pour-contrer-lentree-du-cacao-issu-de-la-deforestation-sur-son-marche","title":{"rendered":"Au Cameroun, l\u2019UE prend des mesures pour contrer l\u2019entr\u00e9e du cacao issu de la d\u00e9forestation sur son march\u00e9"},"content":{"rendered":"<p><span style=\"color: #ff6600\"><strong>Africa-Press &#8211; Cameroun. <\/strong><\/span>Investir au Cameroun) &#8211; L\u2019importation en Europe de cacao issu de la de\u0301forestation sera impossible a\u0300 partir du 1er janvier 2025, avec le nouveau Re\u0300glement europe\u0301en sur la de\u0301forestation (RDUE) adopte\u0301 par le Conseil de l\u2019Union europe\u0301enne (UE) en mai 2023. En pre\u0301lude a\u0300 l\u2019entre\u0301e en vigueur de ce re\u0300glement, l\u2019UE a de\u0301cide\u0301 de prendre des mesures pour minimiser le risque que des produits associe\u0301s au de\u0301boisement en provenance du Cameroun entrent sur son marche\u0301. Elle vient a\u0300 cet effet de lancer un appel d\u2019offres pour le recrutement de trois cabinets de ge\u0301ome\u0300tres assermente\u0301s, dans le cadre de son programme \u00ab Cacao durable \u00bb.<\/p>\n<p>Il est question, apprend-on, d\u2019\u00ab acce\u0301le\u0301rer sensiblement \u00bb la mission du Conseil interprofessionnel du cacao et du cafe\u0301 (CICC) dans l\u2019identification des producteurs de fe\u0300ves et le ge\u0301ore\u0301fe\u0301rencement de leurs parcelles sur l\u2019e\u0301tendue du territoire camerounais. Ceci, afin \u00ab d\u2019assurer une couverture nationale et e\u0301quitable de l\u2019exercice de recensement et de ge\u0301olocalisation \u00bb. L\u2019appel d\u2019offres est ouvert jusqu\u2019au 22 mars 2024. Selon le document qu\u2019Investir au Cameroun a consulte\u0301, les cabinets contracte\u0301s devront identifier les producteurs (membres et non membres du CICC) de pre\u0301fe\u0301rence dans les zones a\u0300 forte densite\u0301 forestie\u0300re, et ge\u0301olocaliser les exploitations cacaoye\u0300res par lot pre\u0301-identifie\u0301.<\/p>\n<p>L\u2019UE justifie le lancement de cet appel d\u2019offres \u00ab au regard des enjeux lie\u0301s a\u0300 la mise en conformite\u0301 urgente de la filie\u0300re cacao du Cameroun avec le futur Re\u0300glement europe\u0301en contre la de\u0301forestation \u00bb. Ce re\u0300glement, applicable de\u0300s le 1er janvier 2025, exige des entreprises qu\u2019elles veillent a\u0300 ce que le cacao et les produits de\u0301rive\u0301s (comme le chocolat et la pa\u0302te de cacao) qu\u2019elles importent dans l\u2019Union soient produits d\u2019une manie\u0300re qui ne contribue pas a\u0300 la de\u0301forestation. A\u0300 compter de cette date donc, tout importateur de cacao devra prouver, documents a\u0300 l\u2019appui, que ses produits ne proviennent pas de terres qui ont e\u0301te\u0301 de\u0301boise\u0301es apre\u0300s le 31 de\u0301cembre 2020.<\/p>\n<p>Pour chaque container de cacao, l\u2019importateur devra e\u0302tre en mesure de fournir une liste des producteurs qui ont contribue\u0301 au lot de cacao avec les cordonne\u0301es GPS de leurs parcelles. La trac\u0327abilite\u0301 physique devant e\u0302tre respecte\u0301e non seulement par les producteurs, mais aussi par les collecteurs de fe\u0300ves sur le terrain, les transformateurs et les exportateurs, selon les exigences de l\u2019UE. Les entreprises devront e\u0301galement ve\u0301rifier que ces produits respectent la le\u0301gislation du pays de production, y compris les droits humains et les droits des populations autochtones.<\/p>\n<p>En clair, pour entrer dans l\u2019UE, le cacao camerounais devra e\u0302tre trac\u0327able, certifie\u0301 \u00ab ze\u0301ro-de\u0301forestation \u00bb et conforme \u00ab aux lois camerounaises pertinentes sur les droits d\u2019usage des terres, l\u2019environnement, les droits de l\u2019Homme, les droits des peuples autochtones, le travail, le commerce, les douanes et les taxes \u00bb, selon la fiche d\u2019information du RDUE sur le Cameroun. Cela veut dire que les producteurs qui cultivent sur des terres re\u0301cemment de\u0301boise\u0301es devraient ne plus pouvoir vendre leurs re\u0301coltes aux principaux acheteurs de cacao a\u0300 l\u2019e\u0301chelle nationale et internationale, le cacao e\u0301tant \u00ab l\u2019un des moteurs de la de\u0301forestation au Cameroun \u00bb, d\u2019apre\u0300s l\u2019UE.<\/p>\n<p>L\u2019UE est le plus grand importateur de cacao au monde, avec un volume repre\u0301sentant 60% des importations mondiales des fe\u0300ves, provenant principalement de la Co\u0302te d\u2019Ivoire, du Ghana et du Cameroun. En 2020, le Cameroun a exporte\u0301 65% de sa production de cacao vers l\u2019UE. Le gouvernement camerounais s\u2019est engage\u0301 a\u0300 promouvoir la production d\u2019un cacao sans de\u0301forestation, en misant sur \u00ab l\u2019intensification et la diversification durables des revenus \u00bb pour \u00ab cultiver plus de cacao sur moins de terres \u00bb. Le programme \u00ab Cacao durable \u00bb de l\u2019UE appuie le Cameroun dans la re\u0301alisation de ses objectifs en termes de durabilite\u0301 e\u0301conomique, environnementale et sociale de la production de cacao.<\/p>\n<p><b>Patricia Ngo Ngouem<\/b><\/p>\n<p><strong>Pour plus d&rsquo;informations et d&rsquo;analyses sur la <a href=\"https:\/\/www.africa-press.net\/cameroun\">Cameroun<\/a>, suivez <a href=\"https:\/\/www.africa-press.net\/\">Africa-Press<\/a><\/strong><\/p>\n","protected":false},"excerpt":{"rendered":"<p>Africa-Press &#8211; Cameroun. Investir au Cameroun) &#8211; L\u2019importation en Europe de cacao issu de la de\u0301forestation sera impossible a\u0300 partir du 1er janvier 2025, avec le nouveau Re\u0300glement europe\u0301en sur la de\u0301forestation (RDUE) adopte\u0301 par le Conseil de l\u2019Union europe\u0301enne (UE) en mai 2023. En pre\u0301lude a\u0300 l\u2019entre\u0301e en vigueur de ce re\u0300glement, l\u2019UE a [&hellip;]<\/p>\n","protected":false},"author":82,"featured_media":61645,"comment_status":"open","ping_status":"closed","sticky":false,"template":"","format":"standard","meta":{"footnotes":""},"categories":[3,10],"tags":[36,50,49],"class_list":["post-61646","post","type-post","status-publish","format-standard","has-post-thumbnail","hentry","category-economie","category-toutes-les-actualites","tag-africa-press","tag-africa-press-cameroun","tag-cameroun"],"yoast_head":"<!-- This site is optimized with the Yoast SEO Premium plugin v26.1 (Yoast SEO v27.0) - https:\/\/yoast.com\/product\/yoast-seo-premium-wordpress\/ -->\n<title>Au Cameroun, l\u2019UE prend des mesures pour contrer l\u2019entr\u00e9e du cacao issu de la d\u00e9forestation sur son march\u00e9 - Cameroun<\/title>\n<meta name=\"description\" content=\"Investir au Cameroun) - L\u2019importation en Europe de cacao issu de la de\u0301forestation sera impossible a\u0300 partir du 1er janv ...\" \/>\n<meta name=\"robots\" content=\"index, follow, max-snippet:-1, max-image-preview:large, max-video-preview:-1\" \/>\n<link rel=\"canonical\" href=\"https:\/\/www.africa-press.net\/cameroun\/economie\/au-cameroun-lue-prend-des-mesures-pour-contrer-lentree-du-cacao-issu-de-la-deforestation-sur-son-marche\" \/>\n<meta property=\"og:locale\" content=\"fr_FR\" \/>\n<meta property=\"og:type\" content=\"article\" \/>\n<meta property=\"og:title\" content=\"Au Cameroun, l\u2019UE prend des mesures pour contrer l\u2019entr\u00e9e du cacao issu de la d\u00e9forestation sur son march\u00e9\" \/>\n<meta property=\"og:description\" content=\"Investir au Cameroun) - L\u2019importation en Europe de cacao issu de la de\u0301forestation sera impossible a\u0300 partir du 1er janv ...\" \/>\n<meta property=\"og:url\" content=\"https:\/\/www.africa-press.net\/cameroun\/economie\/au-cameroun-lue-prend-des-mesures-pour-contrer-lentree-du-cacao-issu-de-la-deforestation-sur-son-marche\" \/>\n<meta property=\"og:site_name\" content=\"Cameroun\" \/>\n<meta property=\"article:published_time\" content=\"2024-02-24T12:45:36+00:00\" \/>\n<meta property=\"article:modified_time\" content=\"2024-02-24T13:12:20+00:00\" \/>\n<meta property=\"og:image\" content=\"https:\/\/static.africa-press.net\/cameroun\/sites\/57\/2024\/02\/sm_1708767432.29774.jpg\" \/>\n\t<meta property=\"og:image:width\" content=\"720\" \/>\n\t<meta property=\"og:image:height\" content=\"479\" \/>\n\t<meta property=\"og:image:type\" content=\"image\/jpeg\" \/>\n<meta name=\"author\" content=\"cfeditorfr\" \/>\n<meta name=\"twitter:card\" content=\"summary_large_image\" \/>\n<meta name=\"twitter:label1\" content=\"\u00c9crit par\" \/>\n\t<meta name=\"twitter:data1\" content=\"cfeditorfr\" \/>\n\t<meta name=\"twitter:label2\" content=\"Dur\u00e9e de lecture estim\u00e9e\" \/>\n\t<meta name=\"twitter:data2\" content=\"4 minutes\" \/>\n<script type=\"application\/ld+json\" class=\"yoast-schema-graph\">{\"@context\":\"https:\/\/schema.org\",\"@graph\":[{\"@type\":\"Article\",\"@id\":\"https:\/\/www.africa-press.net\/cameroun\/economie\/au-cameroun-lue-prend-des-mesures-pour-contrer-lentree-du-cacao-issu-de-la-deforestation-sur-son-marche#article\",\"isPartOf\":{\"@id\":\"https:\/\/www.africa-press.net\/cameroun\/economie\/au-cameroun-lue-prend-des-mesures-pour-contrer-lentree-du-cacao-issu-de-la-deforestation-sur-son-marche\"},\"author\":{\"name\":\"cfeditorfr\",\"@id\":\"https:\/\/www.africa-press.net\/cameroun\/#\/schema\/person\/2b1cf3cd81a31e3cd26889ca66d677f1\"},\"headline\":\"Au Cameroun, l\u2019UE prend des mesures pour contrer l\u2019entr\u00e9e du cacao issu de la d\u00e9forestation sur son march\u00e9\",\"datePublished\":\"2024-02-24T12:45:36+00:00\",\"dateModified\":\"2024-02-24T13:12:20+00:00\",\"mainEntityOfPage\":{\"@id\":\"https:\/\/www.africa-press.net\/cameroun\/economie\/au-cameroun-lue-prend-des-mesures-pour-contrer-lentree-du-cacao-issu-de-la-deforestation-sur-son-marche\"},\"wordCount\":739,\"commentCount\":0,\"image\":{\"@id\":\"https:\/\/www.africa-press.net\/cameroun\/economie\/au-cameroun-lue-prend-des-mesures-pour-contrer-lentree-du-cacao-issu-de-la-deforestation-sur-son-marche#primaryimage\"},\"thumbnailUrl\":\"https:\/\/static.africa-press.net\/cameroun\/sites\/57\/2024\/02\/sm_1708767432.29774.jpg\",\"keywords\":[\"Africa Press\",\"Africa Press-Cameroun\",\"Cameroun\"],\"articleSection\":[\"\u00c9conomie\",\"Toutes les actualit\u00e9s\"],\"inLanguage\":\"fr-FR\",\"potentialAction\":[{\"@type\":\"CommentAction\",\"name\":\"Comment\",\"target\":[\"https:\/\/www.africa-press.net\/cameroun\/economie\/au-cameroun-lue-prend-des-mesures-pour-contrer-lentree-du-cacao-issu-de-la-deforestation-sur-son-marche#respond\"]}]},{\"@type\":\"WebPage\",\"@id\":\"https:\/\/www.africa-press.net\/cameroun\/economie\/au-cameroun-lue-prend-des-mesures-pour-contrer-lentree-du-cacao-issu-de-la-deforestation-sur-son-marche\",\"url\":\"https:\/\/www.africa-press.net\/cameroun\/economie\/au-cameroun-lue-prend-des-mesures-pour-contrer-lentree-du-cacao-issu-de-la-deforestation-sur-son-marche\",\"name\":\"Au Cameroun, l\u2019UE prend des mesures pour contrer l\u2019entr\u00e9e du cacao issu de la d\u00e9forestation sur son march\u00e9 - Cameroun\",\"isPartOf\":{\"@id\":\"https:\/\/www.africa-press.net\/cameroun\/#website\"},\"primaryImageOfPage\":{\"@id\":\"https:\/\/www.africa-press.net\/cameroun\/economie\/au-cameroun-lue-prend-des-mesures-pour-contrer-lentree-du-cacao-issu-de-la-deforestation-sur-son-marche#primaryimage\"},\"image\":{\"@id\":\"https:\/\/www.africa-press.net\/cameroun\/economie\/au-cameroun-lue-prend-des-mesures-pour-contrer-lentree-du-cacao-issu-de-la-deforestation-sur-son-marche#primaryimage\"},\"thumbnailUrl\":\"https:\/\/static.africa-press.net\/cameroun\/sites\/57\/2024\/02\/sm_1708767432.29774.jpg\",\"datePublished\":\"2024-02-24T12:45:36+00:00\",\"dateModified\":\"2024-02-24T13:12:20+00:00\",\"author\":{\"@id\":\"https:\/\/www.africa-press.net\/cameroun\/#\/schema\/person\/2b1cf3cd81a31e3cd26889ca66d677f1\"},\"description\":\"Investir au Cameroun) - L\u2019importation en Europe de cacao issu de la de\u0301forestation sera impossible a\u0300 partir du 1er janv ...\",\"breadcrumb\":{\"@id\":\"https:\/\/www.africa-press.net\/cameroun\/economie\/au-cameroun-lue-prend-des-mesures-pour-contrer-lentree-du-cacao-issu-de-la-deforestation-sur-son-marche#breadcrumb\"},\"inLanguage\":\"fr-FR\",\"potentialAction\":[{\"@type\":\"ReadAction\",\"target\":[\"https:\/\/www.africa-press.net\/cameroun\/economie\/au-cameroun-lue-prend-des-mesures-pour-contrer-lentree-du-cacao-issu-de-la-deforestation-sur-son-marche\"]}]},{\"@type\":\"ImageObject\",\"inLanguage\":\"fr-FR\",\"@id\":\"https:\/\/www.africa-press.net\/cameroun\/economie\/au-cameroun-lue-prend-des-mesures-pour-contrer-lentree-du-cacao-issu-de-la-deforestation-sur-son-marche#primaryimage\",\"url\":\"https:\/\/static.africa-press.net\/cameroun\/sites\/57\/2024\/02\/sm_1708767432.29774.jpg\",\"contentUrl\":\"https:\/\/static.africa-press.net\/cameroun\/sites\/57\/2024\/02\/sm_1708767432.29774.jpg\",\"width\":720,\"height\":479,\"caption\":\"Au Cameroun, l\u2019UE prend des mesures pour contrer l\u2019entr\u00e9e du cacao issu de la d\u00e9forestation sur son march\u00e9\"},{\"@type\":\"BreadcrumbList\",\"@id\":\"https:\/\/www.africa-press.net\/cameroun\/economie\/au-cameroun-lue-prend-des-mesures-pour-contrer-lentree-du-cacao-issu-de-la-deforestation-sur-son-marche#breadcrumb\",\"itemListElement\":[{\"@type\":\"ListItem\",\"position\":1,\"name\":\"Accueil\",\"item\":\"https:\/\/www.africa-press.net\/cameroun\/\"},{\"@type\":\"ListItem\",\"position\":2,\"name\":\"Au Cameroun, l\u2019UE prend des mesures pour contrer l\u2019entr\u00e9e du cacao issu de la d\u00e9forestation sur son march\u00e9\"}]},{\"@type\":\"WebSite\",\"@id\":\"https:\/\/www.africa-press.net\/cameroun\/#website\",\"url\":\"https:\/\/www.africa-press.net\/cameroun\/\",\"name\":\"Cameroun\",\"description\":\"Just another Africa News Agency Sites site\",\"potentialAction\":[{\"@type\":\"SearchAction\",\"target\":{\"@type\":\"EntryPoint\",\"urlTemplate\":\"https:\/\/www.africa-press.net\/cameroun\/?s={search_term_string}\"},\"query-input\":{\"@type\":\"PropertyValueSpecification\",\"valueRequired\":true,\"valueName\":\"search_term_string\"}}],\"inLanguage\":\"fr-FR\"},{\"@type\":\"Person\",\"@id\":\"https:\/\/www.africa-press.net\/cameroun\/#\/schema\/person\/2b1cf3cd81a31e3cd26889ca66d677f1\",\"name\":\"cfeditorfr\"}]}<\/script>\n<!-- \/ Yoast SEO Premium plugin. -->","yoast_head_json":{"title":"Au Cameroun, l\u2019UE prend des mesures pour contrer l\u2019entr\u00e9e du cacao issu de la d\u00e9forestation sur son march\u00e9 - Cameroun","description":"Investir au Cameroun) - L\u2019importation en Europe de cacao issu de la de\u0301forestation sera impossible a\u0300 partir du 1er janv ...","robots":{"index":"index","follow":"follow","max-snippet":"max-snippet:-1","max-image-preview":"max-image-preview:large","max-video-preview":"max-video-preview:-1"},"canonical":"https:\/\/www.africa-press.net\/cameroun\/economie\/au-cameroun-lue-prend-des-mesures-pour-contrer-lentree-du-cacao-issu-de-la-deforestation-sur-son-marche","og_locale":"fr_FR","og_type":"article","og_title":"Au Cameroun, l\u2019UE prend des mesures pour contrer l\u2019entr\u00e9e du cacao issu de la d\u00e9forestation sur son march\u00e9","og_description":"Investir au Cameroun) - L\u2019importation en Europe de cacao issu de la de\u0301forestation sera impossible a\u0300 partir du 1er janv ...","og_url":"https:\/\/www.africa-press.net\/cameroun\/economie\/au-cameroun-lue-prend-des-mesures-pour-contrer-lentree-du-cacao-issu-de-la-deforestation-sur-son-marche","og_site_name":"Cameroun","article_published_time":"2024-02-24T12:45:36+00:00","article_modified_time":"2024-02-24T13:12:20+00:00","og_image":[{"width":720,"height":479,"url":"https:\/\/static.africa-press.net\/cameroun\/sites\/57\/2024\/02\/sm_1708767432.29774.jpg","type":"image\/jpeg"}],"author":"cfeditorfr","twitter_card":"summary_large_image","twitter_misc":{"\u00c9crit par":"cfeditorfr","Dur\u00e9e de lecture estim\u00e9e":"4 minutes"},"schema":{"@context":"https:\/\/schema.org","@graph":[{"@type":"Article","@id":"https:\/\/www.africa-press.net\/cameroun\/economie\/au-cameroun-lue-prend-des-mesures-pour-contrer-lentree-du-cacao-issu-de-la-deforestation-sur-son-marche#article","isPartOf":{"@id":"https:\/\/www.africa-press.net\/cameroun\/economie\/au-cameroun-lue-prend-des-mesures-pour-contrer-lentree-du-cacao-issu-de-la-deforestation-sur-son-marche"},"author":{"name":"cfeditorfr","@id":"https:\/\/www.africa-press.net\/cameroun\/#\/schema\/person\/2b1cf3cd81a31e3cd26889ca66d677f1"},"headline":"Au Cameroun, l\u2019UE prend des mesures pour contrer l\u2019entr\u00e9e du cacao issu de la d\u00e9forestation sur son march\u00e9","datePublished":"2024-02-24T12:45:36+00:00","dateModified":"2024-02-24T13:12:20+00:00","mainEntityOfPage":{"@id":"https:\/\/www.africa-press.net\/cameroun\/economie\/au-cameroun-lue-prend-des-mesures-pour-contrer-lentree-du-cacao-issu-de-la-deforestation-sur-son-marche"},"wordCount":739,"commentCount":0,"image":{"@id":"https:\/\/www.africa-press.net\/cameroun\/economie\/au-cameroun-lue-prend-des-mesures-pour-contrer-lentree-du-cacao-issu-de-la-deforestation-sur-son-marche#primaryimage"},"thumbnailUrl":"https:\/\/static.africa-press.net\/cameroun\/sites\/57\/2024\/02\/sm_1708767432.29774.jpg","keywords":["Africa Press","Africa Press-Cameroun","Cameroun"],"articleSection":["\u00c9conomie","Toutes les actualit\u00e9s"],"inLanguage":"fr-FR","potentialAction":[{"@type":"CommentAction","name":"Comment","target":["https:\/\/www.africa-press.net\/cameroun\/economie\/au-cameroun-lue-prend-des-mesures-pour-contrer-lentree-du-cacao-issu-de-la-deforestation-sur-son-marche#respond"]}]},{"@type":"WebPage","@id":"https:\/\/www.africa-press.net\/cameroun\/economie\/au-cameroun-lue-prend-des-mesures-pour-contrer-lentree-du-cacao-issu-de-la-deforestation-sur-son-marche","url":"https:\/\/www.africa-press.net\/cameroun\/economie\/au-cameroun-lue-prend-des-mesures-pour-contrer-lentree-du-cacao-issu-de-la-deforestation-sur-son-marche","name":"Au Cameroun, l\u2019UE prend des mesures pour contrer l\u2019entr\u00e9e du cacao issu de la d\u00e9forestation sur son march\u00e9 - Cameroun","isPartOf":{"@id":"https:\/\/www.africa-press.net\/cameroun\/#website"},"primaryImageOfPage":{"@id":"https:\/\/www.africa-press.net\/cameroun\/economie\/au-cameroun-lue-prend-des-mesures-pour-contrer-lentree-du-cacao-issu-de-la-deforestation-sur-son-marche#primaryimage"},"image":{"@id":"https:\/\/www.africa-press.net\/cameroun\/economie\/au-cameroun-lue-prend-des-mesures-pour-contrer-lentree-du-cacao-issu-de-la-deforestation-sur-son-marche#primaryimage"},"thumbnailUrl":"https:\/\/static.africa-press.net\/cameroun\/sites\/57\/2024\/02\/sm_1708767432.29774.jpg","datePublished":"2024-02-24T12:45:36+00:00","dateModified":"2024-02-24T13:12:20+00:00","author":{"@id":"https:\/\/www.africa-press.net\/cameroun\/#\/schema\/person\/2b1cf3cd81a31e3cd26889ca66d677f1"},"description":"Investir au Cameroun) - L\u2019importation en Europe de cacao issu de la de\u0301forestation sera impossible a\u0300 partir du 1er janv ...","breadcrumb":{"@id":"https:\/\/www.africa-press.net\/cameroun\/economie\/au-cameroun-lue-prend-des-mesures-pour-contrer-lentree-du-cacao-issu-de-la-deforestation-sur-son-marche#breadcrumb"},"inLanguage":"fr-FR","potentialAction":[{"@type":"ReadAction","target":["https:\/\/www.africa-press.net\/cameroun\/economie\/au-cameroun-lue-prend-des-mesures-pour-contrer-lentree-du-cacao-issu-de-la-deforestation-sur-son-marche"]}]},{"@type":"ImageObject","inLanguage":"fr-FR","@id":"https:\/\/www.africa-press.net\/cameroun\/economie\/au-cameroun-lue-prend-des-mesures-pour-contrer-lentree-du-cacao-issu-de-la-deforestation-sur-son-marche#primaryimage","url":"https:\/\/static.africa-press.net\/cameroun\/sites\/57\/2024\/02\/sm_1708767432.29774.jpg","contentUrl":"https:\/\/static.africa-press.net\/cameroun\/sites\/57\/2024\/02\/sm_1708767432.29774.jpg","width":720,"height":479,"caption":"Au Cameroun, l\u2019UE prend des mesures pour contrer l\u2019entr\u00e9e du cacao issu de la d\u00e9forestation sur son march\u00e9"},{"@type":"BreadcrumbList","@id":"https:\/\/www.africa-press.net\/cameroun\/economie\/au-cameroun-lue-prend-des-mesures-pour-contrer-lentree-du-cacao-issu-de-la-deforestation-sur-son-marche#breadcrumb","itemListElement":[{"@type":"ListItem","position":1,"name":"Accueil","item":"https:\/\/www.africa-press.net\/cameroun\/"},{"@type":"ListItem","position":2,"name":"Au Cameroun, l\u2019UE prend des mesures pour contrer l\u2019entr\u00e9e du cacao issu de la d\u00e9forestation sur son march\u00e9"}]},{"@type":"WebSite","@id":"https:\/\/www.africa-press.net\/cameroun\/#website","url":"https:\/\/www.africa-press.net\/cameroun\/","name":"Cameroun","description":"Just another Africa News Agency Sites site","potentialAction":[{"@type":"SearchAction","target":{"@type":"EntryPoint","urlTemplate":"https:\/\/www.africa-press.net\/cameroun\/?s={search_term_string}"},"query-input":{"@type":"PropertyValueSpecification","valueRequired":true,"valueName":"search_term_string"}}],"inLanguage":"fr-FR"},{"@type":"Person","@id":"https:\/\/www.africa-press.net\/cameroun\/#\/schema\/person\/2b1cf3cd81a31e3cd26889ca66d677f1","name":"cfeditorfr"}]}},"_links":{"self":[{"href":"https:\/\/www.africa-press.net\/cameroun\/wp-json\/wp\/v2\/posts\/61646","targetHints":{"allow":["GET"]}}],"collection":[{"href":"https:\/\/www.africa-press.net\/cameroun\/wp-json\/wp\/v2\/posts"}],"about":[{"href":"https:\/\/www.africa-press.net\/cameroun\/wp-json\/wp\/v2\/types\/post"}],"author":[{"embeddable":true,"href":"https:\/\/www.africa-press.net\/cameroun\/wp-json\/wp\/v2\/users\/82"}],"replies":[{"embeddable":true,"href":"https:\/\/www.africa-press.net\/cameroun\/wp-json\/wp\/v2\/comments?post=61646"}],"version-history":[{"count":0,"href":"https:\/\/www.africa-press.net\/cameroun\/wp-json\/wp\/v2\/posts\/61646\/revisions"}],"wp:featuredmedia":[{"embeddable":true,"href":"https:\/\/www.africa-press.net\/cameroun\/wp-json\/wp\/v2\/media\/61645"}],"wp:attachment":[{"href":"https:\/\/www.africa-press.net\/cameroun\/wp-json\/wp\/v2\/media?parent=61646"}],"wp:term":[{"taxonomy":"category","embeddable":true,"href":"https:\/\/www.africa-press.net\/cameroun\/wp-json\/wp\/v2\/categories?post=61646"},{"taxonomy":"post_tag","embeddable":true,"href":"https:\/\/www.africa-press.net\/cameroun\/wp-json\/wp\/v2\/tags?post=61646"}],"curies":[{"name":"wp","href":"https:\/\/api.w.org\/{rel}","templated":true}]}}