{"id":61698,"date":"2024-02-26T21:19:17","date_gmt":"2024-02-26T21:19:17","guid":{"rendered":"https:\/\/www.africa-press.net\/cameroun\/politique\/cameroun-le-smig-en-hausse"},"modified":"2024-02-27T15:54:00","modified_gmt":"2024-02-27T15:54:00","slug":"cameroun-le-smig-en-hausse","status":"publish","type":"post","link":"https:\/\/www.africa-press.net\/cameroun\/economie\/cameroun-le-smig-en-hausse","title":{"rendered":"Cameroun : le SMIG en hausse"},"content":{"rendered":"<p><span style=\"color: #ff6600\"><strong>Africa-Press &#8211; Cameroun. <\/strong><\/span><b>Selon le de\u0301cret du Premier ministre rendu public le 23 fe\u0301vrier, cette revalorisation concerne les agents de l\u2019E\u0301tat relevant du Code du Travail.<\/b><\/p>\n<p>Le premier ministre a revu a\u0300 la hausse le SMIG de 5% en valeur relative. En effet, l\u2019on est passe\u0301 de 41 865 Fcfa en 2023, a\u0300 43.969 Fcfa soit une hausse de 2 094 Fcfa en valeur absolue. Il faut noter que cette revalorisation ne concerne que les agents de l\u2019E\u0301tat relevant du Code du Travail.<\/p>\n<p>Le SMIG des travailleurs du secteur agricole et celui des autres acteurs sont pour le moment reste\u0301s inchange\u0301s soit respectivement de 45 000 F et 60 000 Fcfa. Ce rele\u0300vement du Smig fait partie des promesses faites par le gouvernement de\u0301but fe\u0301vrier, apre\u0300s avoir re\u0301vise\u0301 a\u0300 la hausse le prix du carburant.<\/p>\n<p>Cette \u00ab le\u0301ge\u0300re \u00bb augmentation signifie que le gouvernement n\u2019a pas donne\u0301 une suite favorable aux organisations syndicales qui avaient propose\u0301 un Smig de 100 000 francs CFA. \u00ab Nous avons demande\u0301 la re\u0301vision et la ne\u0301gociation des conventions collectives. C\u2019est par la\u0300 qu\u2019on peut relever le niveau de vie de tous les travailleurs \u00bb, a souligne\u0301 Isaac Bissala, pre\u0301sident confe\u0301de\u0301ral de l\u2019Union des Travailleurs du Cameroun. En plus, \u00ab nous avons demande\u0301 l\u2019augmentation du SMIG a\u0300 100 000 F \u00bb, a confie\u0301 Pierre Louis Mouangue, pre\u0301sident de la Confe\u0301de\u0301ration des Syndicats autonomes du Cameroun. C\u2019e\u0301tait lors d\u2019une re\u0301union de concertations entre les syndicats et le ministe\u0300re du Travail.<\/p>\n<p><strong>Pour plus d&rsquo;informations et d&rsquo;analyses sur la <a href=\"https:\/\/www.africa-press.net\/cameroun\">Cameroun<\/a>, suivez <a href=\"https:\/\/www.africa-press.net\/\">Africa-Press<\/a><\/strong><\/p>\n","protected":false},"excerpt":{"rendered":"<p>Africa-Press &#8211; Cameroun. Selon le de\u0301cret du Premier ministre rendu public le 23 fe\u0301vrier, cette revalorisation concerne les agents de l\u2019E\u0301tat relevant du Code du Travail. Le premier ministre a revu a\u0300 la hausse le SMIG de 5% en valeur relative. En effet, l\u2019on est passe\u0301 de 41 865 Fcfa en 2023, a\u0300 43.969 Fcfa [&hellip;]<\/p>\n","protected":false},"author":82,"featured_media":61697,"comment_status":"open","ping_status":"closed","sticky":false,"template":"","format":"standard","meta":{"footnotes":""},"categories":[3,10],"tags":[36,50,49],"class_list":["post-61698","post","type-post","status-publish","format-standard","has-post-thumbnail","hentry","category-economie","category-toutes-les-actualites","tag-africa-press","tag-africa-press-cameroun","tag-cameroun"],"yoast_head":"<!-- This site is optimized with the Yoast SEO Premium plugin v26.1 (Yoast SEO v27.0) - https:\/\/yoast.com\/product\/yoast-seo-premium-wordpress\/ -->\n<title>Cameroun : le SMIG en hausse - Cameroun<\/title>\n<meta name=\"description\" content=\"Selon le de\u0301cret du Premier ministre rendu public le 23 fe\u0301vrier, cette revalorisation concerne les agents de l\u2019E\u0301tat ...\" \/>\n<meta name=\"robots\" content=\"index, follow, max-snippet:-1, max-image-preview:large, max-video-preview:-1\" \/>\n<link rel=\"canonical\" href=\"https:\/\/www.africa-press.net\/cameroun\/economie\/cameroun-le-smig-en-hausse\" \/>\n<meta property=\"og:locale\" content=\"fr_FR\" \/>\n<meta property=\"og:type\" content=\"article\" \/>\n<meta property=\"og:title\" content=\"Cameroun : le SMIG en hausse\" \/>\n<meta property=\"og:description\" content=\"Selon le de\u0301cret du Premier ministre rendu public le 23 fe\u0301vrier, cette revalorisation concerne les agents de l\u2019E\u0301tat ...\" \/>\n<meta property=\"og:url\" content=\"https:\/\/www.africa-press.net\/cameroun\/economie\/cameroun-le-smig-en-hausse\" \/>\n<meta property=\"og:site_name\" content=\"Cameroun\" \/>\n<meta property=\"article:published_time\" content=\"2024-02-26T21:19:17+00:00\" \/>\n<meta property=\"article:modified_time\" content=\"2024-02-27T15:54:00+00:00\" \/>\n<meta property=\"og:image\" content=\"https:\/\/static.africa-press.net\/cameroun\/sites\/57\/2024\/02\/sm_1709012386.983311.jpg\" \/>\n\t<meta property=\"og:image:width\" content=\"780\" \/>\n\t<meta property=\"og:image:height\" content=\"440\" \/>\n\t<meta property=\"og:image:type\" content=\"image\/jpeg\" \/>\n<meta name=\"author\" content=\"cfeditorfr\" \/>\n<meta name=\"twitter:card\" content=\"summary_large_image\" \/>\n<meta name=\"twitter:label1\" content=\"\u00c9crit par\" \/>\n\t<meta name=\"twitter:data1\" content=\"cfeditorfr\" \/>\n\t<meta name=\"twitter:label2\" content=\"Dur\u00e9e de lecture estim\u00e9e\" \/>\n\t<meta name=\"twitter:data2\" content=\"1 minute\" \/>\n<script type=\"application\/ld+json\" class=\"yoast-schema-graph\">{\"@context\":\"https:\/\/schema.org\",\"@graph\":[{\"@type\":\"Article\",\"@id\":\"https:\/\/www.africa-press.net\/cameroun\/economie\/cameroun-le-smig-en-hausse#article\",\"isPartOf\":{\"@id\":\"https:\/\/www.africa-press.net\/cameroun\/economie\/cameroun-le-smig-en-hausse\"},\"author\":{\"name\":\"cfeditorfr\",\"@id\":\"https:\/\/www.africa-press.net\/cameroun\/#\/schema\/person\/2b1cf3cd81a31e3cd26889ca66d677f1\"},\"headline\":\"Cameroun : le SMIG en hausse\",\"datePublished\":\"2024-02-26T21:19:17+00:00\",\"dateModified\":\"2024-02-27T15:54:00+00:00\",\"mainEntityOfPage\":{\"@id\":\"https:\/\/www.africa-press.net\/cameroun\/economie\/cameroun-le-smig-en-hausse\"},\"wordCount\":273,\"commentCount\":0,\"image\":{\"@id\":\"https:\/\/www.africa-press.net\/cameroun\/economie\/cameroun-le-smig-en-hausse#primaryimage\"},\"thumbnailUrl\":\"https:\/\/static.africa-press.net\/cameroun\/sites\/57\/2024\/02\/sm_1709012386.983311.jpg\",\"keywords\":[\"Africa Press\",\"Africa Press-Cameroun\",\"Cameroun\"],\"articleSection\":[\"\u00c9conomie\",\"Toutes les actualit\u00e9s\"],\"inLanguage\":\"fr-FR\",\"potentialAction\":[{\"@type\":\"CommentAction\",\"name\":\"Comment\",\"target\":[\"https:\/\/www.africa-press.net\/cameroun\/economie\/cameroun-le-smig-en-hausse#respond\"]}]},{\"@type\":\"WebPage\",\"@id\":\"https:\/\/www.africa-press.net\/cameroun\/economie\/cameroun-le-smig-en-hausse\",\"url\":\"https:\/\/www.africa-press.net\/cameroun\/economie\/cameroun-le-smig-en-hausse\",\"name\":\"Cameroun : le SMIG en hausse - Cameroun\",\"isPartOf\":{\"@id\":\"https:\/\/www.africa-press.net\/cameroun\/#website\"},\"primaryImageOfPage\":{\"@id\":\"https:\/\/www.africa-press.net\/cameroun\/economie\/cameroun-le-smig-en-hausse#primaryimage\"},\"image\":{\"@id\":\"https:\/\/www.africa-press.net\/cameroun\/economie\/cameroun-le-smig-en-hausse#primaryimage\"},\"thumbnailUrl\":\"https:\/\/static.africa-press.net\/cameroun\/sites\/57\/2024\/02\/sm_1709012386.983311.jpg\",\"datePublished\":\"2024-02-26T21:19:17+00:00\",\"dateModified\":\"2024-02-27T15:54:00+00:00\",\"author\":{\"@id\":\"https:\/\/www.africa-press.net\/cameroun\/#\/schema\/person\/2b1cf3cd81a31e3cd26889ca66d677f1\"},\"description\":\"Selon le de\u0301cret du Premier ministre rendu public le 23 fe\u0301vrier, cette revalorisation concerne les agents de l\u2019E\u0301tat ...\",\"breadcrumb\":{\"@id\":\"https:\/\/www.africa-press.net\/cameroun\/economie\/cameroun-le-smig-en-hausse#breadcrumb\"},\"inLanguage\":\"fr-FR\",\"potentialAction\":[{\"@type\":\"ReadAction\",\"target\":[\"https:\/\/www.africa-press.net\/cameroun\/economie\/cameroun-le-smig-en-hausse\"]}]},{\"@type\":\"ImageObject\",\"inLanguage\":\"fr-FR\",\"@id\":\"https:\/\/www.africa-press.net\/cameroun\/economie\/cameroun-le-smig-en-hausse#primaryimage\",\"url\":\"https:\/\/static.africa-press.net\/cameroun\/sites\/57\/2024\/02\/sm_1709012386.983311.jpg\",\"contentUrl\":\"https:\/\/static.africa-press.net\/cameroun\/sites\/57\/2024\/02\/sm_1709012386.983311.jpg\",\"width\":780,\"height\":440,\"caption\":\"Cameroun : le SMIG en hausse\"},{\"@type\":\"BreadcrumbList\",\"@id\":\"https:\/\/www.africa-press.net\/cameroun\/economie\/cameroun-le-smig-en-hausse#breadcrumb\",\"itemListElement\":[{\"@type\":\"ListItem\",\"position\":1,\"name\":\"Accueil\",\"item\":\"https:\/\/www.africa-press.net\/cameroun\/\"},{\"@type\":\"ListItem\",\"position\":2,\"name\":\"Cameroun : le SMIG en hausse\"}]},{\"@type\":\"WebSite\",\"@id\":\"https:\/\/www.africa-press.net\/cameroun\/#website\",\"url\":\"https:\/\/www.africa-press.net\/cameroun\/\",\"name\":\"Cameroun\",\"description\":\"Just another Africa News Agency Sites site\",\"potentialAction\":[{\"@type\":\"SearchAction\",\"target\":{\"@type\":\"EntryPoint\",\"urlTemplate\":\"https:\/\/www.africa-press.net\/cameroun\/?s={search_term_string}\"},\"query-input\":{\"@type\":\"PropertyValueSpecification\",\"valueRequired\":true,\"valueName\":\"search_term_string\"}}],\"inLanguage\":\"fr-FR\"},{\"@type\":\"Person\",\"@id\":\"https:\/\/www.africa-press.net\/cameroun\/#\/schema\/person\/2b1cf3cd81a31e3cd26889ca66d677f1\",\"name\":\"cfeditorfr\"}]}<\/script>\n<!-- \/ Yoast SEO Premium plugin. -->","yoast_head_json":{"title":"Cameroun : le SMIG en hausse - Cameroun","description":"Selon le de\u0301cret du Premier ministre rendu public le 23 fe\u0301vrier, cette revalorisation concerne les agents de l\u2019E\u0301tat ...","robots":{"index":"index","follow":"follow","max-snippet":"max-snippet:-1","max-image-preview":"max-image-preview:large","max-video-preview":"max-video-preview:-1"},"canonical":"https:\/\/www.africa-press.net\/cameroun\/economie\/cameroun-le-smig-en-hausse","og_locale":"fr_FR","og_type":"article","og_title":"Cameroun : le SMIG en hausse","og_description":"Selon le de\u0301cret du Premier ministre rendu public le 23 fe\u0301vrier, cette revalorisation concerne les agents de l\u2019E\u0301tat ...","og_url":"https:\/\/www.africa-press.net\/cameroun\/economie\/cameroun-le-smig-en-hausse","og_site_name":"Cameroun","article_published_time":"2024-02-26T21:19:17+00:00","article_modified_time":"2024-02-27T15:54:00+00:00","og_image":[{"width":780,"height":440,"url":"https:\/\/static.africa-press.net\/cameroun\/sites\/57\/2024\/02\/sm_1709012386.983311.jpg","type":"image\/jpeg"}],"author":"cfeditorfr","twitter_card":"summary_large_image","twitter_misc":{"\u00c9crit par":"cfeditorfr","Dur\u00e9e de lecture estim\u00e9e":"1 minute"},"schema":{"@context":"https:\/\/schema.org","@graph":[{"@type":"Article","@id":"https:\/\/www.africa-press.net\/cameroun\/economie\/cameroun-le-smig-en-hausse#article","isPartOf":{"@id":"https:\/\/www.africa-press.net\/cameroun\/economie\/cameroun-le-smig-en-hausse"},"author":{"name":"cfeditorfr","@id":"https:\/\/www.africa-press.net\/cameroun\/#\/schema\/person\/2b1cf3cd81a31e3cd26889ca66d677f1"},"headline":"Cameroun : le SMIG en hausse","datePublished":"2024-02-26T21:19:17+00:00","dateModified":"2024-02-27T15:54:00+00:00","mainEntityOfPage":{"@id":"https:\/\/www.africa-press.net\/cameroun\/economie\/cameroun-le-smig-en-hausse"},"wordCount":273,"commentCount":0,"image":{"@id":"https:\/\/www.africa-press.net\/cameroun\/economie\/cameroun-le-smig-en-hausse#primaryimage"},"thumbnailUrl":"https:\/\/static.africa-press.net\/cameroun\/sites\/57\/2024\/02\/sm_1709012386.983311.jpg","keywords":["Africa Press","Africa Press-Cameroun","Cameroun"],"articleSection":["\u00c9conomie","Toutes les actualit\u00e9s"],"inLanguage":"fr-FR","potentialAction":[{"@type":"CommentAction","name":"Comment","target":["https:\/\/www.africa-press.net\/cameroun\/economie\/cameroun-le-smig-en-hausse#respond"]}]},{"@type":"WebPage","@id":"https:\/\/www.africa-press.net\/cameroun\/economie\/cameroun-le-smig-en-hausse","url":"https:\/\/www.africa-press.net\/cameroun\/economie\/cameroun-le-smig-en-hausse","name":"Cameroun : le SMIG en hausse - Cameroun","isPartOf":{"@id":"https:\/\/www.africa-press.net\/cameroun\/#website"},"primaryImageOfPage":{"@id":"https:\/\/www.africa-press.net\/cameroun\/economie\/cameroun-le-smig-en-hausse#primaryimage"},"image":{"@id":"https:\/\/www.africa-press.net\/cameroun\/economie\/cameroun-le-smig-en-hausse#primaryimage"},"thumbnailUrl":"https:\/\/static.africa-press.net\/cameroun\/sites\/57\/2024\/02\/sm_1709012386.983311.jpg","datePublished":"2024-02-26T21:19:17+00:00","dateModified":"2024-02-27T15:54:00+00:00","author":{"@id":"https:\/\/www.africa-press.net\/cameroun\/#\/schema\/person\/2b1cf3cd81a31e3cd26889ca66d677f1"},"description":"Selon le de\u0301cret du Premier ministre rendu public le 23 fe\u0301vrier, cette revalorisation concerne les agents de l\u2019E\u0301tat ...","breadcrumb":{"@id":"https:\/\/www.africa-press.net\/cameroun\/economie\/cameroun-le-smig-en-hausse#breadcrumb"},"inLanguage":"fr-FR","potentialAction":[{"@type":"ReadAction","target":["https:\/\/www.africa-press.net\/cameroun\/economie\/cameroun-le-smig-en-hausse"]}]},{"@type":"ImageObject","inLanguage":"fr-FR","@id":"https:\/\/www.africa-press.net\/cameroun\/economie\/cameroun-le-smig-en-hausse#primaryimage","url":"https:\/\/static.africa-press.net\/cameroun\/sites\/57\/2024\/02\/sm_1709012386.983311.jpg","contentUrl":"https:\/\/static.africa-press.net\/cameroun\/sites\/57\/2024\/02\/sm_1709012386.983311.jpg","width":780,"height":440,"caption":"Cameroun : le SMIG en hausse"},{"@type":"BreadcrumbList","@id":"https:\/\/www.africa-press.net\/cameroun\/economie\/cameroun-le-smig-en-hausse#breadcrumb","itemListElement":[{"@type":"ListItem","position":1,"name":"Accueil","item":"https:\/\/www.africa-press.net\/cameroun\/"},{"@type":"ListItem","position":2,"name":"Cameroun : le SMIG en hausse"}]},{"@type":"WebSite","@id":"https:\/\/www.africa-press.net\/cameroun\/#website","url":"https:\/\/www.africa-press.net\/cameroun\/","name":"Cameroun","description":"Just another Africa News Agency Sites site","potentialAction":[{"@type":"SearchAction","target":{"@type":"EntryPoint","urlTemplate":"https:\/\/www.africa-press.net\/cameroun\/?s={search_term_string}"},"query-input":{"@type":"PropertyValueSpecification","valueRequired":true,"valueName":"search_term_string"}}],"inLanguage":"fr-FR"},{"@type":"Person","@id":"https:\/\/www.africa-press.net\/cameroun\/#\/schema\/person\/2b1cf3cd81a31e3cd26889ca66d677f1","name":"cfeditorfr"}]}},"_links":{"self":[{"href":"https:\/\/www.africa-press.net\/cameroun\/wp-json\/wp\/v2\/posts\/61698","targetHints":{"allow":["GET"]}}],"collection":[{"href":"https:\/\/www.africa-press.net\/cameroun\/wp-json\/wp\/v2\/posts"}],"about":[{"href":"https:\/\/www.africa-press.net\/cameroun\/wp-json\/wp\/v2\/types\/post"}],"author":[{"embeddable":true,"href":"https:\/\/www.africa-press.net\/cameroun\/wp-json\/wp\/v2\/users\/82"}],"replies":[{"embeddable":true,"href":"https:\/\/www.africa-press.net\/cameroun\/wp-json\/wp\/v2\/comments?post=61698"}],"version-history":[{"count":0,"href":"https:\/\/www.africa-press.net\/cameroun\/wp-json\/wp\/v2\/posts\/61698\/revisions"}],"wp:featuredmedia":[{"embeddable":true,"href":"https:\/\/www.africa-press.net\/cameroun\/wp-json\/wp\/v2\/media\/61697"}],"wp:attachment":[{"href":"https:\/\/www.africa-press.net\/cameroun\/wp-json\/wp\/v2\/media?parent=61698"}],"wp:term":[{"taxonomy":"category","embeddable":true,"href":"https:\/\/www.africa-press.net\/cameroun\/wp-json\/wp\/v2\/categories?post=61698"},{"taxonomy":"post_tag","embeddable":true,"href":"https:\/\/www.africa-press.net\/cameroun\/wp-json\/wp\/v2\/tags?post=61698"}],"curies":[{"name":"wp","href":"https:\/\/api.w.org\/{rel}","templated":true}]}}