{"id":61700,"date":"2024-02-26T21:19:22","date_gmt":"2024-02-26T21:19:22","guid":{"rendered":"https:\/\/www.africa-press.net\/cameroun\/politique\/cameroun-deces-du-senateur-francois-xavier-ngoubeyou"},"modified":"2024-02-27T15:54:31","modified_gmt":"2024-02-27T15:54:31","slug":"cameroun-deces-du-senateur-francois-xavier-ngoubeyou","status":"publish","type":"post","link":"https:\/\/www.africa-press.net\/cameroun\/toutes-les-actualites\/cameroun-deces-du-senateur-francois-xavier-ngoubeyou","title":{"rendered":"Cameroun : d\u00e9c\u00e8s du s\u00e9nateur Fran\u00e7ois-Xavier Ngoubeyou"},"content":{"rendered":"<p><span style=\"color: #ff6600\"><strong>Africa-Press &#8211; Cameroun. <\/strong><\/span><b>Le membre du Se\u0301nat et ancien membre du gouvernement est de\u0301ce\u0301de\u0301 le samedi 24 fe\u0301vrier 2024 des suites de maladie a\u0300 l\u2019a\u0302ge de 87 ans.<\/b><\/p>\n<p>Le Se\u0301nateur Franc\u0327ois-Xavier Ngoubeyou n\u2019est plus. Le parlementaire issu de l re\u0301gion de l\u2019Ouest a de\u0301finitivement range\u0301 ses attributs le week-end dernier. Elu se\u0301nateur pour la premie\u0300re fois en 2018 puis en 2023, il a e\u0301te\u0301 vice-pre\u0301sident de la commission des Affaires e\u0301trange\u0300res. Dans un message publie\u0301 le dimanche dernier, l\u2019institution parlementaire dit garder de lui \u00ab le souvenir d\u2019un parlementaire de\u0301voue\u0301 et assidu \u00bb.<\/p>\n<p>Membre titulaire du Comite\u0301 central du Rassemblement de\u0301mocratique du peuple camerounais depuis 2011, il e\u0301tait de ceux qui attisaient la flamme du parti dans la re\u0301gion de l\u2019Ouest. Son e\u0301lection a\u0300 la Chambre haute du Parlement est sans doute une marque de reconnaissance de la hie\u0301rarchie du Rdpc pour son activite\u0301 en son sein et les services rendus au pays.<\/p>\n<p>Dans son parcours, Franc\u0327ois-Xavier Ngoubeyou a e\u0301te\u0301 membre du gouvernement. Il a e\u0301te\u0301 ministre des Relations exte\u0301rieures de 2001 a\u0300 2004. Bien avant d\u2019occuper ce poste, le natif de Nkongsamba dans la re\u0301gion du Littoral a exerce\u0301 entre autres, les fonctions de ministre de\u0301le\u0301gue\u0301 a\u0300 l\u2019inspection ge\u0301ne\u0301rale de l\u2019Etat dans le gouvernement fe\u0301de\u0301ral entre 1970 et 1971 ; ministre de la Jeunesse et des Sports entre mars 1971 et juillet 1972 ; conseiller technique au ministe\u0300re de l\u2019Information et de la Culture en de\u0301cembre 1976 ; il est nomme\u0301 Ambassadeur du Cameroun en Suisse avec re\u0301sidence a\u0300 Berne le 20 avril 1985.<\/p>\n<p><strong>Pour plus d&rsquo;informations et d&rsquo;analyses sur la <a href=\"https:\/\/www.africa-press.net\/cameroun\">Cameroun<\/a>, suivez <a href=\"https:\/\/www.africa-press.net\/\">Africa-Press<\/a><\/strong><\/p>\n","protected":false},"excerpt":{"rendered":"<p>Africa-Press &#8211; Cameroun. Le membre du Se\u0301nat et ancien membre du gouvernement est de\u0301ce\u0301de\u0301 le samedi 24 fe\u0301vrier 2024 des suites de maladie a\u0300 l\u2019a\u0302ge de 87 ans. Le Se\u0301nateur Franc\u0327ois-Xavier Ngoubeyou n\u2019est plus. Le parlementaire issu de l re\u0301gion de l\u2019Ouest a de\u0301finitivement range\u0301 ses attributs le week-end dernier. Elu se\u0301nateur pour la premie\u0300re [&hellip;]<\/p>\n","protected":false},"author":82,"featured_media":61699,"comment_status":"open","ping_status":"closed","sticky":false,"template":"","format":"standard","meta":{"footnotes":""},"categories":[21,10],"tags":[36,50,49],"class_list":["post-61700","post","type-post","status-publish","format-standard","has-post-thumbnail","hentry","category-communaute","category-toutes-les-actualites","tag-africa-press","tag-africa-press-cameroun","tag-cameroun"],"yoast_head":"<!-- This site is optimized with the Yoast SEO Premium plugin v26.1 (Yoast SEO v27.0) - https:\/\/yoast.com\/product\/yoast-seo-premium-wordpress\/ -->\n<title>Cameroun : d\u00e9c\u00e8s du s\u00e9nateur Fran\u00e7ois-Xavier Ngoubeyou - Cameroun<\/title>\n<meta name=\"description\" content=\"Le membre du Se\u0301nat et ancien membre du gouvernement est de\u0301ce\u0301de\u0301 le samedi 24 fe\u0301vrier 2024 des suites de maladie a ...\" \/>\n<meta name=\"robots\" content=\"index, follow, max-snippet:-1, max-image-preview:large, max-video-preview:-1\" \/>\n<link rel=\"canonical\" href=\"https:\/\/www.africa-press.net\/cameroun\/toutes-les-actualites\/cameroun-deces-du-senateur-francois-xavier-ngoubeyou\" \/>\n<meta property=\"og:locale\" content=\"fr_FR\" \/>\n<meta property=\"og:type\" content=\"article\" \/>\n<meta property=\"og:title\" content=\"Cameroun : d\u00e9c\u00e8s du s\u00e9nateur Fran\u00e7ois-Xavier Ngoubeyou\" \/>\n<meta property=\"og:description\" content=\"Le membre du Se\u0301nat et ancien membre du gouvernement est de\u0301ce\u0301de\u0301 le samedi 24 fe\u0301vrier 2024 des suites de maladie a ...\" \/>\n<meta property=\"og:url\" content=\"https:\/\/www.africa-press.net\/cameroun\/toutes-les-actualites\/cameroun-deces-du-senateur-francois-xavier-ngoubeyou\" \/>\n<meta property=\"og:site_name\" content=\"Cameroun\" \/>\n<meta property=\"article:published_time\" content=\"2024-02-26T21:19:22+00:00\" \/>\n<meta property=\"article:modified_time\" content=\"2024-02-27T15:54:31+00:00\" \/>\n<meta property=\"og:image\" content=\"https:\/\/static.africa-press.net\/cameroun\/sites\/57\/2024\/02\/sm_1709012403.841402.jpg\" \/>\n\t<meta property=\"og:image:width\" content=\"780\" \/>\n\t<meta property=\"og:image:height\" content=\"440\" \/>\n\t<meta property=\"og:image:type\" content=\"image\/jpeg\" \/>\n<meta name=\"author\" content=\"cfeditorfr\" \/>\n<meta name=\"twitter:card\" content=\"summary_large_image\" \/>\n<meta name=\"twitter:label1\" content=\"\u00c9crit par\" \/>\n\t<meta name=\"twitter:data1\" content=\"cfeditorfr\" \/>\n\t<meta name=\"twitter:label2\" content=\"Dur\u00e9e de lecture estim\u00e9e\" \/>\n\t<meta name=\"twitter:data2\" content=\"1 minute\" \/>\n<script type=\"application\/ld+json\" class=\"yoast-schema-graph\">{\"@context\":\"https:\/\/schema.org\",\"@graph\":[{\"@type\":\"Article\",\"@id\":\"https:\/\/www.africa-press.net\/cameroun\/toutes-les-actualites\/cameroun-deces-du-senateur-francois-xavier-ngoubeyou#article\",\"isPartOf\":{\"@id\":\"https:\/\/www.africa-press.net\/cameroun\/toutes-les-actualites\/cameroun-deces-du-senateur-francois-xavier-ngoubeyou\"},\"author\":{\"name\":\"cfeditorfr\",\"@id\":\"https:\/\/www.africa-press.net\/cameroun\/#\/schema\/person\/2b1cf3cd81a31e3cd26889ca66d677f1\"},\"headline\":\"Cameroun : d\u00e9c\u00e8s du s\u00e9nateur Fran\u00e7ois-Xavier Ngoubeyou\",\"datePublished\":\"2024-02-26T21:19:22+00:00\",\"dateModified\":\"2024-02-27T15:54:31+00:00\",\"mainEntityOfPage\":{\"@id\":\"https:\/\/www.africa-press.net\/cameroun\/toutes-les-actualites\/cameroun-deces-du-senateur-francois-xavier-ngoubeyou\"},\"wordCount\":302,\"commentCount\":0,\"image\":{\"@id\":\"https:\/\/www.africa-press.net\/cameroun\/toutes-les-actualites\/cameroun-deces-du-senateur-francois-xavier-ngoubeyou#primaryimage\"},\"thumbnailUrl\":\"https:\/\/static.africa-press.net\/cameroun\/sites\/57\/2024\/02\/sm_1709012403.841402.jpg\",\"keywords\":[\"Africa Press\",\"Africa Press-Cameroun\",\"Cameroun\"],\"articleSection\":[\"Communaut\u00e9\",\"Toutes les actualit\u00e9s\"],\"inLanguage\":\"fr-FR\",\"potentialAction\":[{\"@type\":\"CommentAction\",\"name\":\"Comment\",\"target\":[\"https:\/\/www.africa-press.net\/cameroun\/toutes-les-actualites\/cameroun-deces-du-senateur-francois-xavier-ngoubeyou#respond\"]}]},{\"@type\":\"WebPage\",\"@id\":\"https:\/\/www.africa-press.net\/cameroun\/toutes-les-actualites\/cameroun-deces-du-senateur-francois-xavier-ngoubeyou\",\"url\":\"https:\/\/www.africa-press.net\/cameroun\/toutes-les-actualites\/cameroun-deces-du-senateur-francois-xavier-ngoubeyou\",\"name\":\"Cameroun : d\u00e9c\u00e8s du s\u00e9nateur Fran\u00e7ois-Xavier Ngoubeyou - Cameroun\",\"isPartOf\":{\"@id\":\"https:\/\/www.africa-press.net\/cameroun\/#website\"},\"primaryImageOfPage\":{\"@id\":\"https:\/\/www.africa-press.net\/cameroun\/toutes-les-actualites\/cameroun-deces-du-senateur-francois-xavier-ngoubeyou#primaryimage\"},\"image\":{\"@id\":\"https:\/\/www.africa-press.net\/cameroun\/toutes-les-actualites\/cameroun-deces-du-senateur-francois-xavier-ngoubeyou#primaryimage\"},\"thumbnailUrl\":\"https:\/\/static.africa-press.net\/cameroun\/sites\/57\/2024\/02\/sm_1709012403.841402.jpg\",\"datePublished\":\"2024-02-26T21:19:22+00:00\",\"dateModified\":\"2024-02-27T15:54:31+00:00\",\"author\":{\"@id\":\"https:\/\/www.africa-press.net\/cameroun\/#\/schema\/person\/2b1cf3cd81a31e3cd26889ca66d677f1\"},\"description\":\"Le membre du Se\u0301nat et ancien membre du gouvernement est de\u0301ce\u0301de\u0301 le samedi 24 fe\u0301vrier 2024 des suites de maladie a ...\",\"breadcrumb\":{\"@id\":\"https:\/\/www.africa-press.net\/cameroun\/toutes-les-actualites\/cameroun-deces-du-senateur-francois-xavier-ngoubeyou#breadcrumb\"},\"inLanguage\":\"fr-FR\",\"potentialAction\":[{\"@type\":\"ReadAction\",\"target\":[\"https:\/\/www.africa-press.net\/cameroun\/toutes-les-actualites\/cameroun-deces-du-senateur-francois-xavier-ngoubeyou\"]}]},{\"@type\":\"ImageObject\",\"inLanguage\":\"fr-FR\",\"@id\":\"https:\/\/www.africa-press.net\/cameroun\/toutes-les-actualites\/cameroun-deces-du-senateur-francois-xavier-ngoubeyou#primaryimage\",\"url\":\"https:\/\/static.africa-press.net\/cameroun\/sites\/57\/2024\/02\/sm_1709012403.841402.jpg\",\"contentUrl\":\"https:\/\/static.africa-press.net\/cameroun\/sites\/57\/2024\/02\/sm_1709012403.841402.jpg\",\"width\":780,\"height\":440,\"caption\":\"Cameroun : d\u00e9c\u00e8s du s\u00e9nateur Fran\u00e7ois-Xavier Ngoubeyou\"},{\"@type\":\"BreadcrumbList\",\"@id\":\"https:\/\/www.africa-press.net\/cameroun\/toutes-les-actualites\/cameroun-deces-du-senateur-francois-xavier-ngoubeyou#breadcrumb\",\"itemListElement\":[{\"@type\":\"ListItem\",\"position\":1,\"name\":\"Accueil\",\"item\":\"https:\/\/www.africa-press.net\/cameroun\/\"},{\"@type\":\"ListItem\",\"position\":2,\"name\":\"Cameroun : d\u00e9c\u00e8s du s\u00e9nateur Fran\u00e7ois-Xavier Ngoubeyou\"}]},{\"@type\":\"WebSite\",\"@id\":\"https:\/\/www.africa-press.net\/cameroun\/#website\",\"url\":\"https:\/\/www.africa-press.net\/cameroun\/\",\"name\":\"Cameroun\",\"description\":\"Just another Africa News Agency Sites site\",\"potentialAction\":[{\"@type\":\"SearchAction\",\"target\":{\"@type\":\"EntryPoint\",\"urlTemplate\":\"https:\/\/www.africa-press.net\/cameroun\/?s={search_term_string}\"},\"query-input\":{\"@type\":\"PropertyValueSpecification\",\"valueRequired\":true,\"valueName\":\"search_term_string\"}}],\"inLanguage\":\"fr-FR\"},{\"@type\":\"Person\",\"@id\":\"https:\/\/www.africa-press.net\/cameroun\/#\/schema\/person\/2b1cf3cd81a31e3cd26889ca66d677f1\",\"name\":\"cfeditorfr\"}]}<\/script>\n<!-- \/ Yoast SEO Premium plugin. -->","yoast_head_json":{"title":"Cameroun : d\u00e9c\u00e8s du s\u00e9nateur Fran\u00e7ois-Xavier Ngoubeyou - Cameroun","description":"Le membre du Se\u0301nat et ancien membre du gouvernement est de\u0301ce\u0301de\u0301 le samedi 24 fe\u0301vrier 2024 des suites de maladie a ...","robots":{"index":"index","follow":"follow","max-snippet":"max-snippet:-1","max-image-preview":"max-image-preview:large","max-video-preview":"max-video-preview:-1"},"canonical":"https:\/\/www.africa-press.net\/cameroun\/toutes-les-actualites\/cameroun-deces-du-senateur-francois-xavier-ngoubeyou","og_locale":"fr_FR","og_type":"article","og_title":"Cameroun : d\u00e9c\u00e8s du s\u00e9nateur Fran\u00e7ois-Xavier Ngoubeyou","og_description":"Le membre du Se\u0301nat et ancien membre du gouvernement est de\u0301ce\u0301de\u0301 le samedi 24 fe\u0301vrier 2024 des suites de maladie a ...","og_url":"https:\/\/www.africa-press.net\/cameroun\/toutes-les-actualites\/cameroun-deces-du-senateur-francois-xavier-ngoubeyou","og_site_name":"Cameroun","article_published_time":"2024-02-26T21:19:22+00:00","article_modified_time":"2024-02-27T15:54:31+00:00","og_image":[{"width":780,"height":440,"url":"https:\/\/static.africa-press.net\/cameroun\/sites\/57\/2024\/02\/sm_1709012403.841402.jpg","type":"image\/jpeg"}],"author":"cfeditorfr","twitter_card":"summary_large_image","twitter_misc":{"\u00c9crit par":"cfeditorfr","Dur\u00e9e de lecture estim\u00e9e":"1 minute"},"schema":{"@context":"https:\/\/schema.org","@graph":[{"@type":"Article","@id":"https:\/\/www.africa-press.net\/cameroun\/toutes-les-actualites\/cameroun-deces-du-senateur-francois-xavier-ngoubeyou#article","isPartOf":{"@id":"https:\/\/www.africa-press.net\/cameroun\/toutes-les-actualites\/cameroun-deces-du-senateur-francois-xavier-ngoubeyou"},"author":{"name":"cfeditorfr","@id":"https:\/\/www.africa-press.net\/cameroun\/#\/schema\/person\/2b1cf3cd81a31e3cd26889ca66d677f1"},"headline":"Cameroun : d\u00e9c\u00e8s du s\u00e9nateur Fran\u00e7ois-Xavier Ngoubeyou","datePublished":"2024-02-26T21:19:22+00:00","dateModified":"2024-02-27T15:54:31+00:00","mainEntityOfPage":{"@id":"https:\/\/www.africa-press.net\/cameroun\/toutes-les-actualites\/cameroun-deces-du-senateur-francois-xavier-ngoubeyou"},"wordCount":302,"commentCount":0,"image":{"@id":"https:\/\/www.africa-press.net\/cameroun\/toutes-les-actualites\/cameroun-deces-du-senateur-francois-xavier-ngoubeyou#primaryimage"},"thumbnailUrl":"https:\/\/static.africa-press.net\/cameroun\/sites\/57\/2024\/02\/sm_1709012403.841402.jpg","keywords":["Africa Press","Africa Press-Cameroun","Cameroun"],"articleSection":["Communaut\u00e9","Toutes les actualit\u00e9s"],"inLanguage":"fr-FR","potentialAction":[{"@type":"CommentAction","name":"Comment","target":["https:\/\/www.africa-press.net\/cameroun\/toutes-les-actualites\/cameroun-deces-du-senateur-francois-xavier-ngoubeyou#respond"]}]},{"@type":"WebPage","@id":"https:\/\/www.africa-press.net\/cameroun\/toutes-les-actualites\/cameroun-deces-du-senateur-francois-xavier-ngoubeyou","url":"https:\/\/www.africa-press.net\/cameroun\/toutes-les-actualites\/cameroun-deces-du-senateur-francois-xavier-ngoubeyou","name":"Cameroun : d\u00e9c\u00e8s du s\u00e9nateur Fran\u00e7ois-Xavier Ngoubeyou - Cameroun","isPartOf":{"@id":"https:\/\/www.africa-press.net\/cameroun\/#website"},"primaryImageOfPage":{"@id":"https:\/\/www.africa-press.net\/cameroun\/toutes-les-actualites\/cameroun-deces-du-senateur-francois-xavier-ngoubeyou#primaryimage"},"image":{"@id":"https:\/\/www.africa-press.net\/cameroun\/toutes-les-actualites\/cameroun-deces-du-senateur-francois-xavier-ngoubeyou#primaryimage"},"thumbnailUrl":"https:\/\/static.africa-press.net\/cameroun\/sites\/57\/2024\/02\/sm_1709012403.841402.jpg","datePublished":"2024-02-26T21:19:22+00:00","dateModified":"2024-02-27T15:54:31+00:00","author":{"@id":"https:\/\/www.africa-press.net\/cameroun\/#\/schema\/person\/2b1cf3cd81a31e3cd26889ca66d677f1"},"description":"Le membre du Se\u0301nat et ancien membre du gouvernement est de\u0301ce\u0301de\u0301 le samedi 24 fe\u0301vrier 2024 des suites de maladie a ...","breadcrumb":{"@id":"https:\/\/www.africa-press.net\/cameroun\/toutes-les-actualites\/cameroun-deces-du-senateur-francois-xavier-ngoubeyou#breadcrumb"},"inLanguage":"fr-FR","potentialAction":[{"@type":"ReadAction","target":["https:\/\/www.africa-press.net\/cameroun\/toutes-les-actualites\/cameroun-deces-du-senateur-francois-xavier-ngoubeyou"]}]},{"@type":"ImageObject","inLanguage":"fr-FR","@id":"https:\/\/www.africa-press.net\/cameroun\/toutes-les-actualites\/cameroun-deces-du-senateur-francois-xavier-ngoubeyou#primaryimage","url":"https:\/\/static.africa-press.net\/cameroun\/sites\/57\/2024\/02\/sm_1709012403.841402.jpg","contentUrl":"https:\/\/static.africa-press.net\/cameroun\/sites\/57\/2024\/02\/sm_1709012403.841402.jpg","width":780,"height":440,"caption":"Cameroun : d\u00e9c\u00e8s du s\u00e9nateur Fran\u00e7ois-Xavier Ngoubeyou"},{"@type":"BreadcrumbList","@id":"https:\/\/www.africa-press.net\/cameroun\/toutes-les-actualites\/cameroun-deces-du-senateur-francois-xavier-ngoubeyou#breadcrumb","itemListElement":[{"@type":"ListItem","position":1,"name":"Accueil","item":"https:\/\/www.africa-press.net\/cameroun\/"},{"@type":"ListItem","position":2,"name":"Cameroun : d\u00e9c\u00e8s du s\u00e9nateur Fran\u00e7ois-Xavier Ngoubeyou"}]},{"@type":"WebSite","@id":"https:\/\/www.africa-press.net\/cameroun\/#website","url":"https:\/\/www.africa-press.net\/cameroun\/","name":"Cameroun","description":"Just another Africa News Agency Sites site","potentialAction":[{"@type":"SearchAction","target":{"@type":"EntryPoint","urlTemplate":"https:\/\/www.africa-press.net\/cameroun\/?s={search_term_string}"},"query-input":{"@type":"PropertyValueSpecification","valueRequired":true,"valueName":"search_term_string"}}],"inLanguage":"fr-FR"},{"@type":"Person","@id":"https:\/\/www.africa-press.net\/cameroun\/#\/schema\/person\/2b1cf3cd81a31e3cd26889ca66d677f1","name":"cfeditorfr"}]}},"_links":{"self":[{"href":"https:\/\/www.africa-press.net\/cameroun\/wp-json\/wp\/v2\/posts\/61700","targetHints":{"allow":["GET"]}}],"collection":[{"href":"https:\/\/www.africa-press.net\/cameroun\/wp-json\/wp\/v2\/posts"}],"about":[{"href":"https:\/\/www.africa-press.net\/cameroun\/wp-json\/wp\/v2\/types\/post"}],"author":[{"embeddable":true,"href":"https:\/\/www.africa-press.net\/cameroun\/wp-json\/wp\/v2\/users\/82"}],"replies":[{"embeddable":true,"href":"https:\/\/www.africa-press.net\/cameroun\/wp-json\/wp\/v2\/comments?post=61700"}],"version-history":[{"count":0,"href":"https:\/\/www.africa-press.net\/cameroun\/wp-json\/wp\/v2\/posts\/61700\/revisions"}],"wp:featuredmedia":[{"embeddable":true,"href":"https:\/\/www.africa-press.net\/cameroun\/wp-json\/wp\/v2\/media\/61699"}],"wp:attachment":[{"href":"https:\/\/www.africa-press.net\/cameroun\/wp-json\/wp\/v2\/media?parent=61700"}],"wp:term":[{"taxonomy":"category","embeddable":true,"href":"https:\/\/www.africa-press.net\/cameroun\/wp-json\/wp\/v2\/categories?post=61700"},{"taxonomy":"post_tag","embeddable":true,"href":"https:\/\/www.africa-press.net\/cameroun\/wp-json\/wp\/v2\/tags?post=61700"}],"curies":[{"name":"wp","href":"https:\/\/api.w.org\/{rel}","templated":true}]}}