{"id":61702,"date":"2024-02-26T21:19:27","date_gmt":"2024-02-26T21:19:27","guid":{"rendered":"https:\/\/www.africa-press.net\/cameroun\/politique\/promote-2024-le-gouvernement-edifie-les-pme-sur-les-mesures-dappui-au-secteur-prive"},"modified":"2024-02-27T15:55:05","modified_gmt":"2024-02-27T15:55:05","slug":"promote-2024-le-gouvernement-edifie-les-pme-sur-les-mesures-dappui-au-secteur-prive","status":"publish","type":"post","link":"https:\/\/www.africa-press.net\/cameroun\/economie\/promote-2024-le-gouvernement-edifie-les-pme-sur-les-mesures-dappui-au-secteur-prive","title":{"rendered":"Promote 2024 : le gouvernement \u00e9difie les PME sur les mesures d\u2019appui au secteur priv\u00e9"},"content":{"rendered":"<p><span style=\"color: #ff6600\"><strong>Africa-Press &#8211; Cameroun. <\/strong><\/span><b>Dans le cadre de ses activite\u0301s a\u0300 la foire Promote e\u0301dition 2024, le ministe\u0300re de l\u2019Economie, de la Planification et de l\u2019Ame\u0301nagement du Territoire a organise\u0301 les Journe\u0301es the\u0301matiques sur la transformation structurelle de l\u2019e\u0301conomie camerounaise, sous le the\u0300me: \u00ab Les mesures d\u2019appui au secteur prive\u0301 \u00bb.<\/b><\/p>\n<p>Au cours des Journe\u0301es the\u0301matiques ouvertes ce jeudi 22 fe\u0301vrier 2024 au Palais des Congre\u0300s de Yaounde\u0301, le MINEPAT a permis a\u0300 une centaine de promoteurs de PME camerounaises de s\u2019approprier les me\u0301canismes et dispositifs d\u2019appui mis en place par l\u2019Etat en faveur du secteur prive\u0301.<\/p>\n<p>Selon le ministe\u0300re en charge de l\u2019E\u0301conomie, les responsables de ce de\u0301partement ministe\u0301riel ont e\u0301difie\u0301 les promoteurs de PME sur des the\u0300mes varie\u0301s, notamment: les mesures d\u2019appui au secteur prive\u0301 pour la relance de la croissance ; la compe\u0301titivite\u0301 des entreprises et la re\u0301silience e\u0301conomique ; la politique d\u2019import-substitution pour accroi\u0302tre la production et la transformation locales ; et la planification du de\u0301veloppement re\u0301gional et local. L\u2019objectif est d\u2019amener les ope\u0301rateurs e\u0301conomiques locaux a\u0300 s\u2019approprier les me\u0301canismes et dispositifs d\u2019appui mis en place par l\u2019Etat en faveur du secteur prive\u0301, dans le cadre de la SND30.<\/p>\n<p>\u00ab En ouvrant les travaux au nom du Ministre de l\u2019Economie, le Ministre De\u0301le\u0301gue\u0301 aupre\u0300s du MINEPAT est revenu sur le ro\u0302le central assigne\u0301 au secteur prive\u0301 dans la SND30, pour mettre en \u0153uvre la transformation structurelle de l\u2019e\u0301conomie nationale et faire du Cameroun un Nouveau Pays Industrialise\u0301 a\u0300 l\u2019horizon 2030 \u00bb, a souligne\u0301 le Minepat.<\/p>\n<p>Dans le but de re\u0301aliser cette ambition, le Gouvernement a fixe\u0301 des orientations strate\u0301giques, tout en mettant en place un dispositif d\u2019accompagnement du secteur prive\u0301. Les contours de ce dispositif ont e\u0301te\u0301 pre\u0301sente\u0301s par le Directeur Ge\u0301ne\u0301ral de l\u2019Economie et de la Programmation des Investissements Publics (DGEPIP) dans son expose\u0301 intitule\u0301: \u00ab Les mesures d\u2019appui au secteur prive\u0301 pour la relance de la croissance \u00bb.<\/p>\n<p>Isaac TAMBA a notamment pre\u0301sente\u0301 le dispositif juridique mis en place par l\u2019Etat pour accompagner le secteur prive\u0301, en mettant en exergue les facilite\u0301s fiscalo-douanie\u0300res contenues non seulement dans la loi du 18 avril 2013 fixant incitations a\u0300 l\u2019investissement prive\u0301, mais e\u0301galement dans les diffe\u0301rentes lois de finances. Ce dispositif offre une palette d\u2019exone\u0301rations et des abattements pour tous les ope\u0301rateurs exerc\u0327ant dans les secteurs juge\u0301s prioritaires par le Gouvernement, pour soutenir la politique industrielle du pays.<\/p>\n<p>De me\u0302me, le DGEPIP s\u2019est appesanti sur les structures publiques d\u2019accompagnement du secteur prive\u0301, dont celles loge\u0301es au MINEPAT (Centre Technique Agroalimentaire, Comite\u0301 de Compe\u0301titivite\u0301, Bureau de Mise a\u0300 Niveau des entreprises) et celles porte\u0301es par d\u2019autres administrations (Agence de Promotion des PME, Agence de Promotion des Investissements). Ces structures apportent un accompagnement a\u0300 la fois financier et technique a\u0300 de nombreuses entreprises.<\/p>\n<p>Aussi, le Directeur Ge\u0301ne\u0301ral de l\u2019Economie a mis en exergue les facilite\u0301s financie\u0300res et budge\u0301taires accorde\u0301es aux entreprises par l\u2019Etat, notamment les appuis directs dans le cadre de la politique des champions nationaux dont ont be\u0301ne\u0301ficie\u0301 les entreprises SOPROI\u0308CAM et SOTRABUS ; l\u2019ope\u0301rationnalisation du fonds d\u2019import-substitution dote\u0301 d\u2019une enveloppe de 50 milliards de FCFA ; la mise en place d\u2019une facilite\u0301 de garantie d\u2019un montant de 200 milliards de FCFA pour permettre aux entreprises d\u2019avoir acce\u0300s aux ressources de long-terme, etc. Isaac TAMBA n\u2019a pas manque\u0301 d\u2019e\u0301voquer les actions mene\u0301es par le Gouvernement a\u0300 travers le MINEPAT au titre de la coope\u0301ration e\u0301conomique avec les partenaires financiers du Cameroun.<\/p>\n<p>C\u2019est le cas de l\u2019Agence Franc\u0327aise de De\u0301veloppement qui a mis en place le programme Transfagri, de l\u2019UE avec le Dispositif d\u2019Appui a\u0300 la Compe\u0301titive du Cameroun, ainsi que de la Banque Europe\u0301enne d\u2019Investissement qui a ouvert des lignes de cre\u0301dits aupre\u0300s de la CCA et de la CBC d\u2019un montant cumule\u0301 de pre\u0300s de 30 milliards de FCFA en faveur des PME.<\/p>\n<p>D\u2019autres partenaires existent, notamment la Socie\u0301te\u0301 Financie\u0300re Internationale, Proparco, la Socie\u0301te\u0301 Islamique pour le de\u0301veloppement du secteur prive\u0301, le Fonds spe\u0301cial du Nige\u0301ria loge\u0301 a\u0300 la BAD. Isaac TAMBA a invite\u0301 les promoteurs de PME a\u0300 saisir ces nombreuses opportunite\u0301s pour doper la production nationale et permettre au Cameroun de tirer pleinement avantage des pre\u0301fe\u0301rences commerciales obtenues a\u0300 l\u2019international (ZLECAf, APE, etc.).<\/p>\n<p><strong>Pour plus d&rsquo;informations et d&rsquo;analyses sur la <a href=\"https:\/\/www.africa-press.net\/cameroun\">Cameroun<\/a>, suivez <a href=\"https:\/\/www.africa-press.net\/\">Africa-Press<\/a><\/strong><\/p>\n","protected":false},"excerpt":{"rendered":"<p>Africa-Press &#8211; Cameroun. Dans le cadre de ses activite\u0301s a\u0300 la foire Promote e\u0301dition 2024, le ministe\u0300re de l\u2019Economie, de la Planification et de l\u2019Ame\u0301nagement du Territoire a organise\u0301 les Journe\u0301es the\u0301matiques sur la transformation structurelle de l\u2019e\u0301conomie camerounaise, sous le the\u0300me: \u00ab Les mesures d\u2019appui au secteur prive\u0301 \u00bb. Au cours des Journe\u0301es the\u0301matiques [&hellip;]<\/p>\n","protected":false},"author":82,"featured_media":61701,"comment_status":"open","ping_status":"closed","sticky":false,"template":"","format":"standard","meta":{"footnotes":""},"categories":[3,10],"tags":[36,50,49],"class_list":["post-61702","post","type-post","status-publish","format-standard","has-post-thumbnail","hentry","category-economie","category-toutes-les-actualites","tag-africa-press","tag-africa-press-cameroun","tag-cameroun"],"yoast_head":"<!-- This site is optimized with the Yoast SEO Premium plugin v26.1 (Yoast SEO v27.0) - https:\/\/yoast.com\/product\/yoast-seo-premium-wordpress\/ -->\n<title>Promote 2024 : le gouvernement \u00e9difie les PME sur les mesures d\u2019appui au secteur priv\u00e9 - Cameroun<\/title>\n<meta name=\"description\" content=\"Dans le cadre de ses activite\u0301s a\u0300 la foire Promote e\u0301dition 2024, le ministe\u0300re de l\u2019Economie, de la Planification e ...\" \/>\n<meta name=\"robots\" content=\"index, follow, max-snippet:-1, max-image-preview:large, max-video-preview:-1\" \/>\n<link rel=\"canonical\" href=\"https:\/\/www.africa-press.net\/cameroun\/economie\/promote-2024-le-gouvernement-edifie-les-pme-sur-les-mesures-dappui-au-secteur-prive\" \/>\n<meta property=\"og:locale\" content=\"fr_FR\" \/>\n<meta property=\"og:type\" content=\"article\" \/>\n<meta property=\"og:title\" content=\"Promote 2024 : le gouvernement \u00e9difie les PME sur les mesures d\u2019appui au secteur priv\u00e9\" \/>\n<meta property=\"og:description\" content=\"Dans le cadre de ses activite\u0301s a\u0300 la foire Promote e\u0301dition 2024, le ministe\u0300re de l\u2019Economie, de la Planification e ...\" \/>\n<meta property=\"og:url\" content=\"https:\/\/www.africa-press.net\/cameroun\/economie\/promote-2024-le-gouvernement-edifie-les-pme-sur-les-mesures-dappui-au-secteur-prive\" \/>\n<meta property=\"og:site_name\" content=\"Cameroun\" \/>\n<meta property=\"article:published_time\" content=\"2024-02-26T21:19:27+00:00\" \/>\n<meta property=\"article:modified_time\" content=\"2024-02-27T15:55:05+00:00\" \/>\n<meta property=\"og:image\" content=\"https:\/\/static.africa-press.net\/cameroun\/sites\/57\/2024\/02\/sm_1709012422.182252.jpg\" \/>\n\t<meta property=\"og:image:width\" content=\"780\" \/>\n\t<meta property=\"og:image:height\" content=\"440\" \/>\n\t<meta property=\"og:image:type\" content=\"image\/jpeg\" \/>\n<meta name=\"author\" content=\"cfeditorfr\" \/>\n<meta name=\"twitter:card\" content=\"summary_large_image\" \/>\n<meta name=\"twitter:label1\" content=\"\u00c9crit par\" \/>\n\t<meta name=\"twitter:data1\" content=\"cfeditorfr\" \/>\n\t<meta name=\"twitter:label2\" content=\"Dur\u00e9e de lecture estim\u00e9e\" \/>\n\t<meta name=\"twitter:data2\" content=\"4 minutes\" \/>\n<script type=\"application\/ld+json\" class=\"yoast-schema-graph\">{\"@context\":\"https:\/\/schema.org\",\"@graph\":[{\"@type\":\"Article\",\"@id\":\"https:\/\/www.africa-press.net\/cameroun\/economie\/promote-2024-le-gouvernement-edifie-les-pme-sur-les-mesures-dappui-au-secteur-prive#article\",\"isPartOf\":{\"@id\":\"https:\/\/www.africa-press.net\/cameroun\/economie\/promote-2024-le-gouvernement-edifie-les-pme-sur-les-mesures-dappui-au-secteur-prive\"},\"author\":{\"name\":\"cfeditorfr\",\"@id\":\"https:\/\/www.africa-press.net\/cameroun\/#\/schema\/person\/2b1cf3cd81a31e3cd26889ca66d677f1\"},\"headline\":\"Promote 2024 : le gouvernement \u00e9difie les PME sur les mesures d\u2019appui au secteur priv\u00e9\",\"datePublished\":\"2024-02-26T21:19:27+00:00\",\"dateModified\":\"2024-02-27T15:55:05+00:00\",\"mainEntityOfPage\":{\"@id\":\"https:\/\/www.africa-press.net\/cameroun\/economie\/promote-2024-le-gouvernement-edifie-les-pme-sur-les-mesures-dappui-au-secteur-prive\"},\"wordCount\":823,\"commentCount\":0,\"image\":{\"@id\":\"https:\/\/www.africa-press.net\/cameroun\/economie\/promote-2024-le-gouvernement-edifie-les-pme-sur-les-mesures-dappui-au-secteur-prive#primaryimage\"},\"thumbnailUrl\":\"https:\/\/static.africa-press.net\/cameroun\/sites\/57\/2024\/02\/sm_1709012422.182252.jpg\",\"keywords\":[\"Africa Press\",\"Africa Press-Cameroun\",\"Cameroun\"],\"articleSection\":[\"\u00c9conomie\",\"Toutes les actualit\u00e9s\"],\"inLanguage\":\"fr-FR\",\"potentialAction\":[{\"@type\":\"CommentAction\",\"name\":\"Comment\",\"target\":[\"https:\/\/www.africa-press.net\/cameroun\/economie\/promote-2024-le-gouvernement-edifie-les-pme-sur-les-mesures-dappui-au-secteur-prive#respond\"]}]},{\"@type\":\"WebPage\",\"@id\":\"https:\/\/www.africa-press.net\/cameroun\/economie\/promote-2024-le-gouvernement-edifie-les-pme-sur-les-mesures-dappui-au-secteur-prive\",\"url\":\"https:\/\/www.africa-press.net\/cameroun\/economie\/promote-2024-le-gouvernement-edifie-les-pme-sur-les-mesures-dappui-au-secteur-prive\",\"name\":\"Promote 2024 : le gouvernement \u00e9difie les PME sur les mesures d\u2019appui au secteur priv\u00e9 - Cameroun\",\"isPartOf\":{\"@id\":\"https:\/\/www.africa-press.net\/cameroun\/#website\"},\"primaryImageOfPage\":{\"@id\":\"https:\/\/www.africa-press.net\/cameroun\/economie\/promote-2024-le-gouvernement-edifie-les-pme-sur-les-mesures-dappui-au-secteur-prive#primaryimage\"},\"image\":{\"@id\":\"https:\/\/www.africa-press.net\/cameroun\/economie\/promote-2024-le-gouvernement-edifie-les-pme-sur-les-mesures-dappui-au-secteur-prive#primaryimage\"},\"thumbnailUrl\":\"https:\/\/static.africa-press.net\/cameroun\/sites\/57\/2024\/02\/sm_1709012422.182252.jpg\",\"datePublished\":\"2024-02-26T21:19:27+00:00\",\"dateModified\":\"2024-02-27T15:55:05+00:00\",\"author\":{\"@id\":\"https:\/\/www.africa-press.net\/cameroun\/#\/schema\/person\/2b1cf3cd81a31e3cd26889ca66d677f1\"},\"description\":\"Dans le cadre de ses activite\u0301s a\u0300 la foire Promote e\u0301dition 2024, le ministe\u0300re de l\u2019Economie, de la Planification e ...\",\"breadcrumb\":{\"@id\":\"https:\/\/www.africa-press.net\/cameroun\/economie\/promote-2024-le-gouvernement-edifie-les-pme-sur-les-mesures-dappui-au-secteur-prive#breadcrumb\"},\"inLanguage\":\"fr-FR\",\"potentialAction\":[{\"@type\":\"ReadAction\",\"target\":[\"https:\/\/www.africa-press.net\/cameroun\/economie\/promote-2024-le-gouvernement-edifie-les-pme-sur-les-mesures-dappui-au-secteur-prive\"]}]},{\"@type\":\"ImageObject\",\"inLanguage\":\"fr-FR\",\"@id\":\"https:\/\/www.africa-press.net\/cameroun\/economie\/promote-2024-le-gouvernement-edifie-les-pme-sur-les-mesures-dappui-au-secteur-prive#primaryimage\",\"url\":\"https:\/\/static.africa-press.net\/cameroun\/sites\/57\/2024\/02\/sm_1709012422.182252.jpg\",\"contentUrl\":\"https:\/\/static.africa-press.net\/cameroun\/sites\/57\/2024\/02\/sm_1709012422.182252.jpg\",\"width\":780,\"height\":440,\"caption\":\"Promote 2024 : le gouvernement \u00e9difie les PME sur les mesures d\u2019appui au secteur priv\u00e9\"},{\"@type\":\"BreadcrumbList\",\"@id\":\"https:\/\/www.africa-press.net\/cameroun\/economie\/promote-2024-le-gouvernement-edifie-les-pme-sur-les-mesures-dappui-au-secteur-prive#breadcrumb\",\"itemListElement\":[{\"@type\":\"ListItem\",\"position\":1,\"name\":\"Accueil\",\"item\":\"https:\/\/www.africa-press.net\/cameroun\/\"},{\"@type\":\"ListItem\",\"position\":2,\"name\":\"Promote 2024 : le gouvernement \u00e9difie les PME sur les mesures d\u2019appui au secteur priv\u00e9\"}]},{\"@type\":\"WebSite\",\"@id\":\"https:\/\/www.africa-press.net\/cameroun\/#website\",\"url\":\"https:\/\/www.africa-press.net\/cameroun\/\",\"name\":\"Cameroun\",\"description\":\"Just another Africa News Agency Sites site\",\"potentialAction\":[{\"@type\":\"SearchAction\",\"target\":{\"@type\":\"EntryPoint\",\"urlTemplate\":\"https:\/\/www.africa-press.net\/cameroun\/?s={search_term_string}\"},\"query-input\":{\"@type\":\"PropertyValueSpecification\",\"valueRequired\":true,\"valueName\":\"search_term_string\"}}],\"inLanguage\":\"fr-FR\"},{\"@type\":\"Person\",\"@id\":\"https:\/\/www.africa-press.net\/cameroun\/#\/schema\/person\/2b1cf3cd81a31e3cd26889ca66d677f1\",\"name\":\"cfeditorfr\"}]}<\/script>\n<!-- \/ Yoast SEO Premium plugin. -->","yoast_head_json":{"title":"Promote 2024 : le gouvernement \u00e9difie les PME sur les mesures d\u2019appui au secteur priv\u00e9 - Cameroun","description":"Dans le cadre de ses activite\u0301s a\u0300 la foire Promote e\u0301dition 2024, le ministe\u0300re de l\u2019Economie, de la Planification e ...","robots":{"index":"index","follow":"follow","max-snippet":"max-snippet:-1","max-image-preview":"max-image-preview:large","max-video-preview":"max-video-preview:-1"},"canonical":"https:\/\/www.africa-press.net\/cameroun\/economie\/promote-2024-le-gouvernement-edifie-les-pme-sur-les-mesures-dappui-au-secteur-prive","og_locale":"fr_FR","og_type":"article","og_title":"Promote 2024 : le gouvernement \u00e9difie les PME sur les mesures d\u2019appui au secteur priv\u00e9","og_description":"Dans le cadre de ses activite\u0301s a\u0300 la foire Promote e\u0301dition 2024, le ministe\u0300re de l\u2019Economie, de la Planification e ...","og_url":"https:\/\/www.africa-press.net\/cameroun\/economie\/promote-2024-le-gouvernement-edifie-les-pme-sur-les-mesures-dappui-au-secteur-prive","og_site_name":"Cameroun","article_published_time":"2024-02-26T21:19:27+00:00","article_modified_time":"2024-02-27T15:55:05+00:00","og_image":[{"width":780,"height":440,"url":"https:\/\/static.africa-press.net\/cameroun\/sites\/57\/2024\/02\/sm_1709012422.182252.jpg","type":"image\/jpeg"}],"author":"cfeditorfr","twitter_card":"summary_large_image","twitter_misc":{"\u00c9crit par":"cfeditorfr","Dur\u00e9e de lecture estim\u00e9e":"4 minutes"},"schema":{"@context":"https:\/\/schema.org","@graph":[{"@type":"Article","@id":"https:\/\/www.africa-press.net\/cameroun\/economie\/promote-2024-le-gouvernement-edifie-les-pme-sur-les-mesures-dappui-au-secteur-prive#article","isPartOf":{"@id":"https:\/\/www.africa-press.net\/cameroun\/economie\/promote-2024-le-gouvernement-edifie-les-pme-sur-les-mesures-dappui-au-secteur-prive"},"author":{"name":"cfeditorfr","@id":"https:\/\/www.africa-press.net\/cameroun\/#\/schema\/person\/2b1cf3cd81a31e3cd26889ca66d677f1"},"headline":"Promote 2024 : le gouvernement \u00e9difie les PME sur les mesures d\u2019appui au secteur priv\u00e9","datePublished":"2024-02-26T21:19:27+00:00","dateModified":"2024-02-27T15:55:05+00:00","mainEntityOfPage":{"@id":"https:\/\/www.africa-press.net\/cameroun\/economie\/promote-2024-le-gouvernement-edifie-les-pme-sur-les-mesures-dappui-au-secteur-prive"},"wordCount":823,"commentCount":0,"image":{"@id":"https:\/\/www.africa-press.net\/cameroun\/economie\/promote-2024-le-gouvernement-edifie-les-pme-sur-les-mesures-dappui-au-secteur-prive#primaryimage"},"thumbnailUrl":"https:\/\/static.africa-press.net\/cameroun\/sites\/57\/2024\/02\/sm_1709012422.182252.jpg","keywords":["Africa Press","Africa Press-Cameroun","Cameroun"],"articleSection":["\u00c9conomie","Toutes les actualit\u00e9s"],"inLanguage":"fr-FR","potentialAction":[{"@type":"CommentAction","name":"Comment","target":["https:\/\/www.africa-press.net\/cameroun\/economie\/promote-2024-le-gouvernement-edifie-les-pme-sur-les-mesures-dappui-au-secteur-prive#respond"]}]},{"@type":"WebPage","@id":"https:\/\/www.africa-press.net\/cameroun\/economie\/promote-2024-le-gouvernement-edifie-les-pme-sur-les-mesures-dappui-au-secteur-prive","url":"https:\/\/www.africa-press.net\/cameroun\/economie\/promote-2024-le-gouvernement-edifie-les-pme-sur-les-mesures-dappui-au-secteur-prive","name":"Promote 2024 : le gouvernement \u00e9difie les PME sur les mesures d\u2019appui au secteur priv\u00e9 - Cameroun","isPartOf":{"@id":"https:\/\/www.africa-press.net\/cameroun\/#website"},"primaryImageOfPage":{"@id":"https:\/\/www.africa-press.net\/cameroun\/economie\/promote-2024-le-gouvernement-edifie-les-pme-sur-les-mesures-dappui-au-secteur-prive#primaryimage"},"image":{"@id":"https:\/\/www.africa-press.net\/cameroun\/economie\/promote-2024-le-gouvernement-edifie-les-pme-sur-les-mesures-dappui-au-secteur-prive#primaryimage"},"thumbnailUrl":"https:\/\/static.africa-press.net\/cameroun\/sites\/57\/2024\/02\/sm_1709012422.182252.jpg","datePublished":"2024-02-26T21:19:27+00:00","dateModified":"2024-02-27T15:55:05+00:00","author":{"@id":"https:\/\/www.africa-press.net\/cameroun\/#\/schema\/person\/2b1cf3cd81a31e3cd26889ca66d677f1"},"description":"Dans le cadre de ses activite\u0301s a\u0300 la foire Promote e\u0301dition 2024, le ministe\u0300re de l\u2019Economie, de la Planification e ...","breadcrumb":{"@id":"https:\/\/www.africa-press.net\/cameroun\/economie\/promote-2024-le-gouvernement-edifie-les-pme-sur-les-mesures-dappui-au-secteur-prive#breadcrumb"},"inLanguage":"fr-FR","potentialAction":[{"@type":"ReadAction","target":["https:\/\/www.africa-press.net\/cameroun\/economie\/promote-2024-le-gouvernement-edifie-les-pme-sur-les-mesures-dappui-au-secteur-prive"]}]},{"@type":"ImageObject","inLanguage":"fr-FR","@id":"https:\/\/www.africa-press.net\/cameroun\/economie\/promote-2024-le-gouvernement-edifie-les-pme-sur-les-mesures-dappui-au-secteur-prive#primaryimage","url":"https:\/\/static.africa-press.net\/cameroun\/sites\/57\/2024\/02\/sm_1709012422.182252.jpg","contentUrl":"https:\/\/static.africa-press.net\/cameroun\/sites\/57\/2024\/02\/sm_1709012422.182252.jpg","width":780,"height":440,"caption":"Promote 2024 : le gouvernement \u00e9difie les PME sur les mesures d\u2019appui au secteur priv\u00e9"},{"@type":"BreadcrumbList","@id":"https:\/\/www.africa-press.net\/cameroun\/economie\/promote-2024-le-gouvernement-edifie-les-pme-sur-les-mesures-dappui-au-secteur-prive#breadcrumb","itemListElement":[{"@type":"ListItem","position":1,"name":"Accueil","item":"https:\/\/www.africa-press.net\/cameroun\/"},{"@type":"ListItem","position":2,"name":"Promote 2024 : le gouvernement \u00e9difie les PME sur les mesures d\u2019appui au secteur priv\u00e9"}]},{"@type":"WebSite","@id":"https:\/\/www.africa-press.net\/cameroun\/#website","url":"https:\/\/www.africa-press.net\/cameroun\/","name":"Cameroun","description":"Just another Africa News Agency Sites site","potentialAction":[{"@type":"SearchAction","target":{"@type":"EntryPoint","urlTemplate":"https:\/\/www.africa-press.net\/cameroun\/?s={search_term_string}"},"query-input":{"@type":"PropertyValueSpecification","valueRequired":true,"valueName":"search_term_string"}}],"inLanguage":"fr-FR"},{"@type":"Person","@id":"https:\/\/www.africa-press.net\/cameroun\/#\/schema\/person\/2b1cf3cd81a31e3cd26889ca66d677f1","name":"cfeditorfr"}]}},"_links":{"self":[{"href":"https:\/\/www.africa-press.net\/cameroun\/wp-json\/wp\/v2\/posts\/61702","targetHints":{"allow":["GET"]}}],"collection":[{"href":"https:\/\/www.africa-press.net\/cameroun\/wp-json\/wp\/v2\/posts"}],"about":[{"href":"https:\/\/www.africa-press.net\/cameroun\/wp-json\/wp\/v2\/types\/post"}],"author":[{"embeddable":true,"href":"https:\/\/www.africa-press.net\/cameroun\/wp-json\/wp\/v2\/users\/82"}],"replies":[{"embeddable":true,"href":"https:\/\/www.africa-press.net\/cameroun\/wp-json\/wp\/v2\/comments?post=61702"}],"version-history":[{"count":0,"href":"https:\/\/www.africa-press.net\/cameroun\/wp-json\/wp\/v2\/posts\/61702\/revisions"}],"wp:featuredmedia":[{"embeddable":true,"href":"https:\/\/www.africa-press.net\/cameroun\/wp-json\/wp\/v2\/media\/61701"}],"wp:attachment":[{"href":"https:\/\/www.africa-press.net\/cameroun\/wp-json\/wp\/v2\/media?parent=61702"}],"wp:term":[{"taxonomy":"category","embeddable":true,"href":"https:\/\/www.africa-press.net\/cameroun\/wp-json\/wp\/v2\/categories?post=61702"},{"taxonomy":"post_tag","embeddable":true,"href":"https:\/\/www.africa-press.net\/cameroun\/wp-json\/wp\/v2\/tags?post=61702"}],"curies":[{"name":"wp","href":"https:\/\/api.w.org\/{rel}","templated":true}]}}