{"id":61708,"date":"2024-02-26T21:19:42","date_gmt":"2024-02-26T21:19:42","guid":{"rendered":"https:\/\/www.africa-press.net\/cameroun\/politique\/elvis-nsabinla-et-adamu-irene-des-camerounais-vainqueurs-de-la-course-de-lespoir-2024"},"modified":"2024-02-27T15:56:30","modified_gmt":"2024-02-27T15:56:30","slug":"elvis-nsabinla-et-adamu-irene-des-camerounais-vainqueurs-de-la-course-de-lespoir-2024","status":"publish","type":"post","link":"https:\/\/www.africa-press.net\/cameroun\/sports\/elvis-nsabinla-et-adamu-irene-des-camerounais-vainqueurs-de-la-course-de-lespoir-2024","title":{"rendered":"Elvis Nsabinla et Adamu Ir\u00e8ne, des Camerounais vainqueurs de la Course de l\u2019Espoir 2024"},"content":{"rendered":"<p><span style=\"color: #ff6600\"><strong>Africa-Press &#8211; Cameroun. <\/strong><\/span><b>Les athle\u0300tes de nationalite\u0301 camerounaise ont conserve\u0301 le trophe\u0301e de champions de l\u2019ascension du Mont Cameroun le 24 fe\u0301vrier dernier.<\/b><br \/>\n<b>Elvis Nsabinla<\/b> et <b>Adamu Ire\u0300ne<\/b> sont les premiers noms qui reviennent au terme de la 29e\u0300 e\u0301dition de l\u2019Ascension du Mont Cameroun courue le samedi 24 fe\u0301vrier 2024. Ils sont respectivement champions dans la cate\u0301gorie senior messieurs et senior dames. Elvis Nsabilna est arrive\u0301 le premier au bout du trajet parcouru en 4h47 minutes. Lors de l\u2019e\u0301dition ante\u0301rieure, il a occupe\u0301 la 3e\u0300 place apre\u0300s Adamu Issa Buba et Amadou.<\/p>\n<p>Dans sa cate\u0301gorie a\u0300 la 29e\u0300 e\u0301dition, il est suivi de Amadou Abdu et de Saidu Nuhu. Dans la cate\u0301gorie senior dames, Adamu Ire\u0300ne est classe\u0301e premie\u0300re. Elle a franchi la ligne d\u2019arrive\u0301e avec une performance de 5h36 minutes. Tum Macrima et Ngalim Gise\u0300le ont occupe\u0301 respectivement la 2e\u0300 et la troisie\u0300me place.<\/p>\n<p>Le ministre des Sports et de l\u2019Education physique, Narcisse Mouelle Kombi, repre\u0301sentant du chef de l\u2019Etat a remis les trophe\u0301es a\u0300 ces champions. Ces derniers ont rec\u0327u d\u2019autres lots de la fondation Chantal Biya. Les vainqueurs de l\u2019e\u0301dition 2024 viennent de\u0301tro\u0302ner Adamu Issa Buba et Tatah Carine qui ont respectivement remporte\u0301 le trophe\u0301e dans la cate\u0301gorie senior messieurs et senior dames lors de la 28e\u0300 e\u0301dition le 25 fe\u0301vrier 2023. Tatah Carine qui a rafle\u0301 la mise pour la cinquie\u0300me fois (2023, 2022, 2020, 2019 et 2018) avec 5h18\u201943\u2019\u2019 l\u2019an dernier n\u2019a pas pris part a\u0300 la course cette anne\u0301e.<\/p>\n<p><strong>Pour plus d&rsquo;informations et d&rsquo;analyses sur la <a href=\"https:\/\/www.africa-press.net\/cameroun\">Cameroun<\/a>, suivez <a href=\"https:\/\/www.africa-press.net\/\">Africa-Press<\/a><\/strong><\/p>\n","protected":false},"excerpt":{"rendered":"<p>Africa-Press &#8211; Cameroun. Les athle\u0300tes de nationalite\u0301 camerounaise ont conserve\u0301 le trophe\u0301e de champions de l\u2019ascension du Mont Cameroun le 24 fe\u0301vrier dernier. Elvis Nsabinla et Adamu Ire\u0300ne sont les premiers noms qui reviennent au terme de la 29e\u0300 e\u0301dition de l\u2019Ascension du Mont Cameroun courue le samedi 24 fe\u0301vrier 2024. Ils sont respectivement champions [&hellip;]<\/p>\n","protected":false},"author":82,"featured_media":61707,"comment_status":"open","ping_status":"closed","sticky":false,"template":"","format":"standard","meta":{"footnotes":""},"categories":[6,10],"tags":[36,50,49],"class_list":["post-61708","post","type-post","status-publish","format-standard","has-post-thumbnail","hentry","category-sports","category-toutes-les-actualites","tag-africa-press","tag-africa-press-cameroun","tag-cameroun"],"yoast_head":"<!-- This site is optimized with the Yoast SEO Premium plugin v26.1 (Yoast SEO v27.0) - https:\/\/yoast.com\/product\/yoast-seo-premium-wordpress\/ -->\n<title>Elvis Nsabinla et Adamu Ir\u00e8ne, des Camerounais vainqueurs de la Course de l\u2019Espoir 2024 - Cameroun<\/title>\n<meta name=\"description\" content=\"Les athle\u0300tes de nationalite\u0301 camerounaise ont conserve\u0301 le trophe\u0301e de champions de l\u2019ascension du Mont Cameroun le ...\" \/>\n<meta name=\"robots\" content=\"index, follow, max-snippet:-1, max-image-preview:large, max-video-preview:-1\" \/>\n<link rel=\"canonical\" href=\"https:\/\/www.africa-press.net\/cameroun\/sports\/elvis-nsabinla-et-adamu-irene-des-camerounais-vainqueurs-de-la-course-de-lespoir-2024\" \/>\n<meta property=\"og:locale\" content=\"fr_FR\" \/>\n<meta property=\"og:type\" content=\"article\" \/>\n<meta property=\"og:title\" content=\"Elvis Nsabinla et Adamu Ir\u00e8ne, des Camerounais vainqueurs de la Course de l\u2019Espoir 2024\" \/>\n<meta property=\"og:description\" content=\"Les athle\u0300tes de nationalite\u0301 camerounaise ont conserve\u0301 le trophe\u0301e de champions de l\u2019ascension du Mont Cameroun le ...\" \/>\n<meta property=\"og:url\" content=\"https:\/\/www.africa-press.net\/cameroun\/sports\/elvis-nsabinla-et-adamu-irene-des-camerounais-vainqueurs-de-la-course-de-lespoir-2024\" \/>\n<meta property=\"og:site_name\" content=\"Cameroun\" \/>\n<meta property=\"article:published_time\" content=\"2024-02-26T21:19:42+00:00\" \/>\n<meta property=\"article:modified_time\" content=\"2024-02-27T15:56:30+00:00\" \/>\n<meta property=\"og:image\" content=\"https:\/\/static.africa-press.net\/cameroun\/sites\/57\/2024\/02\/sm_1709012475.502328.jpg\" \/>\n\t<meta property=\"og:image:width\" content=\"780\" \/>\n\t<meta property=\"og:image:height\" content=\"440\" \/>\n\t<meta property=\"og:image:type\" content=\"image\/jpeg\" \/>\n<meta name=\"author\" content=\"cfeditorfr\" \/>\n<meta name=\"twitter:card\" content=\"summary_large_image\" \/>\n<meta name=\"twitter:label1\" content=\"\u00c9crit par\" \/>\n\t<meta name=\"twitter:data1\" content=\"cfeditorfr\" \/>\n\t<meta name=\"twitter:label2\" content=\"Dur\u00e9e de lecture estim\u00e9e\" \/>\n\t<meta name=\"twitter:data2\" content=\"1 minute\" \/>\n<script type=\"application\/ld+json\" class=\"yoast-schema-graph\">{\"@context\":\"https:\/\/schema.org\",\"@graph\":[{\"@type\":\"Article\",\"@id\":\"https:\/\/www.africa-press.net\/cameroun\/sports\/elvis-nsabinla-et-adamu-irene-des-camerounais-vainqueurs-de-la-course-de-lespoir-2024#article\",\"isPartOf\":{\"@id\":\"https:\/\/www.africa-press.net\/cameroun\/sports\/elvis-nsabinla-et-adamu-irene-des-camerounais-vainqueurs-de-la-course-de-lespoir-2024\"},\"author\":{\"name\":\"cfeditorfr\",\"@id\":\"https:\/\/www.africa-press.net\/cameroun\/#\/schema\/person\/2b1cf3cd81a31e3cd26889ca66d677f1\"},\"headline\":\"Elvis Nsabinla et Adamu Ir\u00e8ne, des Camerounais vainqueurs de la Course de l\u2019Espoir 2024\",\"datePublished\":\"2024-02-26T21:19:42+00:00\",\"dateModified\":\"2024-02-27T15:56:30+00:00\",\"mainEntityOfPage\":{\"@id\":\"https:\/\/www.africa-press.net\/cameroun\/sports\/elvis-nsabinla-et-adamu-irene-des-camerounais-vainqueurs-de-la-course-de-lespoir-2024\"},\"wordCount\":303,\"commentCount\":0,\"image\":{\"@id\":\"https:\/\/www.africa-press.net\/cameroun\/sports\/elvis-nsabinla-et-adamu-irene-des-camerounais-vainqueurs-de-la-course-de-lespoir-2024#primaryimage\"},\"thumbnailUrl\":\"https:\/\/static.africa-press.net\/cameroun\/sites\/57\/2024\/02\/sm_1709012475.502328.jpg\",\"keywords\":[\"Africa Press\",\"Africa Press-Cameroun\",\"Cameroun\"],\"articleSection\":[\"Sports\",\"Toutes les actualit\u00e9s\"],\"inLanguage\":\"fr-FR\",\"potentialAction\":[{\"@type\":\"CommentAction\",\"name\":\"Comment\",\"target\":[\"https:\/\/www.africa-press.net\/cameroun\/sports\/elvis-nsabinla-et-adamu-irene-des-camerounais-vainqueurs-de-la-course-de-lespoir-2024#respond\"]}]},{\"@type\":\"WebPage\",\"@id\":\"https:\/\/www.africa-press.net\/cameroun\/sports\/elvis-nsabinla-et-adamu-irene-des-camerounais-vainqueurs-de-la-course-de-lespoir-2024\",\"url\":\"https:\/\/www.africa-press.net\/cameroun\/sports\/elvis-nsabinla-et-adamu-irene-des-camerounais-vainqueurs-de-la-course-de-lespoir-2024\",\"name\":\"Elvis Nsabinla et Adamu Ir\u00e8ne, des Camerounais vainqueurs de la Course de l\u2019Espoir 2024 - Cameroun\",\"isPartOf\":{\"@id\":\"https:\/\/www.africa-press.net\/cameroun\/#website\"},\"primaryImageOfPage\":{\"@id\":\"https:\/\/www.africa-press.net\/cameroun\/sports\/elvis-nsabinla-et-adamu-irene-des-camerounais-vainqueurs-de-la-course-de-lespoir-2024#primaryimage\"},\"image\":{\"@id\":\"https:\/\/www.africa-press.net\/cameroun\/sports\/elvis-nsabinla-et-adamu-irene-des-camerounais-vainqueurs-de-la-course-de-lespoir-2024#primaryimage\"},\"thumbnailUrl\":\"https:\/\/static.africa-press.net\/cameroun\/sites\/57\/2024\/02\/sm_1709012475.502328.jpg\",\"datePublished\":\"2024-02-26T21:19:42+00:00\",\"dateModified\":\"2024-02-27T15:56:30+00:00\",\"author\":{\"@id\":\"https:\/\/www.africa-press.net\/cameroun\/#\/schema\/person\/2b1cf3cd81a31e3cd26889ca66d677f1\"},\"description\":\"Les athle\u0300tes de nationalite\u0301 camerounaise ont conserve\u0301 le trophe\u0301e de champions de l\u2019ascension du Mont Cameroun le ...\",\"breadcrumb\":{\"@id\":\"https:\/\/www.africa-press.net\/cameroun\/sports\/elvis-nsabinla-et-adamu-irene-des-camerounais-vainqueurs-de-la-course-de-lespoir-2024#breadcrumb\"},\"inLanguage\":\"fr-FR\",\"potentialAction\":[{\"@type\":\"ReadAction\",\"target\":[\"https:\/\/www.africa-press.net\/cameroun\/sports\/elvis-nsabinla-et-adamu-irene-des-camerounais-vainqueurs-de-la-course-de-lespoir-2024\"]}]},{\"@type\":\"ImageObject\",\"inLanguage\":\"fr-FR\",\"@id\":\"https:\/\/www.africa-press.net\/cameroun\/sports\/elvis-nsabinla-et-adamu-irene-des-camerounais-vainqueurs-de-la-course-de-lespoir-2024#primaryimage\",\"url\":\"https:\/\/static.africa-press.net\/cameroun\/sites\/57\/2024\/02\/sm_1709012475.502328.jpg\",\"contentUrl\":\"https:\/\/static.africa-press.net\/cameroun\/sites\/57\/2024\/02\/sm_1709012475.502328.jpg\",\"width\":780,\"height\":440,\"caption\":\"Elvis Nsabinla et Adamu Ir\u00e8ne, des Camerounais vainqueurs de la Course de l\u2019Espoir 2024\"},{\"@type\":\"BreadcrumbList\",\"@id\":\"https:\/\/www.africa-press.net\/cameroun\/sports\/elvis-nsabinla-et-adamu-irene-des-camerounais-vainqueurs-de-la-course-de-lespoir-2024#breadcrumb\",\"itemListElement\":[{\"@type\":\"ListItem\",\"position\":1,\"name\":\"Accueil\",\"item\":\"https:\/\/www.africa-press.net\/cameroun\/\"},{\"@type\":\"ListItem\",\"position\":2,\"name\":\"Elvis Nsabinla et Adamu Ir\u00e8ne, des Camerounais vainqueurs de la Course de l\u2019Espoir 2024\"}]},{\"@type\":\"WebSite\",\"@id\":\"https:\/\/www.africa-press.net\/cameroun\/#website\",\"url\":\"https:\/\/www.africa-press.net\/cameroun\/\",\"name\":\"Cameroun\",\"description\":\"Just another Africa News Agency Sites site\",\"potentialAction\":[{\"@type\":\"SearchAction\",\"target\":{\"@type\":\"EntryPoint\",\"urlTemplate\":\"https:\/\/www.africa-press.net\/cameroun\/?s={search_term_string}\"},\"query-input\":{\"@type\":\"PropertyValueSpecification\",\"valueRequired\":true,\"valueName\":\"search_term_string\"}}],\"inLanguage\":\"fr-FR\"},{\"@type\":\"Person\",\"@id\":\"https:\/\/www.africa-press.net\/cameroun\/#\/schema\/person\/2b1cf3cd81a31e3cd26889ca66d677f1\",\"name\":\"cfeditorfr\"}]}<\/script>\n<!-- \/ Yoast SEO Premium plugin. -->","yoast_head_json":{"title":"Elvis Nsabinla et Adamu Ir\u00e8ne, des Camerounais vainqueurs de la Course de l\u2019Espoir 2024 - Cameroun","description":"Les athle\u0300tes de nationalite\u0301 camerounaise ont conserve\u0301 le trophe\u0301e de champions de l\u2019ascension du Mont Cameroun le ...","robots":{"index":"index","follow":"follow","max-snippet":"max-snippet:-1","max-image-preview":"max-image-preview:large","max-video-preview":"max-video-preview:-1"},"canonical":"https:\/\/www.africa-press.net\/cameroun\/sports\/elvis-nsabinla-et-adamu-irene-des-camerounais-vainqueurs-de-la-course-de-lespoir-2024","og_locale":"fr_FR","og_type":"article","og_title":"Elvis Nsabinla et Adamu Ir\u00e8ne, des Camerounais vainqueurs de la Course de l\u2019Espoir 2024","og_description":"Les athle\u0300tes de nationalite\u0301 camerounaise ont conserve\u0301 le trophe\u0301e de champions de l\u2019ascension du Mont Cameroun le ...","og_url":"https:\/\/www.africa-press.net\/cameroun\/sports\/elvis-nsabinla-et-adamu-irene-des-camerounais-vainqueurs-de-la-course-de-lespoir-2024","og_site_name":"Cameroun","article_published_time":"2024-02-26T21:19:42+00:00","article_modified_time":"2024-02-27T15:56:30+00:00","og_image":[{"width":780,"height":440,"url":"https:\/\/static.africa-press.net\/cameroun\/sites\/57\/2024\/02\/sm_1709012475.502328.jpg","type":"image\/jpeg"}],"author":"cfeditorfr","twitter_card":"summary_large_image","twitter_misc":{"\u00c9crit par":"cfeditorfr","Dur\u00e9e de lecture estim\u00e9e":"1 minute"},"schema":{"@context":"https:\/\/schema.org","@graph":[{"@type":"Article","@id":"https:\/\/www.africa-press.net\/cameroun\/sports\/elvis-nsabinla-et-adamu-irene-des-camerounais-vainqueurs-de-la-course-de-lespoir-2024#article","isPartOf":{"@id":"https:\/\/www.africa-press.net\/cameroun\/sports\/elvis-nsabinla-et-adamu-irene-des-camerounais-vainqueurs-de-la-course-de-lespoir-2024"},"author":{"name":"cfeditorfr","@id":"https:\/\/www.africa-press.net\/cameroun\/#\/schema\/person\/2b1cf3cd81a31e3cd26889ca66d677f1"},"headline":"Elvis Nsabinla et Adamu Ir\u00e8ne, des Camerounais vainqueurs de la Course de l\u2019Espoir 2024","datePublished":"2024-02-26T21:19:42+00:00","dateModified":"2024-02-27T15:56:30+00:00","mainEntityOfPage":{"@id":"https:\/\/www.africa-press.net\/cameroun\/sports\/elvis-nsabinla-et-adamu-irene-des-camerounais-vainqueurs-de-la-course-de-lespoir-2024"},"wordCount":303,"commentCount":0,"image":{"@id":"https:\/\/www.africa-press.net\/cameroun\/sports\/elvis-nsabinla-et-adamu-irene-des-camerounais-vainqueurs-de-la-course-de-lespoir-2024#primaryimage"},"thumbnailUrl":"https:\/\/static.africa-press.net\/cameroun\/sites\/57\/2024\/02\/sm_1709012475.502328.jpg","keywords":["Africa Press","Africa Press-Cameroun","Cameroun"],"articleSection":["Sports","Toutes les actualit\u00e9s"],"inLanguage":"fr-FR","potentialAction":[{"@type":"CommentAction","name":"Comment","target":["https:\/\/www.africa-press.net\/cameroun\/sports\/elvis-nsabinla-et-adamu-irene-des-camerounais-vainqueurs-de-la-course-de-lespoir-2024#respond"]}]},{"@type":"WebPage","@id":"https:\/\/www.africa-press.net\/cameroun\/sports\/elvis-nsabinla-et-adamu-irene-des-camerounais-vainqueurs-de-la-course-de-lespoir-2024","url":"https:\/\/www.africa-press.net\/cameroun\/sports\/elvis-nsabinla-et-adamu-irene-des-camerounais-vainqueurs-de-la-course-de-lespoir-2024","name":"Elvis Nsabinla et Adamu Ir\u00e8ne, des Camerounais vainqueurs de la Course de l\u2019Espoir 2024 - Cameroun","isPartOf":{"@id":"https:\/\/www.africa-press.net\/cameroun\/#website"},"primaryImageOfPage":{"@id":"https:\/\/www.africa-press.net\/cameroun\/sports\/elvis-nsabinla-et-adamu-irene-des-camerounais-vainqueurs-de-la-course-de-lespoir-2024#primaryimage"},"image":{"@id":"https:\/\/www.africa-press.net\/cameroun\/sports\/elvis-nsabinla-et-adamu-irene-des-camerounais-vainqueurs-de-la-course-de-lespoir-2024#primaryimage"},"thumbnailUrl":"https:\/\/static.africa-press.net\/cameroun\/sites\/57\/2024\/02\/sm_1709012475.502328.jpg","datePublished":"2024-02-26T21:19:42+00:00","dateModified":"2024-02-27T15:56:30+00:00","author":{"@id":"https:\/\/www.africa-press.net\/cameroun\/#\/schema\/person\/2b1cf3cd81a31e3cd26889ca66d677f1"},"description":"Les athle\u0300tes de nationalite\u0301 camerounaise ont conserve\u0301 le trophe\u0301e de champions de l\u2019ascension du Mont Cameroun le ...","breadcrumb":{"@id":"https:\/\/www.africa-press.net\/cameroun\/sports\/elvis-nsabinla-et-adamu-irene-des-camerounais-vainqueurs-de-la-course-de-lespoir-2024#breadcrumb"},"inLanguage":"fr-FR","potentialAction":[{"@type":"ReadAction","target":["https:\/\/www.africa-press.net\/cameroun\/sports\/elvis-nsabinla-et-adamu-irene-des-camerounais-vainqueurs-de-la-course-de-lespoir-2024"]}]},{"@type":"ImageObject","inLanguage":"fr-FR","@id":"https:\/\/www.africa-press.net\/cameroun\/sports\/elvis-nsabinla-et-adamu-irene-des-camerounais-vainqueurs-de-la-course-de-lespoir-2024#primaryimage","url":"https:\/\/static.africa-press.net\/cameroun\/sites\/57\/2024\/02\/sm_1709012475.502328.jpg","contentUrl":"https:\/\/static.africa-press.net\/cameroun\/sites\/57\/2024\/02\/sm_1709012475.502328.jpg","width":780,"height":440,"caption":"Elvis Nsabinla et Adamu Ir\u00e8ne, des Camerounais vainqueurs de la Course de l\u2019Espoir 2024"},{"@type":"BreadcrumbList","@id":"https:\/\/www.africa-press.net\/cameroun\/sports\/elvis-nsabinla-et-adamu-irene-des-camerounais-vainqueurs-de-la-course-de-lespoir-2024#breadcrumb","itemListElement":[{"@type":"ListItem","position":1,"name":"Accueil","item":"https:\/\/www.africa-press.net\/cameroun\/"},{"@type":"ListItem","position":2,"name":"Elvis Nsabinla et Adamu Ir\u00e8ne, des Camerounais vainqueurs de la Course de l\u2019Espoir 2024"}]},{"@type":"WebSite","@id":"https:\/\/www.africa-press.net\/cameroun\/#website","url":"https:\/\/www.africa-press.net\/cameroun\/","name":"Cameroun","description":"Just another Africa News Agency Sites site","potentialAction":[{"@type":"SearchAction","target":{"@type":"EntryPoint","urlTemplate":"https:\/\/www.africa-press.net\/cameroun\/?s={search_term_string}"},"query-input":{"@type":"PropertyValueSpecification","valueRequired":true,"valueName":"search_term_string"}}],"inLanguage":"fr-FR"},{"@type":"Person","@id":"https:\/\/www.africa-press.net\/cameroun\/#\/schema\/person\/2b1cf3cd81a31e3cd26889ca66d677f1","name":"cfeditorfr"}]}},"_links":{"self":[{"href":"https:\/\/www.africa-press.net\/cameroun\/wp-json\/wp\/v2\/posts\/61708","targetHints":{"allow":["GET"]}}],"collection":[{"href":"https:\/\/www.africa-press.net\/cameroun\/wp-json\/wp\/v2\/posts"}],"about":[{"href":"https:\/\/www.africa-press.net\/cameroun\/wp-json\/wp\/v2\/types\/post"}],"author":[{"embeddable":true,"href":"https:\/\/www.africa-press.net\/cameroun\/wp-json\/wp\/v2\/users\/82"}],"replies":[{"embeddable":true,"href":"https:\/\/www.africa-press.net\/cameroun\/wp-json\/wp\/v2\/comments?post=61708"}],"version-history":[{"count":0,"href":"https:\/\/www.africa-press.net\/cameroun\/wp-json\/wp\/v2\/posts\/61708\/revisions"}],"wp:featuredmedia":[{"embeddable":true,"href":"https:\/\/www.africa-press.net\/cameroun\/wp-json\/wp\/v2\/media\/61707"}],"wp:attachment":[{"href":"https:\/\/www.africa-press.net\/cameroun\/wp-json\/wp\/v2\/media?parent=61708"}],"wp:term":[{"taxonomy":"category","embeddable":true,"href":"https:\/\/www.africa-press.net\/cameroun\/wp-json\/wp\/v2\/categories?post=61708"},{"taxonomy":"post_tag","embeddable":true,"href":"https:\/\/www.africa-press.net\/cameroun\/wp-json\/wp\/v2\/tags?post=61708"}],"curies":[{"name":"wp","href":"https:\/\/api.w.org\/{rel}","templated":true}]}}