{"id":61716,"date":"2024-02-26T21:19:12","date_gmt":"2024-02-26T21:19:12","guid":{"rendered":"https:\/\/www.africa-press.net\/cameroun\/politique\/cameroun-des-enseignants-convoques-pour-avoir-soumis-une-epreuve-dexamen-sur-la-victoire-de-paul-biya-en-2018"},"modified":"2024-02-27T15:59:10","modified_gmt":"2024-02-27T15:59:10","slug":"cameroun-des-enseignants-convoques-pour-avoir-soumis-une-epreuve-dexamen-sur-la-victoire-de-paul-biya-en-2018","status":"publish","type":"post","link":"https:\/\/www.africa-press.net\/cameroun\/toutes-les-actualites\/cameroun-des-enseignants-convoques-pour-avoir-soumis-une-epreuve-dexamen-sur-la-victoire-de-paul-biya-en-2018","title":{"rendered":"Cameroun : des enseignants convoqu\u00e9s pour avoir soumis une \u00e9preuve d\u2019examen sur la victoire de Paul Biya en 2018"},"content":{"rendered":"<p><span style=\"color: #ff6600\"><strong>Africa-Press &#8211; Cameroun. <\/strong><\/span><b>L\u2019e\u0301preuve invite les e\u0301tudiants a\u0300 de\u0301montrer si le candidat de\u0301clare\u0301 vainqueur a remporte\u0301 l\u2019e\u0301lection gra\u0302ce aux performances de son parti ou en raison de la fraude du syste\u0300me gouvernant.<\/b><\/p>\n<p>La Faculte\u0301 des Sciences juridiques et politiques de la jeune universite\u0301 de Bertoua est au centre d\u2019une pole\u0301mique. Une e\u0301preuve de l\u2019enseignant Michel Oyane (PhD) servie aux e\u0301tudiants de master I en science politique au rattrapage, entraine la convocation de l\u2019enseignant, des responsables de la faculte\u0301 et du vice-recteur charge\u0301 des enseignements. Le recteur de l\u2019universite\u0301, Remy Magloire Etoua, les convoque ce 26 fe\u0301vrier. La re\u0301union porte sur un rappel a\u0300 l\u2019ordre sur l\u2019e\u0301valuation des enseignements et la validation des sujets.<\/p>\n<p>Le sujet de l\u2019e\u0301valuation, tel que propose\u0301 aux e\u0301tudiants, est le suivant: \u00ab L\u2019e\u0301lection pre\u0301sidentielle camerounaise de 2018 a eu pour vainqueur Paul Biya, candidat du Rassemblement de\u0301mocratique du peuple camerounais avec 71,28% des suffrages exprime\u0301s. Selon vous, ce succe\u0300s est du\u0302 a\u0300 la force de ce parti ou pluto\u0302t a\u0300 la fraude e\u0301lectorale du syste\u0300me gouvernant ? \u00bb<\/p>\n<p>Sur le me\u0302me sujet, le chef de de\u0301partement de science politique, a donne\u0301 un avis technique au doyen de la faculte\u0301. Dans cet avis, le politologue a explique\u0301 que l\u2019e\u0301tudiant candidat au rattrapage avait dans une premie\u0300re partie de\u0301montrer que la fraude ici n\u2019est que dans l\u2019esprit et ne peut e\u0302tre de\u0301fendue sur la base des preuves. Elle est invoque\u0301e par des candidats qui savent bien qu\u2019ils ont perdu l\u2019e\u0301lection comme cela se fait dans la plupart des pays africains. En deuxie\u0300me partie, le candidat devrait montrer les atouts qui ont milite\u0301 en faveur de la victoire du RDPC. Malgre\u0301 ces explications, le sujet continue de faire sensation.<\/p>\n<p>Cette e\u0301preuve vient re\u0301veiller les souvenirs de l\u2019e\u0301lection pre\u0301sidentielle du 07 octobre 2018. Lors du contentieux post e\u0301lectoral, le Conseil constitutionnel marquant son entre\u0301e en sce\u0300ne, a de\u0301clare\u0301 irrecevables toutes les reque\u0302tes introduites par les partis d\u2019opposition pour annulation de l\u2019e\u0301lection. Apre\u0300s la proclamation des re\u0301sultats, le Mouvement pour la renaissance du Cameroun a engage\u0301 un mouvement de contestation des re\u0301sultats du scrutin avec le slogan \u00ab non au hold up e\u0301lectoral \u00bb.<\/p>\n<p><strong>Pour plus d&rsquo;informations et d&rsquo;analyses sur la <a href=\"https:\/\/www.africa-press.net\/cameroun\">Cameroun<\/a>, suivez <a href=\"https:\/\/www.africa-press.net\/\">Africa-Press<\/a><\/strong><\/p>\n","protected":false},"excerpt":{"rendered":"<p>Africa-Press &#8211; Cameroun. L\u2019e\u0301preuve invite les e\u0301tudiants a\u0300 de\u0301montrer si le candidat de\u0301clare\u0301 vainqueur a remporte\u0301 l\u2019e\u0301lection gra\u0302ce aux performances de son parti ou en raison de la fraude du syste\u0300me gouvernant. La Faculte\u0301 des Sciences juridiques et politiques de la jeune universite\u0301 de Bertoua est au centre d\u2019une pole\u0301mique. Une e\u0301preuve de l\u2019enseignant Michel [&hellip;]<\/p>\n","protected":false},"author":82,"featured_media":61715,"comment_status":"open","ping_status":"closed","sticky":false,"template":"","format":"standard","meta":{"footnotes":""},"categories":[21,10],"tags":[36,50,49],"class_list":["post-61716","post","type-post","status-publish","format-standard","has-post-thumbnail","hentry","category-communaute","category-toutes-les-actualites","tag-africa-press","tag-africa-press-cameroun","tag-cameroun"],"yoast_head":"<!-- This site is optimized with the Yoast SEO Premium plugin v26.1 (Yoast SEO v27.0) - https:\/\/yoast.com\/product\/yoast-seo-premium-wordpress\/ -->\n<title>Cameroun : des enseignants convoqu\u00e9s pour avoir soumis une \u00e9preuve d\u2019examen sur la victoire de Paul Biya en 2018 - Cameroun<\/title>\n<meta name=\"description\" content=\"L\u2019e\u0301preuve invite les e\u0301tudiants a\u0300 de\u0301montrer si le candidat de\u0301clare\u0301 vainqueur a remporte\u0301 l\u2019e\u0301lection gra\u0302ce aux ...\" \/>\n<meta name=\"robots\" content=\"index, follow, max-snippet:-1, max-image-preview:large, max-video-preview:-1\" \/>\n<link rel=\"canonical\" href=\"https:\/\/www.africa-press.net\/cameroun\/toutes-les-actualites\/cameroun-des-enseignants-convoques-pour-avoir-soumis-une-epreuve-dexamen-sur-la-victoire-de-paul-biya-en-2018\" \/>\n<meta property=\"og:locale\" content=\"fr_FR\" \/>\n<meta property=\"og:type\" content=\"article\" \/>\n<meta property=\"og:title\" content=\"Cameroun : des enseignants convoqu\u00e9s pour avoir soumis une \u00e9preuve d\u2019examen sur la victoire de Paul Biya en 2018\" \/>\n<meta property=\"og:description\" content=\"L\u2019e\u0301preuve invite les e\u0301tudiants a\u0300 de\u0301montrer si le candidat de\u0301clare\u0301 vainqueur a remporte\u0301 l\u2019e\u0301lection gra\u0302ce aux ...\" \/>\n<meta property=\"og:url\" content=\"https:\/\/www.africa-press.net\/cameroun\/toutes-les-actualites\/cameroun-des-enseignants-convoques-pour-avoir-soumis-une-epreuve-dexamen-sur-la-victoire-de-paul-biya-en-2018\" \/>\n<meta property=\"og:site_name\" content=\"Cameroun\" \/>\n<meta property=\"article:published_time\" content=\"2024-02-26T21:19:12+00:00\" \/>\n<meta property=\"article:modified_time\" content=\"2024-02-27T15:59:10+00:00\" \/>\n<meta property=\"og:image\" content=\"https:\/\/static.africa-press.net\/cameroun\/sites\/57\/2024\/02\/sm_1709036421.388257.jpg\" \/>\n\t<meta property=\"og:image:width\" content=\"780\" \/>\n\t<meta property=\"og:image:height\" content=\"440\" \/>\n\t<meta property=\"og:image:type\" content=\"image\/jpeg\" \/>\n<meta name=\"author\" content=\"cfeditorfr\" \/>\n<meta name=\"twitter:card\" content=\"summary_large_image\" \/>\n<meta name=\"twitter:label1\" content=\"\u00c9crit par\" \/>\n\t<meta name=\"twitter:data1\" content=\"cfeditorfr\" \/>\n\t<meta name=\"twitter:label2\" content=\"Dur\u00e9e de lecture estim\u00e9e\" \/>\n\t<meta name=\"twitter:data2\" content=\"2 minutes\" \/>\n<script type=\"application\/ld+json\" class=\"yoast-schema-graph\">{\"@context\":\"https:\/\/schema.org\",\"@graph\":[{\"@type\":\"Article\",\"@id\":\"https:\/\/www.africa-press.net\/cameroun\/toutes-les-actualites\/cameroun-des-enseignants-convoques-pour-avoir-soumis-une-epreuve-dexamen-sur-la-victoire-de-paul-biya-en-2018#article\",\"isPartOf\":{\"@id\":\"https:\/\/www.africa-press.net\/cameroun\/toutes-les-actualites\/cameroun-des-enseignants-convoques-pour-avoir-soumis-une-epreuve-dexamen-sur-la-victoire-de-paul-biya-en-2018\"},\"author\":{\"name\":\"cfeditorfr\",\"@id\":\"https:\/\/www.africa-press.net\/cameroun\/#\/schema\/person\/2b1cf3cd81a31e3cd26889ca66d677f1\"},\"headline\":\"Cameroun : des enseignants convoqu\u00e9s pour avoir soumis une \u00e9preuve d\u2019examen sur la victoire de Paul Biya en 2018\",\"datePublished\":\"2024-02-26T21:19:12+00:00\",\"dateModified\":\"2024-02-27T15:59:10+00:00\",\"mainEntityOfPage\":{\"@id\":\"https:\/\/www.africa-press.net\/cameroun\/toutes-les-actualites\/cameroun-des-enseignants-convoques-pour-avoir-soumis-une-epreuve-dexamen-sur-la-victoire-de-paul-biya-en-2018\"},\"wordCount\":439,\"commentCount\":0,\"image\":{\"@id\":\"https:\/\/www.africa-press.net\/cameroun\/toutes-les-actualites\/cameroun-des-enseignants-convoques-pour-avoir-soumis-une-epreuve-dexamen-sur-la-victoire-de-paul-biya-en-2018#primaryimage\"},\"thumbnailUrl\":\"https:\/\/static.africa-press.net\/cameroun\/sites\/57\/2024\/02\/sm_1709036421.388257.jpg\",\"keywords\":[\"Africa Press\",\"Africa Press-Cameroun\",\"Cameroun\"],\"articleSection\":[\"Communaut\u00e9\",\"Toutes les actualit\u00e9s\"],\"inLanguage\":\"fr-FR\",\"potentialAction\":[{\"@type\":\"CommentAction\",\"name\":\"Comment\",\"target\":[\"https:\/\/www.africa-press.net\/cameroun\/toutes-les-actualites\/cameroun-des-enseignants-convoques-pour-avoir-soumis-une-epreuve-dexamen-sur-la-victoire-de-paul-biya-en-2018#respond\"]}]},{\"@type\":\"WebPage\",\"@id\":\"https:\/\/www.africa-press.net\/cameroun\/toutes-les-actualites\/cameroun-des-enseignants-convoques-pour-avoir-soumis-une-epreuve-dexamen-sur-la-victoire-de-paul-biya-en-2018\",\"url\":\"https:\/\/www.africa-press.net\/cameroun\/toutes-les-actualites\/cameroun-des-enseignants-convoques-pour-avoir-soumis-une-epreuve-dexamen-sur-la-victoire-de-paul-biya-en-2018\",\"name\":\"Cameroun : des enseignants convoqu\u00e9s pour avoir soumis une \u00e9preuve d\u2019examen sur la victoire de Paul Biya en 2018 - Cameroun\",\"isPartOf\":{\"@id\":\"https:\/\/www.africa-press.net\/cameroun\/#website\"},\"primaryImageOfPage\":{\"@id\":\"https:\/\/www.africa-press.net\/cameroun\/toutes-les-actualites\/cameroun-des-enseignants-convoques-pour-avoir-soumis-une-epreuve-dexamen-sur-la-victoire-de-paul-biya-en-2018#primaryimage\"},\"image\":{\"@id\":\"https:\/\/www.africa-press.net\/cameroun\/toutes-les-actualites\/cameroun-des-enseignants-convoques-pour-avoir-soumis-une-epreuve-dexamen-sur-la-victoire-de-paul-biya-en-2018#primaryimage\"},\"thumbnailUrl\":\"https:\/\/static.africa-press.net\/cameroun\/sites\/57\/2024\/02\/sm_1709036421.388257.jpg\",\"datePublished\":\"2024-02-26T21:19:12+00:00\",\"dateModified\":\"2024-02-27T15:59:10+00:00\",\"author\":{\"@id\":\"https:\/\/www.africa-press.net\/cameroun\/#\/schema\/person\/2b1cf3cd81a31e3cd26889ca66d677f1\"},\"description\":\"L\u2019e\u0301preuve invite les e\u0301tudiants a\u0300 de\u0301montrer si le candidat de\u0301clare\u0301 vainqueur a remporte\u0301 l\u2019e\u0301lection gra\u0302ce aux ...\",\"breadcrumb\":{\"@id\":\"https:\/\/www.africa-press.net\/cameroun\/toutes-les-actualites\/cameroun-des-enseignants-convoques-pour-avoir-soumis-une-epreuve-dexamen-sur-la-victoire-de-paul-biya-en-2018#breadcrumb\"},\"inLanguage\":\"fr-FR\",\"potentialAction\":[{\"@type\":\"ReadAction\",\"target\":[\"https:\/\/www.africa-press.net\/cameroun\/toutes-les-actualites\/cameroun-des-enseignants-convoques-pour-avoir-soumis-une-epreuve-dexamen-sur-la-victoire-de-paul-biya-en-2018\"]}]},{\"@type\":\"ImageObject\",\"inLanguage\":\"fr-FR\",\"@id\":\"https:\/\/www.africa-press.net\/cameroun\/toutes-les-actualites\/cameroun-des-enseignants-convoques-pour-avoir-soumis-une-epreuve-dexamen-sur-la-victoire-de-paul-biya-en-2018#primaryimage\",\"url\":\"https:\/\/static.africa-press.net\/cameroun\/sites\/57\/2024\/02\/sm_1709036421.388257.jpg\",\"contentUrl\":\"https:\/\/static.africa-press.net\/cameroun\/sites\/57\/2024\/02\/sm_1709036421.388257.jpg\",\"width\":780,\"height\":440,\"caption\":\"Cameroun : des enseignants convoqu\u00e9s pour avoir soumis une \u00e9preuve d\u2019examen sur la victoire de Paul Biya en 2018\"},{\"@type\":\"BreadcrumbList\",\"@id\":\"https:\/\/www.africa-press.net\/cameroun\/toutes-les-actualites\/cameroun-des-enseignants-convoques-pour-avoir-soumis-une-epreuve-dexamen-sur-la-victoire-de-paul-biya-en-2018#breadcrumb\",\"itemListElement\":[{\"@type\":\"ListItem\",\"position\":1,\"name\":\"Accueil\",\"item\":\"https:\/\/www.africa-press.net\/cameroun\/\"},{\"@type\":\"ListItem\",\"position\":2,\"name\":\"Cameroun : des enseignants convoqu\u00e9s pour avoir soumis une \u00e9preuve d\u2019examen sur la victoire de Paul Biya en 2018\"}]},{\"@type\":\"WebSite\",\"@id\":\"https:\/\/www.africa-press.net\/cameroun\/#website\",\"url\":\"https:\/\/www.africa-press.net\/cameroun\/\",\"name\":\"Cameroun\",\"description\":\"Just another Africa News Agency Sites site\",\"potentialAction\":[{\"@type\":\"SearchAction\",\"target\":{\"@type\":\"EntryPoint\",\"urlTemplate\":\"https:\/\/www.africa-press.net\/cameroun\/?s={search_term_string}\"},\"query-input\":{\"@type\":\"PropertyValueSpecification\",\"valueRequired\":true,\"valueName\":\"search_term_string\"}}],\"inLanguage\":\"fr-FR\"},{\"@type\":\"Person\",\"@id\":\"https:\/\/www.africa-press.net\/cameroun\/#\/schema\/person\/2b1cf3cd81a31e3cd26889ca66d677f1\",\"name\":\"cfeditorfr\"}]}<\/script>\n<!-- \/ Yoast SEO Premium plugin. -->","yoast_head_json":{"title":"Cameroun : des enseignants convoqu\u00e9s pour avoir soumis une \u00e9preuve d\u2019examen sur la victoire de Paul Biya en 2018 - Cameroun","description":"L\u2019e\u0301preuve invite les e\u0301tudiants a\u0300 de\u0301montrer si le candidat de\u0301clare\u0301 vainqueur a remporte\u0301 l\u2019e\u0301lection gra\u0302ce aux ...","robots":{"index":"index","follow":"follow","max-snippet":"max-snippet:-1","max-image-preview":"max-image-preview:large","max-video-preview":"max-video-preview:-1"},"canonical":"https:\/\/www.africa-press.net\/cameroun\/toutes-les-actualites\/cameroun-des-enseignants-convoques-pour-avoir-soumis-une-epreuve-dexamen-sur-la-victoire-de-paul-biya-en-2018","og_locale":"fr_FR","og_type":"article","og_title":"Cameroun : des enseignants convoqu\u00e9s pour avoir soumis une \u00e9preuve d\u2019examen sur la victoire de Paul Biya en 2018","og_description":"L\u2019e\u0301preuve invite les e\u0301tudiants a\u0300 de\u0301montrer si le candidat de\u0301clare\u0301 vainqueur a remporte\u0301 l\u2019e\u0301lection gra\u0302ce aux ...","og_url":"https:\/\/www.africa-press.net\/cameroun\/toutes-les-actualites\/cameroun-des-enseignants-convoques-pour-avoir-soumis-une-epreuve-dexamen-sur-la-victoire-de-paul-biya-en-2018","og_site_name":"Cameroun","article_published_time":"2024-02-26T21:19:12+00:00","article_modified_time":"2024-02-27T15:59:10+00:00","og_image":[{"width":780,"height":440,"url":"https:\/\/static.africa-press.net\/cameroun\/sites\/57\/2024\/02\/sm_1709036421.388257.jpg","type":"image\/jpeg"}],"author":"cfeditorfr","twitter_card":"summary_large_image","twitter_misc":{"\u00c9crit par":"cfeditorfr","Dur\u00e9e de lecture estim\u00e9e":"2 minutes"},"schema":{"@context":"https:\/\/schema.org","@graph":[{"@type":"Article","@id":"https:\/\/www.africa-press.net\/cameroun\/toutes-les-actualites\/cameroun-des-enseignants-convoques-pour-avoir-soumis-une-epreuve-dexamen-sur-la-victoire-de-paul-biya-en-2018#article","isPartOf":{"@id":"https:\/\/www.africa-press.net\/cameroun\/toutes-les-actualites\/cameroun-des-enseignants-convoques-pour-avoir-soumis-une-epreuve-dexamen-sur-la-victoire-de-paul-biya-en-2018"},"author":{"name":"cfeditorfr","@id":"https:\/\/www.africa-press.net\/cameroun\/#\/schema\/person\/2b1cf3cd81a31e3cd26889ca66d677f1"},"headline":"Cameroun : des enseignants convoqu\u00e9s pour avoir soumis une \u00e9preuve d\u2019examen sur la victoire de Paul Biya en 2018","datePublished":"2024-02-26T21:19:12+00:00","dateModified":"2024-02-27T15:59:10+00:00","mainEntityOfPage":{"@id":"https:\/\/www.africa-press.net\/cameroun\/toutes-les-actualites\/cameroun-des-enseignants-convoques-pour-avoir-soumis-une-epreuve-dexamen-sur-la-victoire-de-paul-biya-en-2018"},"wordCount":439,"commentCount":0,"image":{"@id":"https:\/\/www.africa-press.net\/cameroun\/toutes-les-actualites\/cameroun-des-enseignants-convoques-pour-avoir-soumis-une-epreuve-dexamen-sur-la-victoire-de-paul-biya-en-2018#primaryimage"},"thumbnailUrl":"https:\/\/static.africa-press.net\/cameroun\/sites\/57\/2024\/02\/sm_1709036421.388257.jpg","keywords":["Africa Press","Africa Press-Cameroun","Cameroun"],"articleSection":["Communaut\u00e9","Toutes les actualit\u00e9s"],"inLanguage":"fr-FR","potentialAction":[{"@type":"CommentAction","name":"Comment","target":["https:\/\/www.africa-press.net\/cameroun\/toutes-les-actualites\/cameroun-des-enseignants-convoques-pour-avoir-soumis-une-epreuve-dexamen-sur-la-victoire-de-paul-biya-en-2018#respond"]}]},{"@type":"WebPage","@id":"https:\/\/www.africa-press.net\/cameroun\/toutes-les-actualites\/cameroun-des-enseignants-convoques-pour-avoir-soumis-une-epreuve-dexamen-sur-la-victoire-de-paul-biya-en-2018","url":"https:\/\/www.africa-press.net\/cameroun\/toutes-les-actualites\/cameroun-des-enseignants-convoques-pour-avoir-soumis-une-epreuve-dexamen-sur-la-victoire-de-paul-biya-en-2018","name":"Cameroun : des enseignants convoqu\u00e9s pour avoir soumis une \u00e9preuve d\u2019examen sur la victoire de Paul Biya en 2018 - Cameroun","isPartOf":{"@id":"https:\/\/www.africa-press.net\/cameroun\/#website"},"primaryImageOfPage":{"@id":"https:\/\/www.africa-press.net\/cameroun\/toutes-les-actualites\/cameroun-des-enseignants-convoques-pour-avoir-soumis-une-epreuve-dexamen-sur-la-victoire-de-paul-biya-en-2018#primaryimage"},"image":{"@id":"https:\/\/www.africa-press.net\/cameroun\/toutes-les-actualites\/cameroun-des-enseignants-convoques-pour-avoir-soumis-une-epreuve-dexamen-sur-la-victoire-de-paul-biya-en-2018#primaryimage"},"thumbnailUrl":"https:\/\/static.africa-press.net\/cameroun\/sites\/57\/2024\/02\/sm_1709036421.388257.jpg","datePublished":"2024-02-26T21:19:12+00:00","dateModified":"2024-02-27T15:59:10+00:00","author":{"@id":"https:\/\/www.africa-press.net\/cameroun\/#\/schema\/person\/2b1cf3cd81a31e3cd26889ca66d677f1"},"description":"L\u2019e\u0301preuve invite les e\u0301tudiants a\u0300 de\u0301montrer si le candidat de\u0301clare\u0301 vainqueur a remporte\u0301 l\u2019e\u0301lection gra\u0302ce aux ...","breadcrumb":{"@id":"https:\/\/www.africa-press.net\/cameroun\/toutes-les-actualites\/cameroun-des-enseignants-convoques-pour-avoir-soumis-une-epreuve-dexamen-sur-la-victoire-de-paul-biya-en-2018#breadcrumb"},"inLanguage":"fr-FR","potentialAction":[{"@type":"ReadAction","target":["https:\/\/www.africa-press.net\/cameroun\/toutes-les-actualites\/cameroun-des-enseignants-convoques-pour-avoir-soumis-une-epreuve-dexamen-sur-la-victoire-de-paul-biya-en-2018"]}]},{"@type":"ImageObject","inLanguage":"fr-FR","@id":"https:\/\/www.africa-press.net\/cameroun\/toutes-les-actualites\/cameroun-des-enseignants-convoques-pour-avoir-soumis-une-epreuve-dexamen-sur-la-victoire-de-paul-biya-en-2018#primaryimage","url":"https:\/\/static.africa-press.net\/cameroun\/sites\/57\/2024\/02\/sm_1709036421.388257.jpg","contentUrl":"https:\/\/static.africa-press.net\/cameroun\/sites\/57\/2024\/02\/sm_1709036421.388257.jpg","width":780,"height":440,"caption":"Cameroun : des enseignants convoqu\u00e9s pour avoir soumis une \u00e9preuve d\u2019examen sur la victoire de Paul Biya en 2018"},{"@type":"BreadcrumbList","@id":"https:\/\/www.africa-press.net\/cameroun\/toutes-les-actualites\/cameroun-des-enseignants-convoques-pour-avoir-soumis-une-epreuve-dexamen-sur-la-victoire-de-paul-biya-en-2018#breadcrumb","itemListElement":[{"@type":"ListItem","position":1,"name":"Accueil","item":"https:\/\/www.africa-press.net\/cameroun\/"},{"@type":"ListItem","position":2,"name":"Cameroun : des enseignants convoqu\u00e9s pour avoir soumis une \u00e9preuve d\u2019examen sur la victoire de Paul Biya en 2018"}]},{"@type":"WebSite","@id":"https:\/\/www.africa-press.net\/cameroun\/#website","url":"https:\/\/www.africa-press.net\/cameroun\/","name":"Cameroun","description":"Just another Africa News Agency Sites site","potentialAction":[{"@type":"SearchAction","target":{"@type":"EntryPoint","urlTemplate":"https:\/\/www.africa-press.net\/cameroun\/?s={search_term_string}"},"query-input":{"@type":"PropertyValueSpecification","valueRequired":true,"valueName":"search_term_string"}}],"inLanguage":"fr-FR"},{"@type":"Person","@id":"https:\/\/www.africa-press.net\/cameroun\/#\/schema\/person\/2b1cf3cd81a31e3cd26889ca66d677f1","name":"cfeditorfr"}]}},"_links":{"self":[{"href":"https:\/\/www.africa-press.net\/cameroun\/wp-json\/wp\/v2\/posts\/61716","targetHints":{"allow":["GET"]}}],"collection":[{"href":"https:\/\/www.africa-press.net\/cameroun\/wp-json\/wp\/v2\/posts"}],"about":[{"href":"https:\/\/www.africa-press.net\/cameroun\/wp-json\/wp\/v2\/types\/post"}],"author":[{"embeddable":true,"href":"https:\/\/www.africa-press.net\/cameroun\/wp-json\/wp\/v2\/users\/82"}],"replies":[{"embeddable":true,"href":"https:\/\/www.africa-press.net\/cameroun\/wp-json\/wp\/v2\/comments?post=61716"}],"version-history":[{"count":0,"href":"https:\/\/www.africa-press.net\/cameroun\/wp-json\/wp\/v2\/posts\/61716\/revisions"}],"wp:featuredmedia":[{"embeddable":true,"href":"https:\/\/www.africa-press.net\/cameroun\/wp-json\/wp\/v2\/media\/61715"}],"wp:attachment":[{"href":"https:\/\/www.africa-press.net\/cameroun\/wp-json\/wp\/v2\/media?parent=61716"}],"wp:term":[{"taxonomy":"category","embeddable":true,"href":"https:\/\/www.africa-press.net\/cameroun\/wp-json\/wp\/v2\/categories?post=61716"},{"taxonomy":"post_tag","embeddable":true,"href":"https:\/\/www.africa-press.net\/cameroun\/wp-json\/wp\/v2\/tags?post=61716"}],"curies":[{"name":"wp","href":"https:\/\/api.w.org\/{rel}","templated":true}]}}