{"id":61748,"date":"2024-02-28T21:49:25","date_gmt":"2024-02-28T21:49:25","guid":{"rendered":"https:\/\/www.africa-press.net\/cameroun\/politique\/aboudi-ottou-redacteur-en-chef-dinvestir-au-cameroun-prime-pour-son-courage-et-la-qualite-de-ses-enquetes-en-2023"},"modified":"2024-02-29T13:48:36","modified_gmt":"2024-02-29T13:48:36","slug":"aboudi-ottou-redacteur-en-chef-dinvestir-au-cameroun-prime-pour-son-courage-et-la-qualite-de-ses-enquetes-en-2023","status":"publish","type":"post","link":"https:\/\/www.africa-press.net\/cameroun\/economie\/aboudi-ottou-redacteur-en-chef-dinvestir-au-cameroun-prime-pour-son-courage-et-la-qualite-de-ses-enquetes-en-2023","title":{"rendered":"Aboudi Ottou, r\u00e9dacteur en chef d\u2019Investir au Cameroun, prim\u00e9 pour son courage et la qualit\u00e9 de ses enqu\u00eates en 2023"},"content":{"rendered":"<p><span style=\"color: #ff6600\"><strong>Africa-Press &#8211; Cameroun. <\/strong><\/span>Investir au Cameroun) &#8211; Le journaliste Aboudi Ottou (photo), coordonnateur du Bureau Cameroun de l\u2019Agence Ecofin et re\u0301dacteur en chef d\u2019Investir au Cameroun, vient de remporter le Prix Martinez Zogo pour la qualite\u0301 de son travail en 2023. Ce prix est l\u2019une des re\u0301compenses les plus prestigieuses des Awards des me\u0301dias, organise\u0301s par la plateforme Me\u0301diatude. Anciennement intitule\u0301 \u00ab Prix du courage \u00bb, ce prix a e\u0301te\u0301 rebaptise\u0301 l\u2019anne\u0301e dernie\u0300re en hommage au journaliste Martinez Zogo, assassine\u0301 en janvier 2023 a\u0300 Yaounde\u0301, et qui l\u2019a remporte\u0301 cette anne\u0301e-la\u0300 a\u0300 titre posthume.<\/p>\n<p>On de\u0301part trois candidats ont e\u0301te\u0301 pre\u0301se\u0301lectionne\u0301s. Il s\u2019agit d\u2019Arnaud Nguefack de Canal 2 International, Christophe Bobiokono de Kalara et Aboudi Ottou d\u2019Investir Au Cameroun. Yves Martial Tientcheu, CEO de Me\u0301diatude et pre\u0301sident du comite\u0301 d\u2019organisation desdits Awards, a explique\u0301 a\u0300 Investir au Cameroun que les candidats ont e\u0301te\u0301 pre\u0301se\u0301lectionne\u0301s sur la base de leurs investigations l\u2019anne\u0301e dernie\u0300re et du courage dont ils ont fait montre dans l\u2019exercice de leur profession. Et pour de\u0301partager les trois candidats en lice, Me\u0301diatude explique avoir \u00ab sonde\u0301 \u00bb 10 re\u0301dacteurs en chef et directeurs de l\u2019information, ainsi que des reporters au Cameroun. \u00ab Pour les 70% de ses confre\u0300res, Aboudi Ottou a fait preuve de plus \u201cde courage, de de\u0301termination et de qualite\u0301 dans ses enque\u0302tes en 2023\u201d au Cameroun \u00bb, indique la plateforme web d\u2019actualite\u0301 sur l\u2019offre des me\u0301dias du Cameroun et ailleurs.<\/p>\n<p>\u00ab Comme de nombreux confre\u0300res, [Aboudi Ottou] a pendant des mois, suivi de pre\u0300s l\u2019affaire Martinez Zogo. Le capitaine courage d\u2019Investir au Cameroun a e\u0301galement couvert d\u2019autres e\u0301ve\u0301nements marquants de l\u2019anne\u0301e 2023, en abordant des sujets sensibles lie\u0301s aux ope\u0301rateurs e\u0301conomiques et aux ministres. Il a aborde\u0301 le proble\u0300me de l\u2019e\u0301lectricite\u0301, la construction du complexe sportif d\u2019Olembe. Le journaliste a fait quelques re\u0301ve\u0301lations sur le \u201ccoup de force de Tchiroma et Nalova dans un projet de plus de 73 milliards de FCFA\u201d a\u0300 la Banque mondiale, et sur \u201cComment le Russe Yango a man\u0153uvre\u0301 pour obtenir l\u2019autorisation d\u2019exercer au Cameroun\u201d \u00bb, entre autres, e\u0301crit Me\u0301diatude dans son communique\u0301.<\/p>\n<p>Cette dernie\u0300re affaire Yango lui a de\u0301ja\u0300 valu deux convocations a\u0300 la direction de la police judiciaire (DPJ) a\u0300 Yaounde\u0301 et une audition au Conseil national de la communication (CNC), le re\u0301gulateur des me\u0301dias au Cameroun, suite a\u0300 une plainte de\u0301pose\u0301e par un partenaire local de ce groupe. Le CNC a prononce\u0301 un non-lieu dans le cadre de cette affaire, affirmant que le journaliste a respecte\u0301 les exigences professionnelles d\u2019investigation et de recoupement.<\/p>\n<p>\u00ab Je me sens tre\u0300s honore\u0301, car le premier prix de ma carrie\u0300re est une reconnaissance des pairs. La plus prestigieuse pour tout professionnel ! En guise de remerciement, je prends l\u2019engagement de travailler davantage pour toujours me\u0301riter l\u2019estime de la confre\u0301rie ! \u00bb, a re\u0301agi Aboudi Ottou, qui cumule une vingtaine d\u2019anne\u0301es de pratique du journalisme. Son prix lui sera remis le 9 mars prochain, a\u0300 l\u2019occasion de la ce\u0301re\u0301monie des 7e Awards des me\u0301dias a\u0300 Douala, la me\u0301tropole e\u0301conomique du Cameroun.<\/p>\n<p><b>Patricia Ngo Ngouem<\/b><\/p>\n<p><strong>Pour plus d&rsquo;informations et d&rsquo;analyses sur la <a href=\"https:\/\/www.africa-press.net\/cameroun\">Cameroun<\/a>, suivez <a href=\"https:\/\/www.africa-press.net\/\">Africa-Press<\/a><\/strong><\/p>\n","protected":false},"excerpt":{"rendered":"<p>Africa-Press &#8211; Cameroun. Investir au Cameroun) &#8211; Le journaliste Aboudi Ottou (photo), coordonnateur du Bureau Cameroun de l\u2019Agence Ecofin et re\u0301dacteur en chef d\u2019Investir au Cameroun, vient de remporter le Prix Martinez Zogo pour la qualite\u0301 de son travail en 2023. Ce prix est l\u2019une des re\u0301compenses les plus prestigieuses des Awards des me\u0301dias, organise\u0301s [&hellip;]<\/p>\n","protected":false},"author":82,"featured_media":61747,"comment_status":"open","ping_status":"closed","sticky":false,"template":"","format":"standard","meta":{"footnotes":""},"categories":[3,10],"tags":[36,50,49],"class_list":["post-61748","post","type-post","status-publish","format-standard","has-post-thumbnail","hentry","category-economie","category-toutes-les-actualites","tag-africa-press","tag-africa-press-cameroun","tag-cameroun"],"yoast_head":"<!-- This site is optimized with the Yoast SEO Premium plugin v26.1 (Yoast SEO v27.0) - https:\/\/yoast.com\/product\/yoast-seo-premium-wordpress\/ -->\n<title>Aboudi Ottou, r\u00e9dacteur en chef d\u2019Investir au Cameroun, prim\u00e9 pour son courage et la qualit\u00e9 de ses enqu\u00eates en 2023 - Cameroun<\/title>\n<meta name=\"description\" content=\"Investir au Cameroun) - Le journaliste Aboudi Ottou (photo), coordonnateur du Bureau Cameroun de l\u2019Agence Ecofin et re\u0301d ...\" \/>\n<meta name=\"robots\" content=\"index, follow, max-snippet:-1, max-image-preview:large, max-video-preview:-1\" \/>\n<link rel=\"canonical\" href=\"https:\/\/www.africa-press.net\/cameroun\/economie\/aboudi-ottou-redacteur-en-chef-dinvestir-au-cameroun-prime-pour-son-courage-et-la-qualite-de-ses-enquetes-en-2023\" \/>\n<meta property=\"og:locale\" content=\"fr_FR\" \/>\n<meta property=\"og:type\" content=\"article\" \/>\n<meta property=\"og:title\" content=\"Aboudi Ottou, r\u00e9dacteur en chef d\u2019Investir au Cameroun, prim\u00e9 pour son courage et la qualit\u00e9 de ses enqu\u00eates en 2023\" \/>\n<meta property=\"og:description\" content=\"Investir au Cameroun) - Le journaliste Aboudi Ottou (photo), coordonnateur du Bureau Cameroun de l\u2019Agence Ecofin et re\u0301d ...\" \/>\n<meta property=\"og:url\" content=\"https:\/\/www.africa-press.net\/cameroun\/economie\/aboudi-ottou-redacteur-en-chef-dinvestir-au-cameroun-prime-pour-son-courage-et-la-qualite-de-ses-enquetes-en-2023\" \/>\n<meta property=\"og:site_name\" content=\"Cameroun\" \/>\n<meta property=\"article:published_time\" content=\"2024-02-28T21:49:25+00:00\" \/>\n<meta property=\"article:modified_time\" content=\"2024-02-29T13:48:36+00:00\" \/>\n<meta property=\"og:image\" content=\"https:\/\/static.africa-press.net\/cameroun\/sites\/57\/2024\/02\/sm_1709201458.012657.jpg\" \/>\n\t<meta property=\"og:image:width\" content=\"720\" \/>\n\t<meta property=\"og:image:height\" content=\"479\" \/>\n\t<meta property=\"og:image:type\" content=\"image\/jpeg\" \/>\n<meta name=\"author\" content=\"cfeditorfr\" \/>\n<meta name=\"twitter:card\" content=\"summary_large_image\" \/>\n<meta name=\"twitter:label1\" content=\"\u00c9crit par\" \/>\n\t<meta name=\"twitter:data1\" content=\"cfeditorfr\" \/>\n\t<meta name=\"twitter:label2\" content=\"Dur\u00e9e de lecture estim\u00e9e\" \/>\n\t<meta name=\"twitter:data2\" content=\"3 minutes\" \/>\n<script type=\"application\/ld+json\" class=\"yoast-schema-graph\">{\"@context\":\"https:\/\/schema.org\",\"@graph\":[{\"@type\":\"Article\",\"@id\":\"https:\/\/www.africa-press.net\/cameroun\/economie\/aboudi-ottou-redacteur-en-chef-dinvestir-au-cameroun-prime-pour-son-courage-et-la-qualite-de-ses-enquetes-en-2023#article\",\"isPartOf\":{\"@id\":\"https:\/\/www.africa-press.net\/cameroun\/economie\/aboudi-ottou-redacteur-en-chef-dinvestir-au-cameroun-prime-pour-son-courage-et-la-qualite-de-ses-enquetes-en-2023\"},\"author\":{\"name\":\"cfeditorfr\",\"@id\":\"https:\/\/www.africa-press.net\/cameroun\/#\/schema\/person\/2b1cf3cd81a31e3cd26889ca66d677f1\"},\"headline\":\"Aboudi Ottou, r\u00e9dacteur en chef d\u2019Investir au Cameroun, prim\u00e9 pour son courage et la qualit\u00e9 de ses enqu\u00eates en 2023\",\"datePublished\":\"2024-02-28T21:49:25+00:00\",\"dateModified\":\"2024-02-29T13:48:36+00:00\",\"mainEntityOfPage\":{\"@id\":\"https:\/\/www.africa-press.net\/cameroun\/economie\/aboudi-ottou-redacteur-en-chef-dinvestir-au-cameroun-prime-pour-son-courage-et-la-qualite-de-ses-enquetes-en-2023\"},\"wordCount\":604,\"commentCount\":0,\"image\":{\"@id\":\"https:\/\/www.africa-press.net\/cameroun\/economie\/aboudi-ottou-redacteur-en-chef-dinvestir-au-cameroun-prime-pour-son-courage-et-la-qualite-de-ses-enquetes-en-2023#primaryimage\"},\"thumbnailUrl\":\"https:\/\/static.africa-press.net\/cameroun\/sites\/57\/2024\/02\/sm_1709201458.012657.jpg\",\"keywords\":[\"Africa Press\",\"Africa Press-Cameroun\",\"Cameroun\"],\"articleSection\":[\"\u00c9conomie\",\"Toutes les actualit\u00e9s\"],\"inLanguage\":\"fr-FR\",\"potentialAction\":[{\"@type\":\"CommentAction\",\"name\":\"Comment\",\"target\":[\"https:\/\/www.africa-press.net\/cameroun\/economie\/aboudi-ottou-redacteur-en-chef-dinvestir-au-cameroun-prime-pour-son-courage-et-la-qualite-de-ses-enquetes-en-2023#respond\"]}]},{\"@type\":\"WebPage\",\"@id\":\"https:\/\/www.africa-press.net\/cameroun\/economie\/aboudi-ottou-redacteur-en-chef-dinvestir-au-cameroun-prime-pour-son-courage-et-la-qualite-de-ses-enquetes-en-2023\",\"url\":\"https:\/\/www.africa-press.net\/cameroun\/economie\/aboudi-ottou-redacteur-en-chef-dinvestir-au-cameroun-prime-pour-son-courage-et-la-qualite-de-ses-enquetes-en-2023\",\"name\":\"Aboudi Ottou, r\u00e9dacteur en chef d\u2019Investir au Cameroun, prim\u00e9 pour son courage et la qualit\u00e9 de ses enqu\u00eates en 2023 - Cameroun\",\"isPartOf\":{\"@id\":\"https:\/\/www.africa-press.net\/cameroun\/#website\"},\"primaryImageOfPage\":{\"@id\":\"https:\/\/www.africa-press.net\/cameroun\/economie\/aboudi-ottou-redacteur-en-chef-dinvestir-au-cameroun-prime-pour-son-courage-et-la-qualite-de-ses-enquetes-en-2023#primaryimage\"},\"image\":{\"@id\":\"https:\/\/www.africa-press.net\/cameroun\/economie\/aboudi-ottou-redacteur-en-chef-dinvestir-au-cameroun-prime-pour-son-courage-et-la-qualite-de-ses-enquetes-en-2023#primaryimage\"},\"thumbnailUrl\":\"https:\/\/static.africa-press.net\/cameroun\/sites\/57\/2024\/02\/sm_1709201458.012657.jpg\",\"datePublished\":\"2024-02-28T21:49:25+00:00\",\"dateModified\":\"2024-02-29T13:48:36+00:00\",\"author\":{\"@id\":\"https:\/\/www.africa-press.net\/cameroun\/#\/schema\/person\/2b1cf3cd81a31e3cd26889ca66d677f1\"},\"description\":\"Investir au Cameroun) - Le journaliste Aboudi Ottou (photo), coordonnateur du Bureau Cameroun de l\u2019Agence Ecofin et re\u0301d ...\",\"breadcrumb\":{\"@id\":\"https:\/\/www.africa-press.net\/cameroun\/economie\/aboudi-ottou-redacteur-en-chef-dinvestir-au-cameroun-prime-pour-son-courage-et-la-qualite-de-ses-enquetes-en-2023#breadcrumb\"},\"inLanguage\":\"fr-FR\",\"potentialAction\":[{\"@type\":\"ReadAction\",\"target\":[\"https:\/\/www.africa-press.net\/cameroun\/economie\/aboudi-ottou-redacteur-en-chef-dinvestir-au-cameroun-prime-pour-son-courage-et-la-qualite-de-ses-enquetes-en-2023\"]}]},{\"@type\":\"ImageObject\",\"inLanguage\":\"fr-FR\",\"@id\":\"https:\/\/www.africa-press.net\/cameroun\/economie\/aboudi-ottou-redacteur-en-chef-dinvestir-au-cameroun-prime-pour-son-courage-et-la-qualite-de-ses-enquetes-en-2023#primaryimage\",\"url\":\"https:\/\/static.africa-press.net\/cameroun\/sites\/57\/2024\/02\/sm_1709201458.012657.jpg\",\"contentUrl\":\"https:\/\/static.africa-press.net\/cameroun\/sites\/57\/2024\/02\/sm_1709201458.012657.jpg\",\"width\":720,\"height\":479,\"caption\":\"Aboudi Ottou, r\u00e9dacteur en chef d\u2019Investir au Cameroun, prim\u00e9 pour son courage et la qualit\u00e9 de ses enqu\u00eates en 2023\"},{\"@type\":\"BreadcrumbList\",\"@id\":\"https:\/\/www.africa-press.net\/cameroun\/economie\/aboudi-ottou-redacteur-en-chef-dinvestir-au-cameroun-prime-pour-son-courage-et-la-qualite-de-ses-enquetes-en-2023#breadcrumb\",\"itemListElement\":[{\"@type\":\"ListItem\",\"position\":1,\"name\":\"Accueil\",\"item\":\"https:\/\/www.africa-press.net\/cameroun\/\"},{\"@type\":\"ListItem\",\"position\":2,\"name\":\"Aboudi Ottou, r\u00e9dacteur en chef d\u2019Investir au Cameroun, prim\u00e9 pour son courage et la qualit\u00e9 de ses enqu\u00eates en 2023\"}]},{\"@type\":\"WebSite\",\"@id\":\"https:\/\/www.africa-press.net\/cameroun\/#website\",\"url\":\"https:\/\/www.africa-press.net\/cameroun\/\",\"name\":\"Cameroun\",\"description\":\"Just another Africa News Agency Sites site\",\"potentialAction\":[{\"@type\":\"SearchAction\",\"target\":{\"@type\":\"EntryPoint\",\"urlTemplate\":\"https:\/\/www.africa-press.net\/cameroun\/?s={search_term_string}\"},\"query-input\":{\"@type\":\"PropertyValueSpecification\",\"valueRequired\":true,\"valueName\":\"search_term_string\"}}],\"inLanguage\":\"fr-FR\"},{\"@type\":\"Person\",\"@id\":\"https:\/\/www.africa-press.net\/cameroun\/#\/schema\/person\/2b1cf3cd81a31e3cd26889ca66d677f1\",\"name\":\"cfeditorfr\"}]}<\/script>\n<!-- \/ Yoast SEO Premium plugin. -->","yoast_head_json":{"title":"Aboudi Ottou, r\u00e9dacteur en chef d\u2019Investir au Cameroun, prim\u00e9 pour son courage et la qualit\u00e9 de ses enqu\u00eates en 2023 - Cameroun","description":"Investir au Cameroun) - Le journaliste Aboudi Ottou (photo), coordonnateur du Bureau Cameroun de l\u2019Agence Ecofin et re\u0301d ...","robots":{"index":"index","follow":"follow","max-snippet":"max-snippet:-1","max-image-preview":"max-image-preview:large","max-video-preview":"max-video-preview:-1"},"canonical":"https:\/\/www.africa-press.net\/cameroun\/economie\/aboudi-ottou-redacteur-en-chef-dinvestir-au-cameroun-prime-pour-son-courage-et-la-qualite-de-ses-enquetes-en-2023","og_locale":"fr_FR","og_type":"article","og_title":"Aboudi Ottou, r\u00e9dacteur en chef d\u2019Investir au Cameroun, prim\u00e9 pour son courage et la qualit\u00e9 de ses enqu\u00eates en 2023","og_description":"Investir au Cameroun) - Le journaliste Aboudi Ottou (photo), coordonnateur du Bureau Cameroun de l\u2019Agence Ecofin et re\u0301d ...","og_url":"https:\/\/www.africa-press.net\/cameroun\/economie\/aboudi-ottou-redacteur-en-chef-dinvestir-au-cameroun-prime-pour-son-courage-et-la-qualite-de-ses-enquetes-en-2023","og_site_name":"Cameroun","article_published_time":"2024-02-28T21:49:25+00:00","article_modified_time":"2024-02-29T13:48:36+00:00","og_image":[{"width":720,"height":479,"url":"https:\/\/static.africa-press.net\/cameroun\/sites\/57\/2024\/02\/sm_1709201458.012657.jpg","type":"image\/jpeg"}],"author":"cfeditorfr","twitter_card":"summary_large_image","twitter_misc":{"\u00c9crit par":"cfeditorfr","Dur\u00e9e de lecture estim\u00e9e":"3 minutes"},"schema":{"@context":"https:\/\/schema.org","@graph":[{"@type":"Article","@id":"https:\/\/www.africa-press.net\/cameroun\/economie\/aboudi-ottou-redacteur-en-chef-dinvestir-au-cameroun-prime-pour-son-courage-et-la-qualite-de-ses-enquetes-en-2023#article","isPartOf":{"@id":"https:\/\/www.africa-press.net\/cameroun\/economie\/aboudi-ottou-redacteur-en-chef-dinvestir-au-cameroun-prime-pour-son-courage-et-la-qualite-de-ses-enquetes-en-2023"},"author":{"name":"cfeditorfr","@id":"https:\/\/www.africa-press.net\/cameroun\/#\/schema\/person\/2b1cf3cd81a31e3cd26889ca66d677f1"},"headline":"Aboudi Ottou, r\u00e9dacteur en chef d\u2019Investir au Cameroun, prim\u00e9 pour son courage et la qualit\u00e9 de ses enqu\u00eates en 2023","datePublished":"2024-02-28T21:49:25+00:00","dateModified":"2024-02-29T13:48:36+00:00","mainEntityOfPage":{"@id":"https:\/\/www.africa-press.net\/cameroun\/economie\/aboudi-ottou-redacteur-en-chef-dinvestir-au-cameroun-prime-pour-son-courage-et-la-qualite-de-ses-enquetes-en-2023"},"wordCount":604,"commentCount":0,"image":{"@id":"https:\/\/www.africa-press.net\/cameroun\/economie\/aboudi-ottou-redacteur-en-chef-dinvestir-au-cameroun-prime-pour-son-courage-et-la-qualite-de-ses-enquetes-en-2023#primaryimage"},"thumbnailUrl":"https:\/\/static.africa-press.net\/cameroun\/sites\/57\/2024\/02\/sm_1709201458.012657.jpg","keywords":["Africa Press","Africa Press-Cameroun","Cameroun"],"articleSection":["\u00c9conomie","Toutes les actualit\u00e9s"],"inLanguage":"fr-FR","potentialAction":[{"@type":"CommentAction","name":"Comment","target":["https:\/\/www.africa-press.net\/cameroun\/economie\/aboudi-ottou-redacteur-en-chef-dinvestir-au-cameroun-prime-pour-son-courage-et-la-qualite-de-ses-enquetes-en-2023#respond"]}]},{"@type":"WebPage","@id":"https:\/\/www.africa-press.net\/cameroun\/economie\/aboudi-ottou-redacteur-en-chef-dinvestir-au-cameroun-prime-pour-son-courage-et-la-qualite-de-ses-enquetes-en-2023","url":"https:\/\/www.africa-press.net\/cameroun\/economie\/aboudi-ottou-redacteur-en-chef-dinvestir-au-cameroun-prime-pour-son-courage-et-la-qualite-de-ses-enquetes-en-2023","name":"Aboudi Ottou, r\u00e9dacteur en chef d\u2019Investir au Cameroun, prim\u00e9 pour son courage et la qualit\u00e9 de ses enqu\u00eates en 2023 - Cameroun","isPartOf":{"@id":"https:\/\/www.africa-press.net\/cameroun\/#website"},"primaryImageOfPage":{"@id":"https:\/\/www.africa-press.net\/cameroun\/economie\/aboudi-ottou-redacteur-en-chef-dinvestir-au-cameroun-prime-pour-son-courage-et-la-qualite-de-ses-enquetes-en-2023#primaryimage"},"image":{"@id":"https:\/\/www.africa-press.net\/cameroun\/economie\/aboudi-ottou-redacteur-en-chef-dinvestir-au-cameroun-prime-pour-son-courage-et-la-qualite-de-ses-enquetes-en-2023#primaryimage"},"thumbnailUrl":"https:\/\/static.africa-press.net\/cameroun\/sites\/57\/2024\/02\/sm_1709201458.012657.jpg","datePublished":"2024-02-28T21:49:25+00:00","dateModified":"2024-02-29T13:48:36+00:00","author":{"@id":"https:\/\/www.africa-press.net\/cameroun\/#\/schema\/person\/2b1cf3cd81a31e3cd26889ca66d677f1"},"description":"Investir au Cameroun) - Le journaliste Aboudi Ottou (photo), coordonnateur du Bureau Cameroun de l\u2019Agence Ecofin et re\u0301d ...","breadcrumb":{"@id":"https:\/\/www.africa-press.net\/cameroun\/economie\/aboudi-ottou-redacteur-en-chef-dinvestir-au-cameroun-prime-pour-son-courage-et-la-qualite-de-ses-enquetes-en-2023#breadcrumb"},"inLanguage":"fr-FR","potentialAction":[{"@type":"ReadAction","target":["https:\/\/www.africa-press.net\/cameroun\/economie\/aboudi-ottou-redacteur-en-chef-dinvestir-au-cameroun-prime-pour-son-courage-et-la-qualite-de-ses-enquetes-en-2023"]}]},{"@type":"ImageObject","inLanguage":"fr-FR","@id":"https:\/\/www.africa-press.net\/cameroun\/economie\/aboudi-ottou-redacteur-en-chef-dinvestir-au-cameroun-prime-pour-son-courage-et-la-qualite-de-ses-enquetes-en-2023#primaryimage","url":"https:\/\/static.africa-press.net\/cameroun\/sites\/57\/2024\/02\/sm_1709201458.012657.jpg","contentUrl":"https:\/\/static.africa-press.net\/cameroun\/sites\/57\/2024\/02\/sm_1709201458.012657.jpg","width":720,"height":479,"caption":"Aboudi Ottou, r\u00e9dacteur en chef d\u2019Investir au Cameroun, prim\u00e9 pour son courage et la qualit\u00e9 de ses enqu\u00eates en 2023"},{"@type":"BreadcrumbList","@id":"https:\/\/www.africa-press.net\/cameroun\/economie\/aboudi-ottou-redacteur-en-chef-dinvestir-au-cameroun-prime-pour-son-courage-et-la-qualite-de-ses-enquetes-en-2023#breadcrumb","itemListElement":[{"@type":"ListItem","position":1,"name":"Accueil","item":"https:\/\/www.africa-press.net\/cameroun\/"},{"@type":"ListItem","position":2,"name":"Aboudi Ottou, r\u00e9dacteur en chef d\u2019Investir au Cameroun, prim\u00e9 pour son courage et la qualit\u00e9 de ses enqu\u00eates en 2023"}]},{"@type":"WebSite","@id":"https:\/\/www.africa-press.net\/cameroun\/#website","url":"https:\/\/www.africa-press.net\/cameroun\/","name":"Cameroun","description":"Just another Africa News Agency Sites site","potentialAction":[{"@type":"SearchAction","target":{"@type":"EntryPoint","urlTemplate":"https:\/\/www.africa-press.net\/cameroun\/?s={search_term_string}"},"query-input":{"@type":"PropertyValueSpecification","valueRequired":true,"valueName":"search_term_string"}}],"inLanguage":"fr-FR"},{"@type":"Person","@id":"https:\/\/www.africa-press.net\/cameroun\/#\/schema\/person\/2b1cf3cd81a31e3cd26889ca66d677f1","name":"cfeditorfr"}]}},"_links":{"self":[{"href":"https:\/\/www.africa-press.net\/cameroun\/wp-json\/wp\/v2\/posts\/61748","targetHints":{"allow":["GET"]}}],"collection":[{"href":"https:\/\/www.africa-press.net\/cameroun\/wp-json\/wp\/v2\/posts"}],"about":[{"href":"https:\/\/www.africa-press.net\/cameroun\/wp-json\/wp\/v2\/types\/post"}],"author":[{"embeddable":true,"href":"https:\/\/www.africa-press.net\/cameroun\/wp-json\/wp\/v2\/users\/82"}],"replies":[{"embeddable":true,"href":"https:\/\/www.africa-press.net\/cameroun\/wp-json\/wp\/v2\/comments?post=61748"}],"version-history":[{"count":0,"href":"https:\/\/www.africa-press.net\/cameroun\/wp-json\/wp\/v2\/posts\/61748\/revisions"}],"wp:featuredmedia":[{"embeddable":true,"href":"https:\/\/www.africa-press.net\/cameroun\/wp-json\/wp\/v2\/media\/61747"}],"wp:attachment":[{"href":"https:\/\/www.africa-press.net\/cameroun\/wp-json\/wp\/v2\/media?parent=61748"}],"wp:term":[{"taxonomy":"category","embeddable":true,"href":"https:\/\/www.africa-press.net\/cameroun\/wp-json\/wp\/v2\/categories?post=61748"},{"taxonomy":"post_tag","embeddable":true,"href":"https:\/\/www.africa-press.net\/cameroun\/wp-json\/wp\/v2\/tags?post=61748"}],"curies":[{"name":"wp","href":"https:\/\/api.w.org\/{rel}","templated":true}]}}