{"id":61754,"date":"2024-02-28T21:50:31","date_gmt":"2024-02-28T21:50:31","guid":{"rendered":"https:\/\/www.africa-press.net\/cameroun\/politique\/cameroun-un-mort-et-83-blesses-dans-lexplosion-de-nkambe-officiel"},"modified":"2024-02-29T13:51:29","modified_gmt":"2024-02-29T13:51:29","slug":"cameroun-un-mort-et-83-blesses-dans-lexplosion-de-nkambe-officiel","status":"publish","type":"post","link":"https:\/\/www.africa-press.net\/cameroun\/toutes-les-actualites\/cameroun-un-mort-et-83-blesses-dans-lexplosion-de-nkambe-officiel","title":{"rendered":"Cameroun : un mort et 83 bless\u00e9s dans l\u2019explosion de Nkambe (officiel)"},"content":{"rendered":"<p><span style=\"color: #ff6600\"><strong>Africa-Press &#8211; Cameroun. <\/strong><\/span><b>Les autorite\u0301s sanitaires de la re\u0301gion du Sud-Ouest ont rendu public, dans un rapport, le bilan de\u0301finitif de la de\u0301tonation de du 11 fe\u0301vrier 2024.<\/b><\/p>\n<p>L\u2019explosion d\u2019une bombe a\u0300 la place des fe\u0302tes de Nkambe dans le Donga Mantung apre\u0300s le de\u0301file\u0301 de la 58e\u0300 fe\u0302te de la jeunesse a fait un mort et 83 blesse\u0301s. Selon le de\u0301le\u0301gue\u0301 re\u0301gional de la Sante\u0301 publique pour le Nord-Ouest, Dr Kingsley Che Soh, la personne de\u0301ce\u0301de\u0301e est une adolescente de 14 ans inscrite au lyce\u0301e de Nyanji.<\/p>\n<p>Les secours ont transporte\u0301 83 blesse\u0301s a\u0300 l\u2019ho\u0302pital re\u0301gional annexe de Nkambe. Des cas critiques, cinq au total, ont e\u0301te\u0301 transporte\u0301s par he\u0301licopte\u0300re a\u0300 l\u2019ho\u0302pital de Bamenda le 13 fe\u0301vrier 2024. Ils ont rec\u0327u des soins au pavillon solidarite\u0301 avant d\u2019e\u0302tre stabilise\u0301s. Sur 13 autres cas graves, deux ont e\u0301te\u0301 autorise\u0301s a\u0300 sortir, 11 ont subi une chirurgie orthope\u0301dique, pre\u0301sente le rapport sur la situation de la gestion des victimes suite a\u0300 l\u2019explosion d\u2019un engin explosif improvise\u0301.<\/p>\n<p>A la lecture du me\u0302me document qui couvre la pe\u0301riode allant du 14 au 21 fe\u0301vrier 2024, 64 cas mode\u0301re\u0301s ont e\u0301te\u0301 enregistre\u0301s. Leurs blessures ont e\u0301te\u0301 qualifie\u0301es de contusions, de lace\u0301rations, de traumatismes contondants du torse ou encore de traumatismes psychologiques. Les 64 cas sont sortis de l\u2019ho\u0302pital re\u0301gional annexe de Nkambe et ont e\u0301te\u0301 mis sous traitement oral. Ce rapport vient de donner des pre\u0301cisions sur le nombre de blesse\u0301s que les diffe\u0301rentes sources n\u2019ont pas pu fournir avec exactitude le 11 fe\u0301vrier dernier.<\/p>\n<p><strong>Pour plus d&rsquo;informations et d&rsquo;analyses sur la <a href=\"https:\/\/www.africa-press.net\/cameroun\">Cameroun<\/a>, suivez <a href=\"https:\/\/www.africa-press.net\/\">Africa-Press<\/a><\/strong><\/p>\n","protected":false},"excerpt":{"rendered":"<p>Africa-Press &#8211; Cameroun. Les autorite\u0301s sanitaires de la re\u0301gion du Sud-Ouest ont rendu public, dans un rapport, le bilan de\u0301finitif de la de\u0301tonation de du 11 fe\u0301vrier 2024. L\u2019explosion d\u2019une bombe a\u0300 la place des fe\u0302tes de Nkambe dans le Donga Mantung apre\u0300s le de\u0301file\u0301 de la 58e\u0300 fe\u0302te de la jeunesse a fait un [&hellip;]<\/p>\n","protected":false},"author":82,"featured_media":61753,"comment_status":"open","ping_status":"closed","sticky":false,"template":"","format":"standard","meta":{"footnotes":""},"categories":[21,20,10],"tags":[36,50,49],"class_list":["post-61754","post","type-post","status-publish","format-standard","has-post-thumbnail","hentry","category-communaute","category-top-nouvelles","category-toutes-les-actualites","tag-africa-press","tag-africa-press-cameroun","tag-cameroun"],"yoast_head":"<!-- This site is optimized with the Yoast SEO Premium plugin v26.1 (Yoast SEO v27.0) - https:\/\/yoast.com\/product\/yoast-seo-premium-wordpress\/ -->\n<title>Cameroun : un mort et 83 bless\u00e9s dans l\u2019explosion de Nkambe (officiel) - Cameroun<\/title>\n<meta name=\"description\" content=\"Les autorite\u0301s sanitaires de la re\u0301gion du Sud-Ouest ont rendu public, dans un rapport, le bilan de\u0301finitif de la de\u0301 ...\" \/>\n<meta name=\"robots\" content=\"index, follow, max-snippet:-1, max-image-preview:large, max-video-preview:-1\" \/>\n<link rel=\"canonical\" href=\"https:\/\/www.africa-press.net\/cameroun\/toutes-les-actualites\/cameroun-un-mort-et-83-blesses-dans-lexplosion-de-nkambe-officiel\" \/>\n<meta property=\"og:locale\" content=\"fr_FR\" \/>\n<meta property=\"og:type\" content=\"article\" \/>\n<meta property=\"og:title\" content=\"Cameroun : un mort et 83 bless\u00e9s dans l\u2019explosion de Nkambe (officiel)\" \/>\n<meta property=\"og:description\" content=\"Les autorite\u0301s sanitaires de la re\u0301gion du Sud-Ouest ont rendu public, dans un rapport, le bilan de\u0301finitif de la de\u0301 ...\" \/>\n<meta property=\"og:url\" content=\"https:\/\/www.africa-press.net\/cameroun\/toutes-les-actualites\/cameroun-un-mort-et-83-blesses-dans-lexplosion-de-nkambe-officiel\" \/>\n<meta property=\"og:site_name\" content=\"Cameroun\" \/>\n<meta property=\"article:published_time\" content=\"2024-02-28T21:50:31+00:00\" \/>\n<meta property=\"article:modified_time\" content=\"2024-02-29T13:51:29+00:00\" \/>\n<meta property=\"og:image\" content=\"https:\/\/static.africa-press.net\/cameroun\/sites\/57\/2024\/02\/sm_1709201587.529653.jpg\" \/>\n\t<meta property=\"og:image:width\" content=\"780\" \/>\n\t<meta property=\"og:image:height\" content=\"440\" \/>\n\t<meta property=\"og:image:type\" content=\"image\/jpeg\" \/>\n<meta name=\"author\" content=\"cfeditorfr\" \/>\n<meta name=\"twitter:card\" content=\"summary_large_image\" \/>\n<meta name=\"twitter:label1\" content=\"\u00c9crit par\" \/>\n\t<meta name=\"twitter:data1\" content=\"cfeditorfr\" \/>\n\t<meta name=\"twitter:label2\" content=\"Dur\u00e9e de lecture estim\u00e9e\" \/>\n\t<meta name=\"twitter:data2\" content=\"2 minutes\" \/>\n<script type=\"application\/ld+json\" class=\"yoast-schema-graph\">{\"@context\":\"https:\/\/schema.org\",\"@graph\":[{\"@type\":\"Article\",\"@id\":\"https:\/\/www.africa-press.net\/cameroun\/toutes-les-actualites\/cameroun-un-mort-et-83-blesses-dans-lexplosion-de-nkambe-officiel#article\",\"isPartOf\":{\"@id\":\"https:\/\/www.africa-press.net\/cameroun\/toutes-les-actualites\/cameroun-un-mort-et-83-blesses-dans-lexplosion-de-nkambe-officiel\"},\"author\":{\"name\":\"cfeditorfr\",\"@id\":\"https:\/\/www.africa-press.net\/cameroun\/#\/schema\/person\/2b1cf3cd81a31e3cd26889ca66d677f1\"},\"headline\":\"Cameroun : un mort et 83 bless\u00e9s dans l\u2019explosion de Nkambe (officiel)\",\"datePublished\":\"2024-02-28T21:50:31+00:00\",\"dateModified\":\"2024-02-29T13:51:29+00:00\",\"mainEntityOfPage\":{\"@id\":\"https:\/\/www.africa-press.net\/cameroun\/toutes-les-actualites\/cameroun-un-mort-et-83-blesses-dans-lexplosion-de-nkambe-officiel\"},\"wordCount\":319,\"commentCount\":0,\"image\":{\"@id\":\"https:\/\/www.africa-press.net\/cameroun\/toutes-les-actualites\/cameroun-un-mort-et-83-blesses-dans-lexplosion-de-nkambe-officiel#primaryimage\"},\"thumbnailUrl\":\"https:\/\/static.africa-press.net\/cameroun\/sites\/57\/2024\/02\/sm_1709201587.529653.jpg\",\"keywords\":[\"Africa Press\",\"Africa Press-Cameroun\",\"Cameroun\"],\"articleSection\":[\"Communaut\u00e9\",\"Top Nouvelles\",\"Toutes les actualit\u00e9s\"],\"inLanguage\":\"fr-FR\",\"potentialAction\":[{\"@type\":\"CommentAction\",\"name\":\"Comment\",\"target\":[\"https:\/\/www.africa-press.net\/cameroun\/toutes-les-actualites\/cameroun-un-mort-et-83-blesses-dans-lexplosion-de-nkambe-officiel#respond\"]}]},{\"@type\":\"WebPage\",\"@id\":\"https:\/\/www.africa-press.net\/cameroun\/toutes-les-actualites\/cameroun-un-mort-et-83-blesses-dans-lexplosion-de-nkambe-officiel\",\"url\":\"https:\/\/www.africa-press.net\/cameroun\/toutes-les-actualites\/cameroun-un-mort-et-83-blesses-dans-lexplosion-de-nkambe-officiel\",\"name\":\"Cameroun : un mort et 83 bless\u00e9s dans l\u2019explosion de Nkambe (officiel) - Cameroun\",\"isPartOf\":{\"@id\":\"https:\/\/www.africa-press.net\/cameroun\/#website\"},\"primaryImageOfPage\":{\"@id\":\"https:\/\/www.africa-press.net\/cameroun\/toutes-les-actualites\/cameroun-un-mort-et-83-blesses-dans-lexplosion-de-nkambe-officiel#primaryimage\"},\"image\":{\"@id\":\"https:\/\/www.africa-press.net\/cameroun\/toutes-les-actualites\/cameroun-un-mort-et-83-blesses-dans-lexplosion-de-nkambe-officiel#primaryimage\"},\"thumbnailUrl\":\"https:\/\/static.africa-press.net\/cameroun\/sites\/57\/2024\/02\/sm_1709201587.529653.jpg\",\"datePublished\":\"2024-02-28T21:50:31+00:00\",\"dateModified\":\"2024-02-29T13:51:29+00:00\",\"author\":{\"@id\":\"https:\/\/www.africa-press.net\/cameroun\/#\/schema\/person\/2b1cf3cd81a31e3cd26889ca66d677f1\"},\"description\":\"Les autorite\u0301s sanitaires de la re\u0301gion du Sud-Ouest ont rendu public, dans un rapport, le bilan de\u0301finitif de la de\u0301 ...\",\"breadcrumb\":{\"@id\":\"https:\/\/www.africa-press.net\/cameroun\/toutes-les-actualites\/cameroun-un-mort-et-83-blesses-dans-lexplosion-de-nkambe-officiel#breadcrumb\"},\"inLanguage\":\"fr-FR\",\"potentialAction\":[{\"@type\":\"ReadAction\",\"target\":[\"https:\/\/www.africa-press.net\/cameroun\/toutes-les-actualites\/cameroun-un-mort-et-83-blesses-dans-lexplosion-de-nkambe-officiel\"]}]},{\"@type\":\"ImageObject\",\"inLanguage\":\"fr-FR\",\"@id\":\"https:\/\/www.africa-press.net\/cameroun\/toutes-les-actualites\/cameroun-un-mort-et-83-blesses-dans-lexplosion-de-nkambe-officiel#primaryimage\",\"url\":\"https:\/\/static.africa-press.net\/cameroun\/sites\/57\/2024\/02\/sm_1709201587.529653.jpg\",\"contentUrl\":\"https:\/\/static.africa-press.net\/cameroun\/sites\/57\/2024\/02\/sm_1709201587.529653.jpg\",\"width\":780,\"height\":440,\"caption\":\"Cameroun : un mort et 83 bless\u00e9s dans l\u2019explosion de Nkambe (officiel)\"},{\"@type\":\"BreadcrumbList\",\"@id\":\"https:\/\/www.africa-press.net\/cameroun\/toutes-les-actualites\/cameroun-un-mort-et-83-blesses-dans-lexplosion-de-nkambe-officiel#breadcrumb\",\"itemListElement\":[{\"@type\":\"ListItem\",\"position\":1,\"name\":\"Accueil\",\"item\":\"https:\/\/www.africa-press.net\/cameroun\/\"},{\"@type\":\"ListItem\",\"position\":2,\"name\":\"Cameroun : un mort et 83 bless\u00e9s dans l\u2019explosion de Nkambe (officiel)\"}]},{\"@type\":\"WebSite\",\"@id\":\"https:\/\/www.africa-press.net\/cameroun\/#website\",\"url\":\"https:\/\/www.africa-press.net\/cameroun\/\",\"name\":\"Cameroun\",\"description\":\"Just another Africa News Agency Sites site\",\"potentialAction\":[{\"@type\":\"SearchAction\",\"target\":{\"@type\":\"EntryPoint\",\"urlTemplate\":\"https:\/\/www.africa-press.net\/cameroun\/?s={search_term_string}\"},\"query-input\":{\"@type\":\"PropertyValueSpecification\",\"valueRequired\":true,\"valueName\":\"search_term_string\"}}],\"inLanguage\":\"fr-FR\"},{\"@type\":\"Person\",\"@id\":\"https:\/\/www.africa-press.net\/cameroun\/#\/schema\/person\/2b1cf3cd81a31e3cd26889ca66d677f1\",\"name\":\"cfeditorfr\"}]}<\/script>\n<!-- \/ Yoast SEO Premium plugin. -->","yoast_head_json":{"title":"Cameroun : un mort et 83 bless\u00e9s dans l\u2019explosion de Nkambe (officiel) - Cameroun","description":"Les autorite\u0301s sanitaires de la re\u0301gion du Sud-Ouest ont rendu public, dans un rapport, le bilan de\u0301finitif de la de\u0301 ...","robots":{"index":"index","follow":"follow","max-snippet":"max-snippet:-1","max-image-preview":"max-image-preview:large","max-video-preview":"max-video-preview:-1"},"canonical":"https:\/\/www.africa-press.net\/cameroun\/toutes-les-actualites\/cameroun-un-mort-et-83-blesses-dans-lexplosion-de-nkambe-officiel","og_locale":"fr_FR","og_type":"article","og_title":"Cameroun : un mort et 83 bless\u00e9s dans l\u2019explosion de Nkambe (officiel)","og_description":"Les autorite\u0301s sanitaires de la re\u0301gion du Sud-Ouest ont rendu public, dans un rapport, le bilan de\u0301finitif de la de\u0301 ...","og_url":"https:\/\/www.africa-press.net\/cameroun\/toutes-les-actualites\/cameroun-un-mort-et-83-blesses-dans-lexplosion-de-nkambe-officiel","og_site_name":"Cameroun","article_published_time":"2024-02-28T21:50:31+00:00","article_modified_time":"2024-02-29T13:51:29+00:00","og_image":[{"width":780,"height":440,"url":"https:\/\/static.africa-press.net\/cameroun\/sites\/57\/2024\/02\/sm_1709201587.529653.jpg","type":"image\/jpeg"}],"author":"cfeditorfr","twitter_card":"summary_large_image","twitter_misc":{"\u00c9crit par":"cfeditorfr","Dur\u00e9e de lecture estim\u00e9e":"2 minutes"},"schema":{"@context":"https:\/\/schema.org","@graph":[{"@type":"Article","@id":"https:\/\/www.africa-press.net\/cameroun\/toutes-les-actualites\/cameroun-un-mort-et-83-blesses-dans-lexplosion-de-nkambe-officiel#article","isPartOf":{"@id":"https:\/\/www.africa-press.net\/cameroun\/toutes-les-actualites\/cameroun-un-mort-et-83-blesses-dans-lexplosion-de-nkambe-officiel"},"author":{"name":"cfeditorfr","@id":"https:\/\/www.africa-press.net\/cameroun\/#\/schema\/person\/2b1cf3cd81a31e3cd26889ca66d677f1"},"headline":"Cameroun : un mort et 83 bless\u00e9s dans l\u2019explosion de Nkambe (officiel)","datePublished":"2024-02-28T21:50:31+00:00","dateModified":"2024-02-29T13:51:29+00:00","mainEntityOfPage":{"@id":"https:\/\/www.africa-press.net\/cameroun\/toutes-les-actualites\/cameroun-un-mort-et-83-blesses-dans-lexplosion-de-nkambe-officiel"},"wordCount":319,"commentCount":0,"image":{"@id":"https:\/\/www.africa-press.net\/cameroun\/toutes-les-actualites\/cameroun-un-mort-et-83-blesses-dans-lexplosion-de-nkambe-officiel#primaryimage"},"thumbnailUrl":"https:\/\/static.africa-press.net\/cameroun\/sites\/57\/2024\/02\/sm_1709201587.529653.jpg","keywords":["Africa Press","Africa Press-Cameroun","Cameroun"],"articleSection":["Communaut\u00e9","Top Nouvelles","Toutes les actualit\u00e9s"],"inLanguage":"fr-FR","potentialAction":[{"@type":"CommentAction","name":"Comment","target":["https:\/\/www.africa-press.net\/cameroun\/toutes-les-actualites\/cameroun-un-mort-et-83-blesses-dans-lexplosion-de-nkambe-officiel#respond"]}]},{"@type":"WebPage","@id":"https:\/\/www.africa-press.net\/cameroun\/toutes-les-actualites\/cameroun-un-mort-et-83-blesses-dans-lexplosion-de-nkambe-officiel","url":"https:\/\/www.africa-press.net\/cameroun\/toutes-les-actualites\/cameroun-un-mort-et-83-blesses-dans-lexplosion-de-nkambe-officiel","name":"Cameroun : un mort et 83 bless\u00e9s dans l\u2019explosion de Nkambe (officiel) - Cameroun","isPartOf":{"@id":"https:\/\/www.africa-press.net\/cameroun\/#website"},"primaryImageOfPage":{"@id":"https:\/\/www.africa-press.net\/cameroun\/toutes-les-actualites\/cameroun-un-mort-et-83-blesses-dans-lexplosion-de-nkambe-officiel#primaryimage"},"image":{"@id":"https:\/\/www.africa-press.net\/cameroun\/toutes-les-actualites\/cameroun-un-mort-et-83-blesses-dans-lexplosion-de-nkambe-officiel#primaryimage"},"thumbnailUrl":"https:\/\/static.africa-press.net\/cameroun\/sites\/57\/2024\/02\/sm_1709201587.529653.jpg","datePublished":"2024-02-28T21:50:31+00:00","dateModified":"2024-02-29T13:51:29+00:00","author":{"@id":"https:\/\/www.africa-press.net\/cameroun\/#\/schema\/person\/2b1cf3cd81a31e3cd26889ca66d677f1"},"description":"Les autorite\u0301s sanitaires de la re\u0301gion du Sud-Ouest ont rendu public, dans un rapport, le bilan de\u0301finitif de la de\u0301 ...","breadcrumb":{"@id":"https:\/\/www.africa-press.net\/cameroun\/toutes-les-actualites\/cameroun-un-mort-et-83-blesses-dans-lexplosion-de-nkambe-officiel#breadcrumb"},"inLanguage":"fr-FR","potentialAction":[{"@type":"ReadAction","target":["https:\/\/www.africa-press.net\/cameroun\/toutes-les-actualites\/cameroun-un-mort-et-83-blesses-dans-lexplosion-de-nkambe-officiel"]}]},{"@type":"ImageObject","inLanguage":"fr-FR","@id":"https:\/\/www.africa-press.net\/cameroun\/toutes-les-actualites\/cameroun-un-mort-et-83-blesses-dans-lexplosion-de-nkambe-officiel#primaryimage","url":"https:\/\/static.africa-press.net\/cameroun\/sites\/57\/2024\/02\/sm_1709201587.529653.jpg","contentUrl":"https:\/\/static.africa-press.net\/cameroun\/sites\/57\/2024\/02\/sm_1709201587.529653.jpg","width":780,"height":440,"caption":"Cameroun : un mort et 83 bless\u00e9s dans l\u2019explosion de Nkambe (officiel)"},{"@type":"BreadcrumbList","@id":"https:\/\/www.africa-press.net\/cameroun\/toutes-les-actualites\/cameroun-un-mort-et-83-blesses-dans-lexplosion-de-nkambe-officiel#breadcrumb","itemListElement":[{"@type":"ListItem","position":1,"name":"Accueil","item":"https:\/\/www.africa-press.net\/cameroun\/"},{"@type":"ListItem","position":2,"name":"Cameroun : un mort et 83 bless\u00e9s dans l\u2019explosion de Nkambe (officiel)"}]},{"@type":"WebSite","@id":"https:\/\/www.africa-press.net\/cameroun\/#website","url":"https:\/\/www.africa-press.net\/cameroun\/","name":"Cameroun","description":"Just another Africa News Agency Sites site","potentialAction":[{"@type":"SearchAction","target":{"@type":"EntryPoint","urlTemplate":"https:\/\/www.africa-press.net\/cameroun\/?s={search_term_string}"},"query-input":{"@type":"PropertyValueSpecification","valueRequired":true,"valueName":"search_term_string"}}],"inLanguage":"fr-FR"},{"@type":"Person","@id":"https:\/\/www.africa-press.net\/cameroun\/#\/schema\/person\/2b1cf3cd81a31e3cd26889ca66d677f1","name":"cfeditorfr"}]}},"_links":{"self":[{"href":"https:\/\/www.africa-press.net\/cameroun\/wp-json\/wp\/v2\/posts\/61754","targetHints":{"allow":["GET"]}}],"collection":[{"href":"https:\/\/www.africa-press.net\/cameroun\/wp-json\/wp\/v2\/posts"}],"about":[{"href":"https:\/\/www.africa-press.net\/cameroun\/wp-json\/wp\/v2\/types\/post"}],"author":[{"embeddable":true,"href":"https:\/\/www.africa-press.net\/cameroun\/wp-json\/wp\/v2\/users\/82"}],"replies":[{"embeddable":true,"href":"https:\/\/www.africa-press.net\/cameroun\/wp-json\/wp\/v2\/comments?post=61754"}],"version-history":[{"count":0,"href":"https:\/\/www.africa-press.net\/cameroun\/wp-json\/wp\/v2\/posts\/61754\/revisions"}],"wp:featuredmedia":[{"embeddable":true,"href":"https:\/\/www.africa-press.net\/cameroun\/wp-json\/wp\/v2\/media\/61753"}],"wp:attachment":[{"href":"https:\/\/www.africa-press.net\/cameroun\/wp-json\/wp\/v2\/media?parent=61754"}],"wp:term":[{"taxonomy":"category","embeddable":true,"href":"https:\/\/www.africa-press.net\/cameroun\/wp-json\/wp\/v2\/categories?post=61754"},{"taxonomy":"post_tag","embeddable":true,"href":"https:\/\/www.africa-press.net\/cameroun\/wp-json\/wp\/v2\/tags?post=61754"}],"curies":[{"name":"wp","href":"https:\/\/api.w.org\/{rel}","templated":true}]}}