{"id":61756,"date":"2024-02-28T21:50:37","date_gmt":"2024-02-28T21:50:37","guid":{"rendered":"https:\/\/www.africa-press.net\/cameroun\/politique\/cameroun-electrification-rurale-edf-prend-le-controle-dupowa"},"modified":"2024-02-29T13:51:54","modified_gmt":"2024-02-29T13:51:54","slug":"cameroun-electrification-rurale-edf-prend-le-controle-dupowa","status":"publish","type":"post","link":"https:\/\/www.africa-press.net\/cameroun\/economie\/cameroun-electrification-rurale-edf-prend-le-controle-dupowa","title":{"rendered":"Cameroun-Electrification rurale : EDF prend le contr\u00f4le d\u2019UpOwa"},"content":{"rendered":"<p><span style=\"color: #ff6600\"><strong>Africa-Press &#8211; Cameroun. <\/strong><\/span><b>Le fournisseur de syste\u0300mes solaires domestiques vient d\u2019e\u0302tre rachete\u0301 par E\u0301lectricite\u0301 de France (EDF).<\/b><\/p>\n<p>Electricite\u0301 de France (EDF) est de\u0301sormais l\u2019actionnaire majoritaire de la start-up upoWa, spe\u0301cialise\u0301e dans la fourniture de kits solaires. EDF a annonce\u0301 Yaounde\u0301, que cet investissement lui permet de prendre le \u00ab contro\u0302le \u00bb d\u2019upOwa et de renforcer sa pre\u0301sence dans le secteur e\u0301nerge\u0301tique au Cameroun, ou\u0300 le groupe franc\u0327ais est de\u0301ja\u0300 partie prenante dans les projets hydrauliques de Nachtigal (420 MW) et de Kikot (500 MW).<\/p>\n<p>L\u2019annonce a e\u0301te\u0301 faite lors d\u2019une re\u0301union a\u0300 Yaounde\u0301 le 19 fe\u0301vrier, ou\u0300 Olivier Fesquet, directeur ge\u0301ne\u0301ral de la filiale camerounaise d\u2019EDF, a souligne\u0301 l\u2019importance strate\u0301gique du Cameroun pour le groupe franc\u0327ais. Cette ope\u0301ration s\u2019inscrit dans la volonte\u0301 d\u2019EDF d\u2019acce\u0301le\u0301rer le de\u0301veloppement des solutions bas carbone dans le pays, contribuant ainsi a\u0300 la transition e\u0301nerge\u0301tique en cours.<\/p>\n<p>\u00ab Le Cameroun est un pays d\u2019inte\u0301re\u0302t pour EDF dans lequel nous nous positionnons d\u2019ores et de\u0301ja\u0300 comme un partenaire privile\u0301gie\u0301 du secteur e\u0301lectrique pour contribuer au de\u0301veloppement de la production d\u2019e\u0301lectricite\u0301. Pour EDF, ce nouvel investissement vient renforcer un ancrage de\u0301ja\u0300 fort, permettant ainsi de se rapprocher de l\u2019objectif d\u2019apporter des solutions bas carbone a\u0300 toutes les populations \u00bb, a de\u0301clare\u0301 Olivier Fesquet, le directeur ge\u0301ne\u0301ral de la filiale camerounaise du groupe.<\/p>\n<p>Loic Descamps, PDG de upOwa, a exprime\u0301 sa confiance dans cette alliance, affirmant que cela renforcerait conside\u0301rablement la capacite\u0301 de l\u2019entreprise a\u0300 re\u0301pondre aux besoins e\u0301nerge\u0301tiques croissants du Cameroun tout en favorisant le de\u0301veloppement durable. Depuis sa cre\u0301ation, upOwa a cre\u0301e\u0301 plus de 100 emplois directs et pre\u0300s d\u2019un millier d\u2019emplois indirects, contribuant ainsi a\u0300 l\u2019e\u0301conomie locale.<\/p>\n<p><strong>Pour plus d&rsquo;informations et d&rsquo;analyses sur la <a href=\"https:\/\/www.africa-press.net\/cameroun\">Cameroun<\/a>, suivez <a href=\"https:\/\/www.africa-press.net\/\">Africa-Press<\/a><\/strong><\/p>\n","protected":false},"excerpt":{"rendered":"<p>Africa-Press &#8211; Cameroun. Le fournisseur de syste\u0300mes solaires domestiques vient d\u2019e\u0302tre rachete\u0301 par E\u0301lectricite\u0301 de France (EDF). Electricite\u0301 de France (EDF) est de\u0301sormais l\u2019actionnaire majoritaire de la start-up upoWa, spe\u0301cialise\u0301e dans la fourniture de kits solaires. EDF a annonce\u0301 Yaounde\u0301, que cet investissement lui permet de prendre le \u00ab contro\u0302le \u00bb d\u2019upOwa et de renforcer [&hellip;]<\/p>\n","protected":false},"author":82,"featured_media":61755,"comment_status":"open","ping_status":"closed","sticky":false,"template":"","format":"standard","meta":{"footnotes":""},"categories":[3,10],"tags":[36,50,49],"class_list":["post-61756","post","type-post","status-publish","format-standard","has-post-thumbnail","hentry","category-economie","category-toutes-les-actualites","tag-africa-press","tag-africa-press-cameroun","tag-cameroun"],"yoast_head":"<!-- This site is optimized with the Yoast SEO Premium plugin v26.1 (Yoast SEO v27.0) - https:\/\/yoast.com\/product\/yoast-seo-premium-wordpress\/ -->\n<title>Cameroun-Electrification rurale : EDF prend le contr\u00f4le d\u2019UpOwa - Cameroun<\/title>\n<meta name=\"description\" content=\"Le fournisseur de syste\u0300mes solaires domestiques vient d\u2019e\u0302tre rachete\u0301 par E\u0301lectricite\u0301 de France (EDF). Elect ...\" \/>\n<meta name=\"robots\" content=\"index, follow, max-snippet:-1, max-image-preview:large, max-video-preview:-1\" \/>\n<link rel=\"canonical\" href=\"https:\/\/www.africa-press.net\/cameroun\/economie\/cameroun-electrification-rurale-edf-prend-le-controle-dupowa\" \/>\n<meta property=\"og:locale\" content=\"fr_FR\" \/>\n<meta property=\"og:type\" content=\"article\" \/>\n<meta property=\"og:title\" content=\"Cameroun-Electrification rurale : EDF prend le contr\u00f4le d\u2019UpOwa\" \/>\n<meta property=\"og:description\" content=\"Le fournisseur de syste\u0300mes solaires domestiques vient d\u2019e\u0302tre rachete\u0301 par E\u0301lectricite\u0301 de France (EDF). Elect ...\" \/>\n<meta property=\"og:url\" content=\"https:\/\/www.africa-press.net\/cameroun\/economie\/cameroun-electrification-rurale-edf-prend-le-controle-dupowa\" \/>\n<meta property=\"og:site_name\" content=\"Cameroun\" \/>\n<meta property=\"article:published_time\" content=\"2024-02-28T21:50:37+00:00\" \/>\n<meta property=\"article:modified_time\" content=\"2024-02-29T13:51:54+00:00\" \/>\n<meta property=\"og:image\" content=\"https:\/\/static.africa-press.net\/cameroun\/sites\/57\/2024\/02\/sm_1709201610.280055.jpg\" \/>\n\t<meta property=\"og:image:width\" content=\"780\" \/>\n\t<meta property=\"og:image:height\" content=\"440\" \/>\n\t<meta property=\"og:image:type\" content=\"image\/jpeg\" \/>\n<meta name=\"author\" content=\"cfeditorfr\" \/>\n<meta name=\"twitter:card\" content=\"summary_large_image\" \/>\n<meta name=\"twitter:label1\" content=\"\u00c9crit par\" \/>\n\t<meta name=\"twitter:data1\" content=\"cfeditorfr\" \/>\n\t<meta name=\"twitter:label2\" content=\"Dur\u00e9e de lecture estim\u00e9e\" \/>\n\t<meta name=\"twitter:data2\" content=\"2 minutes\" \/>\n<script type=\"application\/ld+json\" class=\"yoast-schema-graph\">{\"@context\":\"https:\/\/schema.org\",\"@graph\":[{\"@type\":\"Article\",\"@id\":\"https:\/\/www.africa-press.net\/cameroun\/economie\/cameroun-electrification-rurale-edf-prend-le-controle-dupowa#article\",\"isPartOf\":{\"@id\":\"https:\/\/www.africa-press.net\/cameroun\/economie\/cameroun-electrification-rurale-edf-prend-le-controle-dupowa\"},\"author\":{\"name\":\"cfeditorfr\",\"@id\":\"https:\/\/www.africa-press.net\/cameroun\/#\/schema\/person\/2b1cf3cd81a31e3cd26889ca66d677f1\"},\"headline\":\"Cameroun-Electrification rurale : EDF prend le contr\u00f4le d\u2019UpOwa\",\"datePublished\":\"2024-02-28T21:50:37+00:00\",\"dateModified\":\"2024-02-29T13:51:54+00:00\",\"mainEntityOfPage\":{\"@id\":\"https:\/\/www.africa-press.net\/cameroun\/economie\/cameroun-electrification-rurale-edf-prend-le-controle-dupowa\"},\"wordCount\":348,\"commentCount\":0,\"image\":{\"@id\":\"https:\/\/www.africa-press.net\/cameroun\/economie\/cameroun-electrification-rurale-edf-prend-le-controle-dupowa#primaryimage\"},\"thumbnailUrl\":\"https:\/\/static.africa-press.net\/cameroun\/sites\/57\/2024\/02\/sm_1709201610.280055.jpg\",\"keywords\":[\"Africa Press\",\"Africa Press-Cameroun\",\"Cameroun\"],\"articleSection\":[\"\u00c9conomie\",\"Toutes les actualit\u00e9s\"],\"inLanguage\":\"fr-FR\",\"potentialAction\":[{\"@type\":\"CommentAction\",\"name\":\"Comment\",\"target\":[\"https:\/\/www.africa-press.net\/cameroun\/economie\/cameroun-electrification-rurale-edf-prend-le-controle-dupowa#respond\"]}]},{\"@type\":\"WebPage\",\"@id\":\"https:\/\/www.africa-press.net\/cameroun\/economie\/cameroun-electrification-rurale-edf-prend-le-controle-dupowa\",\"url\":\"https:\/\/www.africa-press.net\/cameroun\/economie\/cameroun-electrification-rurale-edf-prend-le-controle-dupowa\",\"name\":\"Cameroun-Electrification rurale : EDF prend le contr\u00f4le d\u2019UpOwa - Cameroun\",\"isPartOf\":{\"@id\":\"https:\/\/www.africa-press.net\/cameroun\/#website\"},\"primaryImageOfPage\":{\"@id\":\"https:\/\/www.africa-press.net\/cameroun\/economie\/cameroun-electrification-rurale-edf-prend-le-controle-dupowa#primaryimage\"},\"image\":{\"@id\":\"https:\/\/www.africa-press.net\/cameroun\/economie\/cameroun-electrification-rurale-edf-prend-le-controle-dupowa#primaryimage\"},\"thumbnailUrl\":\"https:\/\/static.africa-press.net\/cameroun\/sites\/57\/2024\/02\/sm_1709201610.280055.jpg\",\"datePublished\":\"2024-02-28T21:50:37+00:00\",\"dateModified\":\"2024-02-29T13:51:54+00:00\",\"author\":{\"@id\":\"https:\/\/www.africa-press.net\/cameroun\/#\/schema\/person\/2b1cf3cd81a31e3cd26889ca66d677f1\"},\"description\":\"Le fournisseur de syste\u0300mes solaires domestiques vient d\u2019e\u0302tre rachete\u0301 par E\u0301lectricite\u0301 de France (EDF). Elect ...\",\"breadcrumb\":{\"@id\":\"https:\/\/www.africa-press.net\/cameroun\/economie\/cameroun-electrification-rurale-edf-prend-le-controle-dupowa#breadcrumb\"},\"inLanguage\":\"fr-FR\",\"potentialAction\":[{\"@type\":\"ReadAction\",\"target\":[\"https:\/\/www.africa-press.net\/cameroun\/economie\/cameroun-electrification-rurale-edf-prend-le-controle-dupowa\"]}]},{\"@type\":\"ImageObject\",\"inLanguage\":\"fr-FR\",\"@id\":\"https:\/\/www.africa-press.net\/cameroun\/economie\/cameroun-electrification-rurale-edf-prend-le-controle-dupowa#primaryimage\",\"url\":\"https:\/\/static.africa-press.net\/cameroun\/sites\/57\/2024\/02\/sm_1709201610.280055.jpg\",\"contentUrl\":\"https:\/\/static.africa-press.net\/cameroun\/sites\/57\/2024\/02\/sm_1709201610.280055.jpg\",\"width\":780,\"height\":440,\"caption\":\"Cameroun-Electrification rurale : EDF prend le contr\u00f4le d\u2019UpOwa\"},{\"@type\":\"BreadcrumbList\",\"@id\":\"https:\/\/www.africa-press.net\/cameroun\/economie\/cameroun-electrification-rurale-edf-prend-le-controle-dupowa#breadcrumb\",\"itemListElement\":[{\"@type\":\"ListItem\",\"position\":1,\"name\":\"Accueil\",\"item\":\"https:\/\/www.africa-press.net\/cameroun\/\"},{\"@type\":\"ListItem\",\"position\":2,\"name\":\"Cameroun-Electrification rurale : EDF prend le contr\u00f4le d\u2019UpOwa\"}]},{\"@type\":\"WebSite\",\"@id\":\"https:\/\/www.africa-press.net\/cameroun\/#website\",\"url\":\"https:\/\/www.africa-press.net\/cameroun\/\",\"name\":\"Cameroun\",\"description\":\"Just another Africa News Agency Sites site\",\"potentialAction\":[{\"@type\":\"SearchAction\",\"target\":{\"@type\":\"EntryPoint\",\"urlTemplate\":\"https:\/\/www.africa-press.net\/cameroun\/?s={search_term_string}\"},\"query-input\":{\"@type\":\"PropertyValueSpecification\",\"valueRequired\":true,\"valueName\":\"search_term_string\"}}],\"inLanguage\":\"fr-FR\"},{\"@type\":\"Person\",\"@id\":\"https:\/\/www.africa-press.net\/cameroun\/#\/schema\/person\/2b1cf3cd81a31e3cd26889ca66d677f1\",\"name\":\"cfeditorfr\"}]}<\/script>\n<!-- \/ Yoast SEO Premium plugin. -->","yoast_head_json":{"title":"Cameroun-Electrification rurale : EDF prend le contr\u00f4le d\u2019UpOwa - Cameroun","description":"Le fournisseur de syste\u0300mes solaires domestiques vient d\u2019e\u0302tre rachete\u0301 par E\u0301lectricite\u0301 de France (EDF). Elect ...","robots":{"index":"index","follow":"follow","max-snippet":"max-snippet:-1","max-image-preview":"max-image-preview:large","max-video-preview":"max-video-preview:-1"},"canonical":"https:\/\/www.africa-press.net\/cameroun\/economie\/cameroun-electrification-rurale-edf-prend-le-controle-dupowa","og_locale":"fr_FR","og_type":"article","og_title":"Cameroun-Electrification rurale : EDF prend le contr\u00f4le d\u2019UpOwa","og_description":"Le fournisseur de syste\u0300mes solaires domestiques vient d\u2019e\u0302tre rachete\u0301 par E\u0301lectricite\u0301 de France (EDF). Elect ...","og_url":"https:\/\/www.africa-press.net\/cameroun\/economie\/cameroun-electrification-rurale-edf-prend-le-controle-dupowa","og_site_name":"Cameroun","article_published_time":"2024-02-28T21:50:37+00:00","article_modified_time":"2024-02-29T13:51:54+00:00","og_image":[{"width":780,"height":440,"url":"https:\/\/static.africa-press.net\/cameroun\/sites\/57\/2024\/02\/sm_1709201610.280055.jpg","type":"image\/jpeg"}],"author":"cfeditorfr","twitter_card":"summary_large_image","twitter_misc":{"\u00c9crit par":"cfeditorfr","Dur\u00e9e de lecture estim\u00e9e":"2 minutes"},"schema":{"@context":"https:\/\/schema.org","@graph":[{"@type":"Article","@id":"https:\/\/www.africa-press.net\/cameroun\/economie\/cameroun-electrification-rurale-edf-prend-le-controle-dupowa#article","isPartOf":{"@id":"https:\/\/www.africa-press.net\/cameroun\/economie\/cameroun-electrification-rurale-edf-prend-le-controle-dupowa"},"author":{"name":"cfeditorfr","@id":"https:\/\/www.africa-press.net\/cameroun\/#\/schema\/person\/2b1cf3cd81a31e3cd26889ca66d677f1"},"headline":"Cameroun-Electrification rurale : EDF prend le contr\u00f4le d\u2019UpOwa","datePublished":"2024-02-28T21:50:37+00:00","dateModified":"2024-02-29T13:51:54+00:00","mainEntityOfPage":{"@id":"https:\/\/www.africa-press.net\/cameroun\/economie\/cameroun-electrification-rurale-edf-prend-le-controle-dupowa"},"wordCount":348,"commentCount":0,"image":{"@id":"https:\/\/www.africa-press.net\/cameroun\/economie\/cameroun-electrification-rurale-edf-prend-le-controle-dupowa#primaryimage"},"thumbnailUrl":"https:\/\/static.africa-press.net\/cameroun\/sites\/57\/2024\/02\/sm_1709201610.280055.jpg","keywords":["Africa Press","Africa Press-Cameroun","Cameroun"],"articleSection":["\u00c9conomie","Toutes les actualit\u00e9s"],"inLanguage":"fr-FR","potentialAction":[{"@type":"CommentAction","name":"Comment","target":["https:\/\/www.africa-press.net\/cameroun\/economie\/cameroun-electrification-rurale-edf-prend-le-controle-dupowa#respond"]}]},{"@type":"WebPage","@id":"https:\/\/www.africa-press.net\/cameroun\/economie\/cameroun-electrification-rurale-edf-prend-le-controle-dupowa","url":"https:\/\/www.africa-press.net\/cameroun\/economie\/cameroun-electrification-rurale-edf-prend-le-controle-dupowa","name":"Cameroun-Electrification rurale : EDF prend le contr\u00f4le d\u2019UpOwa - Cameroun","isPartOf":{"@id":"https:\/\/www.africa-press.net\/cameroun\/#website"},"primaryImageOfPage":{"@id":"https:\/\/www.africa-press.net\/cameroun\/economie\/cameroun-electrification-rurale-edf-prend-le-controle-dupowa#primaryimage"},"image":{"@id":"https:\/\/www.africa-press.net\/cameroun\/economie\/cameroun-electrification-rurale-edf-prend-le-controle-dupowa#primaryimage"},"thumbnailUrl":"https:\/\/static.africa-press.net\/cameroun\/sites\/57\/2024\/02\/sm_1709201610.280055.jpg","datePublished":"2024-02-28T21:50:37+00:00","dateModified":"2024-02-29T13:51:54+00:00","author":{"@id":"https:\/\/www.africa-press.net\/cameroun\/#\/schema\/person\/2b1cf3cd81a31e3cd26889ca66d677f1"},"description":"Le fournisseur de syste\u0300mes solaires domestiques vient d\u2019e\u0302tre rachete\u0301 par E\u0301lectricite\u0301 de France (EDF). Elect ...","breadcrumb":{"@id":"https:\/\/www.africa-press.net\/cameroun\/economie\/cameroun-electrification-rurale-edf-prend-le-controle-dupowa#breadcrumb"},"inLanguage":"fr-FR","potentialAction":[{"@type":"ReadAction","target":["https:\/\/www.africa-press.net\/cameroun\/economie\/cameroun-electrification-rurale-edf-prend-le-controle-dupowa"]}]},{"@type":"ImageObject","inLanguage":"fr-FR","@id":"https:\/\/www.africa-press.net\/cameroun\/economie\/cameroun-electrification-rurale-edf-prend-le-controle-dupowa#primaryimage","url":"https:\/\/static.africa-press.net\/cameroun\/sites\/57\/2024\/02\/sm_1709201610.280055.jpg","contentUrl":"https:\/\/static.africa-press.net\/cameroun\/sites\/57\/2024\/02\/sm_1709201610.280055.jpg","width":780,"height":440,"caption":"Cameroun-Electrification rurale : EDF prend le contr\u00f4le d\u2019UpOwa"},{"@type":"BreadcrumbList","@id":"https:\/\/www.africa-press.net\/cameroun\/economie\/cameroun-electrification-rurale-edf-prend-le-controle-dupowa#breadcrumb","itemListElement":[{"@type":"ListItem","position":1,"name":"Accueil","item":"https:\/\/www.africa-press.net\/cameroun\/"},{"@type":"ListItem","position":2,"name":"Cameroun-Electrification rurale : EDF prend le contr\u00f4le d\u2019UpOwa"}]},{"@type":"WebSite","@id":"https:\/\/www.africa-press.net\/cameroun\/#website","url":"https:\/\/www.africa-press.net\/cameroun\/","name":"Cameroun","description":"Just another Africa News Agency Sites site","potentialAction":[{"@type":"SearchAction","target":{"@type":"EntryPoint","urlTemplate":"https:\/\/www.africa-press.net\/cameroun\/?s={search_term_string}"},"query-input":{"@type":"PropertyValueSpecification","valueRequired":true,"valueName":"search_term_string"}}],"inLanguage":"fr-FR"},{"@type":"Person","@id":"https:\/\/www.africa-press.net\/cameroun\/#\/schema\/person\/2b1cf3cd81a31e3cd26889ca66d677f1","name":"cfeditorfr"}]}},"_links":{"self":[{"href":"https:\/\/www.africa-press.net\/cameroun\/wp-json\/wp\/v2\/posts\/61756","targetHints":{"allow":["GET"]}}],"collection":[{"href":"https:\/\/www.africa-press.net\/cameroun\/wp-json\/wp\/v2\/posts"}],"about":[{"href":"https:\/\/www.africa-press.net\/cameroun\/wp-json\/wp\/v2\/types\/post"}],"author":[{"embeddable":true,"href":"https:\/\/www.africa-press.net\/cameroun\/wp-json\/wp\/v2\/users\/82"}],"replies":[{"embeddable":true,"href":"https:\/\/www.africa-press.net\/cameroun\/wp-json\/wp\/v2\/comments?post=61756"}],"version-history":[{"count":0,"href":"https:\/\/www.africa-press.net\/cameroun\/wp-json\/wp\/v2\/posts\/61756\/revisions"}],"wp:featuredmedia":[{"embeddable":true,"href":"https:\/\/www.africa-press.net\/cameroun\/wp-json\/wp\/v2\/media\/61755"}],"wp:attachment":[{"href":"https:\/\/www.africa-press.net\/cameroun\/wp-json\/wp\/v2\/media?parent=61756"}],"wp:term":[{"taxonomy":"category","embeddable":true,"href":"https:\/\/www.africa-press.net\/cameroun\/wp-json\/wp\/v2\/categories?post=61756"},{"taxonomy":"post_tag","embeddable":true,"href":"https:\/\/www.africa-press.net\/cameroun\/wp-json\/wp\/v2\/tags?post=61756"}],"curies":[{"name":"wp","href":"https:\/\/api.w.org\/{rel}","templated":true}]}}