{"id":61758,"date":"2024-02-28T21:50:43","date_gmt":"2024-02-28T21:50:43","guid":{"rendered":"https:\/\/www.africa-press.net\/cameroun\/politique\/cameroun-les-chefs-traditionnels-du-canton-adie-recus-par-le-minsante"},"modified":"2024-02-29T13:52:19","modified_gmt":"2024-02-29T13:52:19","slug":"cameroun-les-chefs-traditionnels-du-canton-adie-recus-par-le-minsante","status":"publish","type":"post","link":"https:\/\/www.africa-press.net\/cameroun\/toutes-les-actualites\/cameroun-les-chefs-traditionnels-du-canton-adie-recus-par-le-minsante","title":{"rendered":"Cameroun : les chefs traditionnels du canton Adie re\u00e7us par le Minsant\u00e9"},"content":{"rendered":"<p><span style=\"color: #ff6600\"><strong>Africa-Press &#8211; Cameroun. <\/strong><\/span><b>Le ministre de la Sante\u0301 publique Malachie Manaouda a e\u0301change\u0301 avec la de\u0301le\u0301gation des gardiens de la tradition conduite par Sa Majeste\u0301 Ditope Lindoume.<\/b><\/p>\n<p>Exprimer leur reconnaissance et soumettre leurs dole\u0301ances, voila\u0300 deux sujets qui ont motive\u0301 leur de\u0301placement. Les chefs traditionnels du canton <b>Adie a\u0300 Ede\u0301a <\/b>ont rencontre\u0301 le ministre de la Sante\u0301 publique le mardi 27 fe\u0301vrier 2024 a\u0300 Yaounde\u0301.<\/p>\n<p>Au cours de leurs e\u0301changes, les gardiens de la tradition ont tenu a\u0300 remercier le gouvernement pour les e\u0301volutions observe\u0301es au sein du Centre me\u0301dical d\u2019arrondissement Charles Delangue. Cette e\u0301volution se mate\u0301rialise par l\u2019ame\u0301lioration de la qualite\u0301 des soins, l\u2019accueil et l\u2019orientation des patients, la re\u0301habilitation de certains services, la mise en place d\u2019un cadre de dialogue incluant les chefs traditionnels.<\/p>\n<p>Aussi, la de\u0301le\u0301gation conduite par Sa Majeste\u0301 Ditope Lindoume, chef de canton, a soumis les dole\u0301ances de la population au chef de de\u0301partement ministe\u0301riel. Elles vont de la fourniture en e\u0301quipements techniques pour cette formation sanitaire a\u0300 son e\u0301le\u0301vation en ho\u0302pital de district. Se disant flatte\u0301 par cette marque de reconnaissance, Malachie Manaouda a assure\u0301 de poursuivre les efforts pour assurer la qualite\u0301 des soins aux patients et de re\u0301pondre aux besoins en e\u0301quipements. Pour ce qui est de la transformation du Centre me\u0301dical en ho\u0302pital de district, il promet de transmettre a\u0300 sa hie\u0301rarchie avec avis favorable pour validation.<\/p>\n<p><strong>Pour plus d&rsquo;informations et d&rsquo;analyses sur la <a href=\"https:\/\/www.africa-press.net\/cameroun\">Cameroun<\/a>, suivez <a href=\"https:\/\/www.africa-press.net\/\">Africa-Press<\/a><\/strong><\/p>\n","protected":false},"excerpt":{"rendered":"<p>Africa-Press &#8211; Cameroun. Le ministre de la Sante\u0301 publique Malachie Manaouda a e\u0301change\u0301 avec la de\u0301le\u0301gation des gardiens de la tradition conduite par Sa Majeste\u0301 Ditope Lindoume. Exprimer leur reconnaissance et soumettre leurs dole\u0301ances, voila\u0300 deux sujets qui ont motive\u0301 leur de\u0301placement. Les chefs traditionnels du canton Adie a\u0300 Ede\u0301a ont rencontre\u0301 le ministre de [&hellip;]<\/p>\n","protected":false},"author":82,"featured_media":61757,"comment_status":"open","ping_status":"closed","sticky":false,"template":"","format":"standard","meta":{"footnotes":""},"categories":[21,10],"tags":[36,50,49],"class_list":["post-61758","post","type-post","status-publish","format-standard","has-post-thumbnail","hentry","category-communaute","category-toutes-les-actualites","tag-africa-press","tag-africa-press-cameroun","tag-cameroun"],"yoast_head":"<!-- This site is optimized with the Yoast SEO Premium plugin v26.1 (Yoast SEO v27.0) - https:\/\/yoast.com\/product\/yoast-seo-premium-wordpress\/ -->\n<title>Cameroun : les chefs traditionnels du canton Adie re\u00e7us par le Minsant\u00e9 - Cameroun<\/title>\n<meta name=\"description\" content=\"Le ministre de la Sante\u0301 publique Malachie Manaouda a e\u0301change\u0301 avec la de\u0301le\u0301gation des gardiens de la tradition con ...\" \/>\n<meta name=\"robots\" content=\"index, follow, max-snippet:-1, max-image-preview:large, max-video-preview:-1\" \/>\n<link rel=\"canonical\" href=\"https:\/\/www.africa-press.net\/cameroun\/toutes-les-actualites\/cameroun-les-chefs-traditionnels-du-canton-adie-recus-par-le-minsante\" \/>\n<meta property=\"og:locale\" content=\"fr_FR\" \/>\n<meta property=\"og:type\" content=\"article\" \/>\n<meta property=\"og:title\" content=\"Cameroun : les chefs traditionnels du canton Adie re\u00e7us par le Minsant\u00e9\" \/>\n<meta property=\"og:description\" content=\"Le ministre de la Sante\u0301 publique Malachie Manaouda a e\u0301change\u0301 avec la de\u0301le\u0301gation des gardiens de la tradition con ...\" \/>\n<meta property=\"og:url\" content=\"https:\/\/www.africa-press.net\/cameroun\/toutes-les-actualites\/cameroun-les-chefs-traditionnels-du-canton-adie-recus-par-le-minsante\" \/>\n<meta property=\"og:site_name\" content=\"Cameroun\" \/>\n<meta property=\"article:published_time\" content=\"2024-02-28T21:50:43+00:00\" \/>\n<meta property=\"article:modified_time\" content=\"2024-02-29T13:52:19+00:00\" \/>\n<meta property=\"og:image\" content=\"https:\/\/static.africa-press.net\/cameroun\/sites\/57\/2024\/02\/sm_1709201631.893539.jpg\" \/>\n\t<meta property=\"og:image:width\" content=\"780\" \/>\n\t<meta property=\"og:image:height\" content=\"440\" \/>\n\t<meta property=\"og:image:type\" content=\"image\/jpeg\" \/>\n<meta name=\"author\" content=\"cfeditorfr\" \/>\n<meta name=\"twitter:card\" content=\"summary_large_image\" \/>\n<meta name=\"twitter:label1\" content=\"\u00c9crit par\" \/>\n\t<meta name=\"twitter:data1\" content=\"cfeditorfr\" \/>\n\t<meta name=\"twitter:label2\" content=\"Dur\u00e9e de lecture estim\u00e9e\" \/>\n\t<meta name=\"twitter:data2\" content=\"1 minute\" \/>\n<script type=\"application\/ld+json\" class=\"yoast-schema-graph\">{\"@context\":\"https:\/\/schema.org\",\"@graph\":[{\"@type\":\"Article\",\"@id\":\"https:\/\/www.africa-press.net\/cameroun\/toutes-les-actualites\/cameroun-les-chefs-traditionnels-du-canton-adie-recus-par-le-minsante#article\",\"isPartOf\":{\"@id\":\"https:\/\/www.africa-press.net\/cameroun\/toutes-les-actualites\/cameroun-les-chefs-traditionnels-du-canton-adie-recus-par-le-minsante\"},\"author\":{\"name\":\"cfeditorfr\",\"@id\":\"https:\/\/www.africa-press.net\/cameroun\/#\/schema\/person\/2b1cf3cd81a31e3cd26889ca66d677f1\"},\"headline\":\"Cameroun : les chefs traditionnels du canton Adie re\u00e7us par le Minsant\u00e9\",\"datePublished\":\"2024-02-28T21:50:43+00:00\",\"dateModified\":\"2024-02-29T13:52:19+00:00\",\"mainEntityOfPage\":{\"@id\":\"https:\/\/www.africa-press.net\/cameroun\/toutes-les-actualites\/cameroun-les-chefs-traditionnels-du-canton-adie-recus-par-le-minsante\"},\"wordCount\":282,\"commentCount\":0,\"image\":{\"@id\":\"https:\/\/www.africa-press.net\/cameroun\/toutes-les-actualites\/cameroun-les-chefs-traditionnels-du-canton-adie-recus-par-le-minsante#primaryimage\"},\"thumbnailUrl\":\"https:\/\/static.africa-press.net\/cameroun\/sites\/57\/2024\/02\/sm_1709201631.893539.jpg\",\"keywords\":[\"Africa Press\",\"Africa Press-Cameroun\",\"Cameroun\"],\"articleSection\":[\"Communaut\u00e9\",\"Toutes les actualit\u00e9s\"],\"inLanguage\":\"fr-FR\",\"potentialAction\":[{\"@type\":\"CommentAction\",\"name\":\"Comment\",\"target\":[\"https:\/\/www.africa-press.net\/cameroun\/toutes-les-actualites\/cameroun-les-chefs-traditionnels-du-canton-adie-recus-par-le-minsante#respond\"]}]},{\"@type\":\"WebPage\",\"@id\":\"https:\/\/www.africa-press.net\/cameroun\/toutes-les-actualites\/cameroun-les-chefs-traditionnels-du-canton-adie-recus-par-le-minsante\",\"url\":\"https:\/\/www.africa-press.net\/cameroun\/toutes-les-actualites\/cameroun-les-chefs-traditionnels-du-canton-adie-recus-par-le-minsante\",\"name\":\"Cameroun : les chefs traditionnels du canton Adie re\u00e7us par le Minsant\u00e9 - Cameroun\",\"isPartOf\":{\"@id\":\"https:\/\/www.africa-press.net\/cameroun\/#website\"},\"primaryImageOfPage\":{\"@id\":\"https:\/\/www.africa-press.net\/cameroun\/toutes-les-actualites\/cameroun-les-chefs-traditionnels-du-canton-adie-recus-par-le-minsante#primaryimage\"},\"image\":{\"@id\":\"https:\/\/www.africa-press.net\/cameroun\/toutes-les-actualites\/cameroun-les-chefs-traditionnels-du-canton-adie-recus-par-le-minsante#primaryimage\"},\"thumbnailUrl\":\"https:\/\/static.africa-press.net\/cameroun\/sites\/57\/2024\/02\/sm_1709201631.893539.jpg\",\"datePublished\":\"2024-02-28T21:50:43+00:00\",\"dateModified\":\"2024-02-29T13:52:19+00:00\",\"author\":{\"@id\":\"https:\/\/www.africa-press.net\/cameroun\/#\/schema\/person\/2b1cf3cd81a31e3cd26889ca66d677f1\"},\"description\":\"Le ministre de la Sante\u0301 publique Malachie Manaouda a e\u0301change\u0301 avec la de\u0301le\u0301gation des gardiens de la tradition con ...\",\"breadcrumb\":{\"@id\":\"https:\/\/www.africa-press.net\/cameroun\/toutes-les-actualites\/cameroun-les-chefs-traditionnels-du-canton-adie-recus-par-le-minsante#breadcrumb\"},\"inLanguage\":\"fr-FR\",\"potentialAction\":[{\"@type\":\"ReadAction\",\"target\":[\"https:\/\/www.africa-press.net\/cameroun\/toutes-les-actualites\/cameroun-les-chefs-traditionnels-du-canton-adie-recus-par-le-minsante\"]}]},{\"@type\":\"ImageObject\",\"inLanguage\":\"fr-FR\",\"@id\":\"https:\/\/www.africa-press.net\/cameroun\/toutes-les-actualites\/cameroun-les-chefs-traditionnels-du-canton-adie-recus-par-le-minsante#primaryimage\",\"url\":\"https:\/\/static.africa-press.net\/cameroun\/sites\/57\/2024\/02\/sm_1709201631.893539.jpg\",\"contentUrl\":\"https:\/\/static.africa-press.net\/cameroun\/sites\/57\/2024\/02\/sm_1709201631.893539.jpg\",\"width\":780,\"height\":440,\"caption\":\"Cameroun : les chefs traditionnels du canton Adie re\u00e7us par le Minsant\u00e9\"},{\"@type\":\"BreadcrumbList\",\"@id\":\"https:\/\/www.africa-press.net\/cameroun\/toutes-les-actualites\/cameroun-les-chefs-traditionnels-du-canton-adie-recus-par-le-minsante#breadcrumb\",\"itemListElement\":[{\"@type\":\"ListItem\",\"position\":1,\"name\":\"Accueil\",\"item\":\"https:\/\/www.africa-press.net\/cameroun\/\"},{\"@type\":\"ListItem\",\"position\":2,\"name\":\"Cameroun : les chefs traditionnels du canton Adie re\u00e7us par le Minsant\u00e9\"}]},{\"@type\":\"WebSite\",\"@id\":\"https:\/\/www.africa-press.net\/cameroun\/#website\",\"url\":\"https:\/\/www.africa-press.net\/cameroun\/\",\"name\":\"Cameroun\",\"description\":\"Just another Africa News Agency Sites site\",\"potentialAction\":[{\"@type\":\"SearchAction\",\"target\":{\"@type\":\"EntryPoint\",\"urlTemplate\":\"https:\/\/www.africa-press.net\/cameroun\/?s={search_term_string}\"},\"query-input\":{\"@type\":\"PropertyValueSpecification\",\"valueRequired\":true,\"valueName\":\"search_term_string\"}}],\"inLanguage\":\"fr-FR\"},{\"@type\":\"Person\",\"@id\":\"https:\/\/www.africa-press.net\/cameroun\/#\/schema\/person\/2b1cf3cd81a31e3cd26889ca66d677f1\",\"name\":\"cfeditorfr\"}]}<\/script>\n<!-- \/ Yoast SEO Premium plugin. -->","yoast_head_json":{"title":"Cameroun : les chefs traditionnels du canton Adie re\u00e7us par le Minsant\u00e9 - Cameroun","description":"Le ministre de la Sante\u0301 publique Malachie Manaouda a e\u0301change\u0301 avec la de\u0301le\u0301gation des gardiens de la tradition con ...","robots":{"index":"index","follow":"follow","max-snippet":"max-snippet:-1","max-image-preview":"max-image-preview:large","max-video-preview":"max-video-preview:-1"},"canonical":"https:\/\/www.africa-press.net\/cameroun\/toutes-les-actualites\/cameroun-les-chefs-traditionnels-du-canton-adie-recus-par-le-minsante","og_locale":"fr_FR","og_type":"article","og_title":"Cameroun : les chefs traditionnels du canton Adie re\u00e7us par le Minsant\u00e9","og_description":"Le ministre de la Sante\u0301 publique Malachie Manaouda a e\u0301change\u0301 avec la de\u0301le\u0301gation des gardiens de la tradition con ...","og_url":"https:\/\/www.africa-press.net\/cameroun\/toutes-les-actualites\/cameroun-les-chefs-traditionnels-du-canton-adie-recus-par-le-minsante","og_site_name":"Cameroun","article_published_time":"2024-02-28T21:50:43+00:00","article_modified_time":"2024-02-29T13:52:19+00:00","og_image":[{"width":780,"height":440,"url":"https:\/\/static.africa-press.net\/cameroun\/sites\/57\/2024\/02\/sm_1709201631.893539.jpg","type":"image\/jpeg"}],"author":"cfeditorfr","twitter_card":"summary_large_image","twitter_misc":{"\u00c9crit par":"cfeditorfr","Dur\u00e9e de lecture estim\u00e9e":"1 minute"},"schema":{"@context":"https:\/\/schema.org","@graph":[{"@type":"Article","@id":"https:\/\/www.africa-press.net\/cameroun\/toutes-les-actualites\/cameroun-les-chefs-traditionnels-du-canton-adie-recus-par-le-minsante#article","isPartOf":{"@id":"https:\/\/www.africa-press.net\/cameroun\/toutes-les-actualites\/cameroun-les-chefs-traditionnels-du-canton-adie-recus-par-le-minsante"},"author":{"name":"cfeditorfr","@id":"https:\/\/www.africa-press.net\/cameroun\/#\/schema\/person\/2b1cf3cd81a31e3cd26889ca66d677f1"},"headline":"Cameroun : les chefs traditionnels du canton Adie re\u00e7us par le Minsant\u00e9","datePublished":"2024-02-28T21:50:43+00:00","dateModified":"2024-02-29T13:52:19+00:00","mainEntityOfPage":{"@id":"https:\/\/www.africa-press.net\/cameroun\/toutes-les-actualites\/cameroun-les-chefs-traditionnels-du-canton-adie-recus-par-le-minsante"},"wordCount":282,"commentCount":0,"image":{"@id":"https:\/\/www.africa-press.net\/cameroun\/toutes-les-actualites\/cameroun-les-chefs-traditionnels-du-canton-adie-recus-par-le-minsante#primaryimage"},"thumbnailUrl":"https:\/\/static.africa-press.net\/cameroun\/sites\/57\/2024\/02\/sm_1709201631.893539.jpg","keywords":["Africa Press","Africa Press-Cameroun","Cameroun"],"articleSection":["Communaut\u00e9","Toutes les actualit\u00e9s"],"inLanguage":"fr-FR","potentialAction":[{"@type":"CommentAction","name":"Comment","target":["https:\/\/www.africa-press.net\/cameroun\/toutes-les-actualites\/cameroun-les-chefs-traditionnels-du-canton-adie-recus-par-le-minsante#respond"]}]},{"@type":"WebPage","@id":"https:\/\/www.africa-press.net\/cameroun\/toutes-les-actualites\/cameroun-les-chefs-traditionnels-du-canton-adie-recus-par-le-minsante","url":"https:\/\/www.africa-press.net\/cameroun\/toutes-les-actualites\/cameroun-les-chefs-traditionnels-du-canton-adie-recus-par-le-minsante","name":"Cameroun : les chefs traditionnels du canton Adie re\u00e7us par le Minsant\u00e9 - Cameroun","isPartOf":{"@id":"https:\/\/www.africa-press.net\/cameroun\/#website"},"primaryImageOfPage":{"@id":"https:\/\/www.africa-press.net\/cameroun\/toutes-les-actualites\/cameroun-les-chefs-traditionnels-du-canton-adie-recus-par-le-minsante#primaryimage"},"image":{"@id":"https:\/\/www.africa-press.net\/cameroun\/toutes-les-actualites\/cameroun-les-chefs-traditionnels-du-canton-adie-recus-par-le-minsante#primaryimage"},"thumbnailUrl":"https:\/\/static.africa-press.net\/cameroun\/sites\/57\/2024\/02\/sm_1709201631.893539.jpg","datePublished":"2024-02-28T21:50:43+00:00","dateModified":"2024-02-29T13:52:19+00:00","author":{"@id":"https:\/\/www.africa-press.net\/cameroun\/#\/schema\/person\/2b1cf3cd81a31e3cd26889ca66d677f1"},"description":"Le ministre de la Sante\u0301 publique Malachie Manaouda a e\u0301change\u0301 avec la de\u0301le\u0301gation des gardiens de la tradition con ...","breadcrumb":{"@id":"https:\/\/www.africa-press.net\/cameroun\/toutes-les-actualites\/cameroun-les-chefs-traditionnels-du-canton-adie-recus-par-le-minsante#breadcrumb"},"inLanguage":"fr-FR","potentialAction":[{"@type":"ReadAction","target":["https:\/\/www.africa-press.net\/cameroun\/toutes-les-actualites\/cameroun-les-chefs-traditionnels-du-canton-adie-recus-par-le-minsante"]}]},{"@type":"ImageObject","inLanguage":"fr-FR","@id":"https:\/\/www.africa-press.net\/cameroun\/toutes-les-actualites\/cameroun-les-chefs-traditionnels-du-canton-adie-recus-par-le-minsante#primaryimage","url":"https:\/\/static.africa-press.net\/cameroun\/sites\/57\/2024\/02\/sm_1709201631.893539.jpg","contentUrl":"https:\/\/static.africa-press.net\/cameroun\/sites\/57\/2024\/02\/sm_1709201631.893539.jpg","width":780,"height":440,"caption":"Cameroun : les chefs traditionnels du canton Adie re\u00e7us par le Minsant\u00e9"},{"@type":"BreadcrumbList","@id":"https:\/\/www.africa-press.net\/cameroun\/toutes-les-actualites\/cameroun-les-chefs-traditionnels-du-canton-adie-recus-par-le-minsante#breadcrumb","itemListElement":[{"@type":"ListItem","position":1,"name":"Accueil","item":"https:\/\/www.africa-press.net\/cameroun\/"},{"@type":"ListItem","position":2,"name":"Cameroun : les chefs traditionnels du canton Adie re\u00e7us par le Minsant\u00e9"}]},{"@type":"WebSite","@id":"https:\/\/www.africa-press.net\/cameroun\/#website","url":"https:\/\/www.africa-press.net\/cameroun\/","name":"Cameroun","description":"Just another Africa News Agency Sites site","potentialAction":[{"@type":"SearchAction","target":{"@type":"EntryPoint","urlTemplate":"https:\/\/www.africa-press.net\/cameroun\/?s={search_term_string}"},"query-input":{"@type":"PropertyValueSpecification","valueRequired":true,"valueName":"search_term_string"}}],"inLanguage":"fr-FR"},{"@type":"Person","@id":"https:\/\/www.africa-press.net\/cameroun\/#\/schema\/person\/2b1cf3cd81a31e3cd26889ca66d677f1","name":"cfeditorfr"}]}},"_links":{"self":[{"href":"https:\/\/www.africa-press.net\/cameroun\/wp-json\/wp\/v2\/posts\/61758","targetHints":{"allow":["GET"]}}],"collection":[{"href":"https:\/\/www.africa-press.net\/cameroun\/wp-json\/wp\/v2\/posts"}],"about":[{"href":"https:\/\/www.africa-press.net\/cameroun\/wp-json\/wp\/v2\/types\/post"}],"author":[{"embeddable":true,"href":"https:\/\/www.africa-press.net\/cameroun\/wp-json\/wp\/v2\/users\/82"}],"replies":[{"embeddable":true,"href":"https:\/\/www.africa-press.net\/cameroun\/wp-json\/wp\/v2\/comments?post=61758"}],"version-history":[{"count":0,"href":"https:\/\/www.africa-press.net\/cameroun\/wp-json\/wp\/v2\/posts\/61758\/revisions"}],"wp:featuredmedia":[{"embeddable":true,"href":"https:\/\/www.africa-press.net\/cameroun\/wp-json\/wp\/v2\/media\/61757"}],"wp:attachment":[{"href":"https:\/\/www.africa-press.net\/cameroun\/wp-json\/wp\/v2\/media?parent=61758"}],"wp:term":[{"taxonomy":"category","embeddable":true,"href":"https:\/\/www.africa-press.net\/cameroun\/wp-json\/wp\/v2\/categories?post=61758"},{"taxonomy":"post_tag","embeddable":true,"href":"https:\/\/www.africa-press.net\/cameroun\/wp-json\/wp\/v2\/tags?post=61758"}],"curies":[{"name":"wp","href":"https:\/\/api.w.org\/{rel}","templated":true}]}}