{"id":61760,"date":"2024-02-28T21:50:47","date_gmt":"2024-02-28T21:50:47","guid":{"rendered":"https:\/\/www.africa-press.net\/cameroun\/politique\/nous-avons-aujourdhui-limperieux-devoir-de-taire-nos-egoismes-pr-olivier-bile"},"modified":"2024-02-29T13:52:47","modified_gmt":"2024-02-29T13:52:47","slug":"nous-avons-aujourdhui-limperieux-devoir-de-taire-nos-egoismes-pr-olivier-bile","status":"publish","type":"post","link":"https:\/\/www.africa-press.net\/cameroun\/politique\/nous-avons-aujourdhui-limperieux-devoir-de-taire-nos-egoismes-pr-olivier-bile","title":{"rendered":"\u00ab Nous avons aujourd\u2019hui l\u2019imp\u00e9rieux devoir de taire nos \u00e9go\u00efsmes \u00bb Pr Olivier Bile"},"content":{"rendered":"<p><span style=\"color: #ff6600\"><strong>Africa-Press &#8211; Cameroun. <\/strong><\/span><b>Le pre\u0301sident de l\u2019Union des Forces Populaires revient sur la pertinence de l\u2019existence de l\u2019Alliance pour une Transition politique au Cameroun.<\/b><\/p>\n<p>Pour l\u2019inte\u0301re\u0302t supe\u0301rieur de la nation, nous avons aujourd\u2019hui l\u2019impe\u0301rieux devoir de taire nos e\u0301goi\u0308smes et de quitter nos petits <b>replis identitaires<\/b> divers. Le Cameroun n\u2019appartient ni a\u0300 un clan ni a\u0300 un groupe spe\u0301cifique de quelque nature que ce soit. Il appartient a\u0300 tous ses enfants, du nord au sud et de l\u2019est a\u0300 l\u2019ouest.<\/p>\n<p>L\u2019ATP, <b>Alliance pour une Transition politique<\/b> au Cameroun, est une initiative inclusive et consensuelle qui nous oblige tous. Toutes les filles et tous les fils du Cameroun y sont convie\u0301s. Sa porte demeure ouverte, y compris pour ceux qui avaient d\u2019autres vise\u0301es, voire me\u0302me pour nos adversaires politiques traditionnels.<\/p>\n<p>Actuellement, nous poursuivons sereinement nos consultations des leaders et citoyens, dans un esprit de dialogue et de concertation respectueux et fraternel. J\u2019exprime, au passage, toute ma gratitude personnelle a\u0300 cette ple\u0301thore de leaders politiques et de la <b>socie\u0301te\u0301 civile<\/b> s\u2019e\u0301tant de\u0301ja\u0300 tre\u0300s favorablement manifeste\u0301s en faveur de l\u2019offre ATP. C\u2019est la seule et unique perspective politique salutaire pour le Cameroun ! Il n\u2019en existe pas d\u2019autre.<\/p>\n<p>Les vraies batailles de notre e\u0301poque ne doivent et ne peuvent e\u0302tre entre Camerounais, mais pluto\u0302t, entre nous tous re\u0301unis et les autres compe\u0301titeurs de l\u2019univers ge\u0301opolitique, ge\u0301oe\u0301conomique et ge\u0301ostrate\u0301gique contemporain. Nous ne sommes, au reste, ni assez nombreux ni assez outille\u0301s pour y faire face. Aucune place donc pour les conflits, divisions et rivalite\u0301s inutiles et affaiblissantes. Mutualisons intelligemment et utilement nos modestes capacite\u0301s.<\/p>\n<p>L\u2019Union solidaire, loyale et since\u0300re fait la force.<\/p>\n<p>Dieu be\u0301nisse le Cameroun.<\/p>\n<p>Pour L\u2019ATP<\/p>\n<p>Professeur Olivier BILE<\/p>\n<p><strong>Pour plus d&rsquo;informations et d&rsquo;analyses sur la <a href=\"https:\/\/www.africa-press.net\/cameroun\">Cameroun<\/a>, suivez <a href=\"https:\/\/www.africa-press.net\/\">Africa-Press<\/a><\/strong><\/p>\n","protected":false},"excerpt":{"rendered":"<p>Africa-Press &#8211; Cameroun. Le pre\u0301sident de l\u2019Union des Forces Populaires revient sur la pertinence de l\u2019existence de l\u2019Alliance pour une Transition politique au Cameroun. Pour l\u2019inte\u0301re\u0302t supe\u0301rieur de la nation, nous avons aujourd\u2019hui l\u2019impe\u0301rieux devoir de taire nos e\u0301goi\u0308smes et de quitter nos petits replis identitaires divers. Le Cameroun n\u2019appartient ni a\u0300 un clan ni [&hellip;]<\/p>\n","protected":false},"author":82,"featured_media":61759,"comment_status":"open","ping_status":"closed","sticky":false,"template":"","format":"standard","meta":{"footnotes":""},"categories":[2,10],"tags":[36,50,49],"class_list":["post-61760","post","type-post","status-publish","format-standard","has-post-thumbnail","hentry","category-politique","category-toutes-les-actualites","tag-africa-press","tag-africa-press-cameroun","tag-cameroun"],"yoast_head":"<!-- This site is optimized with the Yoast SEO Premium plugin v26.1 (Yoast SEO v27.0) - https:\/\/yoast.com\/product\/yoast-seo-premium-wordpress\/ -->\n<title>\u00ab Nous avons aujourd\u2019hui l\u2019imp\u00e9rieux devoir de taire nos \u00e9go\u00efsmes \u00bb Pr Olivier Bile - Cameroun<\/title>\n<meta name=\"description\" content=\"Le pre\u0301sident de l\u2019Union des Forces Populaires revient sur la pertinence de l\u2019existence de l\u2019Alliance pour une Transi ...\" \/>\n<meta name=\"robots\" content=\"index, follow, max-snippet:-1, max-image-preview:large, max-video-preview:-1\" \/>\n<link rel=\"canonical\" href=\"https:\/\/www.africa-press.net\/cameroun\/politique\/nous-avons-aujourdhui-limperieux-devoir-de-taire-nos-egoismes-pr-olivier-bile\" \/>\n<meta property=\"og:locale\" content=\"fr_FR\" \/>\n<meta property=\"og:type\" content=\"article\" \/>\n<meta property=\"og:title\" content=\"\u00ab Nous avons aujourd\u2019hui l\u2019imp\u00e9rieux devoir de taire nos \u00e9go\u00efsmes \u00bb Pr Olivier Bile\" \/>\n<meta property=\"og:description\" content=\"Le pre\u0301sident de l\u2019Union des Forces Populaires revient sur la pertinence de l\u2019existence de l\u2019Alliance pour une Transi ...\" \/>\n<meta property=\"og:url\" content=\"https:\/\/www.africa-press.net\/cameroun\/politique\/nous-avons-aujourdhui-limperieux-devoir-de-taire-nos-egoismes-pr-olivier-bile\" \/>\n<meta property=\"og:site_name\" content=\"Cameroun\" \/>\n<meta property=\"article:published_time\" content=\"2024-02-28T21:50:47+00:00\" \/>\n<meta property=\"article:modified_time\" content=\"2024-02-29T13:52:47+00:00\" \/>\n<meta property=\"og:image\" content=\"https:\/\/static.africa-press.net\/cameroun\/sites\/57\/2024\/02\/sm_1709201651.392593.jpg\" \/>\n\t<meta property=\"og:image:width\" content=\"780\" \/>\n\t<meta property=\"og:image:height\" content=\"440\" \/>\n\t<meta property=\"og:image:type\" content=\"image\/jpeg\" \/>\n<meta name=\"author\" content=\"cfeditorfr\" \/>\n<meta name=\"twitter:card\" content=\"summary_large_image\" \/>\n<meta name=\"twitter:label1\" content=\"\u00c9crit par\" \/>\n\t<meta name=\"twitter:data1\" content=\"cfeditorfr\" \/>\n\t<meta name=\"twitter:label2\" content=\"Dur\u00e9e de lecture estim\u00e9e\" \/>\n\t<meta name=\"twitter:data2\" content=\"2 minutes\" \/>\n<script type=\"application\/ld+json\" class=\"yoast-schema-graph\">{\"@context\":\"https:\/\/schema.org\",\"@graph\":[{\"@type\":\"Article\",\"@id\":\"https:\/\/www.africa-press.net\/cameroun\/politique\/nous-avons-aujourdhui-limperieux-devoir-de-taire-nos-egoismes-pr-olivier-bile#article\",\"isPartOf\":{\"@id\":\"https:\/\/www.africa-press.net\/cameroun\/politique\/nous-avons-aujourdhui-limperieux-devoir-de-taire-nos-egoismes-pr-olivier-bile\"},\"author\":{\"name\":\"cfeditorfr\",\"@id\":\"https:\/\/www.africa-press.net\/cameroun\/#\/schema\/person\/2b1cf3cd81a31e3cd26889ca66d677f1\"},\"headline\":\"\u00ab Nous avons aujourd\u2019hui l\u2019imp\u00e9rieux devoir de taire nos \u00e9go\u00efsmes \u00bb Pr Olivier Bile\",\"datePublished\":\"2024-02-28T21:50:47+00:00\",\"dateModified\":\"2024-02-29T13:52:47+00:00\",\"mainEntityOfPage\":{\"@id\":\"https:\/\/www.africa-press.net\/cameroun\/politique\/nous-avons-aujourdhui-limperieux-devoir-de-taire-nos-egoismes-pr-olivier-bile\"},\"wordCount\":356,\"commentCount\":0,\"image\":{\"@id\":\"https:\/\/www.africa-press.net\/cameroun\/politique\/nous-avons-aujourdhui-limperieux-devoir-de-taire-nos-egoismes-pr-olivier-bile#primaryimage\"},\"thumbnailUrl\":\"https:\/\/static.africa-press.net\/cameroun\/sites\/57\/2024\/02\/sm_1709201651.392593.jpg\",\"keywords\":[\"Africa Press\",\"Africa Press-Cameroun\",\"Cameroun\"],\"articleSection\":[\"Politique\",\"Toutes les actualit\u00e9s\"],\"inLanguage\":\"fr-FR\",\"potentialAction\":[{\"@type\":\"CommentAction\",\"name\":\"Comment\",\"target\":[\"https:\/\/www.africa-press.net\/cameroun\/politique\/nous-avons-aujourdhui-limperieux-devoir-de-taire-nos-egoismes-pr-olivier-bile#respond\"]}]},{\"@type\":\"WebPage\",\"@id\":\"https:\/\/www.africa-press.net\/cameroun\/politique\/nous-avons-aujourdhui-limperieux-devoir-de-taire-nos-egoismes-pr-olivier-bile\",\"url\":\"https:\/\/www.africa-press.net\/cameroun\/politique\/nous-avons-aujourdhui-limperieux-devoir-de-taire-nos-egoismes-pr-olivier-bile\",\"name\":\"\u00ab Nous avons aujourd\u2019hui l\u2019imp\u00e9rieux devoir de taire nos \u00e9go\u00efsmes \u00bb Pr Olivier Bile - Cameroun\",\"isPartOf\":{\"@id\":\"https:\/\/www.africa-press.net\/cameroun\/#website\"},\"primaryImageOfPage\":{\"@id\":\"https:\/\/www.africa-press.net\/cameroun\/politique\/nous-avons-aujourdhui-limperieux-devoir-de-taire-nos-egoismes-pr-olivier-bile#primaryimage\"},\"image\":{\"@id\":\"https:\/\/www.africa-press.net\/cameroun\/politique\/nous-avons-aujourdhui-limperieux-devoir-de-taire-nos-egoismes-pr-olivier-bile#primaryimage\"},\"thumbnailUrl\":\"https:\/\/static.africa-press.net\/cameroun\/sites\/57\/2024\/02\/sm_1709201651.392593.jpg\",\"datePublished\":\"2024-02-28T21:50:47+00:00\",\"dateModified\":\"2024-02-29T13:52:47+00:00\",\"author\":{\"@id\":\"https:\/\/www.africa-press.net\/cameroun\/#\/schema\/person\/2b1cf3cd81a31e3cd26889ca66d677f1\"},\"description\":\"Le pre\u0301sident de l\u2019Union des Forces Populaires revient sur la pertinence de l\u2019existence de l\u2019Alliance pour une Transi ...\",\"breadcrumb\":{\"@id\":\"https:\/\/www.africa-press.net\/cameroun\/politique\/nous-avons-aujourdhui-limperieux-devoir-de-taire-nos-egoismes-pr-olivier-bile#breadcrumb\"},\"inLanguage\":\"fr-FR\",\"potentialAction\":[{\"@type\":\"ReadAction\",\"target\":[\"https:\/\/www.africa-press.net\/cameroun\/politique\/nous-avons-aujourdhui-limperieux-devoir-de-taire-nos-egoismes-pr-olivier-bile\"]}]},{\"@type\":\"ImageObject\",\"inLanguage\":\"fr-FR\",\"@id\":\"https:\/\/www.africa-press.net\/cameroun\/politique\/nous-avons-aujourdhui-limperieux-devoir-de-taire-nos-egoismes-pr-olivier-bile#primaryimage\",\"url\":\"https:\/\/static.africa-press.net\/cameroun\/sites\/57\/2024\/02\/sm_1709201651.392593.jpg\",\"contentUrl\":\"https:\/\/static.africa-press.net\/cameroun\/sites\/57\/2024\/02\/sm_1709201651.392593.jpg\",\"width\":780,\"height\":440,\"caption\":\"\u00ab Nous avons aujourd\u2019hui l\u2019imp\u00e9rieux devoir de taire nos \u00e9go\u00efsmes \u00bb Pr Olivier Bile\"},{\"@type\":\"BreadcrumbList\",\"@id\":\"https:\/\/www.africa-press.net\/cameroun\/politique\/nous-avons-aujourdhui-limperieux-devoir-de-taire-nos-egoismes-pr-olivier-bile#breadcrumb\",\"itemListElement\":[{\"@type\":\"ListItem\",\"position\":1,\"name\":\"Accueil\",\"item\":\"https:\/\/www.africa-press.net\/cameroun\/\"},{\"@type\":\"ListItem\",\"position\":2,\"name\":\"\u00ab Nous avons aujourd\u2019hui l\u2019imp\u00e9rieux devoir de taire nos \u00e9go\u00efsmes \u00bb Pr Olivier Bile\"}]},{\"@type\":\"WebSite\",\"@id\":\"https:\/\/www.africa-press.net\/cameroun\/#website\",\"url\":\"https:\/\/www.africa-press.net\/cameroun\/\",\"name\":\"Cameroun\",\"description\":\"Just another Africa News Agency Sites site\",\"potentialAction\":[{\"@type\":\"SearchAction\",\"target\":{\"@type\":\"EntryPoint\",\"urlTemplate\":\"https:\/\/www.africa-press.net\/cameroun\/?s={search_term_string}\"},\"query-input\":{\"@type\":\"PropertyValueSpecification\",\"valueRequired\":true,\"valueName\":\"search_term_string\"}}],\"inLanguage\":\"fr-FR\"},{\"@type\":\"Person\",\"@id\":\"https:\/\/www.africa-press.net\/cameroun\/#\/schema\/person\/2b1cf3cd81a31e3cd26889ca66d677f1\",\"name\":\"cfeditorfr\"}]}<\/script>\n<!-- \/ Yoast SEO Premium plugin. -->","yoast_head_json":{"title":"\u00ab Nous avons aujourd\u2019hui l\u2019imp\u00e9rieux devoir de taire nos \u00e9go\u00efsmes \u00bb Pr Olivier Bile - Cameroun","description":"Le pre\u0301sident de l\u2019Union des Forces Populaires revient sur la pertinence de l\u2019existence de l\u2019Alliance pour une Transi ...","robots":{"index":"index","follow":"follow","max-snippet":"max-snippet:-1","max-image-preview":"max-image-preview:large","max-video-preview":"max-video-preview:-1"},"canonical":"https:\/\/www.africa-press.net\/cameroun\/politique\/nous-avons-aujourdhui-limperieux-devoir-de-taire-nos-egoismes-pr-olivier-bile","og_locale":"fr_FR","og_type":"article","og_title":"\u00ab Nous avons aujourd\u2019hui l\u2019imp\u00e9rieux devoir de taire nos \u00e9go\u00efsmes \u00bb Pr Olivier Bile","og_description":"Le pre\u0301sident de l\u2019Union des Forces Populaires revient sur la pertinence de l\u2019existence de l\u2019Alliance pour une Transi ...","og_url":"https:\/\/www.africa-press.net\/cameroun\/politique\/nous-avons-aujourdhui-limperieux-devoir-de-taire-nos-egoismes-pr-olivier-bile","og_site_name":"Cameroun","article_published_time":"2024-02-28T21:50:47+00:00","article_modified_time":"2024-02-29T13:52:47+00:00","og_image":[{"width":780,"height":440,"url":"https:\/\/static.africa-press.net\/cameroun\/sites\/57\/2024\/02\/sm_1709201651.392593.jpg","type":"image\/jpeg"}],"author":"cfeditorfr","twitter_card":"summary_large_image","twitter_misc":{"\u00c9crit par":"cfeditorfr","Dur\u00e9e de lecture estim\u00e9e":"2 minutes"},"schema":{"@context":"https:\/\/schema.org","@graph":[{"@type":"Article","@id":"https:\/\/www.africa-press.net\/cameroun\/politique\/nous-avons-aujourdhui-limperieux-devoir-de-taire-nos-egoismes-pr-olivier-bile#article","isPartOf":{"@id":"https:\/\/www.africa-press.net\/cameroun\/politique\/nous-avons-aujourdhui-limperieux-devoir-de-taire-nos-egoismes-pr-olivier-bile"},"author":{"name":"cfeditorfr","@id":"https:\/\/www.africa-press.net\/cameroun\/#\/schema\/person\/2b1cf3cd81a31e3cd26889ca66d677f1"},"headline":"\u00ab Nous avons aujourd\u2019hui l\u2019imp\u00e9rieux devoir de taire nos \u00e9go\u00efsmes \u00bb Pr Olivier Bile","datePublished":"2024-02-28T21:50:47+00:00","dateModified":"2024-02-29T13:52:47+00:00","mainEntityOfPage":{"@id":"https:\/\/www.africa-press.net\/cameroun\/politique\/nous-avons-aujourdhui-limperieux-devoir-de-taire-nos-egoismes-pr-olivier-bile"},"wordCount":356,"commentCount":0,"image":{"@id":"https:\/\/www.africa-press.net\/cameroun\/politique\/nous-avons-aujourdhui-limperieux-devoir-de-taire-nos-egoismes-pr-olivier-bile#primaryimage"},"thumbnailUrl":"https:\/\/static.africa-press.net\/cameroun\/sites\/57\/2024\/02\/sm_1709201651.392593.jpg","keywords":["Africa Press","Africa Press-Cameroun","Cameroun"],"articleSection":["Politique","Toutes les actualit\u00e9s"],"inLanguage":"fr-FR","potentialAction":[{"@type":"CommentAction","name":"Comment","target":["https:\/\/www.africa-press.net\/cameroun\/politique\/nous-avons-aujourdhui-limperieux-devoir-de-taire-nos-egoismes-pr-olivier-bile#respond"]}]},{"@type":"WebPage","@id":"https:\/\/www.africa-press.net\/cameroun\/politique\/nous-avons-aujourdhui-limperieux-devoir-de-taire-nos-egoismes-pr-olivier-bile","url":"https:\/\/www.africa-press.net\/cameroun\/politique\/nous-avons-aujourdhui-limperieux-devoir-de-taire-nos-egoismes-pr-olivier-bile","name":"\u00ab Nous avons aujourd\u2019hui l\u2019imp\u00e9rieux devoir de taire nos \u00e9go\u00efsmes \u00bb Pr Olivier Bile - Cameroun","isPartOf":{"@id":"https:\/\/www.africa-press.net\/cameroun\/#website"},"primaryImageOfPage":{"@id":"https:\/\/www.africa-press.net\/cameroun\/politique\/nous-avons-aujourdhui-limperieux-devoir-de-taire-nos-egoismes-pr-olivier-bile#primaryimage"},"image":{"@id":"https:\/\/www.africa-press.net\/cameroun\/politique\/nous-avons-aujourdhui-limperieux-devoir-de-taire-nos-egoismes-pr-olivier-bile#primaryimage"},"thumbnailUrl":"https:\/\/static.africa-press.net\/cameroun\/sites\/57\/2024\/02\/sm_1709201651.392593.jpg","datePublished":"2024-02-28T21:50:47+00:00","dateModified":"2024-02-29T13:52:47+00:00","author":{"@id":"https:\/\/www.africa-press.net\/cameroun\/#\/schema\/person\/2b1cf3cd81a31e3cd26889ca66d677f1"},"description":"Le pre\u0301sident de l\u2019Union des Forces Populaires revient sur la pertinence de l\u2019existence de l\u2019Alliance pour une Transi ...","breadcrumb":{"@id":"https:\/\/www.africa-press.net\/cameroun\/politique\/nous-avons-aujourdhui-limperieux-devoir-de-taire-nos-egoismes-pr-olivier-bile#breadcrumb"},"inLanguage":"fr-FR","potentialAction":[{"@type":"ReadAction","target":["https:\/\/www.africa-press.net\/cameroun\/politique\/nous-avons-aujourdhui-limperieux-devoir-de-taire-nos-egoismes-pr-olivier-bile"]}]},{"@type":"ImageObject","inLanguage":"fr-FR","@id":"https:\/\/www.africa-press.net\/cameroun\/politique\/nous-avons-aujourdhui-limperieux-devoir-de-taire-nos-egoismes-pr-olivier-bile#primaryimage","url":"https:\/\/static.africa-press.net\/cameroun\/sites\/57\/2024\/02\/sm_1709201651.392593.jpg","contentUrl":"https:\/\/static.africa-press.net\/cameroun\/sites\/57\/2024\/02\/sm_1709201651.392593.jpg","width":780,"height":440,"caption":"\u00ab Nous avons aujourd\u2019hui l\u2019imp\u00e9rieux devoir de taire nos \u00e9go\u00efsmes \u00bb Pr Olivier Bile"},{"@type":"BreadcrumbList","@id":"https:\/\/www.africa-press.net\/cameroun\/politique\/nous-avons-aujourdhui-limperieux-devoir-de-taire-nos-egoismes-pr-olivier-bile#breadcrumb","itemListElement":[{"@type":"ListItem","position":1,"name":"Accueil","item":"https:\/\/www.africa-press.net\/cameroun\/"},{"@type":"ListItem","position":2,"name":"\u00ab Nous avons aujourd\u2019hui l\u2019imp\u00e9rieux devoir de taire nos \u00e9go\u00efsmes \u00bb Pr Olivier Bile"}]},{"@type":"WebSite","@id":"https:\/\/www.africa-press.net\/cameroun\/#website","url":"https:\/\/www.africa-press.net\/cameroun\/","name":"Cameroun","description":"Just another Africa News Agency Sites site","potentialAction":[{"@type":"SearchAction","target":{"@type":"EntryPoint","urlTemplate":"https:\/\/www.africa-press.net\/cameroun\/?s={search_term_string}"},"query-input":{"@type":"PropertyValueSpecification","valueRequired":true,"valueName":"search_term_string"}}],"inLanguage":"fr-FR"},{"@type":"Person","@id":"https:\/\/www.africa-press.net\/cameroun\/#\/schema\/person\/2b1cf3cd81a31e3cd26889ca66d677f1","name":"cfeditorfr"}]}},"_links":{"self":[{"href":"https:\/\/www.africa-press.net\/cameroun\/wp-json\/wp\/v2\/posts\/61760","targetHints":{"allow":["GET"]}}],"collection":[{"href":"https:\/\/www.africa-press.net\/cameroun\/wp-json\/wp\/v2\/posts"}],"about":[{"href":"https:\/\/www.africa-press.net\/cameroun\/wp-json\/wp\/v2\/types\/post"}],"author":[{"embeddable":true,"href":"https:\/\/www.africa-press.net\/cameroun\/wp-json\/wp\/v2\/users\/82"}],"replies":[{"embeddable":true,"href":"https:\/\/www.africa-press.net\/cameroun\/wp-json\/wp\/v2\/comments?post=61760"}],"version-history":[{"count":0,"href":"https:\/\/www.africa-press.net\/cameroun\/wp-json\/wp\/v2\/posts\/61760\/revisions"}],"wp:featuredmedia":[{"embeddable":true,"href":"https:\/\/www.africa-press.net\/cameroun\/wp-json\/wp\/v2\/media\/61759"}],"wp:attachment":[{"href":"https:\/\/www.africa-press.net\/cameroun\/wp-json\/wp\/v2\/media?parent=61760"}],"wp:term":[{"taxonomy":"category","embeddable":true,"href":"https:\/\/www.africa-press.net\/cameroun\/wp-json\/wp\/v2\/categories?post=61760"},{"taxonomy":"post_tag","embeddable":true,"href":"https:\/\/www.africa-press.net\/cameroun\/wp-json\/wp\/v2\/tags?post=61760"}],"curies":[{"name":"wp","href":"https:\/\/api.w.org\/{rel}","templated":true}]}}