{"id":61762,"date":"2024-02-28T21:50:52","date_gmt":"2024-02-28T21:50:52","guid":{"rendered":"https:\/\/www.africa-press.net\/cameroun\/politique\/cameroun-le-gouvernement-lance-les-activites-de-la-journee-internationale-de-la-femme"},"modified":"2024-02-29T13:53:11","modified_gmt":"2024-02-29T13:53:11","slug":"cameroun-le-gouvernement-lance-les-activites-de-la-journee-internationale-de-la-femme","status":"publish","type":"post","link":"https:\/\/www.africa-press.net\/cameroun\/politique\/cameroun-le-gouvernement-lance-les-activites-de-la-journee-internationale-de-la-femme","title":{"rendered":"Cameroun : le gouvernement lance les activit\u00e9s de la journ\u00e9e internationale de la femme"},"content":{"rendered":"<p><span style=\"color: #ff6600\"><strong>Africa-Press &#8211; Cameroun. <\/strong><\/span><b>Le ministre de la Promotion de la Femme et de la Famille, Marie The\u0301re\u0300se Abena Ondoa a pre\u0301side\u0301 la ce\u0301re\u0301monie de lancement ce 27 fe\u0301vrier a\u0300 Akono.<\/b><\/p>\n<p>La 39e\u0300 e\u0301dition de la journe\u0301e internationale des droits de la femme aura lieu le 08 mars prochain. Au Cameroun, le ministre de la Promotion de la Femme et de la Famille a proce\u0301de\u0301 au lancement des activite\u0301s ce jour a\u0300 Akono dans le de\u0301partement de la Mefou et Akono, re\u0301gion du Centre. Durant la prochaine semaine, des femmes vont se de\u0301ployer a\u0300 travers le pays dans l\u2019exercice des activite\u0301s de re\u0301flexion sur l\u2019ame\u0301lioration de la condition de la femme. Cette re\u0301flexion est accompagne\u0301e d\u2019activite\u0301s ludiques et re\u0301cre\u0301atives.<\/p>\n<p>Le the\u0300me retenu pour cette 39e\u0300 e\u0301dition est \u00ab investir en faveur des femmes: acce\u0301le\u0301rer le rythme \u00bb. Une the\u0301matique qui met en e\u0301vidence l\u2019inte\u0301re\u0302t de l\u2019investissement dans la promotion de l\u2019e\u0301galite\u0301 des genres et l\u2019autonomisation des femmes. Ces ope\u0301rations d\u2019investissement inte\u0300grent l\u2019appui financier, l\u2019apport sur les plans politique, e\u0301ducatif, e\u0301conomique et la protection des droits en ge\u0301ne\u0301ral. L\u2019e\u0301dition 2024 se ce\u0301le\u0300bre au moment ou\u0300 le gouvernement intensifie la lutte contre les violences faites aux femmes.<\/p>\n<p>En lanc\u0327ant les activite\u0301s a\u0300 Akono, le ministre Marie The\u0301re\u0300se Abena Ondoa a exhorte\u0301 les femmes a\u0300 utiliser davantage leurs voix pour se faire entendre et a\u0300 saisir les opportunite\u0301s qui s\u2019offrent a\u0300 elles.<\/p>\n<p><strong>Pour plus d&rsquo;informations et d&rsquo;analyses sur la <a href=\"https:\/\/www.africa-press.net\/cameroun\">Cameroun<\/a>, suivez <a href=\"https:\/\/www.africa-press.net\/\">Africa-Press<\/a><\/strong><\/p>\n","protected":false},"excerpt":{"rendered":"<p>Africa-Press &#8211; Cameroun. Le ministre de la Promotion de la Femme et de la Famille, Marie The\u0301re\u0300se Abena Ondoa a pre\u0301side\u0301 la ce\u0301re\u0301monie de lancement ce 27 fe\u0301vrier a\u0300 Akono. La 39e\u0300 e\u0301dition de la journe\u0301e internationale des droits de la femme aura lieu le 08 mars prochain. Au Cameroun, le ministre de la Promotion [&hellip;]<\/p>\n","protected":false},"author":82,"featured_media":61761,"comment_status":"open","ping_status":"closed","sticky":false,"template":"","format":"standard","meta":{"footnotes":""},"categories":[2,10],"tags":[36,50,49],"class_list":["post-61762","post","type-post","status-publish","format-standard","has-post-thumbnail","hentry","category-politique","category-toutes-les-actualites","tag-africa-press","tag-africa-press-cameroun","tag-cameroun"],"yoast_head":"<!-- This site is optimized with the Yoast SEO Premium plugin v26.1 (Yoast SEO v27.0) - https:\/\/yoast.com\/product\/yoast-seo-premium-wordpress\/ -->\n<title>Cameroun : le gouvernement lance les activit\u00e9s de la journ\u00e9e internationale de la femme - Cameroun<\/title>\n<meta name=\"description\" content=\"Le ministre de la Promotion de la Femme et de la Famille, Marie The\u0301re\u0300se Abena Ondoa a pre\u0301side\u0301 la ce\u0301re\u0301monie de l ...\" \/>\n<meta name=\"robots\" content=\"index, follow, max-snippet:-1, max-image-preview:large, max-video-preview:-1\" \/>\n<link rel=\"canonical\" href=\"https:\/\/www.africa-press.net\/cameroun\/politique\/cameroun-le-gouvernement-lance-les-activites-de-la-journee-internationale-de-la-femme\" \/>\n<meta property=\"og:locale\" content=\"fr_FR\" \/>\n<meta property=\"og:type\" content=\"article\" \/>\n<meta property=\"og:title\" content=\"Cameroun : le gouvernement lance les activit\u00e9s de la journ\u00e9e internationale de la femme\" \/>\n<meta property=\"og:description\" content=\"Le ministre de la Promotion de la Femme et de la Famille, Marie The\u0301re\u0300se Abena Ondoa a pre\u0301side\u0301 la ce\u0301re\u0301monie de l ...\" \/>\n<meta property=\"og:url\" content=\"https:\/\/www.africa-press.net\/cameroun\/politique\/cameroun-le-gouvernement-lance-les-activites-de-la-journee-internationale-de-la-femme\" \/>\n<meta property=\"og:site_name\" content=\"Cameroun\" \/>\n<meta property=\"article:published_time\" content=\"2024-02-28T21:50:52+00:00\" \/>\n<meta property=\"article:modified_time\" content=\"2024-02-29T13:53:11+00:00\" \/>\n<meta property=\"og:image\" content=\"https:\/\/static.africa-press.net\/cameroun\/sites\/57\/2024\/02\/sm_1709201671.858197.jpg\" \/>\n\t<meta property=\"og:image:width\" content=\"780\" \/>\n\t<meta property=\"og:image:height\" content=\"440\" \/>\n\t<meta property=\"og:image:type\" content=\"image\/jpeg\" \/>\n<meta name=\"author\" content=\"cfeditorfr\" \/>\n<meta name=\"twitter:card\" content=\"summary_large_image\" \/>\n<meta name=\"twitter:label1\" content=\"\u00c9crit par\" \/>\n\t<meta name=\"twitter:data1\" content=\"cfeditorfr\" \/>\n\t<meta name=\"twitter:label2\" content=\"Dur\u00e9e de lecture estim\u00e9e\" \/>\n\t<meta name=\"twitter:data2\" content=\"1 minute\" \/>\n<script type=\"application\/ld+json\" class=\"yoast-schema-graph\">{\"@context\":\"https:\/\/schema.org\",\"@graph\":[{\"@type\":\"Article\",\"@id\":\"https:\/\/www.africa-press.net\/cameroun\/politique\/cameroun-le-gouvernement-lance-les-activites-de-la-journee-internationale-de-la-femme#article\",\"isPartOf\":{\"@id\":\"https:\/\/www.africa-press.net\/cameroun\/politique\/cameroun-le-gouvernement-lance-les-activites-de-la-journee-internationale-de-la-femme\"},\"author\":{\"name\":\"cfeditorfr\",\"@id\":\"https:\/\/www.africa-press.net\/cameroun\/#\/schema\/person\/2b1cf3cd81a31e3cd26889ca66d677f1\"},\"headline\":\"Cameroun : le gouvernement lance les activit\u00e9s de la journ\u00e9e internationale de la femme\",\"datePublished\":\"2024-02-28T21:50:52+00:00\",\"dateModified\":\"2024-02-29T13:53:11+00:00\",\"mainEntityOfPage\":{\"@id\":\"https:\/\/www.africa-press.net\/cameroun\/politique\/cameroun-le-gouvernement-lance-les-activites-de-la-journee-internationale-de-la-femme\"},\"wordCount\":306,\"commentCount\":0,\"image\":{\"@id\":\"https:\/\/www.africa-press.net\/cameroun\/politique\/cameroun-le-gouvernement-lance-les-activites-de-la-journee-internationale-de-la-femme#primaryimage\"},\"thumbnailUrl\":\"https:\/\/static.africa-press.net\/cameroun\/sites\/57\/2024\/02\/sm_1709201671.858197.jpg\",\"keywords\":[\"Africa Press\",\"Africa Press-Cameroun\",\"Cameroun\"],\"articleSection\":[\"Politique\",\"Toutes les actualit\u00e9s\"],\"inLanguage\":\"fr-FR\",\"potentialAction\":[{\"@type\":\"CommentAction\",\"name\":\"Comment\",\"target\":[\"https:\/\/www.africa-press.net\/cameroun\/politique\/cameroun-le-gouvernement-lance-les-activites-de-la-journee-internationale-de-la-femme#respond\"]}]},{\"@type\":\"WebPage\",\"@id\":\"https:\/\/www.africa-press.net\/cameroun\/politique\/cameroun-le-gouvernement-lance-les-activites-de-la-journee-internationale-de-la-femme\",\"url\":\"https:\/\/www.africa-press.net\/cameroun\/politique\/cameroun-le-gouvernement-lance-les-activites-de-la-journee-internationale-de-la-femme\",\"name\":\"Cameroun : le gouvernement lance les activit\u00e9s de la journ\u00e9e internationale de la femme - Cameroun\",\"isPartOf\":{\"@id\":\"https:\/\/www.africa-press.net\/cameroun\/#website\"},\"primaryImageOfPage\":{\"@id\":\"https:\/\/www.africa-press.net\/cameroun\/politique\/cameroun-le-gouvernement-lance-les-activites-de-la-journee-internationale-de-la-femme#primaryimage\"},\"image\":{\"@id\":\"https:\/\/www.africa-press.net\/cameroun\/politique\/cameroun-le-gouvernement-lance-les-activites-de-la-journee-internationale-de-la-femme#primaryimage\"},\"thumbnailUrl\":\"https:\/\/static.africa-press.net\/cameroun\/sites\/57\/2024\/02\/sm_1709201671.858197.jpg\",\"datePublished\":\"2024-02-28T21:50:52+00:00\",\"dateModified\":\"2024-02-29T13:53:11+00:00\",\"author\":{\"@id\":\"https:\/\/www.africa-press.net\/cameroun\/#\/schema\/person\/2b1cf3cd81a31e3cd26889ca66d677f1\"},\"description\":\"Le ministre de la Promotion de la Femme et de la Famille, Marie The\u0301re\u0300se Abena Ondoa a pre\u0301side\u0301 la ce\u0301re\u0301monie de l ...\",\"breadcrumb\":{\"@id\":\"https:\/\/www.africa-press.net\/cameroun\/politique\/cameroun-le-gouvernement-lance-les-activites-de-la-journee-internationale-de-la-femme#breadcrumb\"},\"inLanguage\":\"fr-FR\",\"potentialAction\":[{\"@type\":\"ReadAction\",\"target\":[\"https:\/\/www.africa-press.net\/cameroun\/politique\/cameroun-le-gouvernement-lance-les-activites-de-la-journee-internationale-de-la-femme\"]}]},{\"@type\":\"ImageObject\",\"inLanguage\":\"fr-FR\",\"@id\":\"https:\/\/www.africa-press.net\/cameroun\/politique\/cameroun-le-gouvernement-lance-les-activites-de-la-journee-internationale-de-la-femme#primaryimage\",\"url\":\"https:\/\/static.africa-press.net\/cameroun\/sites\/57\/2024\/02\/sm_1709201671.858197.jpg\",\"contentUrl\":\"https:\/\/static.africa-press.net\/cameroun\/sites\/57\/2024\/02\/sm_1709201671.858197.jpg\",\"width\":780,\"height\":440,\"caption\":\"Cameroun : le gouvernement lance les activit\u00e9s de la journ\u00e9e internationale de la femme\"},{\"@type\":\"BreadcrumbList\",\"@id\":\"https:\/\/www.africa-press.net\/cameroun\/politique\/cameroun-le-gouvernement-lance-les-activites-de-la-journee-internationale-de-la-femme#breadcrumb\",\"itemListElement\":[{\"@type\":\"ListItem\",\"position\":1,\"name\":\"Accueil\",\"item\":\"https:\/\/www.africa-press.net\/cameroun\/\"},{\"@type\":\"ListItem\",\"position\":2,\"name\":\"Cameroun : le gouvernement lance les activit\u00e9s de la journ\u00e9e internationale de la femme\"}]},{\"@type\":\"WebSite\",\"@id\":\"https:\/\/www.africa-press.net\/cameroun\/#website\",\"url\":\"https:\/\/www.africa-press.net\/cameroun\/\",\"name\":\"Cameroun\",\"description\":\"Just another Africa News Agency Sites site\",\"potentialAction\":[{\"@type\":\"SearchAction\",\"target\":{\"@type\":\"EntryPoint\",\"urlTemplate\":\"https:\/\/www.africa-press.net\/cameroun\/?s={search_term_string}\"},\"query-input\":{\"@type\":\"PropertyValueSpecification\",\"valueRequired\":true,\"valueName\":\"search_term_string\"}}],\"inLanguage\":\"fr-FR\"},{\"@type\":\"Person\",\"@id\":\"https:\/\/www.africa-press.net\/cameroun\/#\/schema\/person\/2b1cf3cd81a31e3cd26889ca66d677f1\",\"name\":\"cfeditorfr\"}]}<\/script>\n<!-- \/ Yoast SEO Premium plugin. -->","yoast_head_json":{"title":"Cameroun : le gouvernement lance les activit\u00e9s de la journ\u00e9e internationale de la femme - Cameroun","description":"Le ministre de la Promotion de la Femme et de la Famille, Marie The\u0301re\u0300se Abena Ondoa a pre\u0301side\u0301 la ce\u0301re\u0301monie de l ...","robots":{"index":"index","follow":"follow","max-snippet":"max-snippet:-1","max-image-preview":"max-image-preview:large","max-video-preview":"max-video-preview:-1"},"canonical":"https:\/\/www.africa-press.net\/cameroun\/politique\/cameroun-le-gouvernement-lance-les-activites-de-la-journee-internationale-de-la-femme","og_locale":"fr_FR","og_type":"article","og_title":"Cameroun : le gouvernement lance les activit\u00e9s de la journ\u00e9e internationale de la femme","og_description":"Le ministre de la Promotion de la Femme et de la Famille, Marie The\u0301re\u0300se Abena Ondoa a pre\u0301side\u0301 la ce\u0301re\u0301monie de l ...","og_url":"https:\/\/www.africa-press.net\/cameroun\/politique\/cameroun-le-gouvernement-lance-les-activites-de-la-journee-internationale-de-la-femme","og_site_name":"Cameroun","article_published_time":"2024-02-28T21:50:52+00:00","article_modified_time":"2024-02-29T13:53:11+00:00","og_image":[{"width":780,"height":440,"url":"https:\/\/static.africa-press.net\/cameroun\/sites\/57\/2024\/02\/sm_1709201671.858197.jpg","type":"image\/jpeg"}],"author":"cfeditorfr","twitter_card":"summary_large_image","twitter_misc":{"\u00c9crit par":"cfeditorfr","Dur\u00e9e de lecture estim\u00e9e":"1 minute"},"schema":{"@context":"https:\/\/schema.org","@graph":[{"@type":"Article","@id":"https:\/\/www.africa-press.net\/cameroun\/politique\/cameroun-le-gouvernement-lance-les-activites-de-la-journee-internationale-de-la-femme#article","isPartOf":{"@id":"https:\/\/www.africa-press.net\/cameroun\/politique\/cameroun-le-gouvernement-lance-les-activites-de-la-journee-internationale-de-la-femme"},"author":{"name":"cfeditorfr","@id":"https:\/\/www.africa-press.net\/cameroun\/#\/schema\/person\/2b1cf3cd81a31e3cd26889ca66d677f1"},"headline":"Cameroun : le gouvernement lance les activit\u00e9s de la journ\u00e9e internationale de la femme","datePublished":"2024-02-28T21:50:52+00:00","dateModified":"2024-02-29T13:53:11+00:00","mainEntityOfPage":{"@id":"https:\/\/www.africa-press.net\/cameroun\/politique\/cameroun-le-gouvernement-lance-les-activites-de-la-journee-internationale-de-la-femme"},"wordCount":306,"commentCount":0,"image":{"@id":"https:\/\/www.africa-press.net\/cameroun\/politique\/cameroun-le-gouvernement-lance-les-activites-de-la-journee-internationale-de-la-femme#primaryimage"},"thumbnailUrl":"https:\/\/static.africa-press.net\/cameroun\/sites\/57\/2024\/02\/sm_1709201671.858197.jpg","keywords":["Africa Press","Africa Press-Cameroun","Cameroun"],"articleSection":["Politique","Toutes les actualit\u00e9s"],"inLanguage":"fr-FR","potentialAction":[{"@type":"CommentAction","name":"Comment","target":["https:\/\/www.africa-press.net\/cameroun\/politique\/cameroun-le-gouvernement-lance-les-activites-de-la-journee-internationale-de-la-femme#respond"]}]},{"@type":"WebPage","@id":"https:\/\/www.africa-press.net\/cameroun\/politique\/cameroun-le-gouvernement-lance-les-activites-de-la-journee-internationale-de-la-femme","url":"https:\/\/www.africa-press.net\/cameroun\/politique\/cameroun-le-gouvernement-lance-les-activites-de-la-journee-internationale-de-la-femme","name":"Cameroun : le gouvernement lance les activit\u00e9s de la journ\u00e9e internationale de la femme - Cameroun","isPartOf":{"@id":"https:\/\/www.africa-press.net\/cameroun\/#website"},"primaryImageOfPage":{"@id":"https:\/\/www.africa-press.net\/cameroun\/politique\/cameroun-le-gouvernement-lance-les-activites-de-la-journee-internationale-de-la-femme#primaryimage"},"image":{"@id":"https:\/\/www.africa-press.net\/cameroun\/politique\/cameroun-le-gouvernement-lance-les-activites-de-la-journee-internationale-de-la-femme#primaryimage"},"thumbnailUrl":"https:\/\/static.africa-press.net\/cameroun\/sites\/57\/2024\/02\/sm_1709201671.858197.jpg","datePublished":"2024-02-28T21:50:52+00:00","dateModified":"2024-02-29T13:53:11+00:00","author":{"@id":"https:\/\/www.africa-press.net\/cameroun\/#\/schema\/person\/2b1cf3cd81a31e3cd26889ca66d677f1"},"description":"Le ministre de la Promotion de la Femme et de la Famille, Marie The\u0301re\u0300se Abena Ondoa a pre\u0301side\u0301 la ce\u0301re\u0301monie de l ...","breadcrumb":{"@id":"https:\/\/www.africa-press.net\/cameroun\/politique\/cameroun-le-gouvernement-lance-les-activites-de-la-journee-internationale-de-la-femme#breadcrumb"},"inLanguage":"fr-FR","potentialAction":[{"@type":"ReadAction","target":["https:\/\/www.africa-press.net\/cameroun\/politique\/cameroun-le-gouvernement-lance-les-activites-de-la-journee-internationale-de-la-femme"]}]},{"@type":"ImageObject","inLanguage":"fr-FR","@id":"https:\/\/www.africa-press.net\/cameroun\/politique\/cameroun-le-gouvernement-lance-les-activites-de-la-journee-internationale-de-la-femme#primaryimage","url":"https:\/\/static.africa-press.net\/cameroun\/sites\/57\/2024\/02\/sm_1709201671.858197.jpg","contentUrl":"https:\/\/static.africa-press.net\/cameroun\/sites\/57\/2024\/02\/sm_1709201671.858197.jpg","width":780,"height":440,"caption":"Cameroun : le gouvernement lance les activit\u00e9s de la journ\u00e9e internationale de la femme"},{"@type":"BreadcrumbList","@id":"https:\/\/www.africa-press.net\/cameroun\/politique\/cameroun-le-gouvernement-lance-les-activites-de-la-journee-internationale-de-la-femme#breadcrumb","itemListElement":[{"@type":"ListItem","position":1,"name":"Accueil","item":"https:\/\/www.africa-press.net\/cameroun\/"},{"@type":"ListItem","position":2,"name":"Cameroun : le gouvernement lance les activit\u00e9s de la journ\u00e9e internationale de la femme"}]},{"@type":"WebSite","@id":"https:\/\/www.africa-press.net\/cameroun\/#website","url":"https:\/\/www.africa-press.net\/cameroun\/","name":"Cameroun","description":"Just another Africa News Agency Sites site","potentialAction":[{"@type":"SearchAction","target":{"@type":"EntryPoint","urlTemplate":"https:\/\/www.africa-press.net\/cameroun\/?s={search_term_string}"},"query-input":{"@type":"PropertyValueSpecification","valueRequired":true,"valueName":"search_term_string"}}],"inLanguage":"fr-FR"},{"@type":"Person","@id":"https:\/\/www.africa-press.net\/cameroun\/#\/schema\/person\/2b1cf3cd81a31e3cd26889ca66d677f1","name":"cfeditorfr"}]}},"_links":{"self":[{"href":"https:\/\/www.africa-press.net\/cameroun\/wp-json\/wp\/v2\/posts\/61762","targetHints":{"allow":["GET"]}}],"collection":[{"href":"https:\/\/www.africa-press.net\/cameroun\/wp-json\/wp\/v2\/posts"}],"about":[{"href":"https:\/\/www.africa-press.net\/cameroun\/wp-json\/wp\/v2\/types\/post"}],"author":[{"embeddable":true,"href":"https:\/\/www.africa-press.net\/cameroun\/wp-json\/wp\/v2\/users\/82"}],"replies":[{"embeddable":true,"href":"https:\/\/www.africa-press.net\/cameroun\/wp-json\/wp\/v2\/comments?post=61762"}],"version-history":[{"count":0,"href":"https:\/\/www.africa-press.net\/cameroun\/wp-json\/wp\/v2\/posts\/61762\/revisions"}],"wp:featuredmedia":[{"embeddable":true,"href":"https:\/\/www.africa-press.net\/cameroun\/wp-json\/wp\/v2\/media\/61761"}],"wp:attachment":[{"href":"https:\/\/www.africa-press.net\/cameroun\/wp-json\/wp\/v2\/media?parent=61762"}],"wp:term":[{"taxonomy":"category","embeddable":true,"href":"https:\/\/www.africa-press.net\/cameroun\/wp-json\/wp\/v2\/categories?post=61762"},{"taxonomy":"post_tag","embeddable":true,"href":"https:\/\/www.africa-press.net\/cameroun\/wp-json\/wp\/v2\/tags?post=61762"}],"curies":[{"name":"wp","href":"https:\/\/api.w.org\/{rel}","templated":true}]}}