{"id":61774,"date":"2024-02-28T21:51:18","date_gmt":"2024-02-28T21:51:18","guid":{"rendered":"https:\/\/www.africa-press.net\/cameroun\/politique\/affaire-bruno-bidjang-quand-le-journaliste-est-forme-il-a-mille-manieres-de-dire-une-chose-alain-ndanga"},"modified":"2024-02-29T13:55:18","modified_gmt":"2024-02-29T13:55:18","slug":"affaire-bruno-bidjang-quand-le-journaliste-est-forme-il-a-mille-manieres-de-dire-une-chose-alain-ndanga","status":"publish","type":"post","link":"https:\/\/www.africa-press.net\/cameroun\/dossiers\/affaire-bruno-bidjang-quand-le-journaliste-est-forme-il-a-mille-manieres-de-dire-une-chose-alain-ndanga","title":{"rendered":"Affaire Bruno Bidjang: \u00ab Quand le journaliste est form\u00e9, il a mille mani\u00e8res de dire une chose\u2026 \u00bb Alain Ndanga"},"content":{"rendered":"<p><span style=\"color: #ff6600\"><strong>Africa-Press &#8211; Cameroun. <\/strong><\/span><b>Dans une tribune, le journaliste partage son ressenti sur l\u2019arrestation de son confre\u0300re, Bruno Bidjang<\/b><\/p>\n<p>J\u2019ai suivi avec beaucoup d\u2019attention des invite\u0301s des e\u0301missions de de\u0301bat de dimanche 25 fe\u0301vrier 2023 dans une te\u0301le\u0301vision base\u0301e a\u0300 Douala. Ils demandent notamment pourquoi la corporation des journalistes reste muette au sujet du confre\u0300re, <b>Bruno Bidjang<\/b>, aujourd\u2019hui en prison.<\/p>\n<p>Pour moi c\u2019est un peu complexe sa situation. Il m\u2019est difficile de savoir comment et pourquoi il est prive\u0301 de liberte\u0301. Je me rappelle qu\u2019il avait e\u0301te\u0301 arre\u0302te\u0301 dans le cadre de l\u2019enque\u0302te suite a\u0300 \u00ab l\u2019assassinat \u00bb d\u2019un autre confre\u0300re. Si c\u2019est la suite de cette affaire qu\u2019il se couvre des sales draps, il m\u2019est tre\u0300s difficile d\u2019en dire un seul mot. Parce que les enque\u0302teurs y travaillent encore. Je ne dirai quelque chose si oui ou non il est implique\u0301 dans cette affaire de meurtre.<\/p>\n<p>J\u2019ai aussi oui\u0308e dire qu\u2019il a fait un post dans son compte Facebook dans lequel il demandait aux Camerounais de re\u0301agir apre\u0300s la hausse du prix du carburant a\u0300 la pompe par le gouvernement. La\u0300 encore, e\u0301tait-il en situation d\u2019exercice de sa fonction de journaliste ? Que non ! Il a fait comme monsieur tout le monde qui cre\u0301e des contenus sur les re\u0301seaux sociaux. Dans l\u2019un ou l\u2019autre cas, il est difficile de l\u2019appeler confre\u0300re.<\/p>\n<p>Je le reconnais tel un confre\u0300re quand il est en situation d\u2019exercice de sa profession de journaliste dans sa chai\u0302ne de te\u0301le\u0301vision. Il est vrai que je me souviens l\u2019avoir conseille\u0301 de se former en journalisme. Parce que quand le journaliste est forme\u0301, il a mille manie\u0300res de dire une chose. Sa premie\u0300re fonction est d\u2019abord d\u2019informer. Informer veut dire savoir choisir son sujet, avoir une bonne technique de collecte et de traitement et ensuite le diffuser dans un me\u0301dia (radio, presse e\u0301crite, te\u0301le\u0301vision ou site internet) dans les re\u0300gles e\u0301tablies.<\/p>\n<p>Toutefois, je ne vais pas mentir a\u0300 moi-me\u0302me. La situation de Bruno B me parle. C\u0327a pouvait e\u0302tre moi. Tant que je vis, tout peut arriver.<\/p>\n<p>Je pense qu\u2019il faut libe\u0301rer la parole. Mais cette parole, me\u0302me dure, doit avant tout proposer. Elle doit e\u0302tre puissante avec une rhe\u0301torique visant a\u0300 transformer positivement la socie\u0301te\u0301.<\/p>\n<p>Que puis-je faire mon cher Bruno? Dommage que le 4e pouvoir dans notre pays n\u2019ait pas de pouvoir. Courage a\u0300 toi cher fre\u0300re.<\/p>\n<p><strong>Pour plus d&rsquo;informations et d&rsquo;analyses sur la <a href=\"https:\/\/www.africa-press.net\/cameroun\">Cameroun<\/a>, suivez <a href=\"https:\/\/www.africa-press.net\/\">Africa-Press<\/a><\/strong><\/p>\n","protected":false},"excerpt":{"rendered":"<p>Africa-Press &#8211; Cameroun. Dans une tribune, le journaliste partage son ressenti sur l\u2019arrestation de son confre\u0300re, Bruno Bidjang J\u2019ai suivi avec beaucoup d\u2019attention des invite\u0301s des e\u0301missions de de\u0301bat de dimanche 25 fe\u0301vrier 2023 dans une te\u0301le\u0301vision base\u0301e a\u0300 Douala. Ils demandent notamment pourquoi la corporation des journalistes reste muette au sujet du confre\u0300re, Bruno [&hellip;]<\/p>\n","protected":false},"author":82,"featured_media":61773,"comment_status":"open","ping_status":"closed","sticky":false,"template":"","format":"standard","meta":{"footnotes":""},"categories":[7,10],"tags":[36,50,49],"class_list":["post-61774","post","type-post","status-publish","format-standard","has-post-thumbnail","hentry","category-dossiers","category-toutes-les-actualites","tag-africa-press","tag-africa-press-cameroun","tag-cameroun"],"yoast_head":"<!-- This site is optimized with the Yoast SEO Premium plugin v26.1 (Yoast SEO v27.0) - https:\/\/yoast.com\/product\/yoast-seo-premium-wordpress\/ -->\n<title>Affaire Bruno Bidjang: \u00ab Quand le journaliste est form\u00e9, il a mille mani\u00e8res de dire une chose\u2026 \u00bb Alain Ndanga - Cameroun<\/title>\n<meta name=\"description\" content=\"Dans une tribune, le journaliste partage son ressenti sur l\u2019arrestation de son confre\u0300re, Bruno Bidjang J\u2019ai sui ...\" \/>\n<meta name=\"robots\" content=\"index, follow, max-snippet:-1, max-image-preview:large, max-video-preview:-1\" \/>\n<link rel=\"canonical\" href=\"https:\/\/www.africa-press.net\/cameroun\/dossiers\/affaire-bruno-bidjang-quand-le-journaliste-est-forme-il-a-mille-manieres-de-dire-une-chose-alain-ndanga\" \/>\n<meta property=\"og:locale\" content=\"fr_FR\" \/>\n<meta property=\"og:type\" content=\"article\" \/>\n<meta property=\"og:title\" content=\"Affaire Bruno Bidjang: \u00ab Quand le journaliste est form\u00e9, il a mille mani\u00e8res de dire une chose\u2026 \u00bb Alain Ndanga\" \/>\n<meta property=\"og:description\" content=\"Dans une tribune, le journaliste partage son ressenti sur l\u2019arrestation de son confre\u0300re, Bruno Bidjang J\u2019ai sui ...\" \/>\n<meta property=\"og:url\" content=\"https:\/\/www.africa-press.net\/cameroun\/dossiers\/affaire-bruno-bidjang-quand-le-journaliste-est-forme-il-a-mille-manieres-de-dire-une-chose-alain-ndanga\" \/>\n<meta property=\"og:site_name\" content=\"Cameroun\" \/>\n<meta property=\"article:published_time\" content=\"2024-02-28T21:51:18+00:00\" \/>\n<meta property=\"article:modified_time\" content=\"2024-02-29T13:55:18+00:00\" \/>\n<meta property=\"og:image\" content=\"https:\/\/static.africa-press.net\/cameroun\/sites\/57\/2024\/02\/sm_1709201792.850852.jpg\" \/>\n\t<meta property=\"og:image:width\" content=\"780\" \/>\n\t<meta property=\"og:image:height\" content=\"440\" \/>\n\t<meta property=\"og:image:type\" content=\"image\/jpeg\" \/>\n<meta name=\"author\" content=\"cfeditorfr\" \/>\n<meta name=\"twitter:card\" content=\"summary_large_image\" \/>\n<meta name=\"twitter:label1\" content=\"\u00c9crit par\" \/>\n\t<meta name=\"twitter:data1\" content=\"cfeditorfr\" \/>\n\t<meta name=\"twitter:label2\" content=\"Dur\u00e9e de lecture estim\u00e9e\" \/>\n\t<meta name=\"twitter:data2\" content=\"2 minutes\" \/>\n<script type=\"application\/ld+json\" class=\"yoast-schema-graph\">{\"@context\":\"https:\/\/schema.org\",\"@graph\":[{\"@type\":\"Article\",\"@id\":\"https:\/\/www.africa-press.net\/cameroun\/dossiers\/affaire-bruno-bidjang-quand-le-journaliste-est-forme-il-a-mille-manieres-de-dire-une-chose-alain-ndanga#article\",\"isPartOf\":{\"@id\":\"https:\/\/www.africa-press.net\/cameroun\/dossiers\/affaire-bruno-bidjang-quand-le-journaliste-est-forme-il-a-mille-manieres-de-dire-une-chose-alain-ndanga\"},\"author\":{\"name\":\"cfeditorfr\",\"@id\":\"https:\/\/www.africa-press.net\/cameroun\/#\/schema\/person\/2b1cf3cd81a31e3cd26889ca66d677f1\"},\"headline\":\"Affaire Bruno Bidjang: \u00ab Quand le journaliste est form\u00e9, il a mille mani\u00e8res de dire une chose\u2026 \u00bb Alain Ndanga\",\"datePublished\":\"2024-02-28T21:51:18+00:00\",\"dateModified\":\"2024-02-29T13:55:18+00:00\",\"mainEntityOfPage\":{\"@id\":\"https:\/\/www.africa-press.net\/cameroun\/dossiers\/affaire-bruno-bidjang-quand-le-journaliste-est-forme-il-a-mille-manieres-de-dire-une-chose-alain-ndanga\"},\"wordCount\":485,\"commentCount\":0,\"image\":{\"@id\":\"https:\/\/www.africa-press.net\/cameroun\/dossiers\/affaire-bruno-bidjang-quand-le-journaliste-est-forme-il-a-mille-manieres-de-dire-une-chose-alain-ndanga#primaryimage\"},\"thumbnailUrl\":\"https:\/\/static.africa-press.net\/cameroun\/sites\/57\/2024\/02\/sm_1709201792.850852.jpg\",\"keywords\":[\"Africa Press\",\"Africa Press-Cameroun\",\"Cameroun\"],\"articleSection\":[\"Dossiers\",\"Toutes les actualit\u00e9s\"],\"inLanguage\":\"fr-FR\",\"potentialAction\":[{\"@type\":\"CommentAction\",\"name\":\"Comment\",\"target\":[\"https:\/\/www.africa-press.net\/cameroun\/dossiers\/affaire-bruno-bidjang-quand-le-journaliste-est-forme-il-a-mille-manieres-de-dire-une-chose-alain-ndanga#respond\"]}]},{\"@type\":\"WebPage\",\"@id\":\"https:\/\/www.africa-press.net\/cameroun\/dossiers\/affaire-bruno-bidjang-quand-le-journaliste-est-forme-il-a-mille-manieres-de-dire-une-chose-alain-ndanga\",\"url\":\"https:\/\/www.africa-press.net\/cameroun\/dossiers\/affaire-bruno-bidjang-quand-le-journaliste-est-forme-il-a-mille-manieres-de-dire-une-chose-alain-ndanga\",\"name\":\"Affaire Bruno Bidjang: \u00ab Quand le journaliste est form\u00e9, il a mille mani\u00e8res de dire une chose\u2026 \u00bb Alain Ndanga - Cameroun\",\"isPartOf\":{\"@id\":\"https:\/\/www.africa-press.net\/cameroun\/#website\"},\"primaryImageOfPage\":{\"@id\":\"https:\/\/www.africa-press.net\/cameroun\/dossiers\/affaire-bruno-bidjang-quand-le-journaliste-est-forme-il-a-mille-manieres-de-dire-une-chose-alain-ndanga#primaryimage\"},\"image\":{\"@id\":\"https:\/\/www.africa-press.net\/cameroun\/dossiers\/affaire-bruno-bidjang-quand-le-journaliste-est-forme-il-a-mille-manieres-de-dire-une-chose-alain-ndanga#primaryimage\"},\"thumbnailUrl\":\"https:\/\/static.africa-press.net\/cameroun\/sites\/57\/2024\/02\/sm_1709201792.850852.jpg\",\"datePublished\":\"2024-02-28T21:51:18+00:00\",\"dateModified\":\"2024-02-29T13:55:18+00:00\",\"author\":{\"@id\":\"https:\/\/www.africa-press.net\/cameroun\/#\/schema\/person\/2b1cf3cd81a31e3cd26889ca66d677f1\"},\"description\":\"Dans une tribune, le journaliste partage son ressenti sur l\u2019arrestation de son confre\u0300re, Bruno Bidjang J\u2019ai sui ...\",\"breadcrumb\":{\"@id\":\"https:\/\/www.africa-press.net\/cameroun\/dossiers\/affaire-bruno-bidjang-quand-le-journaliste-est-forme-il-a-mille-manieres-de-dire-une-chose-alain-ndanga#breadcrumb\"},\"inLanguage\":\"fr-FR\",\"potentialAction\":[{\"@type\":\"ReadAction\",\"target\":[\"https:\/\/www.africa-press.net\/cameroun\/dossiers\/affaire-bruno-bidjang-quand-le-journaliste-est-forme-il-a-mille-manieres-de-dire-une-chose-alain-ndanga\"]}]},{\"@type\":\"ImageObject\",\"inLanguage\":\"fr-FR\",\"@id\":\"https:\/\/www.africa-press.net\/cameroun\/dossiers\/affaire-bruno-bidjang-quand-le-journaliste-est-forme-il-a-mille-manieres-de-dire-une-chose-alain-ndanga#primaryimage\",\"url\":\"https:\/\/static.africa-press.net\/cameroun\/sites\/57\/2024\/02\/sm_1709201792.850852.jpg\",\"contentUrl\":\"https:\/\/static.africa-press.net\/cameroun\/sites\/57\/2024\/02\/sm_1709201792.850852.jpg\",\"width\":780,\"height\":440,\"caption\":\"Affaire Bruno Bidjang: \u00ab Quand le journaliste est form\u00e9, il a mille mani\u00e8res de dire une chose\u2026 \u00bb Alain Ndanga\"},{\"@type\":\"BreadcrumbList\",\"@id\":\"https:\/\/www.africa-press.net\/cameroun\/dossiers\/affaire-bruno-bidjang-quand-le-journaliste-est-forme-il-a-mille-manieres-de-dire-une-chose-alain-ndanga#breadcrumb\",\"itemListElement\":[{\"@type\":\"ListItem\",\"position\":1,\"name\":\"Accueil\",\"item\":\"https:\/\/www.africa-press.net\/cameroun\/\"},{\"@type\":\"ListItem\",\"position\":2,\"name\":\"Affaire Bruno Bidjang: \u00ab Quand le journaliste est form\u00e9, il a mille mani\u00e8res de dire une chose\u2026 \u00bb Alain Ndanga\"}]},{\"@type\":\"WebSite\",\"@id\":\"https:\/\/www.africa-press.net\/cameroun\/#website\",\"url\":\"https:\/\/www.africa-press.net\/cameroun\/\",\"name\":\"Cameroun\",\"description\":\"Just another Africa News Agency Sites site\",\"potentialAction\":[{\"@type\":\"SearchAction\",\"target\":{\"@type\":\"EntryPoint\",\"urlTemplate\":\"https:\/\/www.africa-press.net\/cameroun\/?s={search_term_string}\"},\"query-input\":{\"@type\":\"PropertyValueSpecification\",\"valueRequired\":true,\"valueName\":\"search_term_string\"}}],\"inLanguage\":\"fr-FR\"},{\"@type\":\"Person\",\"@id\":\"https:\/\/www.africa-press.net\/cameroun\/#\/schema\/person\/2b1cf3cd81a31e3cd26889ca66d677f1\",\"name\":\"cfeditorfr\"}]}<\/script>\n<!-- \/ Yoast SEO Premium plugin. -->","yoast_head_json":{"title":"Affaire Bruno Bidjang: \u00ab Quand le journaliste est form\u00e9, il a mille mani\u00e8res de dire une chose\u2026 \u00bb Alain Ndanga - Cameroun","description":"Dans une tribune, le journaliste partage son ressenti sur l\u2019arrestation de son confre\u0300re, Bruno Bidjang J\u2019ai sui ...","robots":{"index":"index","follow":"follow","max-snippet":"max-snippet:-1","max-image-preview":"max-image-preview:large","max-video-preview":"max-video-preview:-1"},"canonical":"https:\/\/www.africa-press.net\/cameroun\/dossiers\/affaire-bruno-bidjang-quand-le-journaliste-est-forme-il-a-mille-manieres-de-dire-une-chose-alain-ndanga","og_locale":"fr_FR","og_type":"article","og_title":"Affaire Bruno Bidjang: \u00ab Quand le journaliste est form\u00e9, il a mille mani\u00e8res de dire une chose\u2026 \u00bb Alain Ndanga","og_description":"Dans une tribune, le journaliste partage son ressenti sur l\u2019arrestation de son confre\u0300re, Bruno Bidjang J\u2019ai sui ...","og_url":"https:\/\/www.africa-press.net\/cameroun\/dossiers\/affaire-bruno-bidjang-quand-le-journaliste-est-forme-il-a-mille-manieres-de-dire-une-chose-alain-ndanga","og_site_name":"Cameroun","article_published_time":"2024-02-28T21:51:18+00:00","article_modified_time":"2024-02-29T13:55:18+00:00","og_image":[{"width":780,"height":440,"url":"https:\/\/static.africa-press.net\/cameroun\/sites\/57\/2024\/02\/sm_1709201792.850852.jpg","type":"image\/jpeg"}],"author":"cfeditorfr","twitter_card":"summary_large_image","twitter_misc":{"\u00c9crit par":"cfeditorfr","Dur\u00e9e de lecture estim\u00e9e":"2 minutes"},"schema":{"@context":"https:\/\/schema.org","@graph":[{"@type":"Article","@id":"https:\/\/www.africa-press.net\/cameroun\/dossiers\/affaire-bruno-bidjang-quand-le-journaliste-est-forme-il-a-mille-manieres-de-dire-une-chose-alain-ndanga#article","isPartOf":{"@id":"https:\/\/www.africa-press.net\/cameroun\/dossiers\/affaire-bruno-bidjang-quand-le-journaliste-est-forme-il-a-mille-manieres-de-dire-une-chose-alain-ndanga"},"author":{"name":"cfeditorfr","@id":"https:\/\/www.africa-press.net\/cameroun\/#\/schema\/person\/2b1cf3cd81a31e3cd26889ca66d677f1"},"headline":"Affaire Bruno Bidjang: \u00ab Quand le journaliste est form\u00e9, il a mille mani\u00e8res de dire une chose\u2026 \u00bb Alain Ndanga","datePublished":"2024-02-28T21:51:18+00:00","dateModified":"2024-02-29T13:55:18+00:00","mainEntityOfPage":{"@id":"https:\/\/www.africa-press.net\/cameroun\/dossiers\/affaire-bruno-bidjang-quand-le-journaliste-est-forme-il-a-mille-manieres-de-dire-une-chose-alain-ndanga"},"wordCount":485,"commentCount":0,"image":{"@id":"https:\/\/www.africa-press.net\/cameroun\/dossiers\/affaire-bruno-bidjang-quand-le-journaliste-est-forme-il-a-mille-manieres-de-dire-une-chose-alain-ndanga#primaryimage"},"thumbnailUrl":"https:\/\/static.africa-press.net\/cameroun\/sites\/57\/2024\/02\/sm_1709201792.850852.jpg","keywords":["Africa Press","Africa Press-Cameroun","Cameroun"],"articleSection":["Dossiers","Toutes les actualit\u00e9s"],"inLanguage":"fr-FR","potentialAction":[{"@type":"CommentAction","name":"Comment","target":["https:\/\/www.africa-press.net\/cameroun\/dossiers\/affaire-bruno-bidjang-quand-le-journaliste-est-forme-il-a-mille-manieres-de-dire-une-chose-alain-ndanga#respond"]}]},{"@type":"WebPage","@id":"https:\/\/www.africa-press.net\/cameroun\/dossiers\/affaire-bruno-bidjang-quand-le-journaliste-est-forme-il-a-mille-manieres-de-dire-une-chose-alain-ndanga","url":"https:\/\/www.africa-press.net\/cameroun\/dossiers\/affaire-bruno-bidjang-quand-le-journaliste-est-forme-il-a-mille-manieres-de-dire-une-chose-alain-ndanga","name":"Affaire Bruno Bidjang: \u00ab Quand le journaliste est form\u00e9, il a mille mani\u00e8res de dire une chose\u2026 \u00bb Alain Ndanga - Cameroun","isPartOf":{"@id":"https:\/\/www.africa-press.net\/cameroun\/#website"},"primaryImageOfPage":{"@id":"https:\/\/www.africa-press.net\/cameroun\/dossiers\/affaire-bruno-bidjang-quand-le-journaliste-est-forme-il-a-mille-manieres-de-dire-une-chose-alain-ndanga#primaryimage"},"image":{"@id":"https:\/\/www.africa-press.net\/cameroun\/dossiers\/affaire-bruno-bidjang-quand-le-journaliste-est-forme-il-a-mille-manieres-de-dire-une-chose-alain-ndanga#primaryimage"},"thumbnailUrl":"https:\/\/static.africa-press.net\/cameroun\/sites\/57\/2024\/02\/sm_1709201792.850852.jpg","datePublished":"2024-02-28T21:51:18+00:00","dateModified":"2024-02-29T13:55:18+00:00","author":{"@id":"https:\/\/www.africa-press.net\/cameroun\/#\/schema\/person\/2b1cf3cd81a31e3cd26889ca66d677f1"},"description":"Dans une tribune, le journaliste partage son ressenti sur l\u2019arrestation de son confre\u0300re, Bruno Bidjang J\u2019ai sui ...","breadcrumb":{"@id":"https:\/\/www.africa-press.net\/cameroun\/dossiers\/affaire-bruno-bidjang-quand-le-journaliste-est-forme-il-a-mille-manieres-de-dire-une-chose-alain-ndanga#breadcrumb"},"inLanguage":"fr-FR","potentialAction":[{"@type":"ReadAction","target":["https:\/\/www.africa-press.net\/cameroun\/dossiers\/affaire-bruno-bidjang-quand-le-journaliste-est-forme-il-a-mille-manieres-de-dire-une-chose-alain-ndanga"]}]},{"@type":"ImageObject","inLanguage":"fr-FR","@id":"https:\/\/www.africa-press.net\/cameroun\/dossiers\/affaire-bruno-bidjang-quand-le-journaliste-est-forme-il-a-mille-manieres-de-dire-une-chose-alain-ndanga#primaryimage","url":"https:\/\/static.africa-press.net\/cameroun\/sites\/57\/2024\/02\/sm_1709201792.850852.jpg","contentUrl":"https:\/\/static.africa-press.net\/cameroun\/sites\/57\/2024\/02\/sm_1709201792.850852.jpg","width":780,"height":440,"caption":"Affaire Bruno Bidjang: \u00ab Quand le journaliste est form\u00e9, il a mille mani\u00e8res de dire une chose\u2026 \u00bb Alain Ndanga"},{"@type":"BreadcrumbList","@id":"https:\/\/www.africa-press.net\/cameroun\/dossiers\/affaire-bruno-bidjang-quand-le-journaliste-est-forme-il-a-mille-manieres-de-dire-une-chose-alain-ndanga#breadcrumb","itemListElement":[{"@type":"ListItem","position":1,"name":"Accueil","item":"https:\/\/www.africa-press.net\/cameroun\/"},{"@type":"ListItem","position":2,"name":"Affaire Bruno Bidjang: \u00ab Quand le journaliste est form\u00e9, il a mille mani\u00e8res de dire une chose\u2026 \u00bb Alain Ndanga"}]},{"@type":"WebSite","@id":"https:\/\/www.africa-press.net\/cameroun\/#website","url":"https:\/\/www.africa-press.net\/cameroun\/","name":"Cameroun","description":"Just another Africa News Agency Sites site","potentialAction":[{"@type":"SearchAction","target":{"@type":"EntryPoint","urlTemplate":"https:\/\/www.africa-press.net\/cameroun\/?s={search_term_string}"},"query-input":{"@type":"PropertyValueSpecification","valueRequired":true,"valueName":"search_term_string"}}],"inLanguage":"fr-FR"},{"@type":"Person","@id":"https:\/\/www.africa-press.net\/cameroun\/#\/schema\/person\/2b1cf3cd81a31e3cd26889ca66d677f1","name":"cfeditorfr"}]}},"_links":{"self":[{"href":"https:\/\/www.africa-press.net\/cameroun\/wp-json\/wp\/v2\/posts\/61774","targetHints":{"allow":["GET"]}}],"collection":[{"href":"https:\/\/www.africa-press.net\/cameroun\/wp-json\/wp\/v2\/posts"}],"about":[{"href":"https:\/\/www.africa-press.net\/cameroun\/wp-json\/wp\/v2\/types\/post"}],"author":[{"embeddable":true,"href":"https:\/\/www.africa-press.net\/cameroun\/wp-json\/wp\/v2\/users\/82"}],"replies":[{"embeddable":true,"href":"https:\/\/www.africa-press.net\/cameroun\/wp-json\/wp\/v2\/comments?post=61774"}],"version-history":[{"count":0,"href":"https:\/\/www.africa-press.net\/cameroun\/wp-json\/wp\/v2\/posts\/61774\/revisions"}],"wp:featuredmedia":[{"embeddable":true,"href":"https:\/\/www.africa-press.net\/cameroun\/wp-json\/wp\/v2\/media\/61773"}],"wp:attachment":[{"href":"https:\/\/www.africa-press.net\/cameroun\/wp-json\/wp\/v2\/media?parent=61774"}],"wp:term":[{"taxonomy":"category","embeddable":true,"href":"https:\/\/www.africa-press.net\/cameroun\/wp-json\/wp\/v2\/categories?post=61774"},{"taxonomy":"post_tag","embeddable":true,"href":"https:\/\/www.africa-press.net\/cameroun\/wp-json\/wp\/v2\/tags?post=61774"}],"curies":[{"name":"wp","href":"https:\/\/api.w.org\/{rel}","templated":true}]}}